{"id":19514,"date":"2025-04-06T20:30:00","date_gmt":"2025-04-06T23:30:00","guid":{"rendered":"https:\/\/www.correiobraziliense.com.br\/cbradar\/?p=19514"},"modified":"2025-04-05T09:38:30","modified_gmt":"2025-04-05T12:38:30","slug":"como-plantar-milho-em-vasos-com-um-guia-rapido-para-espacos-pequenos","status":"publish","type":"post","link":"https:\/\/www.correiobraziliense.com.br\/cbradar\/como-plantar-milho-em-vasos-com-um-guia-rapido-para-espacos-pequenos\/","title":{"rendered":"Como plantar milho em vasos com um guia r\u00e1pido para espa\u00e7os pequenos"},"content":{"rendered":"\n<p>Plantar <strong>milho <\/strong>em vasos \u00e9 uma solu\u00e7\u00e3o pr\u00e1tica para quem deseja cultivar esse gr\u00e3o em espa\u00e7os limitados, como varandas ou pequenos quintais. Com as t\u00e9cnicas corretas, \u00e9 poss\u00edvel colher espigas frescas e saborosas sem a necessidade de um grande terreno. Este guia oferece um passo a passo detalhado para garantir uma colheita bem-sucedida.<\/p>\n\n\n\n<p>O cultivo de milho em vasos n\u00e3o s\u00f3 \u00e9 vi\u00e1vel, mas tamb\u00e9m pode ser uma atividade gratificante. A escolha do vaso, do solo e das sementes s\u00e3o etapas cruciais para o sucesso. A seguir, ser\u00e3o abordados todos os aspectos necess\u00e1rios para que voc\u00ea possa desfrutar de milho cultivado em casa.<\/p>\n\n\n\n<h2 class=\"wp-block-heading\"><strong>Como escolher o vaso ideal?<\/strong><\/h2>\n\n\n\n<p>Para plantar milho em vasos, \u00e9 essencial selecionar um recipiente que permita o desenvolvimento adequado das ra\u00edzes. O vaso deve ter uma profundidade entre 30 a 50 cm. Isso garante que as ra\u00edzes tenham espa\u00e7o suficiente para crescer, o que \u00e9 fundamental para a sa\u00fade da planta.<\/p>\n\n\n\n<p>Al\u00e9m da profundidade, o material do vaso tamb\u00e9m pode influenciar. Vasos de cer\u00e2mica ou pl\u00e1stico s\u00e3o boas op\u00e7\u00f5es, mas \u00e9 importante garantir que tenham furos de drenagem para evitar o ac\u00famulo de \u00e1gua, que pode prejudicar o crescimento do milho.<\/p>\n\n\n\n<figure class=\"wp-block-image size-large\"><img decoding=\"async\" width=\"1024\" height=\"576\" src=\"https:\/\/www.correiobraziliense.com.br\/cbradar\/wp-content\/uploads\/2025\/04\/milharal_1743826930983-1024x576.jpg\" alt=\"Como plantar milho em vasos: guia r\u00e1pido para espa\u00e7os pequenos\" class=\"wp-image-19516\" srcset=\"https:\/\/www.correiobraziliense.com.br\/cbradar\/wp-content\/uploads\/2025\/04\/milharal_1743826930983-1024x576.jpg 1024w, https:\/\/www.correiobraziliense.com.br\/cbradar\/wp-content\/uploads\/2025\/04\/milharal_1743826930983-300x169.jpg 300w, https:\/\/www.correiobraziliense.com.br\/cbradar\/wp-content\/uploads\/2025\/04\/milharal_1743826930983-768x432.jpg 768w, https:\/\/www.correiobraziliense.com.br\/cbradar\/wp-content\/uploads\/2025\/04\/milharal_1743826930983-750x422.jpg 750w, https:\/\/www.correiobraziliense.com.br\/cbradar\/wp-content\/uploads\/2025\/04\/milharal_1743826930983-1140x641.jpg 1140w, https:\/\/www.correiobraziliense.com.br\/cbradar\/wp-content\/uploads\/2025\/04\/milharal_1743826930983.jpg 1280w\" sizes=\"(max-width: 1024px) 100vw, 1024px\" \/><figcaption class=\"wp-element-caption\">Milharal\nCr\u00e9ditos: depositphotos.com \/ Anthonycz<\/figcaption><\/figure>\n\n\n\n<h2 class=\"wp-block-heading\"><strong>Qual \u00e9 a composi\u00e7\u00e3o ideal do solo?<\/strong><\/h2>\n\n\n\n<p>O solo \u00e9 um dos componentes mais importantes no cultivo de milho em vasos. Recomenda-se o uso de terra vegetal org\u00e2nica, que pode ser preparada misturando terra comum com restos de folhas e galhos triturados. Adicionar esterco de gado \u00e0 mistura ajuda a enriquecer o solo com nutrientes essenciais.<\/p>\n\n\n\n<ul class=\"wp-block-list\">\n<li><strong>Terra Vegetal Org\u00e2nica:<\/strong>\u00a0Mistura de terra comum com mat\u00e9ria org\u00e2nica.<\/li>\n\n\n\n<li><strong>Esterco de Gado:<\/strong>\u00a0Fonte de nutrientes que melhora a fertilidade do solo.<\/li>\n<\/ul>\n\n\n\n<p>Essa composi\u00e7\u00e3o resulta em um solo escuro e rico, ideal para o desenvolvimento saud\u00e1vel do milho.<\/p>\n\n\n\n<h2 class=\"wp-block-heading\"><strong>Como realizar o plantio das sementes?<\/strong><\/h2>\n\n\n\n<p>O plantio das sementes de milho deve ser feito com cuidado para garantir uma boa germina\u00e7\u00e3o. Siga os passos abaixo:<\/p>\n\n\n\n<ol class=\"wp-block-list\">\n<li><strong>Abrir Covas:<\/strong>\u00a0Fa\u00e7a covas de aproximadamente 1 cm de profundidade, espa\u00e7adas entre si.<\/li>\n\n\n\n<li><strong>Plantio das Sementes:<\/strong>\u00a0Coloque 4 sementes em cada cova.<\/li>\n\n\n\n<li><strong>Cobrir com Terra:<\/strong>\u00a0Cubra as sementes com uma fina camada de terra.<\/li>\n\n\n\n<li><strong>Regar:<\/strong>\u00a0Mantenha o solo \u00famido, mas evite encharcar.<\/li>\n<\/ol>\n\n\n\n<p>As sementes geralmente germinam em cerca de 5 dias. Durante esse per\u00edodo, \u00e9 crucial manter o solo \u00famido para favorecer o crescimento inicial das plantas.<\/p>\n\n\n\n<h2 class=\"wp-block-heading\"><strong>Qual a import\u00e2ncia da exposi\u00e7\u00e3o ao sol?<\/strong><\/h2>\n\n\n\n<p>O milho necessita de uma boa quantidade de luz solar para se desenvolver adequadamente. O vaso deve ser colocado em um local que receba, em m\u00e9dia, 5 horas de sol direto por dia. A exposi\u00e7\u00e3o solar adequada \u00e9 crucial para a produ\u00e7\u00e3o de espigas de alta qualidade.<\/p>\n\n\n\n<p>Se o cultivo for realizado em um ambiente com pouca luz, considere o uso de l\u00e2mpadas de cultivo para complementar a ilumina\u00e7\u00e3o natural.<\/p>\n\n\n\n<h2 class=\"wp-block-heading\"><strong>Como realizar a poliniza\u00e7\u00e3o do milho?<\/strong><\/h2>\n\n\n\n<p>A poliniza\u00e7\u00e3o do milho \u00e9 um processo natural que ocorre atrav\u00e9s do vento. Os pend\u00f5es, que s\u00e3o as estruturas masculinas da planta, produzem p\u00f3len que \u00e9 transportado at\u00e9 os estigmas nas espigas. Essa etapa \u00e9 essencial para a forma\u00e7\u00e3o dos gr\u00e3os de milho.<\/p>\n\n\n\n<p>Em ambientes fechados, pode ser necess\u00e1rio auxiliar a poliniza\u00e7\u00e3o manualmente, sacudindo levemente as plantas para ajudar na dispers\u00e3o do p\u00f3len.<\/p>\n\n\n\n<h2 class=\"wp-block-heading\"><strong>Quando realizar a colheita?<\/strong><\/h2>\n\n\n\n<p>O milho estar\u00e1 pronto para a colheita entre 3 meses e 3 meses e 10 dias ap\u00f3s a germina\u00e7\u00e3o. As espigas devem estar bem formadas e os gr\u00e3os, desenvolvidos. Para colher, basta torcer a espiga e pux\u00e1-la para baixo, removendo-a da planta.<\/p>\n\n\n\n<p>Com essas orienta\u00e7\u00f5es, plantar milho em vasos pode ser uma atividade prazerosa e recompensadora, proporcionando espigas frescas e nutritivas diretamente do seu espa\u00e7o. Aproveite a experi\u00eancia de cultivar seu pr\u00f3prio alimento!<\/p>\n","protected":false},"excerpt":{"rendered":"<p>Aprenda a plantar milho em vasos com nosso guia completo. Dicas de escolha do vaso, prepara\u00e7\u00e3o do solo e t\u00e9cnicas de plantio<\/p>\n","protected":false},"author":3,"featured_media":19515,"comment_status":"open","ping_status":"open","sticky":false,"template":"","format":"standard","meta":{"_yoast_wpseo_focuskw":"como plantar milho","_yoast_wpseo_title":"%%title%%","_yoast_wpseo_metadesc":"Aprenda a plantar milho em vasos com nosso guia completo. Dicas de escolha do vaso, prepara\u00e7\u00e3o do solo e t\u00e9cnicas de plantio","jnews-multi-image_gallery":[],"jnews_single_post":{"format":"standard"},"jnews_primary_category":[],"jnews_social_meta":[],"jnews_override_counter":[],"footnotes":""},"categories":[136],"post_tag":[137,1007],"class_list":["post-19514","post","type-post","status-publish","format-standard","has-post-thumbnail","hentry","category-jardinagem","tag-como-plantar","tag-milho"],"yoast_head":"<!-- This site is optimized with the Yoast SEO plugin v24.6 - https:\/\/yoast.com\/wordpress\/plugins\/seo\/ -->\n<title>Como plantar milho em vasos com um guia r\u00e1pido para espa\u00e7os pequenos<\/title>\n<meta name=\"description\" content=\"Aprenda a plantar milho em vasos com nosso guia completo. Dicas de escolha do vaso, prepara\u00e7\u00e3o do solo e t\u00e9cnicas de plantio\" \/>\n<meta name=\"robots\" content=\"index, follow, max-snippet:-1, max-image-preview:large, max-video-preview:-1\" \/>\n<link rel=\"canonical\" href=\"https:\/\/www.correiobraziliense.com.br\/cbradar\/como-plantar-milho-em-vasos-com-um-guia-rapido-para-espacos-pequenos\/\" \/>\n<meta property=\"og:locale\" content=\"pt_BR\" \/>\n<meta property=\"og:type\" content=\"article\" \/>\n<meta property=\"og:title\" content=\"Como plantar milho em vasos com um guia r\u00e1pido para espa\u00e7os pequenos\" \/>\n<meta property=\"og:description\" content=\"Aprenda a plantar milho em vasos com nosso guia completo. Dicas de escolha do vaso, prepara\u00e7\u00e3o do solo e t\u00e9cnicas de plantio\" \/>\n<meta property=\"og:url\" content=\"https:\/\/www.correiobraziliense.com.br\/cbradar\/como-plantar-milho-em-vasos-com-um-guia-rapido-para-espacos-pequenos\/\" \/>\n<meta property=\"og:site_name\" content=\"Correio Braziliense - Radar\" \/>\n<meta property=\"article:published_time\" content=\"2025-04-06T23:30:00+00:00\" \/>\n<meta property=\"og:image\" content=\"https:\/\/www.correiobraziliense.com.br\/cbradar\/wp-content\/uploads\/2025\/04\/milho_1743826894283.jpg\" \/>\n\t<meta property=\"og:image:width\" content=\"1280\" \/>\n\t<meta property=\"og:image:height\" content=\"720\" \/>\n\t<meta property=\"og:image:type\" content=\"image\/jpeg\" \/>\n<meta name=\"author\" content=\"Larissa Carvalho\" \/>\n<meta name=\"twitter:card\" content=\"summary_large_image\" \/>\n<meta name=\"twitter:label1\" content=\"Escrito por\" \/>\n\t<meta name=\"twitter:data1\" content=\"Larissa Carvalho\" \/>\n\t<meta name=\"twitter:label2\" content=\"Est. tempo de leitura\" \/>\n\t<meta name=\"twitter:data2\" content=\"4 minutos\" \/>\n<!-- \/ Yoast SEO plugin. -->","yoast_head_json":{"title":"Como plantar milho em vasos com um guia r\u00e1pido para espa\u00e7os pequenos","description":"Aprenda a plantar milho em vasos com nosso guia completo. Dicas de escolha do vaso, prepara\u00e7\u00e3o do solo e t\u00e9cnicas de plantio","robots":{"index":"index","follow":"follow","max-snippet":"max-snippet:-1","max-image-preview":"max-image-preview:large","max-video-preview":"max-video-preview:-1"},"canonical":"https:\/\/www.correiobraziliense.com.br\/cbradar\/como-plantar-milho-em-vasos-com-um-guia-rapido-para-espacos-pequenos\/","og_locale":"pt_BR","og_type":"article","og_title":"Como plantar milho em vasos com um guia r\u00e1pido para espa\u00e7os pequenos","og_description":"Aprenda a plantar milho em vasos com nosso guia completo. Dicas de escolha do vaso, prepara\u00e7\u00e3o do solo e t\u00e9cnicas de plantio","og_url":"https:\/\/www.correiobraziliense.com.br\/cbradar\/como-plantar-milho-em-vasos-com-um-guia-rapido-para-espacos-pequenos\/","og_site_name":"Correio Braziliense - Radar","article_published_time":"2025-04-06T23:30:00+00:00","og_image":[{"width":1280,"height":720,"url":"https:\/\/www.correiobraziliense.com.br\/cbradar\/wp-content\/uploads\/2025\/04\/milho_1743826894283.jpg","type":"image\/jpeg"}],"author":"Larissa Carvalho","twitter_card":"summary_large_image","twitter_misc":{"Escrito por":"Larissa Carvalho","Est. tempo de leitura":"4 minutos"},"schema":{"@context":"https:\/\/schema.org","@graph":[{"@type":"WebPage","@id":"https:\/\/www.correiobraziliense.com.br\/cbradar\/como-plantar-milho-em-vasos-com-um-guia-rapido-para-espacos-pequenos\/","url":"https:\/\/www.correiobraziliense.com.br\/cbradar\/como-plantar-milho-em-vasos-com-um-guia-rapido-para-espacos-pequenos\/","name":"Como plantar milho em vasos com um guia r\u00e1pido para espa\u00e7os pequenos","isPartOf":{"@id":"https:\/\/www.correiobraziliense.com.br\/cbradar\/#website"},"primaryImageOfPage":{"@id":"https:\/\/www.correiobraziliense.com.br\/cbradar\/como-plantar-milho-em-vasos-com-um-guia-rapido-para-espacos-pequenos\/#primaryimage"},"image":{"@id":"https:\/\/www.correiobraziliense.com.br\/cbradar\/como-plantar-milho-em-vasos-com-um-guia-rapido-para-espacos-pequenos\/#primaryimage"},"thumbnailUrl":"https:\/\/www.correiobraziliense.com.br\/cbradar\/wp-content\/uploads\/2025\/04\/milho_1743826894283.jpg","datePublished":"2025-04-06T23:30:00+00:00","author":{"@id":"https:\/\/www.correiobraziliense.com.br\/cbradar\/#\/schema\/person\/58422787644df994b53a19d3e56c1513"},"description":"Aprenda a plantar milho em vasos com nosso guia completo. Dicas de escolha do vaso, prepara\u00e7\u00e3o do solo e t\u00e9cnicas de plantio","breadcrumb":{"@id":"https:\/\/www.correiobraziliense.com.br\/cbradar\/como-plantar-milho-em-vasos-com-um-guia-rapido-para-espacos-pequenos\/#breadcrumb"},"inLanguage":"pt-BR","potentialAction":[{"@type":"ReadAction","target":["https:\/\/www.correiobraziliense.com.br\/cbradar\/como-plantar-milho-em-vasos-com-um-guia-rapido-para-espacos-pequenos\/"]}]},{"@type":"ImageObject","inLanguage":"pt-BR","@id":"https:\/\/www.correiobraziliense.com.br\/cbradar\/como-plantar-milho-em-vasos-com-um-guia-rapido-para-espacos-pequenos\/#primaryimage","url":"https:\/\/www.correiobraziliense.com.br\/cbradar\/wp-content\/uploads\/2025\/04\/milho_1743826894283.jpg","contentUrl":"https:\/\/www.correiobraziliense.com.br\/cbradar\/wp-content\/uploads\/2025\/04\/milho_1743826894283.jpg","width":1280,"height":720,"caption":"Milho Cr\u00e9ditos: depositphotos.com \/ VadimVasenin"},{"@type":"BreadcrumbList","@id":"https:\/\/www.correiobraziliense.com.br\/cbradar\/como-plantar-milho-em-vasos-com-um-guia-rapido-para-espacos-pequenos\/#breadcrumb","itemListElement":[{"@type":"ListItem","position":1,"name":"In\u00edcio","item":"https:\/\/www.correiobraziliense.com.br\/cbradar\/"},{"@type":"ListItem","position":2,"name":"Como plantar milho em vasos com um guia r\u00e1pido para espa\u00e7os pequenos"}]},{"@type":"WebSite","@id":"https:\/\/www.correiobraziliense.com.br\/cbradar\/#website","url":"https:\/\/www.correiobraziliense.com.br\/cbradar\/","name":"Correio Braziliense - Radar","description":"Acompanhe as \u00faltimas not\u00edcias e fique bem informado sobre tudo o que acontece no Brasil e no mundo.","potentialAction":[{"@type":"SearchAction","target":{"@type":"EntryPoint","urlTemplate":"https:\/\/www.correiobraziliense.com.br\/cbradar\/?s={search_term_string}"},"query-input":{"@type":"PropertyValueSpecification","valueRequired":true,"valueName":"search_term_string"}}],"inLanguage":"pt-BR"},{"@type":"Person","@id":"https:\/\/www.correiobraziliense.com.br\/cbradar\/#\/schema\/person\/58422787644df994b53a19d3e56c1513","name":"Larissa Carvalho","image":{"@type":"ImageObject","inLanguage":"pt-BR","@id":"https:\/\/www.correiobraziliense.com.br\/cbradar\/#\/schema\/person\/image\/","url":"https:\/\/secure.gravatar.com\/avatar\/fe4f91a0de32b52a838d0d612abdc1aa?s=96&d=mm&r=g","contentUrl":"https:\/\/secure.gravatar.com\/avatar\/fe4f91a0de32b52a838d0d612abdc1aa?s=96&d=mm&r=g","caption":"Larissa Carvalho"},"url":"https:\/\/www.correiobraziliense.com.br\/cbradar\/author\/larissamyth\/"}]}},"_links":{"self":[{"href":"https:\/\/www.correiobraziliense.com.br\/cbradar\/wp-json\/wp\/v2\/posts\/19514","targetHints":{"allow":["GET"]}}],"collection":[{"href":"https:\/\/www.correiobraziliense.com.br\/cbradar\/wp-json\/wp\/v2\/posts"}],"about":[{"href":"https:\/\/www.correiobraziliense.com.br\/cbradar\/wp-json\/wp\/v2\/types\/post"}],"author":[{"embeddable":true,"href":"https:\/\/www.correiobraziliense.com.br\/cbradar\/wp-json\/wp\/v2\/users\/3"}],"replies":[{"embeddable":true,"href":"https:\/\/www.correiobraziliense.com.br\/cbradar\/wp-json\/wp\/v2\/comments?post=19514"}],"version-history":[{"count":2,"href":"https:\/\/www.correiobraziliense.com.br\/cbradar\/wp-json\/wp\/v2\/posts\/19514\/revisions"}],"predecessor-version":[{"id":19567,"href":"https:\/\/www.correiobraziliense.com.br\/cbradar\/wp-json\/wp\/v2\/posts\/19514\/revisions\/19567"}],"wp:featuredmedia":[{"embeddable":true,"href":"https:\/\/www.correiobraziliense.com.br\/cbradar\/wp-json\/wp\/v2\/media\/19515"}],"wp:attachment":[{"href":"https:\/\/www.correiobraziliense.com.br\/cbradar\/wp-json\/wp\/v2\/media?parent=19514"}],"wp:term":[{"taxonomy":"category","embeddable":true,"href":"https:\/\/www.correiobraziliense.com.br\/cbradar\/wp-json\/wp\/v2\/categories?post=19514"},{"taxonomy":"post_tag","embeddable":true,"href":"https:\/\/www.correiobraziliense.com.br\/cbradar\/wp-json\/wp\/v2\/post_tag?post=19514"}],"curies":[{"name":"wp","href":"https:\/\/api.w.org\/{rel}","templated":true}]}}