{"id":19523,"date":"2025-04-06T10:30:00","date_gmt":"2025-04-06T13:30:00","guid":{"rendered":"https:\/\/www.correiobraziliense.com.br\/cbradar\/?p=19523"},"modified":"2025-06-28T02:42:49","modified_gmt":"2025-06-28T05:42:49","slug":"jack-black-confirma-retorno-em-jumanji-3-e-filme-levara-o-jogo-ao-mundo-real","status":"publish","type":"post","link":"https:\/\/www.correiobraziliense.com.br\/cbradar\/jack-black-confirma-retorno-em-jumanji-3-e-filme-levara-o-jogo-ao-mundo-real\/","title":{"rendered":"Jack Black confirma retorno em Jumanji 3 e filme levar\u00e1 o jogo ao mundo real"},"content":{"rendered":"\n<p>A franquia <strong>Jumanji<\/strong> prepara uma transforma\u00e7\u00e3o radical para seu terceiro cap\u00edtulo, programado para dezembro de 2026. <strong>Jack Black<\/strong> confirmou oficialmente seu retorno durante entrevistas promocionais de <strong>&#8220;Um Filme Minecraft&#8221;<\/strong>, revelando detalhes surpreendentes sobre a nova abordagem narrativa. O conceito revolucion\u00e1rio promete inverter completamente a premissa estabelecida nos <strong><a href=\"https:\/\/www.correiobraziliense.com.br\/cbradar\/os-melhores-filmes-de-ficcao-cientifica-que-sao-totalmente-desconhecidos\/\" target=\"_blank\" rel=\"noreferrer noopener\">filmes <\/a><\/strong>anteriores.<\/p>\n\n\n\n<p>A <strong>Sony Pictures<\/strong> confirmou a data de lan\u00e7amento para 11 de dezembro de 2026, marcando o retorno do quarteto protagonista formado por <strong>Dwayne Johnson<\/strong>, <strong>Kevin Hart<\/strong>, <strong>Jack Black<\/strong> e <strong>Karen Gillan<\/strong>. <strong>Jake Kasdan<\/strong> permanece na dire\u00e7\u00e3o, mantendo a continuidade criativa que garantiu o sucesso comercial dos dois filmes anteriores. A novidade central reside na proposta de transportar o videogame para o mundo real, criando din\u00e2micas narrativas completamente in\u00e9ditas para a franquia.<\/p>\n\n\n\n<h2 class=\"wp-block-heading\"><strong>Por que Jack Black inicialmente negou sua participa\u00e7\u00e3o?<\/strong><\/h2>\n\n\n\n<p>Durante as entrevistas promocionais, <strong>Black<\/strong> criou suspense ao afirmar categoricamente que n\u00e3o participaria do novo filme. A declara\u00e7\u00e3o gerou preocupa\u00e7\u00e3o imediata entre f\u00e3s e imprensa especializada, considerando sua import\u00e2ncia para o sucesso da franquia moderna. O ator manteve a farsa por alguns momentos antes de revelar que se tratava de uma elaborada brincadeira de 1\u00ba de abril.<\/p>\n\n\n\n<p>A estrat\u00e9gia promocional demonstrou o carinho que <strong>Black<\/strong> nutre pela franquia e sua compreens\u00e3o do impacto emocional que sua aus\u00eancia causaria nos f\u00e3s. O retorno confirmado de todo o elenco principal garante continuidade para as din\u00e2micas estabelecidas nos filmes de 2017 e 2019. A qu\u00edmica entre os quatro protagonistas tornou-se elemento fundamental para o sucesso comercial da s\u00e9rie, justificando o investimento da <strong>Sony<\/strong> em manter o grupo unido.<\/p>\n\n\n\n<figure class=\"wp-block-image size-large\"><img decoding=\"async\" width=\"1024\" height=\"576\" src=\"https:\/\/www.correiobraziliense.com.br\/cbradar\/wp-content\/uploads\/2025\/04\/Dwayne-Johnson_1743847598047-1024x576.jpg\" alt=\"Jumanji 3: Jack Black confirma retorno e filme levar\u00e1 o jogo ao mundo real\" class=\"wp-image-19525\" srcset=\"https:\/\/www.correiobraziliense.com.br\/cbradar\/wp-content\/uploads\/2025\/04\/Dwayne-Johnson_1743847598047-1024x576.jpg 1024w, https:\/\/www.correiobraziliense.com.br\/cbradar\/wp-content\/uploads\/2025\/04\/Dwayne-Johnson_1743847598047-300x169.jpg 300w, https:\/\/www.correiobraziliense.com.br\/cbradar\/wp-content\/uploads\/2025\/04\/Dwayne-Johnson_1743847598047-768x432.jpg 768w, https:\/\/www.correiobraziliense.com.br\/cbradar\/wp-content\/uploads\/2025\/04\/Dwayne-Johnson_1743847598047-750x422.jpg 750w, https:\/\/www.correiobraziliense.com.br\/cbradar\/wp-content\/uploads\/2025\/04\/Dwayne-Johnson_1743847598047-1140x641.jpg 1140w, https:\/\/www.correiobraziliense.com.br\/cbradar\/wp-content\/uploads\/2025\/04\/Dwayne-Johnson_1743847598047.jpg 1280w\" sizes=\"(max-width: 1024px) 100vw, 1024px\" \/><figcaption class=\"wp-element-caption\">Dwayne Johnson\nCr\u00e9ditos: depositphotos.com \/ Jean_Nelson<\/figcaption><\/figure>\n\n\n\n<h2 class=\"wp-block-heading\"><strong>Como o conceito do mundo real transformar\u00e1 a narrativa?<\/strong><\/h2>\n\n\n\n<p>A invers\u00e3o conceitual representa mudan\u00e7a paradigm\u00e1tica na franquia <strong>Jumanji<\/strong>. Enquanto os filmes anteriores transportavam jogadores para dentro do videogame, a nova abordagem trar\u00e1 os personagens digitais para a realidade. Esta transforma\u00e7\u00e3o permitir\u00e1 que avatares como <strong>Dr. Smolder Bravestone<\/strong>, <strong>Ruby Roundhouse<\/strong> e <strong>Professor Shelly Oberon<\/strong> existam independentemente de seus controladores humanos.<\/p>\n\n\n\n<p>A mudan\u00e7a oferece oportunidades narrativas inexploradas, permitindo desenvolvimento aut\u00f4nomo dos personagens do jogo. <strong>Jack Black<\/strong> destacou que os avatares poder\u00e3o &#8220;se expressar e agir por conta pr\u00f3pria&#8221;, criando situa\u00e7\u00f5es c\u00f4micas e dram\u00e1ticas in\u00e9ditas. A intera\u00e7\u00e3o entre personagens reais e digitais no mesmo ambiente f\u00edsico promete gerar conflitos \u00fanicos e momentos de humor caracter\u00edsticos da franquia.<\/p>\n\n\n\n<h2 class=\"wp-block-heading\"><strong>Qual o significado comercial desta nova dire\u00e7\u00e3o criativa?<\/strong><\/h2>\n\n\n\n<p>Os dois filmes recentes da franquia <strong>Jumanji<\/strong> demonstraram potencial comercial extraordin\u00e1rio. <strong>&#8220;Jumanji: Bem-vindo \u00e0 Selva&#8221;<\/strong> (2017) arrecadou impressionantes 950 milh\u00f5es de d\u00f3lares globalmente, enquanto <strong>&#8220;Jumanji: Pr\u00f3xima Fase&#8221;<\/strong> (2019) alcan\u00e7ou 801 milh\u00f5es. Estes n\u00fameros consolidaram a propriedade como uma das mais valiosas da <strong>Sony Pictures<\/strong>.<\/p>\n\n\n\n<p>A inova\u00e7\u00e3o conceitual visa manter o interesse do p\u00fablico enquanto expande as possibilidades narrativas. <strong>Dwayne Johnson<\/strong> sugeriu anteriormente que este terceiro filme pode representar a conclus\u00e3o da saga atual, aumentando a press\u00e3o criativa para entregar uma experi\u00eancia memor\u00e1vel. A <strong>Sony<\/strong> aposta na renova\u00e7\u00e3o criativa como estrat\u00e9gia para sustentar a relev\u00e2ncia comercial da franquia em mercado cinematogr\u00e1fico cada vez mais competitivo.<\/p>\n\n\n\n<iframe loading=\"lazy\" width=\"560\" height=\"315\" src=\"https:\/\/www.youtube.com\/embed\/eTjDsENDZ6s?si=WaqinGmRsaEK_flQ\" title=\"YouTube video player\" frameborder=\"0\" allow=\"accelerometer; autoplay; clipboard-write; encrypted-media; gyroscope; picture-in-picture; web-share\" referrerpolicy=\"strict-origin-when-cross-origin\" allowfullscreen><\/iframe>\n\n\n\n<h2 class=\"wp-block-heading\"><strong>Como a produ\u00e7\u00e3o se prepara para este desafio t\u00e9cnico?<\/strong><\/h2>\n\n\n\n<p>A transi\u00e7\u00e3o do videogame para o mundo real exigir\u00e1 abordagem t\u00e9cnica completamente renovada. Os filmes anteriores dependiam principalmente de cen\u00e1rios digitais elaborados para recriar ambientes de jogo. A nova proposta demandar\u00e1 integra\u00e7\u00e3o sofisticada entre efeitos pr\u00e1ticos e digitais para materializar personagens virtuais no mundo f\u00edsico.<\/p>\n\n\n\n<p><strong>Jake Kasdan<\/strong> j\u00e1 demonstrou dom\u00ednio t\u00e9cnico impressionante nos filmes anteriores, equilibrando com\u00e9dia, a\u00e7\u00e3o e efeitos visuais de forma harmoniosa. A equipe de produ\u00e7\u00e3o, incluindo <strong>Matt Tolmach<\/strong>, <strong>Dany Garcia<\/strong> e <strong>Hiram Garcia<\/strong>, retorna para garantir consist\u00eancia de qualidade. O desafio ser\u00e1 manter a identidade visual estabelecida enquanto explora territ\u00f3rios narrativos inexplorados.<\/p>\n\n\n\n<h2 class=\"wp-block-heading\"><strong>Quais s\u00e3o as expectativas para o futuro da franquia?<\/strong><\/h2>\n\n\n\n<p>A programa\u00e7\u00e3o para dezembro de 2026 posiciona <strong>Jumanji 3<\/strong> estrategicamente no calend\u00e1rio de blockbusters natalinos. A <strong>Sony<\/strong> claramente confia no potencial comercial da propriedade, reservando data premium tradicionalmente ocupada por grandes lan\u00e7amentos. O sucesso deste terceiro filme determinar\u00e1 se a franquia continuar\u00e1 al\u00e9m da trilogia atual ou se encerrar\u00e1 com esta nova abordagem.<\/p>\n\n\n\n<p>A renova\u00e7\u00e3o conceitual pode servir como ponte para futuras explora\u00e7\u00f5es do universo <strong>Jumanji<\/strong>. Se bem-sucedida, a invers\u00e3o da premissa original abrir\u00e1 precedentes para outras experimenta\u00e7\u00f5es narrativas. <strong>Johnson<\/strong> e o elenco principal manifestaram entusiasmo pela continuidade, mas tamb\u00e9m reconhecem a import\u00e2ncia de encerrar a saga no momento apropriado, garantindo que o legado da franquia permane\u00e7a positivo na mem\u00f3ria dos f\u00e3s.<\/p>\n","protected":false},"excerpt":{"rendered":"<p>Jack Black confirma seu retorno em Jumanji 3! Saiba mais sobre a aguardada sequ\u00eancia, que trar\u00e1 uma nova din\u00e2mica para a franquia<\/p>\n","protected":false},"author":3,"featured_media":19524,"comment_status":"open","ping_status":"open","sticky":false,"template":"","format":"standard","meta":{"_yoast_wpseo_focuskw":"Jumanji 3","_yoast_wpseo_title":"%%title%%","_yoast_wpseo_metadesc":"Jack Black confirma seu retorno em Jumanji 3! Saiba mais sobre a aguardada sequ\u00eancia, que trar\u00e1 uma nova din\u00e2mica para a franquia","jnews-multi-image_gallery":[],"jnews_single_post":{"format":"standard"},"jnews_primary_category":[],"jnews_social_meta":[],"jnews_override_counter":[],"footnotes":""},"categories":[140],"post_tag":[2903,568],"class_list":["post-19523","post","type-post","status-publish","format-standard","has-post-thumbnail","hentry","category-entretenimento","tag-jumanji","tag-series-e-filmes"],"yoast_head":"<!-- This site is optimized with the Yoast SEO plugin v24.6 - https:\/\/yoast.com\/wordpress\/plugins\/seo\/ -->\n<title>Jack Black confirma retorno em Jumanji 3 e filme levar\u00e1 o jogo ao mundo real<\/title>\n<meta name=\"description\" content=\"Jack Black confirma seu retorno em Jumanji 3! Saiba mais sobre a aguardada sequ\u00eancia, que trar\u00e1 uma nova din\u00e2mica para a franquia\" \/>\n<meta name=\"robots\" content=\"index, follow, max-snippet:-1, max-image-preview:large, max-video-preview:-1\" \/>\n<link rel=\"canonical\" href=\"https:\/\/www.correiobraziliense.com.br\/cbradar\/jack-black-confirma-retorno-em-jumanji-3-e-filme-levara-o-jogo-ao-mundo-real\/\" \/>\n<meta property=\"og:locale\" content=\"pt_BR\" \/>\n<meta property=\"og:type\" content=\"article\" \/>\n<meta property=\"og:title\" content=\"Jack Black confirma retorno em Jumanji 3 e filme levar\u00e1 o jogo ao mundo real\" \/>\n<meta property=\"og:description\" content=\"Jack Black confirma seu retorno em Jumanji 3! Saiba mais sobre a aguardada sequ\u00eancia, que trar\u00e1 uma nova din\u00e2mica para a franquia\" \/>\n<meta property=\"og:url\" content=\"https:\/\/www.correiobraziliense.com.br\/cbradar\/jack-black-confirma-retorno-em-jumanji-3-e-filme-levara-o-jogo-ao-mundo-real\/\" \/>\n<meta property=\"og:site_name\" content=\"Correio Braziliense - Radar\" \/>\n<meta property=\"article:published_time\" content=\"2025-04-06T13:30:00+00:00\" \/>\n<meta property=\"article:modified_time\" content=\"2025-06-28T05:42:49+00:00\" \/>\n<meta property=\"og:image\" content=\"https:\/\/www.correiobraziliense.com.br\/cbradar\/wp-content\/uploads\/2025\/04\/Jack-Black_1743847565997.jpg\" \/>\n\t<meta property=\"og:image:width\" content=\"1280\" \/>\n\t<meta property=\"og:image:height\" content=\"720\" \/>\n\t<meta property=\"og:image:type\" content=\"image\/jpeg\" \/>\n<meta name=\"author\" content=\"Larissa Carvalho\" \/>\n<meta name=\"twitter:card\" content=\"summary_large_image\" \/>\n<meta name=\"twitter:label1\" content=\"Escrito por\" \/>\n\t<meta name=\"twitter:data1\" content=\"Larissa Carvalho\" \/>\n\t<meta name=\"twitter:label2\" content=\"Est. tempo de leitura\" \/>\n\t<meta name=\"twitter:data2\" content=\"5 minutos\" \/>\n<!-- \/ Yoast SEO plugin. -->","yoast_head_json":{"title":"Jack Black confirma retorno em Jumanji 3 e filme levar\u00e1 o jogo ao mundo real","description":"Jack Black confirma seu retorno em Jumanji 3! Saiba mais sobre a aguardada sequ\u00eancia, que trar\u00e1 uma nova din\u00e2mica para a franquia","robots":{"index":"index","follow":"follow","max-snippet":"max-snippet:-1","max-image-preview":"max-image-preview:large","max-video-preview":"max-video-preview:-1"},"canonical":"https:\/\/www.correiobraziliense.com.br\/cbradar\/jack-black-confirma-retorno-em-jumanji-3-e-filme-levara-o-jogo-ao-mundo-real\/","og_locale":"pt_BR","og_type":"article","og_title":"Jack Black confirma retorno em Jumanji 3 e filme levar\u00e1 o jogo ao mundo real","og_description":"Jack Black confirma seu retorno em Jumanji 3! Saiba mais sobre a aguardada sequ\u00eancia, que trar\u00e1 uma nova din\u00e2mica para a franquia","og_url":"https:\/\/www.correiobraziliense.com.br\/cbradar\/jack-black-confirma-retorno-em-jumanji-3-e-filme-levara-o-jogo-ao-mundo-real\/","og_site_name":"Correio Braziliense - Radar","article_published_time":"2025-04-06T13:30:00+00:00","article_modified_time":"2025-06-28T05:42:49+00:00","og_image":[{"width":1280,"height":720,"url":"https:\/\/www.correiobraziliense.com.br\/cbradar\/wp-content\/uploads\/2025\/04\/Jack-Black_1743847565997.jpg","type":"image\/jpeg"}],"author":"Larissa Carvalho","twitter_card":"summary_large_image","twitter_misc":{"Escrito por":"Larissa Carvalho","Est. tempo de leitura":"5 minutos"},"schema":{"@context":"https:\/\/schema.org","@graph":[{"@type":"WebPage","@id":"https:\/\/www.correiobraziliense.com.br\/cbradar\/jack-black-confirma-retorno-em-jumanji-3-e-filme-levara-o-jogo-ao-mundo-real\/","url":"https:\/\/www.correiobraziliense.com.br\/cbradar\/jack-black-confirma-retorno-em-jumanji-3-e-filme-levara-o-jogo-ao-mundo-real\/","name":"Jack Black confirma retorno em Jumanji 3 e filme levar\u00e1 o jogo ao mundo real","isPartOf":{"@id":"https:\/\/www.correiobraziliense.com.br\/cbradar\/#website"},"primaryImageOfPage":{"@id":"https:\/\/www.correiobraziliense.com.br\/cbradar\/jack-black-confirma-retorno-em-jumanji-3-e-filme-levara-o-jogo-ao-mundo-real\/#primaryimage"},"image":{"@id":"https:\/\/www.correiobraziliense.com.br\/cbradar\/jack-black-confirma-retorno-em-jumanji-3-e-filme-levara-o-jogo-ao-mundo-real\/#primaryimage"},"thumbnailUrl":"https:\/\/www.correiobraziliense.com.br\/cbradar\/wp-content\/uploads\/2025\/04\/Jack-Black_1743847565997.jpg","datePublished":"2025-04-06T13:30:00+00:00","dateModified":"2025-06-28T05:42:49+00:00","author":{"@id":"https:\/\/www.correiobraziliense.com.br\/cbradar\/#\/schema\/person\/58422787644df994b53a19d3e56c1513"},"description":"Jack Black confirma seu retorno em Jumanji 3! Saiba mais sobre a aguardada sequ\u00eancia, que trar\u00e1 uma nova din\u00e2mica para a franquia","breadcrumb":{"@id":"https:\/\/www.correiobraziliense.com.br\/cbradar\/jack-black-confirma-retorno-em-jumanji-3-e-filme-levara-o-jogo-ao-mundo-real\/#breadcrumb"},"inLanguage":"pt-BR","potentialAction":[{"@type":"ReadAction","target":["https:\/\/www.correiobraziliense.com.br\/cbradar\/jack-black-confirma-retorno-em-jumanji-3-e-filme-levara-o-jogo-ao-mundo-real\/"]}]},{"@type":"ImageObject","inLanguage":"pt-BR","@id":"https:\/\/www.correiobraziliense.com.br\/cbradar\/jack-black-confirma-retorno-em-jumanji-3-e-filme-levara-o-jogo-ao-mundo-real\/#primaryimage","url":"https:\/\/www.correiobraziliense.com.br\/cbradar\/wp-content\/uploads\/2025\/04\/Jack-Black_1743847565997.jpg","contentUrl":"https:\/\/www.correiobraziliense.com.br\/cbradar\/wp-content\/uploads\/2025\/04\/Jack-Black_1743847565997.jpg","width":1280,"height":720,"caption":"Jack Black Cr\u00e9ditos: depositphotos.com \/ A.Paes"},{"@type":"BreadcrumbList","@id":"https:\/\/www.correiobraziliense.com.br\/cbradar\/jack-black-confirma-retorno-em-jumanji-3-e-filme-levara-o-jogo-ao-mundo-real\/#breadcrumb","itemListElement":[{"@type":"ListItem","position":1,"name":"In\u00edcio","item":"https:\/\/www.correiobraziliense.com.br\/cbradar\/"},{"@type":"ListItem","position":2,"name":"Jack Black confirma retorno em Jumanji 3 e filme levar\u00e1 o jogo ao mundo real"}]},{"@type":"WebSite","@id":"https:\/\/www.correiobraziliense.com.br\/cbradar\/#website","url":"https:\/\/www.correiobraziliense.com.br\/cbradar\/","name":"Correio Braziliense - Radar","description":"Acompanhe as \u00faltimas not\u00edcias e fique bem informado sobre tudo o que acontece no Brasil e no mundo.","potentialAction":[{"@type":"SearchAction","target":{"@type":"EntryPoint","urlTemplate":"https:\/\/www.correiobraziliense.com.br\/cbradar\/?s={search_term_string}"},"query-input":{"@type":"PropertyValueSpecification","valueRequired":true,"valueName":"search_term_string"}}],"inLanguage":"pt-BR"},{"@type":"Person","@id":"https:\/\/www.correiobraziliense.com.br\/cbradar\/#\/schema\/person\/58422787644df994b53a19d3e56c1513","name":"Larissa Carvalho","image":{"@type":"ImageObject","inLanguage":"pt-BR","@id":"https:\/\/www.correiobraziliense.com.br\/cbradar\/#\/schema\/person\/image\/","url":"https:\/\/secure.gravatar.com\/avatar\/fe4f91a0de32b52a838d0d612abdc1aa?s=96&d=mm&r=g","contentUrl":"https:\/\/secure.gravatar.com\/avatar\/fe4f91a0de32b52a838d0d612abdc1aa?s=96&d=mm&r=g","caption":"Larissa Carvalho"},"url":"https:\/\/www.correiobraziliense.com.br\/cbradar\/author\/larissamyth\/"}]}},"_links":{"self":[{"href":"https:\/\/www.correiobraziliense.com.br\/cbradar\/wp-json\/wp\/v2\/posts\/19523","targetHints":{"allow":["GET"]}}],"collection":[{"href":"https:\/\/www.correiobraziliense.com.br\/cbradar\/wp-json\/wp\/v2\/posts"}],"about":[{"href":"https:\/\/www.correiobraziliense.com.br\/cbradar\/wp-json\/wp\/v2\/types\/post"}],"author":[{"embeddable":true,"href":"https:\/\/www.correiobraziliense.com.br\/cbradar\/wp-json\/wp\/v2\/users\/3"}],"replies":[{"embeddable":true,"href":"https:\/\/www.correiobraziliense.com.br\/cbradar\/wp-json\/wp\/v2\/comments?post=19523"}],"version-history":[{"count":3,"href":"https:\/\/www.correiobraziliense.com.br\/cbradar\/wp-json\/wp\/v2\/posts\/19523\/revisions"}],"predecessor-version":[{"id":60731,"href":"https:\/\/www.correiobraziliense.com.br\/cbradar\/wp-json\/wp\/v2\/posts\/19523\/revisions\/60731"}],"wp:featuredmedia":[{"embeddable":true,"href":"https:\/\/www.correiobraziliense.com.br\/cbradar\/wp-json\/wp\/v2\/media\/19524"}],"wp:attachment":[{"href":"https:\/\/www.correiobraziliense.com.br\/cbradar\/wp-json\/wp\/v2\/media?parent=19523"}],"wp:term":[{"taxonomy":"category","embeddable":true,"href":"https:\/\/www.correiobraziliense.com.br\/cbradar\/wp-json\/wp\/v2\/categories?post=19523"},{"taxonomy":"post_tag","embeddable":true,"href":"https:\/\/www.correiobraziliense.com.br\/cbradar\/wp-json\/wp\/v2\/post_tag?post=19523"}],"curies":[{"name":"wp","href":"https:\/\/api.w.org\/{rel}","templated":true}]}}