{"id":19555,"date":"2025-04-05T16:03:27","date_gmt":"2025-04-05T19:03:27","guid":{"rendered":"https:\/\/www.correiobraziliense.com.br\/cbradar\/?p=19555"},"modified":"2025-04-05T16:03:28","modified_gmt":"2025-04-05T19:03:28","slug":"como-e-viver-na-menor-cidade-do-mundo","status":"publish","type":"post","link":"https:\/\/www.correiobraziliense.com.br\/cbradar\/como-e-viver-na-menor-cidade-do-mundo\/","title":{"rendered":"Como \u00e9 viver na menor cidade do mundo?"},"content":{"rendered":"\n<p><strong>Hum<\/strong>, situada na pen\u00ednsula da \u00cdstria, no norte da <strong>Cro\u00e1cia<\/strong>, \u00e9 reconhecida como a menor cidade do mundo pelo <strong>Guinness World Records<\/strong>. Com uma \u00e1rea de apenas 100 metros de comprimento por 35 metros de largura, Hum abriga cerca de 28 habitantes, que vivem principalmente do turismo. A cidade mant\u00e9m uma estrutura medieval, com muralhas parcialmente destru\u00eddas e casas de pedra, preservando sua rica hist\u00f3ria e cultura.<\/p>\n\n\n\n<p>Apesar de sua pequena popula\u00e7\u00e3o, Hum possui todas as instala\u00e7\u00f5es administrativas de uma cidade, incluindo uma prefeitura. A cidade \u00e9 organizada em tr\u00eas fileiras paralelas de casas, separadas por duas ruas e uma pra\u00e7a principal, criando um ambiente pitoresco que atrai visitantes de todo o mundo.<\/p>\n\n\n\n<h2 class=\"wp-block-heading\">Quais s\u00e3o as caracter\u00edsticas hist\u00f3ricas de Hum?<\/h2>\n\n\n\n<p>Hum tem uma hist\u00f3ria que remonta ao s\u00e9culo XI, quando o n\u00facleo urbano, com suas fortifica\u00e7\u00f5es e port\u00f5es, foi constru\u00eddo. Ao longo dos s\u00e9culos, a cidade sofreu danos devido a conflitos e invas\u00f5es, mas manteve sua estrutura original. A igreja paroquial da Assun\u00e7\u00e3o de Virgem Maria, constru\u00edda no in\u00edcio do s\u00e9culo XIX, ocupa uma posi\u00e7\u00e3o central na cidade e \u00e9 um dos marcos hist\u00f3ricos mais importantes.<\/p>\n\n\n\n<p>As muralhas de Hum limitam seu desenvolvimento, mantendo a cidade dentro dos limites estabelecidos na Idade M\u00e9dia. Uma das poucas constru\u00e7\u00f5es fora das muralhas \u00e9 o cemit\u00e9rio da cidade. A preserva\u00e7\u00e3o das caracter\u00edsticas medievais de Hum \u00e9 um dos fatores que a tornam um destino tur\u00edstico popular.<\/p>\n\n\n\n<figure class=\"wp-block-image size-large\"><img decoding=\"async\" width=\"1024\" height=\"576\" src=\"https:\/\/www.correiobraziliense.com.br\/cbradar\/wp-content\/uploads\/2025\/04\/Hum-croacia_1743857447103-1024x576.jpg\" alt=\"Como \u00e9 viver na menor cidade do mundo?\" class=\"wp-image-19569\" srcset=\"https:\/\/www.correiobraziliense.com.br\/cbradar\/wp-content\/uploads\/2025\/04\/Hum-croacia_1743857447103-1024x576.jpg 1024w, https:\/\/www.correiobraziliense.com.br\/cbradar\/wp-content\/uploads\/2025\/04\/Hum-croacia_1743857447103-300x169.jpg 300w, https:\/\/www.correiobraziliense.com.br\/cbradar\/wp-content\/uploads\/2025\/04\/Hum-croacia_1743857447103-768x432.jpg 768w, https:\/\/www.correiobraziliense.com.br\/cbradar\/wp-content\/uploads\/2025\/04\/Hum-croacia_1743857447103-750x422.jpg 750w, https:\/\/www.correiobraziliense.com.br\/cbradar\/wp-content\/uploads\/2025\/04\/Hum-croacia_1743857447103-1140x641.jpg 1140w, https:\/\/www.correiobraziliense.com.br\/cbradar\/wp-content\/uploads\/2025\/04\/Hum-croacia_1743857447103.jpg 1280w\" sizes=\"(max-width: 1024px) 100vw, 1024px\" \/><figcaption class=\"wp-element-caption\">Hum. Cr\u00e9ditos: depositphotos.com \/ xbrchx<\/figcaption><\/figure>\n\n\n\n<h2 class=\"wp-block-heading\">Como o turismo impacta Hum?<\/h2>\n\n\n\n<p>O turismo \u00e9 uma parte vital da economia de Hum, especialmente entre os meses de maio e setembro, quando o clima mediterr\u00e2neo atrai muitos visitantes. Durante essa \u00e9poca, a cidade sedia diversos eventos e festivais locais, aumentando o fluxo de turistas. No entanto, as op\u00e7\u00f5es de hospedagem s\u00e3o limitadas, e o acesso de ve\u00edculos e \u00f4nibus de turistas \u00e9 restrito ap\u00f3s as 14h30, exceto para aqueles que est\u00e3o hospedados na cidade.<\/p>\n\n\n\n<p>Al\u00e9m dos marcos hist\u00f3ricos, Hum \u00e9 conhecida por seu turismo gastron\u00f4mico, destacando-se por ingredientes locais como trufas e queijos artesanais. Bebidas tradicionais, como o licor Biska e a Medovina, tamb\u00e9m s\u00e3o populares entre os visitantes, oferecendo uma experi\u00eancia aut\u00eantica da culin\u00e1ria local.<\/p>\n\n\n\n<h2 class=\"wp-block-heading\">O que torna Hum culturalmente \u00fanica?<\/h2>\n\n\n\n<p>Hum \u00e9 culturalmente rica, com tradi\u00e7\u00f5es e costumes que foram transmitidos ao longo de gera\u00e7\u00f5es. A cidade \u00e9 famosa por seu Port\u00e3o Medieval, que serve como entrada oficial e exibe detalhes ornamentais do s\u00e9culo XI. A hist\u00f3ria de Hum \u00e9 preservada em pain\u00e9is escritos em Glagol\u00edtico, o mais antigo alfabeto eslavo conhecido, criado por monges bizantinos no s\u00e9culo IX.<\/p>\n\n\n\n<p>Na regi\u00e3o de \u00cdstria, o alfabeto glagol\u00edtico \u00e9 uma parte importante do artesanato local, presente em colares, brincos e cer\u00e2micas. A ruela glagol\u00edtica, um complexo de monumentos com escritos neste alfabeto, se estende ao longo da estrada que liga Hum \u00e0 cidade vizinha de Ro\u010d, a apenas 5 quil\u00f4metros de dist\u00e2ncia.<\/p>\n\n\n\n<h2 class=\"wp-block-heading\">Por que visitar Hum?<\/h2>\n\n\n\n<p>Visitar Hum \u00e9 como fazer uma viagem no tempo, onde os visitantes podem explorar uma cidade que manteve suas caracter\u00edsticas medievais e tradi\u00e7\u00f5es culturais ao longo dos s\u00e9culos. Localizada a cerca de 200 quil\u00f4metros de Zagreb, a capital da Cro\u00e1cia, Hum oferece uma experi\u00eancia \u00fanica para aqueles interessados em hist\u00f3ria, cultura e gastronomia.<\/p>\n\n\n\n<p>Com suas ruas estreitas, arquitetura hist\u00f3rica e ambiente acolhedor, Hum \u00e9 um destino imperd\u00edvel para quem deseja explorar a rica heran\u00e7a cultural da Cro\u00e1cia. A cidade, com sua designa\u00e7\u00e3o como a menor do mundo, continua a fascinar e encantar turistas de todas as partes do globo.<\/p>\n","protected":false},"excerpt":{"rendered":"<p>Descubra Hum, a menor cidade do mundo, um tesouro medieval croata com apenas 28 habitantes.<\/p>\n","protected":false},"author":3,"featured_media":19568,"comment_status":"open","ping_status":"open","sticky":false,"template":"","format":"standard","meta":{"_yoast_wpseo_focuskw":"menor cidade do mundo","_yoast_wpseo_title":"%%title%%","_yoast_wpseo_metadesc":"","jnews-multi-image_gallery":[],"jnews_single_post":{"format":"standard"},"jnews_primary_category":[],"jnews_social_meta":[],"jnews_override_counter":[],"footnotes":""},"categories":[108],"post_tag":[109],"class_list":["post-19555","post","type-post","status-publish","format-standard","has-post-thumbnail","hentry","category-cidades","tag-cidades"],"yoast_head":"<!-- This site is optimized with the Yoast SEO plugin v24.6 - https:\/\/yoast.com\/wordpress\/plugins\/seo\/ -->\n<title>Como \u00e9 viver na menor cidade do mundo?<\/title>\n<meta name=\"robots\" content=\"index, follow, max-snippet:-1, max-image-preview:large, max-video-preview:-1\" \/>\n<link rel=\"canonical\" href=\"https:\/\/www.correiobraziliense.com.br\/cbradar\/como-e-viver-na-menor-cidade-do-mundo\/\" \/>\n<meta property=\"og:locale\" content=\"pt_BR\" \/>\n<meta property=\"og:type\" content=\"article\" \/>\n<meta property=\"og:title\" content=\"Como \u00e9 viver na menor cidade do mundo?\" \/>\n<meta property=\"og:description\" content=\"Descubra Hum, a menor cidade do mundo, um tesouro medieval croata com apenas 28 habitantes.\" \/>\n<meta property=\"og:url\" content=\"https:\/\/www.correiobraziliense.com.br\/cbradar\/como-e-viver-na-menor-cidade-do-mundo\/\" \/>\n<meta property=\"og:site_name\" content=\"Correio Braziliense - Radar\" \/>\n<meta property=\"article:published_time\" content=\"2025-04-05T19:03:27+00:00\" \/>\n<meta property=\"article:modified_time\" content=\"2025-04-05T19:03:28+00:00\" \/>\n<meta property=\"og:image\" content=\"https:\/\/www.correiobraziliense.com.br\/cbradar\/wp-content\/uploads\/2025\/04\/Hum-croacia_1743857410267.jpg\" \/>\n\t<meta property=\"og:image:width\" content=\"1280\" \/>\n\t<meta property=\"og:image:height\" content=\"720\" \/>\n\t<meta property=\"og:image:type\" content=\"image\/jpeg\" \/>\n<meta name=\"author\" content=\"Larissa Carvalho\" \/>\n<meta name=\"twitter:card\" content=\"summary_large_image\" \/>\n<meta name=\"twitter:label1\" content=\"Escrito por\" \/>\n\t<meta name=\"twitter:data1\" content=\"Larissa Carvalho\" \/>\n\t<meta name=\"twitter:label2\" content=\"Est. tempo de leitura\" \/>\n\t<meta name=\"twitter:data2\" content=\"1 minuto\" \/>\n<!-- \/ Yoast SEO plugin. -->","yoast_head_json":{"title":"Como \u00e9 viver na menor cidade do mundo?","robots":{"index":"index","follow":"follow","max-snippet":"max-snippet:-1","max-image-preview":"max-image-preview:large","max-video-preview":"max-video-preview:-1"},"canonical":"https:\/\/www.correiobraziliense.com.br\/cbradar\/como-e-viver-na-menor-cidade-do-mundo\/","og_locale":"pt_BR","og_type":"article","og_title":"Como \u00e9 viver na menor cidade do mundo?","og_description":"Descubra Hum, a menor cidade do mundo, um tesouro medieval croata com apenas 28 habitantes.","og_url":"https:\/\/www.correiobraziliense.com.br\/cbradar\/como-e-viver-na-menor-cidade-do-mundo\/","og_site_name":"Correio Braziliense - Radar","article_published_time":"2025-04-05T19:03:27+00:00","article_modified_time":"2025-04-05T19:03:28+00:00","og_image":[{"width":1280,"height":720,"url":"https:\/\/www.correiobraziliense.com.br\/cbradar\/wp-content\/uploads\/2025\/04\/Hum-croacia_1743857410267.jpg","type":"image\/jpeg"}],"author":"Larissa Carvalho","twitter_card":"summary_large_image","twitter_misc":{"Escrito por":"Larissa Carvalho","Est. tempo de leitura":"1 minuto"},"schema":{"@context":"https:\/\/schema.org","@graph":[{"@type":"WebPage","@id":"https:\/\/www.correiobraziliense.com.br\/cbradar\/como-e-viver-na-menor-cidade-do-mundo\/","url":"https:\/\/www.correiobraziliense.com.br\/cbradar\/como-e-viver-na-menor-cidade-do-mundo\/","name":"Como \u00e9 viver na menor cidade do mundo?","isPartOf":{"@id":"https:\/\/www.correiobraziliense.com.br\/cbradar\/#website"},"primaryImageOfPage":{"@id":"https:\/\/www.correiobraziliense.com.br\/cbradar\/como-e-viver-na-menor-cidade-do-mundo\/#primaryimage"},"image":{"@id":"https:\/\/www.correiobraziliense.com.br\/cbradar\/como-e-viver-na-menor-cidade-do-mundo\/#primaryimage"},"thumbnailUrl":"https:\/\/www.correiobraziliense.com.br\/cbradar\/wp-content\/uploads\/2025\/04\/Hum-croacia_1743857410267.jpg","datePublished":"2025-04-05T19:03:27+00:00","dateModified":"2025-04-05T19:03:28+00:00","author":{"@id":"https:\/\/www.correiobraziliense.com.br\/cbradar\/#\/schema\/person\/58422787644df994b53a19d3e56c1513"},"breadcrumb":{"@id":"https:\/\/www.correiobraziliense.com.br\/cbradar\/como-e-viver-na-menor-cidade-do-mundo\/#breadcrumb"},"inLanguage":"pt-BR","potentialAction":[{"@type":"ReadAction","target":["https:\/\/www.correiobraziliense.com.br\/cbradar\/como-e-viver-na-menor-cidade-do-mundo\/"]}]},{"@type":"ImageObject","inLanguage":"pt-BR","@id":"https:\/\/www.correiobraziliense.com.br\/cbradar\/como-e-viver-na-menor-cidade-do-mundo\/#primaryimage","url":"https:\/\/www.correiobraziliense.com.br\/cbradar\/wp-content\/uploads\/2025\/04\/Hum-croacia_1743857410267.jpg","contentUrl":"https:\/\/www.correiobraziliense.com.br\/cbradar\/wp-content\/uploads\/2025\/04\/Hum-croacia_1743857410267.jpg","width":1280,"height":720,"caption":"Hum. Cr\u00e9ditos: depositphotos.com \/ xbrchx"},{"@type":"BreadcrumbList","@id":"https:\/\/www.correiobraziliense.com.br\/cbradar\/como-e-viver-na-menor-cidade-do-mundo\/#breadcrumb","itemListElement":[{"@type":"ListItem","position":1,"name":"In\u00edcio","item":"https:\/\/www.correiobraziliense.com.br\/cbradar\/"},{"@type":"ListItem","position":2,"name":"Como \u00e9 viver na menor cidade do mundo?"}]},{"@type":"WebSite","@id":"https:\/\/www.correiobraziliense.com.br\/cbradar\/#website","url":"https:\/\/www.correiobraziliense.com.br\/cbradar\/","name":"Correio Braziliense - Radar","description":"Acompanhe as \u00faltimas not\u00edcias e fique bem informado sobre tudo o que acontece no Brasil e no mundo.","potentialAction":[{"@type":"SearchAction","target":{"@type":"EntryPoint","urlTemplate":"https:\/\/www.correiobraziliense.com.br\/cbradar\/?s={search_term_string}"},"query-input":{"@type":"PropertyValueSpecification","valueRequired":true,"valueName":"search_term_string"}}],"inLanguage":"pt-BR"},{"@type":"Person","@id":"https:\/\/www.correiobraziliense.com.br\/cbradar\/#\/schema\/person\/58422787644df994b53a19d3e56c1513","name":"Larissa Carvalho","image":{"@type":"ImageObject","inLanguage":"pt-BR","@id":"https:\/\/www.correiobraziliense.com.br\/cbradar\/#\/schema\/person\/image\/","url":"https:\/\/secure.gravatar.com\/avatar\/fe4f91a0de32b52a838d0d612abdc1aa?s=96&d=mm&r=g","contentUrl":"https:\/\/secure.gravatar.com\/avatar\/fe4f91a0de32b52a838d0d612abdc1aa?s=96&d=mm&r=g","caption":"Larissa Carvalho"},"url":"https:\/\/www.correiobraziliense.com.br\/cbradar\/author\/larissamyth\/"}]}},"_links":{"self":[{"href":"https:\/\/www.correiobraziliense.com.br\/cbradar\/wp-json\/wp\/v2\/posts\/19555","targetHints":{"allow":["GET"]}}],"collection":[{"href":"https:\/\/www.correiobraziliense.com.br\/cbradar\/wp-json\/wp\/v2\/posts"}],"about":[{"href":"https:\/\/www.correiobraziliense.com.br\/cbradar\/wp-json\/wp\/v2\/types\/post"}],"author":[{"embeddable":true,"href":"https:\/\/www.correiobraziliense.com.br\/cbradar\/wp-json\/wp\/v2\/users\/3"}],"replies":[{"embeddable":true,"href":"https:\/\/www.correiobraziliense.com.br\/cbradar\/wp-json\/wp\/v2\/comments?post=19555"}],"version-history":[{"count":2,"href":"https:\/\/www.correiobraziliense.com.br\/cbradar\/wp-json\/wp\/v2\/posts\/19555\/revisions"}],"predecessor-version":[{"id":19570,"href":"https:\/\/www.correiobraziliense.com.br\/cbradar\/wp-json\/wp\/v2\/posts\/19555\/revisions\/19570"}],"wp:featuredmedia":[{"embeddable":true,"href":"https:\/\/www.correiobraziliense.com.br\/cbradar\/wp-json\/wp\/v2\/media\/19568"}],"wp:attachment":[{"href":"https:\/\/www.correiobraziliense.com.br\/cbradar\/wp-json\/wp\/v2\/media?parent=19555"}],"wp:term":[{"taxonomy":"category","embeddable":true,"href":"https:\/\/www.correiobraziliense.com.br\/cbradar\/wp-json\/wp\/v2\/categories?post=19555"},{"taxonomy":"post_tag","embeddable":true,"href":"https:\/\/www.correiobraziliense.com.br\/cbradar\/wp-json\/wp\/v2\/post_tag?post=19555"}],"curies":[{"name":"wp","href":"https:\/\/api.w.org\/{rel}","templated":true}]}}