{"id":195714,"date":"2026-02-19T18:25:00","date_gmt":"2026-02-19T21:25:00","guid":{"rendered":"https:\/\/www.correiobraziliense.com.br\/cbradar\/?p=195714"},"modified":"2026-02-20T10:58:05","modified_gmt":"2026-02-20T13:58:05","slug":"a-melhor-forma-de-lidar-com-daltonismo-e-ganhar-autonomia","status":"publish","type":"post","link":"https:\/\/www.correiobraziliense.com.br\/cbradar\/a-melhor-forma-de-lidar-com-daltonismo-e-ganhar-autonomia\/","title":{"rendered":"A melhor forma de lidar com daltonismo e ganhar autonomia"},"content":{"rendered":"\n<p>Perceber o mundo em cores diferentes pode ser uma experi\u00eancia curiosa e, por vezes, desafiadora. Para aqueles que t\u00eam dificuldades em diferenciar certos tons, pode estar presente uma condi\u00e7\u00e3o visual conhecida como\u00a0<strong>Daltonismo<\/strong>, que apesar de comum, possui sutilezas que muitas vezes passam despercebidas por quem n\u00e3o \u00e9 afetado.<\/p>\n\n\n\n<h2 class=\"wp-block-heading\">O que \u00e9 daltonismo?<\/h2>\n\n\n\n<p>O daltonismo, tecnicamente denominado discromatopsia, \u00e9 um tipo de defici\u00eancia visual que altera a forma como certas cores s\u00e3o percebidas. Ele ocorre quando as c\u00e9lulas fotorreceptoras denominadas cones, localizadas na retina, n\u00e3o funcionam corretamente na identifica\u00e7\u00e3o de comprimentos de onda espec\u00edficos.<\/p>\n\n\n\n<p>Na maioria dos casos, o daltonismo \u00e9 heredit\u00e1rio e se manifesta mais em homens, devido \u00e0 sua associa\u00e7\u00e3o com o cromossomo X. Pessoas com essa condi\u00e7\u00e3o podem ter dificuldades com a percep\u00e7\u00e3o das cores vermelho, verde ou azul, variando conforme o tipo de daltonismo e a intensidade da altera\u00e7\u00e3o visual.<\/p>\n\n\n\n<p>Para compreender melhor <strong>tudo sobre daltonismo<\/strong>, assista ao v\u00eddeo a seguir, no qual a <strong>oftalmologista Dra. Claudia Del Claro<\/strong> explica o assunto de forma clara e did\u00e1tica no canal <strong>Dra. Claudia Del Claro \u2013 Oftalmologista<\/strong>. <\/p>\n\n\n\n<iframe loading=\"lazy\" width=\"1396\" height=\"785\" src=\"https:\/\/www.youtube.com\/embed\/24rQc3IeIgA\" title=\"Daltonismo - Tudo Sobre Daltonismo\" frameborder=\"0\" allow=\"accelerometer; autoplay; clipboard-write; encrypted-media; gyroscope; picture-in-picture; web-share\" referrerpolicy=\"strict-origin-when-cross-origin\" allowfullscreen><\/iframe>\n\n\n\n<h2 class=\"wp-block-heading\">Quais s\u00e3o os principais tipos de daltonismo?<\/h2>\n\n\n\n<p>Diversas formas de daltonismo foram classificadas de acordo com as diferen\u00e7as na percep\u00e7\u00e3o das cores. Cada tipo afeta de maneira particular a forma como o c\u00e9rebro interpreta os est\u00edmulos luminosos recebidos pela retina.<\/p>\n\n\n\n<ul class=\"wp-block-list\">\n<li><strong>Protanopia:<\/strong>\u00a0Caracterizada por menor sensibilidade ao vermelho, fazendo com que essa cor se confunda com verde ou marrom.<\/li>\n\n\n\n<li><strong>Deuteranopia:<\/strong>\u00a0A forma mais comum de daltonismo, em que o verde \u00e9 confundido com o vermelho e com outras cores pr\u00f3ximas.<\/li>\n\n\n\n<li><strong>Tritanopia:<\/strong>\u00a0Mais rara, afeta a percep\u00e7\u00e3o do azul e do amarelo, alterando a vis\u00e3o das chamadas cores frias.<\/li>\n\n\n\n<li><strong>Acromatopsia:<\/strong>\u00a0Uma forma extrema, em que o indiv\u00edduo percebe a vis\u00e3o apenas em preto, branco e tons de cinza.<\/li>\n<\/ul>\n\n\n\n<h2 class=\"wp-block-heading\">Como identificar os sintomas do daltonismo?<\/h2>\n\n\n\n<p>Os sinais do daltonismo podem surgir j\u00e1 na inf\u00e2ncia, durante as atividades escolares que envolvem o uso de cores. Situa\u00e7\u00f5es simples, como pintar desenhos, usar materiais coloridos ou identificar figuras em livros, podem revelar dificuldades na distin\u00e7\u00e3o de tons.<\/p>\n\n\n\n<p>A condi\u00e7\u00e3o tamb\u00e9m pode ser percebida quando a crian\u00e7a demora a aprender os nomes das cores ou apresenta prefer\u00eancia por cores mais escuras, confundindo facilmente certos tons. Em adultos, o daltonismo \u00e0s vezes s\u00f3 \u00e9 notado ao dirigir, escolher roupas ou lidar com c\u00f3digos de cores no trabalho.<\/p>\n\n\n\n<style>\n  .make-wrap{\n    max-width: 760px;\n    margin: 26px auto;\n    padding: 18px;\n    border-radius: 18px;\n    background: linear-gradient(135deg,#fff7fb 0%,#f6f2ff 100%);\n    border: 1px solid #f7d4ea;\n    box-shadow: 0 8px 20px rgba(236,72,153,.12);\n    font-family: system-ui, -apple-system, Segoe UI, Roboto, Helvetica, Arial, sans-serif;\n  }\n\n  .make-title{\n    display:flex; \n    align-items:center; \n    gap:10px;\n    margin:0 0 12px 4px;\n    font-size:1.2rem; \n    font-weight:900; \n    color:#9d174d;\n  }\n\n  .make-table{\n    width:100%;\n    border-collapse:separate;\n    border-spacing:0;\n    overflow:hidden;\n    border-radius:16px;\n    border:1px solid #f7d4ea;\n    background:#fff;\n    font-size:.92rem;\n  }\n\n  .make-table thead th{\n    background:linear-gradient(90deg,#fde7f3 0%,#f8e9ff 100%);\n    padding:12px;\n    color:#7a1e63;\n    font-weight:800;\n    text-align:left;\n    border-bottom:1px solid #f7d4ea;\n  }\n\n  .make-table tbody td{\n    padding:12px;\n    color:#374151;\n    vertical-align:top;\n    border-bottom:1px dashed #f7d4ea;\n  }\n\n  .make-table tbody tr:nth-child(odd){\n    background:#fffaff;\n  }\n\n  .price{\n    display:inline-flex;\n    align-items:center;\n    background:#fff7ed;\n    color:#b45309;\n    padding:6px 10px;\n    border-radius:10px;\n    border:1px solid #fed7aa;\n    font-weight:700;\n    white-space:nowrap;\n  }\n\n  .badge{\n    display:inline-block;\n    background:#fde7f3;\n    color:#c026d3;\n    border:1px solid #fecdd3;\n    padding:4px 10px;\n    border-radius:999px;\n    font-weight:700;\n    font-size:.78rem;\n  }\n\n  @media (max-width:720px){\n    .make-table thead{display:none}\n    .make-table, .make-table tbody, .make-table tr, .make-table td{\n      display:block; \n      width:100%;\n    }\n    .make-table tr{\n      margin-bottom:12px;\n      border:1px solid #f7d4ea;\n      border-radius:14px;\n      overflow:hidden;\n      background:#fff;\n    }\n    .make-table td[data-label]:before{\n      content:attr(data-label);\n      display:block;\n      font-weight:800;\n      color:#7a1e63;\n      margin-bottom:4px;\n    }\n    .make-table tbody td:last-child{border-bottom:none}\n  }\n<\/style>\n\n<div class=\"make-wrap\">\n  <h3 class=\"make-title\">\ud83c\udfa8\ud83d\udc41\ufe0f Sinais de Daltonismo na Inf\u00e2ncia e na Vida Adulta<\/h3>\n\n  <table class=\"make-table\">\n    <thead>\n      <tr>\n        <th>Fase da Vida<\/th>\n        <th>Sinais e Situa\u00e7\u00f5es Comuns<\/th>\n      <\/tr>\n    <\/thead>\n    <tbody>\n      <tr>\n        <td data-label=\"Fase da Vida\"><span class=\"badge\">Inf\u00e2ncia<\/span><\/td>\n        <td data-label=\"Sinais e Situa\u00e7\u00f5es Comuns\">Dificuldade em distinguir tons durante atividades escolares como pintar desenhos, usar materiais coloridos ou identificar figuras em livros.<\/td>\n      <\/tr>\n      <tr>\n        <td data-label=\"Fase da Vida\"><span class=\"badge\">Aprendizado das cores<\/span><\/td>\n        <td data-label=\"Sinais e Situa\u00e7\u00f5es Comuns\">Demora para aprender os nomes das cores, prefer\u00eancia por tons mais escuros e confus\u00e3o frequente entre determinadas cores.<\/td>\n      <\/tr>\n      <tr>\n        <td data-label=\"Fase da Vida\"><span class=\"badge\">Vida adulta<\/span><\/td>\n        <td data-label=\"Sinais e Situa\u00e7\u00f5es Comuns\">Percep\u00e7\u00e3o do problema ao dirigir, escolher roupas ou lidar com c\u00f3digos de cores no ambiente de trabalho.<\/td>\n      <\/tr>\n    <\/tbody>\n  <\/table>\n\n  <p style=\"margin-top:14px; color:#6b7280; font-size:.9rem;\">\n    \ud83d\udca1 <strong>Dica:<\/strong> Ao notar esses sinais, a avalia\u00e7\u00e3o com um oftalmologista pode confirmar o diagn\u00f3stico e orientar adapta\u00e7\u00f5es necess\u00e1rias.\n  <\/p>\n<\/div>\n\n\n\n\n<h2 class=\"wp-block-heading\">Como lidar com o daltonismo no dia a dia?<\/h2>\n\n\n\n<p>Ainda que o daltonismo gen\u00e9tico n\u00e3o tenha uma cura definida, solu\u00e7\u00f5es pr\u00e1ticas est\u00e3o dispon\u00edveis para facilitar o cotidiano das pessoas afetadas. \u00d3culos e lentes especiais podem melhorar a distin\u00e7\u00e3o de cores por meio de filtros que aumentam o contraste entre determinados tons.<\/p>\n\n\n\n<p>Al\u00e9m disso, existem aplicativos e ferramentas digitais projetados para ajudar a identificar e diferenciar cores, contribuindo para mais seguran\u00e7a em tarefas como leitura de gr\u00e1ficos, identifica\u00e7\u00e3o de sinais luminosos e escolha de roupas. Adapta\u00e7\u00f5es em ambientes de estudo e trabalho tamb\u00e9m podem favorecer maior autonomia.<\/p>\n\n\n<div class=\"wp-block-image\">\n<figure class=\"aligncenter size-large\"><img decoding=\"async\" width=\"1024\" height=\"576\" src=\"https:\/\/www.correiobraziliense.com.br\/cbradar\/wp-content\/uploads\/2026\/02\/Daltonismo_1771438012305-1024x576.jpg\" alt=\"\" class=\"wp-image-195718\" srcset=\"https:\/\/www.correiobraziliense.com.br\/cbradar\/wp-content\/uploads\/2026\/02\/Daltonismo_1771438012305-1024x576.jpg 1024w, https:\/\/www.correiobraziliense.com.br\/cbradar\/wp-content\/uploads\/2026\/02\/Daltonismo_1771438012305-300x169.jpg 300w, https:\/\/www.correiobraziliense.com.br\/cbradar\/wp-content\/uploads\/2026\/02\/Daltonismo_1771438012305-768x432.jpg 768w, https:\/\/www.correiobraziliense.com.br\/cbradar\/wp-content\/uploads\/2026\/02\/Daltonismo_1771438012305-750x422.jpg 750w, https:\/\/www.correiobraziliense.com.br\/cbradar\/wp-content\/uploads\/2026\/02\/Daltonismo_1771438012305-1140x641.jpg 1140w, https:\/\/www.correiobraziliense.com.br\/cbradar\/wp-content\/uploads\/2026\/02\/Daltonismo_1771438012305.jpg 1280w\" sizes=\"(max-width: 1024px) 100vw, 1024px\" \/><figcaption class=\"wp-element-caption\">A estrat\u00e9gia definitiva para conviver com daltonismo sem limita\u00e7\u00f5es &#8211; Cr\u00e9ditos: depositphotos.com \/ Madhourses<\/figcaption><\/figure><\/div>\n\n\n<h2 class=\"wp-block-heading\">Quais s\u00e3o os pr\u00f3ximos passos para uma avalia\u00e7\u00e3o correta?<\/h2>\n\n\n\n<p>Para quem desconfia ser dalt\u00f4nico, realizar testes visuais formais \u00e9 o melhor caminho para confirmar e classificar a condi\u00e7\u00e3o. Ferramentas online, como as famosas placas de Ishihara, podem servir como primeiro passo ao apontar a poss\u00edvel exist\u00eancia do daltonismo.<\/p>\n\n\n\n<p>Com um diagn\u00f3stico claro, a ado\u00e7\u00e3o de adapta\u00e7\u00f5es simples pode transformar essa singularidade visual em algo melhor gerido no dia a dia. Orienta\u00e7\u00e3o com oftalmologista ou <a href=\"https:\/\/bvsms.saude.gov.br\/saude-ocular\/\" target=\"_blank\" rel=\"noreferrer noopener\">especialista <\/a>em vis\u00e3o pode auxiliar na escolha de recursos e estrat\u00e9gias, possibilitando mais autonomia e seguran\u00e7a em diversas atividades.<\/p>\n\n\n<a href=\"https:\/\/www.instagram.com\/dra.annaluisabf\/\" target=\"_blank\" rel=\"noopener\" style=\"text-decoration: none; color: inherit;\">\n    <span style=\"display: inline-block; border: 1px solid #ccc; border-radius: 10px; padding: 15px; max-width: 550px; font-family: sans-serif; box-shadow: 0 2px 5px rgba(0,0,0,0.1); width: 100%;\">\n\n      <!-- T\u00edtulo -->\n      <span style=\"display: block; margin: 0 0 15px 0; font-weight: bold; color: #2c3e50; text-align: center;\">\n        Entre em contato:\n      <\/span>\n\n      <!-- Linha do perfil -->\n      <span style=\"display: flex; align-items: center; gap: 15px;\">\n        <img decoding=\"async\"\n          src=\"https:\/\/www.correiobraziliense.com.br\/cbradar\/wp-content\/uploads\/2025\/08\/dra_anna_luisa.jpeg\"\n          alt=\"Foto da Dra. Anna Lu\u00edsa\"\n          style=\"border-radius: 50%; width: 80px; height: 80px; object-fit: cover;\"\n        \/>\n        <span style=\"display: flex; flex-direction: column;\">\n          <span style=\"font-size: 18px; font-weight: 700; color: #2c3e50;\">Dra. Anna Lu\u00edsa Barbosa Fernandes<\/span>\n          <span style=\"color: #555;\">CRM-GO 33.271<\/span>\n        <\/span>\n      <\/span>\n\n      <!-- Redes -->\n      <span style=\"display: flex; align-items: center; gap: 10px; margin-top: 12px;\">\n        <img decoding=\"async\" src=\"https:\/\/cdn-icons-png.flaticon.com\/24\/1384\/1384063.png\" alt=\"Instagram\" width=\"24\" height=\"24\" \/>\n        <span style=\"text-decoration: underline; color: #2c3e50;\">@dra.annaluisabf<\/span>\n      <\/span>\n\n    <\/span>\n  <\/a>","protected":false},"excerpt":{"rendered":"<p>Perceber o mundo em cores diferentes pode ser uma experi\u00eancia curiosa e, por vezes, desafiadora. Para aqueles que t\u00eam dificuldades em diferenciar certos tons, pode estar presente uma condi\u00e7\u00e3o visual conhecida como\u00a0Daltonismo, que apesar de comum, possui sutilezas que muitas vezes passam despercebidas por quem n\u00e3o \u00e9 afetado. O que \u00e9 daltonismo? O daltonismo, tecnicamente [&hellip;]<\/p>\n","protected":false},"author":14,"featured_media":195715,"comment_status":"open","ping_status":"open","sticky":false,"template":"","format":"standard","meta":{"_yoast_wpseo_focuskw":"Daltonismo","_yoast_wpseo_title":"","_yoast_wpseo_metadesc":"Daltonismo \u00e9 mais comum em homens e pode surgir na inf\u00e2ncia. Entenda sinais e formas de diagn\u00f3stico.","jnews-multi-image_gallery":[],"jnews_single_post":{"format":"standard"},"jnews_primary_category":[],"jnews_social_meta":[],"jnews_override_counter":[],"footnotes":""},"categories":[4404],"post_tag":[120,247,565],"class_list":["post-195714","post","type-post","status-publish","format-standard","has-post-thumbnail","hentry","category-saude","tag-bem-estar","tag-qualidade-de-vida","tag-saude"],"yoast_head":"<!-- This site is optimized with the Yoast SEO plugin v24.6 - https:\/\/yoast.com\/wordpress\/plugins\/seo\/ -->\n<title>A melhor forma de lidar com daltonismo e ganhar autonomia - Correio Braziliense - Radar<\/title>\n<meta name=\"description\" content=\"Daltonismo \u00e9 mais comum em homens e pode surgir na inf\u00e2ncia. Entenda sinais e formas de diagn\u00f3stico.\" \/>\n<meta name=\"robots\" content=\"index, follow, max-snippet:-1, max-image-preview:large, max-video-preview:-1\" \/>\n<link rel=\"canonical\" href=\"https:\/\/www.correiobraziliense.com.br\/cbradar\/a-melhor-forma-de-lidar-com-daltonismo-e-ganhar-autonomia\/\" \/>\n<meta property=\"og:locale\" content=\"pt_BR\" \/>\n<meta property=\"og:type\" content=\"article\" \/>\n<meta property=\"og:title\" content=\"A melhor forma de lidar com daltonismo e ganhar autonomia - Correio Braziliense - Radar\" \/>\n<meta property=\"og:description\" content=\"Daltonismo \u00e9 mais comum em homens e pode surgir na inf\u00e2ncia. Entenda sinais e formas de diagn\u00f3stico.\" \/>\n<meta property=\"og:url\" content=\"https:\/\/www.correiobraziliense.com.br\/cbradar\/a-melhor-forma-de-lidar-com-daltonismo-e-ganhar-autonomia\/\" \/>\n<meta property=\"og:site_name\" content=\"Correio Braziliense - Radar\" \/>\n<meta property=\"article:published_time\" content=\"2026-02-19T21:25:00+00:00\" \/>\n<meta property=\"article:modified_time\" content=\"2026-02-20T13:58:05+00:00\" \/>\n<meta property=\"og:image\" content=\"https:\/\/www.correiobraziliense.com.br\/cbradar\/wp-content\/uploads\/2026\/02\/Daltonismo_1771437849325.jpg\" \/>\n\t<meta property=\"og:image:width\" content=\"1280\" \/>\n\t<meta property=\"og:image:height\" content=\"720\" \/>\n\t<meta property=\"og:image:type\" content=\"image\/jpeg\" \/>\n<meta name=\"author\" content=\"guilherme_saude\" \/>\n<meta name=\"twitter:card\" content=\"summary_large_image\" \/>\n<meta name=\"twitter:label1\" content=\"Escrito por\" \/>\n\t<meta name=\"twitter:data1\" content=\"guilherme_saude\" \/>\n\t<meta name=\"twitter:label2\" content=\"Est. tempo de leitura\" \/>\n\t<meta name=\"twitter:data2\" content=\"5 minutos\" \/>\n<!-- \/ Yoast SEO plugin. -->","yoast_head_json":{"title":"A melhor forma de lidar com daltonismo e ganhar autonomia - Correio Braziliense - Radar","description":"Daltonismo \u00e9 mais comum em homens e pode surgir na inf\u00e2ncia. Entenda sinais e formas de diagn\u00f3stico.","robots":{"index":"index","follow":"follow","max-snippet":"max-snippet:-1","max-image-preview":"max-image-preview:large","max-video-preview":"max-video-preview:-1"},"canonical":"https:\/\/www.correiobraziliense.com.br\/cbradar\/a-melhor-forma-de-lidar-com-daltonismo-e-ganhar-autonomia\/","og_locale":"pt_BR","og_type":"article","og_title":"A melhor forma de lidar com daltonismo e ganhar autonomia - Correio Braziliense - Radar","og_description":"Daltonismo \u00e9 mais comum em homens e pode surgir na inf\u00e2ncia. Entenda sinais e formas de diagn\u00f3stico.","og_url":"https:\/\/www.correiobraziliense.com.br\/cbradar\/a-melhor-forma-de-lidar-com-daltonismo-e-ganhar-autonomia\/","og_site_name":"Correio Braziliense - Radar","article_published_time":"2026-02-19T21:25:00+00:00","article_modified_time":"2026-02-20T13:58:05+00:00","og_image":[{"width":1280,"height":720,"url":"https:\/\/www.correiobraziliense.com.br\/cbradar\/wp-content\/uploads\/2026\/02\/Daltonismo_1771437849325.jpg","type":"image\/jpeg"}],"author":"guilherme_saude","twitter_card":"summary_large_image","twitter_misc":{"Escrito por":"guilherme_saude","Est. tempo de leitura":"5 minutos"},"schema":{"@context":"https:\/\/schema.org","@graph":[{"@type":"WebPage","@id":"https:\/\/www.correiobraziliense.com.br\/cbradar\/a-melhor-forma-de-lidar-com-daltonismo-e-ganhar-autonomia\/","url":"https:\/\/www.correiobraziliense.com.br\/cbradar\/a-melhor-forma-de-lidar-com-daltonismo-e-ganhar-autonomia\/","name":"A melhor forma de lidar com daltonismo e ganhar autonomia - Correio Braziliense - Radar","isPartOf":{"@id":"https:\/\/www.correiobraziliense.com.br\/cbradar\/#website"},"primaryImageOfPage":{"@id":"https:\/\/www.correiobraziliense.com.br\/cbradar\/a-melhor-forma-de-lidar-com-daltonismo-e-ganhar-autonomia\/#primaryimage"},"image":{"@id":"https:\/\/www.correiobraziliense.com.br\/cbradar\/a-melhor-forma-de-lidar-com-daltonismo-e-ganhar-autonomia\/#primaryimage"},"thumbnailUrl":"https:\/\/www.correiobraziliense.com.br\/cbradar\/wp-content\/uploads\/2026\/02\/Daltonismo_1771437849325.jpg","datePublished":"2026-02-19T21:25:00+00:00","dateModified":"2026-02-20T13:58:05+00:00","author":{"@id":"https:\/\/www.correiobraziliense.com.br\/cbradar\/#\/schema\/person\/5aa4bf3c8fa699c267933611de12978b"},"description":"Daltonismo \u00e9 mais comum em homens e pode surgir na inf\u00e2ncia. Entenda sinais e formas de diagn\u00f3stico.","breadcrumb":{"@id":"https:\/\/www.correiobraziliense.com.br\/cbradar\/a-melhor-forma-de-lidar-com-daltonismo-e-ganhar-autonomia\/#breadcrumb"},"inLanguage":"pt-BR","potentialAction":[{"@type":"ReadAction","target":["https:\/\/www.correiobraziliense.com.br\/cbradar\/a-melhor-forma-de-lidar-com-daltonismo-e-ganhar-autonomia\/"]}]},{"@type":"ImageObject","inLanguage":"pt-BR","@id":"https:\/\/www.correiobraziliense.com.br\/cbradar\/a-melhor-forma-de-lidar-com-daltonismo-e-ganhar-autonomia\/#primaryimage","url":"https:\/\/www.correiobraziliense.com.br\/cbradar\/wp-content\/uploads\/2026\/02\/Daltonismo_1771437849325.jpg","contentUrl":"https:\/\/www.correiobraziliense.com.br\/cbradar\/wp-content\/uploads\/2026\/02\/Daltonismo_1771437849325.jpg","width":1280,"height":720,"caption":"O sinal mais importante do daltonismo que muitos pais n\u00e3o percebem - Cr\u00e9ditos: depositphotos.com \/ eveleen"},{"@type":"BreadcrumbList","@id":"https:\/\/www.correiobraziliense.com.br\/cbradar\/a-melhor-forma-de-lidar-com-daltonismo-e-ganhar-autonomia\/#breadcrumb","itemListElement":[{"@type":"ListItem","position":1,"name":"In\u00edcio","item":"https:\/\/www.correiobraziliense.com.br\/cbradar\/"},{"@type":"ListItem","position":2,"name":"A melhor forma de lidar com daltonismo e ganhar autonomia"}]},{"@type":"WebSite","@id":"https:\/\/www.correiobraziliense.com.br\/cbradar\/#website","url":"https:\/\/www.correiobraziliense.com.br\/cbradar\/","name":"Correio Braziliense - Radar","description":"Acompanhe as \u00faltimas not\u00edcias e fique bem informado sobre tudo o que acontece no Brasil e no mundo.","potentialAction":[{"@type":"SearchAction","target":{"@type":"EntryPoint","urlTemplate":"https:\/\/www.correiobraziliense.com.br\/cbradar\/?s={search_term_string}"},"query-input":{"@type":"PropertyValueSpecification","valueRequired":true,"valueName":"search_term_string"}}],"inLanguage":"pt-BR"},{"@type":"Person","@id":"https:\/\/www.correiobraziliense.com.br\/cbradar\/#\/schema\/person\/5aa4bf3c8fa699c267933611de12978b","name":"guilherme_saude","image":{"@type":"ImageObject","inLanguage":"pt-BR","@id":"https:\/\/www.correiobraziliense.com.br\/cbradar\/#\/schema\/person\/image\/","url":"https:\/\/secure.gravatar.com\/avatar\/df9adfb835d344bc0af109d41756253f?s=96&d=mm&r=g","contentUrl":"https:\/\/secure.gravatar.com\/avatar\/df9adfb835d344bc0af109d41756253f?s=96&d=mm&r=g","caption":"guilherme_saude"},"url":"https:\/\/www.correiobraziliense.com.br\/cbradar\/author\/guilherme_saude\/"}]}},"_links":{"self":[{"href":"https:\/\/www.correiobraziliense.com.br\/cbradar\/wp-json\/wp\/v2\/posts\/195714","targetHints":{"allow":["GET"]}}],"collection":[{"href":"https:\/\/www.correiobraziliense.com.br\/cbradar\/wp-json\/wp\/v2\/posts"}],"about":[{"href":"https:\/\/www.correiobraziliense.com.br\/cbradar\/wp-json\/wp\/v2\/types\/post"}],"author":[{"embeddable":true,"href":"https:\/\/www.correiobraziliense.com.br\/cbradar\/wp-json\/wp\/v2\/users\/14"}],"replies":[{"embeddable":true,"href":"https:\/\/www.correiobraziliense.com.br\/cbradar\/wp-json\/wp\/v2\/comments?post=195714"}],"version-history":[{"count":1,"href":"https:\/\/www.correiobraziliense.com.br\/cbradar\/wp-json\/wp\/v2\/posts\/195714\/revisions"}],"predecessor-version":[{"id":195719,"href":"https:\/\/www.correiobraziliense.com.br\/cbradar\/wp-json\/wp\/v2\/posts\/195714\/revisions\/195719"}],"wp:featuredmedia":[{"embeddable":true,"href":"https:\/\/www.correiobraziliense.com.br\/cbradar\/wp-json\/wp\/v2\/media\/195715"}],"wp:attachment":[{"href":"https:\/\/www.correiobraziliense.com.br\/cbradar\/wp-json\/wp\/v2\/media?parent=195714"}],"wp:term":[{"taxonomy":"category","embeddable":true,"href":"https:\/\/www.correiobraziliense.com.br\/cbradar\/wp-json\/wp\/v2\/categories?post=195714"},{"taxonomy":"post_tag","embeddable":true,"href":"https:\/\/www.correiobraziliense.com.br\/cbradar\/wp-json\/wp\/v2\/post_tag?post=195714"}],"curies":[{"name":"wp","href":"https:\/\/api.w.org\/{rel}","templated":true}]}}