{"id":195721,"date":"2026-02-19T20:25:00","date_gmt":"2026-02-19T23:25:00","guid":{"rendered":"https:\/\/www.correiobraziliense.com.br\/cbradar\/?p=195721"},"modified":"2026-02-20T10:58:21","modified_gmt":"2026-02-20T13:58:21","slug":"casca-de-frutas-concentra-mais-fibras-e-antioxidantes-que-a-polpa","status":"publish","type":"post","link":"https:\/\/www.correiobraziliense.com.br\/cbradar\/casca-de-frutas-concentra-mais-fibras-e-antioxidantes-que-a-polpa\/","title":{"rendered":"Casca de frutas concentra mais fibras e antioxidantes que a polpa"},"content":{"rendered":"\n<p>Explorar o potencial nutricional dos alimentos \u00e9 uma abordagem consciente e sustent\u00e1vel para a alimenta\u00e7\u00e3o. Muitas vezes, a parte dos frutos que descartamos \u00e9 aquela que concentra um n\u00famero significativo de nutrientes, como fibras e antioxidantes. Apostar no consumo integral dos alimentos, incluindo suas cascas, n\u00e3o s\u00f3 promove uma alimenta\u00e7\u00e3o mais saud\u00e1vel, como tamb\u00e9m combate o desperd\u00edcio alimentar.<\/p>\n\n\n\n<h2 class=\"wp-block-heading\">Quais os benef\u00edcios do consumo integral das frutas?<\/h2>\n\n\n\n<p>A teoria de que as cascas de frutas carregam mais antioxidantes e fibras insol\u00faveis do que suas polpas \u00e9 amplamente confirmada por estudos. De acordo com o Guia Alimentar para a Popula\u00e7\u00e3o Brasileira, o consumo integral dos alimentos garante a ingest\u00e3o de fitoqu\u00edmicos essenciais, prevenindo o desperd\u00edcio e auxiliando no controle glic\u00eamico e na sa\u00fade intestinal.<\/p>\n\n\n\n<p>Especialistas indicam que a manuten\u00e7\u00e3o das cascas nos alimentos ajuda a controlar a glicose no sangue, prolongando a sensa\u00e7\u00e3o de saciedade e fortalecendo o sistema metab\u00f3lico. Al\u00e9m disso, essas fibras colaboram para o equil\u00edbrio da microbiota intestinal e podem contribuir na preven\u00e7\u00e3o de doen\u00e7as cr\u00f4nicas n\u00e3o transmiss\u00edveis.<\/p>\n\n\n\n<p>Para compreender melhor a import\u00e2ncia do consumo de frutas e seus benef\u00edcios para a sa\u00fade, assista ao v\u00eddeo a seguir, no qual a nutricionista explica o assunto de forma clara e did\u00e1tica no canal Vida Saud\u00e1vel.<\/p>\n\n\n\n<iframe loading=\"lazy\" width=\"1396\" height=\"785\" src=\"https:\/\/www.youtube.com\/embed\/c62y-3vWDxA\" title=\"Import\u00e2ncia do consumo de frutas\/ Benef\u00edcios das frutas. #frutas #vitaminas #saude #vidasaudavel\" frameborder=\"0\" allow=\"accelerometer; autoplay; clipboard-write; encrypted-media; gyroscope; picture-in-picture; web-share\" referrerpolicy=\"strict-origin-when-cross-origin\" allowfullscreen><\/iframe>\n\n\n\n<h2 class=\"wp-block-heading\">Quais as frutas que podem ser consumidas com casca?<\/h2>\n\n\n\n<p>V\u00e1rias frutas s\u00e3o favor\u00e1veis ao consumo com casca devido \u00e0s suas camadas externas mais macias ou facilmente aproveit\u00e1veis em receitas culin\u00e1rias. O consumo dessas fibras tem um papel importante na redu\u00e7\u00e3o do colesterol LDL, como enfatiza a Sociedade Brasileira de Cardiologia (SBC), contribuindo para uma prote\u00e7\u00e3o card\u00edaca natural.<\/p>\n\n\n\n<p>Ao incluir essas frutas no dia a dia, \u00e9 poss\u00edvel diversificar a dieta e aumentar a oferta de vitaminas, minerais e compostos bioativos. Abaixo, veja alguns exemplos de frutas e os principais benef\u00edcios de suas cascas:<\/p>\n\n\n\n<ul class=\"wp-block-list\">\n<li><strong>Ma\u00e7\u00e3 e pera<\/strong>\u00a0\u2013 Ricas em pectina, uma fibra sol\u00favel que colabora no controle do colesterol e na saciedade.<\/li>\n\n\n\n<li><strong>Goiaba<\/strong>\u00a0\u2013 A casca oferece grande dose de vitamina C e fibras, melhorando a digest\u00e3o e a imunidade.<\/li>\n\n\n\n<li><strong>Uva<\/strong>\u00a0\u2013 A casca cont\u00e9m resveratrol, um antioxidante potente associado ao rejuvenescimento celular.<\/li>\n\n\n\n<li><strong>Jabuticaba<\/strong>\u00a0\u2013 Suas cascas escuras s\u00e3o fontes de antocianinas, eficazes contra radicais livres.<\/li>\n\n\n\n<li><strong>Lim\u00e3o e laranja<\/strong>\u00a0\u2013 Ricas em limoneno e \u00f3leos essenciais que fortalecem o sistema imunol\u00f3gico.<\/li>\n<\/ul>\n\n\n\n<h2 class=\"wp-block-heading\">Quais as melhores formas de preparo de receitas com cascas?<\/h2>\n\n\n\n<p>Converter cascas de frutas em prepara\u00e7\u00f5es saborosas e nutritivas pode ser mais simples do que parece, exigindo apenas lavagem adequada e planejamento. A ci\u00eancia indica que o cozimento facilita a absor\u00e7\u00e3o de determinados nutrientes e amplia a versatilidade culin\u00e1ria desses ingredientes.<\/p>\n\n\n\n<p>H\u00e1 v\u00e1rias maneiras criativas de minimizar o desperd\u00edcio e aumentar o valor nutricional das refei\u00e7\u00f5es. Algumas op\u00e7\u00f5es pr\u00e1ticas permitem aproveitar as cascas no dia a dia, em bebidas, sobremesas e acompanhamentos:<\/p>\n\n\n\n<style>\n  .make-wrap{\n    max-width: 760px;\n    margin: 26px auto;\n    padding: 18px;\n    border-radius: 18px;\n    background: linear-gradient(135deg,#fff7fb 0%,#f6f2ff 100%);\n    border: 1px solid #f7d4ea;\n    box-shadow: 0 8px 20px rgba(236,72,153,.12);\n    font-family: system-ui, -apple-system, Segoe UI, Roboto, Helvetica, Arial, sans-serif;\n  }\n\n  .make-title{\n    display:flex; \n    align-items:center; \n    gap:10px;\n    margin:0 0 12px 4px;\n    font-size:1.2rem; \n    font-weight:900; \n    color:#9d174d;\n  }\n\n  .make-table{\n    width:100%;\n    border-collapse:separate;\n    border-spacing:0;\n    overflow:hidden;\n    border-radius:16px;\n    border:1px solid #f7d4ea;\n    background:#fff;\n    font-size:.92rem;\n  }\n\n  .make-table thead th{\n    background:linear-gradient(90deg,#fde7f3 0%,#f8e9ff 100%);\n    padding:12px;\n    color:#7a1e63;\n    font-weight:800;\n    text-align:left;\n    border-bottom:1px solid #f7d4ea;\n  }\n\n  .make-table tbody td{\n    padding:12px;\n    color:#374151;\n    vertical-align:top;\n    border-bottom:1px dashed #f7d4ea;\n  }\n\n  .make-table tbody tr:nth-child(odd){\n    background:#fffaff;\n  }\n\n  .price{\n    display:inline-flex;\n    align-items:center;\n    background:#fff7ed;\n    color:#b45309;\n    padding:6px 10px;\n    border-radius:10px;\n    border:1px solid #fed7aa;\n    font-weight:700;\n    white-space:nowrap;\n  }\n\n  .badge{\n    display:inline-block;\n    background:#fde7f3;\n    color:#c026d3;\n    border:1px solid #fecdd3;\n    padding:4px 10px;\n    border-radius:999px;\n    font-weight:700;\n    font-size:.78rem;\n  }\n\n  @media (max-width:720px){\n    .make-table thead{display:none}\n    .make-table, .make-table tbody, .make-table tr, .make-table td{\n      display:block; \n      width:100%;\n    }\n    .make-table tr{\n      margin-bottom:12px;\n      border:1px solid #f7d4ea;\n      border-radius:14px;\n      overflow:hidden;\n      background:#fff;\n    }\n    .make-table td[data-label]:before{\n      content:attr(data-label);\n      display:block;\n      font-weight:800;\n      color:#7a1e63;\n      margin-bottom:4px;\n    }\n    .make-table tbody td:last-child{border-bottom:none}\n  }\n<\/style>\n\n<div class=\"make-wrap\">\n  <h3 class=\"make-title\">\ud83c\udf4e\u2728 Receitas Criativas com Cascas de Frutas<\/h3>\n\n  <table class=\"make-table\">\n    <thead>\n      <tr>\n        <th>Receita<\/th>\n        <th>Como Preparar e Benef\u00edcios<\/th>\n      <\/tr>\n    <\/thead>\n    <tbody>\n      <tr>\n        <td data-label=\"Receita\"><span class=\"badge\">Ch\u00e1 de casca de ma\u00e7\u00e3 com canela<\/span><\/td>\n        <td data-label=\"Como Preparar e Benef\u00edcios\">Ferva as cascas para um ch\u00e1 relaxante, arom\u00e1tico e antioxidante.<\/td>\n      <\/tr>\n      <tr>\n        <td data-label=\"Receita\"><span class=\"badge\">Bolo de casca de banana<\/span><\/td>\n        <td data-label=\"Como Preparar e Benef\u00edcios\">Bata as cascas com a massa para enriquecer o bolo com fibras e pot\u00e1ssio.<\/td>\n      <\/tr>\n      <tr>\n        <td data-label=\"Receita\"><span class=\"badge\">Geleia de casca de manga<\/span><\/td>\n        <td data-label=\"Como Preparar e Benef\u00edcios\">Cozinhe com a\u00e7\u00facar e lim\u00e3o para um acompanhamento rico em vitamina A.<\/td>\n      <\/tr>\n    <\/tbody>\n  <\/table>\n\n  <p style=\"margin-top:14px; color:#6b7280; font-size:.9rem;\">\n    \ud83d\udca1 <strong>Dica:<\/strong> Lave bem as frutas antes de utilizar as cascas para garantir seguran\u00e7a no preparo.\n  <\/p>\n<\/div>\n\n\n\n\n<h2 class=\"wp-block-heading\">Quais os cuidados necess\u00e1rios na higieniza\u00e7\u00e3o das cascas?<\/h2>\n\n\n\n<p>Apesar dos benef\u00edcios, \u00e9 importante garantir que as cascas estejam isentas de impurezas e de res\u00edduos qu\u00edmicos nocivos \u00e0 sa\u00fade. O uso de solu\u00e7\u00e3o \u00e0 base de hipoclorito de s\u00f3dio para desinfec\u00e7\u00e3o \u00e9 recomendado por entidades de sa\u00fade, e a lavagem em \u00e1gua corrente antes desse processo \u00e9 fundamental.<\/p>\n\n\n\n<p>A prefer\u00eancia por produtos org\u00e2nicos reduz o risco da ingest\u00e3o de agrot\u00f3xicos, garantindo que os benef\u00edcios das fibras e antioxidantes suplantem potenciais riscos. Sempre que poss\u00edvel, observe a proced\u00eancia das frutas e descarte cascas com danos vis\u00edveis, mofo ou odores alterados.<\/p>\n\n\n\n<h2 class=\"wp-block-heading\">Como adotar novos h\u00e1bitos alimentares com cascas?<\/h2>\n\n\n\n<p>Incorporar o consumo integral das frutas envolve uma adapta\u00e7\u00e3o gradual do paladar e a conscientiza\u00e7\u00e3o sobre o valor de cada parte dos alimentos. Come\u00e7ar com frutas de casca fina e sabor suave facilita essa transi\u00e7\u00e3o e ajuda a criar familiaridade com novas texturas.<\/p>\n\n\n\n<p>Progressivamente, incluir receitas com cascas mais densas contribuir\u00e1 para a cria\u00e7\u00e3o de um h\u00e1bito sustent\u00e1vel e nutritivo. Pequenas mudan\u00e7as, como consumir a ma\u00e7\u00e3 inteira, podem impactar significativamente a sa\u00fade, promover bem\u2011estar e favorecer uma dieta mais rica em nutrientes e respeitosa ao meio ambiente.<\/p>\n\n\n<a href=\"https:\/\/www.instagram.com\/dra.annaluisabf\/\" target=\"_blank\" rel=\"noopener\" style=\"text-decoration: none; color: inherit;\">\n    <span style=\"display: inline-block; border: 1px solid #ccc; border-radius: 10px; padding: 15px; max-width: 550px; font-family: sans-serif; box-shadow: 0 2px 5px rgba(0,0,0,0.1); width: 100%;\">\n\n      <!-- T\u00edtulo -->\n      <span style=\"display: block; margin: 0 0 15px 0; font-weight: bold; color: #2c3e50; text-align: center;\">\n        Entre em contato:\n      <\/span>\n\n      <!-- Linha do perfil -->\n      <span style=\"display: flex; align-items: center; gap: 15px;\">\n        <img decoding=\"async\"\n          src=\"https:\/\/www.correiobraziliense.com.br\/cbradar\/wp-content\/uploads\/2025\/08\/dra_anna_luisa.jpeg\"\n          alt=\"Foto da Dra. Anna Lu\u00edsa\"\n          style=\"border-radius: 50%; width: 80px; height: 80px; object-fit: cover;\"\n        \/>\n        <span style=\"display: flex; flex-direction: column;\">\n          <span style=\"font-size: 18px; font-weight: 700; color: #2c3e50;\">Dra. Anna Lu\u00edsa Barbosa Fernandes<\/span>\n          <span style=\"color: #555;\">CRM-GO 33.271<\/span>\n        <\/span>\n      <\/span>\n\n      <!-- Redes -->\n      <span style=\"display: flex; align-items: center; gap: 10px; margin-top: 12px;\">\n        <img decoding=\"async\" src=\"https:\/\/cdn-icons-png.flaticon.com\/24\/1384\/1384063.png\" alt=\"Instagram\" width=\"24\" height=\"24\" \/>\n        <span style=\"text-decoration: underline; color: #2c3e50;\">@dra.annaluisabf<\/span>\n      <\/span>\n\n    <\/span>\n  <\/a>","protected":false},"excerpt":{"rendered":"<p>Explorar o potencial nutricional dos alimentos \u00e9 uma abordagem consciente e sustent\u00e1vel para a alimenta\u00e7\u00e3o. Muitas vezes, a parte dos frutos que descartamos \u00e9 aquela que concentra um n\u00famero significativo de nutrientes, como fibras e antioxidantes. Apostar no consumo integral dos alimentos, incluindo suas cascas, n\u00e3o s\u00f3 promove uma alimenta\u00e7\u00e3o mais saud\u00e1vel, como tamb\u00e9m combate [&hellip;]<\/p>\n","protected":false},"author":14,"featured_media":36264,"comment_status":"open","ping_status":"open","sticky":false,"template":"","format":"standard","meta":{"_yoast_wpseo_focuskw":"Frutas","_yoast_wpseo_title":"","_yoast_wpseo_metadesc":"Casca de frutas concentra fibras e antioxidantes. Descubra como aproveitar e reduzir desperd\u00edcio.","jnews-multi-image_gallery":[],"jnews_single_post":{"format":"standard"},"jnews_primary_category":[],"jnews_social_meta":[],"jnews_override_counter":[],"footnotes":""},"categories":[4404],"post_tag":[120,247,565],"class_list":["post-195721","post","type-post","status-publish","format-standard","has-post-thumbnail","hentry","category-saude","tag-bem-estar","tag-qualidade-de-vida","tag-saude"],"yoast_head":"<!-- This site is optimized with the Yoast SEO plugin v24.6 - https:\/\/yoast.com\/wordpress\/plugins\/seo\/ -->\n<title>Casca de frutas concentra mais fibras e antioxidantes que a polpa - Correio Braziliense - Radar<\/title>\n<meta name=\"description\" content=\"Casca de frutas concentra fibras e antioxidantes. Descubra como aproveitar e reduzir desperd\u00edcio.\" \/>\n<meta name=\"robots\" content=\"index, follow, max-snippet:-1, max-image-preview:large, max-video-preview:-1\" \/>\n<link rel=\"canonical\" href=\"https:\/\/www.correiobraziliense.com.br\/cbradar\/casca-de-frutas-concentra-mais-fibras-e-antioxidantes-que-a-polpa\/\" \/>\n<meta property=\"og:locale\" content=\"pt_BR\" \/>\n<meta property=\"og:type\" content=\"article\" \/>\n<meta property=\"og:title\" content=\"Casca de frutas concentra mais fibras e antioxidantes que a polpa - Correio Braziliense - Radar\" \/>\n<meta property=\"og:description\" content=\"Casca de frutas concentra fibras e antioxidantes. Descubra como aproveitar e reduzir desperd\u00edcio.\" \/>\n<meta property=\"og:url\" content=\"https:\/\/www.correiobraziliense.com.br\/cbradar\/casca-de-frutas-concentra-mais-fibras-e-antioxidantes-que-a-polpa\/\" \/>\n<meta property=\"og:site_name\" content=\"Correio Braziliense - Radar\" \/>\n<meta property=\"article:published_time\" content=\"2026-02-19T23:25:00+00:00\" \/>\n<meta property=\"article:modified_time\" content=\"2026-02-20T13:58:21+00:00\" \/>\n<meta property=\"og:image\" content=\"https:\/\/www.correiobraziliense.com.br\/cbradar\/wp-content\/uploads\/2025\/05\/frutas_1747155847064.jpg\" \/>\n\t<meta property=\"og:image:width\" content=\"1280\" \/>\n\t<meta property=\"og:image:height\" content=\"720\" \/>\n\t<meta property=\"og:image:type\" content=\"image\/jpeg\" \/>\n<meta name=\"author\" content=\"guilherme_saude\" \/>\n<meta name=\"twitter:card\" content=\"summary_large_image\" \/>\n<meta name=\"twitter:label1\" content=\"Escrito por\" \/>\n\t<meta name=\"twitter:data1\" content=\"guilherme_saude\" \/>\n\t<meta name=\"twitter:label2\" content=\"Est. tempo de leitura\" \/>\n\t<meta name=\"twitter:data2\" content=\"5 minutos\" \/>\n<!-- \/ Yoast SEO plugin. -->","yoast_head_json":{"title":"Casca de frutas concentra mais fibras e antioxidantes que a polpa - Correio Braziliense - Radar","description":"Casca de frutas concentra fibras e antioxidantes. Descubra como aproveitar e reduzir desperd\u00edcio.","robots":{"index":"index","follow":"follow","max-snippet":"max-snippet:-1","max-image-preview":"max-image-preview:large","max-video-preview":"max-video-preview:-1"},"canonical":"https:\/\/www.correiobraziliense.com.br\/cbradar\/casca-de-frutas-concentra-mais-fibras-e-antioxidantes-que-a-polpa\/","og_locale":"pt_BR","og_type":"article","og_title":"Casca de frutas concentra mais fibras e antioxidantes que a polpa - Correio Braziliense - Radar","og_description":"Casca de frutas concentra fibras e antioxidantes. Descubra como aproveitar e reduzir desperd\u00edcio.","og_url":"https:\/\/www.correiobraziliense.com.br\/cbradar\/casca-de-frutas-concentra-mais-fibras-e-antioxidantes-que-a-polpa\/","og_site_name":"Correio Braziliense - Radar","article_published_time":"2026-02-19T23:25:00+00:00","article_modified_time":"2026-02-20T13:58:21+00:00","og_image":[{"width":1280,"height":720,"url":"https:\/\/www.correiobraziliense.com.br\/cbradar\/wp-content\/uploads\/2025\/05\/frutas_1747155847064.jpg","type":"image\/jpeg"}],"author":"guilherme_saude","twitter_card":"summary_large_image","twitter_misc":{"Escrito por":"guilherme_saude","Est. tempo de leitura":"5 minutos"},"schema":{"@context":"https:\/\/schema.org","@graph":[{"@type":"WebPage","@id":"https:\/\/www.correiobraziliense.com.br\/cbradar\/casca-de-frutas-concentra-mais-fibras-e-antioxidantes-que-a-polpa\/","url":"https:\/\/www.correiobraziliense.com.br\/cbradar\/casca-de-frutas-concentra-mais-fibras-e-antioxidantes-que-a-polpa\/","name":"Casca de frutas concentra mais fibras e antioxidantes que a polpa - Correio Braziliense - Radar","isPartOf":{"@id":"https:\/\/www.correiobraziliense.com.br\/cbradar\/#website"},"primaryImageOfPage":{"@id":"https:\/\/www.correiobraziliense.com.br\/cbradar\/casca-de-frutas-concentra-mais-fibras-e-antioxidantes-que-a-polpa\/#primaryimage"},"image":{"@id":"https:\/\/www.correiobraziliense.com.br\/cbradar\/casca-de-frutas-concentra-mais-fibras-e-antioxidantes-que-a-polpa\/#primaryimage"},"thumbnailUrl":"https:\/\/www.correiobraziliense.com.br\/cbradar\/wp-content\/uploads\/2025\/05\/frutas_1747155847064.jpg","datePublished":"2026-02-19T23:25:00+00:00","dateModified":"2026-02-20T13:58:21+00:00","author":{"@id":"https:\/\/www.correiobraziliense.com.br\/cbradar\/#\/schema\/person\/5aa4bf3c8fa699c267933611de12978b"},"description":"Casca de frutas concentra fibras e antioxidantes. Descubra como aproveitar e reduzir desperd\u00edcio.","breadcrumb":{"@id":"https:\/\/www.correiobraziliense.com.br\/cbradar\/casca-de-frutas-concentra-mais-fibras-e-antioxidantes-que-a-polpa\/#breadcrumb"},"inLanguage":"pt-BR","potentialAction":[{"@type":"ReadAction","target":["https:\/\/www.correiobraziliense.com.br\/cbradar\/casca-de-frutas-concentra-mais-fibras-e-antioxidantes-que-a-polpa\/"]}]},{"@type":"ImageObject","inLanguage":"pt-BR","@id":"https:\/\/www.correiobraziliense.com.br\/cbradar\/casca-de-frutas-concentra-mais-fibras-e-antioxidantes-que-a-polpa\/#primaryimage","url":"https:\/\/www.correiobraziliense.com.br\/cbradar\/wp-content\/uploads\/2025\/05\/frutas_1747155847064.jpg","contentUrl":"https:\/\/www.correiobraziliense.com.br\/cbradar\/wp-content\/uploads\/2025\/05\/frutas_1747155847064.jpg","width":1280,"height":720,"caption":"Frutas - Cr\u00e9ditos: depositphotos.com \/ Valentyn_Volkov"},{"@type":"BreadcrumbList","@id":"https:\/\/www.correiobraziliense.com.br\/cbradar\/casca-de-frutas-concentra-mais-fibras-e-antioxidantes-que-a-polpa\/#breadcrumb","itemListElement":[{"@type":"ListItem","position":1,"name":"In\u00edcio","item":"https:\/\/www.correiobraziliense.com.br\/cbradar\/"},{"@type":"ListItem","position":2,"name":"Casca de frutas concentra mais fibras e antioxidantes que a polpa"}]},{"@type":"WebSite","@id":"https:\/\/www.correiobraziliense.com.br\/cbradar\/#website","url":"https:\/\/www.correiobraziliense.com.br\/cbradar\/","name":"Correio Braziliense - Radar","description":"Acompanhe as \u00faltimas not\u00edcias e fique bem informado sobre tudo o que acontece no Brasil e no mundo.","potentialAction":[{"@type":"SearchAction","target":{"@type":"EntryPoint","urlTemplate":"https:\/\/www.correiobraziliense.com.br\/cbradar\/?s={search_term_string}"},"query-input":{"@type":"PropertyValueSpecification","valueRequired":true,"valueName":"search_term_string"}}],"inLanguage":"pt-BR"},{"@type":"Person","@id":"https:\/\/www.correiobraziliense.com.br\/cbradar\/#\/schema\/person\/5aa4bf3c8fa699c267933611de12978b","name":"guilherme_saude","image":{"@type":"ImageObject","inLanguage":"pt-BR","@id":"https:\/\/www.correiobraziliense.com.br\/cbradar\/#\/schema\/person\/image\/","url":"https:\/\/secure.gravatar.com\/avatar\/df9adfb835d344bc0af109d41756253f?s=96&d=mm&r=g","contentUrl":"https:\/\/secure.gravatar.com\/avatar\/df9adfb835d344bc0af109d41756253f?s=96&d=mm&r=g","caption":"guilherme_saude"},"url":"https:\/\/www.correiobraziliense.com.br\/cbradar\/author\/guilherme_saude\/"}]}},"_links":{"self":[{"href":"https:\/\/www.correiobraziliense.com.br\/cbradar\/wp-json\/wp\/v2\/posts\/195721","targetHints":{"allow":["GET"]}}],"collection":[{"href":"https:\/\/www.correiobraziliense.com.br\/cbradar\/wp-json\/wp\/v2\/posts"}],"about":[{"href":"https:\/\/www.correiobraziliense.com.br\/cbradar\/wp-json\/wp\/v2\/types\/post"}],"author":[{"embeddable":true,"href":"https:\/\/www.correiobraziliense.com.br\/cbradar\/wp-json\/wp\/v2\/users\/14"}],"replies":[{"embeddable":true,"href":"https:\/\/www.correiobraziliense.com.br\/cbradar\/wp-json\/wp\/v2\/comments?post=195721"}],"version-history":[{"count":1,"href":"https:\/\/www.correiobraziliense.com.br\/cbradar\/wp-json\/wp\/v2\/posts\/195721\/revisions"}],"predecessor-version":[{"id":195722,"href":"https:\/\/www.correiobraziliense.com.br\/cbradar\/wp-json\/wp\/v2\/posts\/195721\/revisions\/195722"}],"wp:featuredmedia":[{"embeddable":true,"href":"https:\/\/www.correiobraziliense.com.br\/cbradar\/wp-json\/wp\/v2\/media\/36264"}],"wp:attachment":[{"href":"https:\/\/www.correiobraziliense.com.br\/cbradar\/wp-json\/wp\/v2\/media?parent=195721"}],"wp:term":[{"taxonomy":"category","embeddable":true,"href":"https:\/\/www.correiobraziliense.com.br\/cbradar\/wp-json\/wp\/v2\/categories?post=195721"},{"taxonomy":"post_tag","embeddable":true,"href":"https:\/\/www.correiobraziliense.com.br\/cbradar\/wp-json\/wp\/v2\/post_tag?post=195721"}],"curies":[{"name":"wp","href":"https:\/\/api.w.org\/{rel}","templated":true}]}}