{"id":195752,"date":"2026-02-21T11:05:00","date_gmt":"2026-02-21T14:05:00","guid":{"rendered":"https:\/\/www.correiobraziliense.com.br\/cbradar\/?p=195752"},"modified":"2026-02-20T10:59:52","modified_gmt":"2026-02-20T13:59:52","slug":"a-forma-mais-eficaz-de-manter-producao-de-leite-materno-saudavel","status":"publish","type":"post","link":"https:\/\/www.correiobraziliense.com.br\/cbradar\/a-forma-mais-eficaz-de-manter-producao-de-leite-materno-saudavel\/","title":{"rendered":"A forma mais eficaz de manter produ\u00e7\u00e3o de leite materno saud\u00e1vel"},"content":{"rendered":"\n<p>A <strong>Produ\u00e7\u00e3o de Leite Materno<\/strong> \u00e9 um processo biol\u00f3gico complexo que responde \u00e0 demanda do beb\u00ea e \u00e9 regulado por horm\u00f4nios como ocitocina e prolactina, liberados principalmente durante a suc\u00e7\u00e3o e o contato pr\u00f3ximo entre m\u00e3e e filho.<\/p>\n\n\n\n<h2 class=\"wp-block-heading\">Quais h\u00e1bitos ajudam na produ\u00e7\u00e3o de leite?<\/h2>\n\n\n\n<p>Cuidar da sa\u00fade f\u00edsica e emocional \u00e9 crucial para uma amamenta\u00e7\u00e3o bem-sucedida, pois o estresse excessivo, o cansa\u00e7o intenso e a baixa ingest\u00e3o de l\u00edquidos podem interferir na libera\u00e7\u00e3o de horm\u00f4nios ligados \u00e0 lacta\u00e7\u00e3o. A hidrata\u00e7\u00e3o adequada, o descanso e o apoio da fam\u00edlia s\u00e3o aliados importantes nesse processo.<\/p>\n\n\n\n<p>Algumas pr\u00e1ticas simples do dia a dia podem favorecer a fluidez do leite, reduzir desconfortos nas mamas e manter a produ\u00e7\u00e3o est\u00e1vel, especialmente nas primeiras semanas de adapta\u00e7\u00e3o da dupla m\u00e3e-beb\u00ea. Confira exemplos de h\u00e1bitos que costumam ajudar:<\/p>\n\n\n\n<style>\n  .make-wrap{\n    max-width: 760px;\n    margin: 26px auto;\n    padding: 18px;\n    border-radius: 18px;\n    background: linear-gradient(135deg,#fff7fb 0%,#f6f2ff 100%);\n    border: 1px solid #f7d4ea;\n    box-shadow: 0 8px 20px rgba(236,72,153,.12);\n    font-family: system-ui, -apple-system, Segoe UI, Roboto, Helvetica, Arial, sans-serif;\n  }\n\n  .make-title{\n    display:flex; \n    align-items:center; \n    gap:10px;\n    margin:0 0 12px 4px;\n    font-size:1.2rem; \n    font-weight:900; \n    color:#9d174d;\n  }\n\n  .make-table{\n    width:100%;\n    border-collapse:separate;\n    border-spacing:0;\n    overflow:hidden;\n    border-radius:16px;\n    border:1px solid #f7d4ea;\n    background:#fff;\n    font-size:.92rem;\n  }\n\n  .make-table thead th{\n    background:linear-gradient(90deg,#fde7f3 0%,#f8e9ff 100%);\n    padding:12px;\n    color:#7a1e63;\n    font-weight:800;\n    text-align:left;\n    border-bottom:1px solid #f7d4ea;\n  }\n\n  .make-table tbody td{\n    padding:12px;\n    color:#374151;\n    vertical-align:top;\n    border-bottom:1px dashed #f7d4ea;\n  }\n\n  .make-table tbody tr:nth-child(odd){\n    background:#fffaff;\n  }\n\n  .price{\n    display:inline-flex;\n    align-items:center;\n    background:#fff7ed;\n    color:#b45309;\n    padding:6px 10px;\n    border-radius:10px;\n    border:1px solid #fed7aa;\n    font-weight:700;\n    white-space:nowrap;\n  }\n\n  .badge{\n    display:inline-block;\n    background:#fde7f3;\n    color:#c026d3;\n    border:1px solid #fecdd3;\n    padding:4px 10px;\n    border-radius:999px;\n    font-weight:700;\n    font-size:.78rem;\n  }\n\n  @media (max-width:720px){\n    .make-table thead{display:none}\n    .make-table, .make-table tbody, .make-table tr, .make-table td{\n      display:block; \n      width:100%;\n    }\n    .make-table tr{\n      margin-bottom:12px;\n      border:1px solid #f7d4ea;\n      border-radius:14px;\n      overflow:hidden;\n      background:#fff;\n    }\n    .make-table td[data-label]:before{\n      content:attr(data-label);\n      display:block;\n      font-weight:800;\n      color:#7a1e63;\n      margin-bottom:4px;\n    }\n    .make-table tbody td:last-child{border-bottom:none}\n  }\n<\/style>\n\n<div class=\"make-wrap\">\n  <h3 class=\"make-title\">\ud83e\udd31\u2728 Dicas para Estimular a Amamenta\u00e7\u00e3o<\/h3>\n\n  <table class=\"make-table\">\n    <thead>\n      <tr>\n        <th>Pr\u00e1tica<\/th>\n        <th>Benef\u00edcio<\/th>\n      <\/tr>\n    <\/thead>\n    <tbody>\n      <tr>\n        <td data-label=\"Pr\u00e1tica\"><span class=\"badge\">Massagens suaves nas mamas<\/span><\/td>\n        <td data-label=\"Benef\u00edcio\">Podem facilitar a sa\u00edda do leite e aliviar poss\u00edveis desconfortos.<\/td>\n      <\/tr>\n      <tr>\n        <td data-label=\"Pr\u00e1tica\"><span class=\"badge\">Descansos regulares<\/span><\/td>\n        <td data-label=\"Benef\u00edcio\">Cochilos curtos ao longo do dia ajudam na recupera\u00e7\u00e3o f\u00edsica e na produ\u00e7\u00e3o de leite.<\/td>\n      <\/tr>\n      <tr>\n        <td data-label=\"Pr\u00e1tica\"><span class=\"badge\">Suc\u00e7\u00e3o frequente<\/span><\/td>\n        <td data-label=\"Benef\u00edcio\">Oferecer o peito em livre demanda estimula naturalmente a produ\u00e7\u00e3o de leite.<\/td>\n      <\/tr>\n    <\/tbody>\n  <\/table>\n\n  <p style=\"margin-top:14px; color:#6b7280; font-size:.9rem;\">\n    \ud83d\udca1 <strong>Dica:<\/strong> A regularidade e o descanso s\u00e3o aliados importantes para manter uma boa produ\u00e7\u00e3o de leite.\n  <\/p>\n<\/div>\n\n\n\n\n<h2 class=\"wp-block-heading\">O que comer para amamentar melhor?<\/h2>\n\n\n\n<p>A dieta da lactante deve ser equilibrada, com calorias suficientes e alimentos variados, para sustentar o processo de produ\u00e7\u00e3o de leite sem prejudicar a sa\u00fade da m\u00e3e. N\u00e3o h\u00e1 um \u201csuperalimento\u201d, mas escolhas nutricionalmente ricas contribuem para energia, recupera\u00e7\u00e3o p\u00f3s-parto e qualidade global da alimenta\u00e7\u00e3o.<\/p>\n\n\n\n<p>Alguns grupos de nutrientes s\u00e3o especialmente importantes nesse per\u00edodo, pois colaboram com a oferta de energia cont\u00ednua, a recupera\u00e7\u00e3o dos tecidos e a manuten\u00e7\u00e3o de reservas de micronutrientes. Entre eles, destacam-se:<\/p>\n\n\n\n<ol class=\"wp-block-list\">\n<li><strong>Carboidratos saud\u00e1veis:<\/strong>\u00a0cereais integrais como aveia e arroz integral oferecem energia cont\u00ednua e fibras.<\/li>\n\n\n\n<li><strong>Prote\u00ednas de qualidade:<\/strong>\u00a0ovos, carnes magras e leguminosas fornecem amino\u00e1cidos importantes.<\/li>\n\n\n\n<li><strong>Gorduras ben\u00e9ficas:<\/strong>\u00a0azeite de oliva, abacate e castanhas contribuem para a sa\u00fade geral.<\/li>\n<\/ol>\n\n\n\n<h2 class=\"wp-block-heading\">Por que a pega correta \u00e9 importante?<\/h2>\n\n\n\n<p>A forma como o beb\u00ea abocanha o seio impacta diretamente na efici\u00eancia da amamenta\u00e7\u00e3o e no conforto da m\u00e3e, influenciando tanto a extra\u00e7\u00e3o adequada de leite quanto a preven\u00e7\u00e3o de fissuras e dores. Uma pega ineficaz pode levar \u00e0 sensa\u00e7\u00e3o de pouco leite e mamadas muito longas e cansativas.<\/p>\n\n\n\n<p>Uma t\u00e9cnica eficaz envolve o beb\u00ea abocanhar uma parte significativa da ar\u00e9ola, al\u00e9m do mamilo, mantendo l\u00e1bios e queixo bem encostados na mama. Esse ajuste, frequentemente orientado por profissionais de sa\u00fade, costuma melhorar a transfer\u00eancia de leite e, em poucos dias, pode ajudar a regularizar a produ\u00e7\u00e3o.<\/p>\n\n\n<div class=\"wp-block-image\">\n<figure class=\"aligncenter size-large\"><img decoding=\"async\" width=\"1024\" height=\"576\" src=\"https:\/\/www.correiobraziliense.com.br\/cbradar\/wp-content\/uploads\/2026\/02\/leite-materno_1771444410722-1024x576.jpg\" alt=\"\" class=\"wp-image-195754\" srcset=\"https:\/\/www.correiobraziliense.com.br\/cbradar\/wp-content\/uploads\/2026\/02\/leite-materno_1771444410722-1024x576.jpg 1024w, https:\/\/www.correiobraziliense.com.br\/cbradar\/wp-content\/uploads\/2026\/02\/leite-materno_1771444410722-300x169.jpg 300w, https:\/\/www.correiobraziliense.com.br\/cbradar\/wp-content\/uploads\/2026\/02\/leite-materno_1771444410722-768x432.jpg 768w, https:\/\/www.correiobraziliense.com.br\/cbradar\/wp-content\/uploads\/2026\/02\/leite-materno_1771444410722-750x422.jpg 750w, https:\/\/www.correiobraziliense.com.br\/cbradar\/wp-content\/uploads\/2026\/02\/leite-materno_1771444410722-1140x641.jpg 1140w, https:\/\/www.correiobraziliense.com.br\/cbradar\/wp-content\/uploads\/2026\/02\/leite-materno_1771444410722.jpg 1280w\" sizes=\"(max-width: 1024px) 100vw, 1024px\" \/><figcaption class=\"wp-element-caption\">Produ\u00e7\u00e3o de leite materno pode reduzir com estresse e pouca hidrata\u00e7\u00e3o &#8211; Cr\u00e9ditos: depositphotos.com \/ IgorVetushko<\/figcaption><\/figure><\/div>\n\n\n<h2 class=\"wp-block-heading\">Como manter o progresso da amamenta\u00e7\u00e3o?<\/h2>\n\n\n\n<p>Manter o progresso da amamenta\u00e7\u00e3o envolve observar os sinais de saciedade do beb\u00ea, como m\u00e3os relaxadas e sono tranquilo ap\u00f3s as mamadas, o que refor\u00e7a a confian\u00e7a da m\u00e3e em sua capacidade de nutrir. A pr\u00e1tica da livre demanda, aliada ao contato pele a pele frequente, ajuda a estabilizar a produ\u00e7\u00e3o ao longo do tempo.<\/p>\n\n\n\n<p>Em caso de d\u00favidas ou inseguran\u00e7as, o apoio de profissionais capacitados, como m\u00e9dicos, enfermeiros e nutricionistas, oferece orienta\u00e7\u00f5es personalizadas e seguras. Atualizar-se sobre amamenta\u00e7\u00e3o e buscar redes de apoio, como grupos de m\u00e3es, contribui para um in\u00edcio de vida mais saud\u00e1vel para o beb\u00ea e mais tranquilo para a fam\u00edlia.<\/p>\n\n\n<a href=\"https:\/\/www.instagram.com\/dra.annaluisabf\/\" target=\"_blank\" rel=\"noopener\" style=\"text-decoration: none; color: inherit;\">\n    <span style=\"display: inline-block; border: 1px solid #ccc; border-radius: 10px; padding: 15px; max-width: 550px; font-family: sans-serif; box-shadow: 0 2px 5px rgba(0,0,0,0.1); width: 100%;\">\n\n      <!-- T\u00edtulo -->\n      <span style=\"display: block; margin: 0 0 15px 0; font-weight: bold; color: #2c3e50; text-align: center;\">\n        Entre em contato:\n      <\/span>\n\n      <!-- Linha do perfil -->\n      <span style=\"display: flex; align-items: center; gap: 15px;\">\n        <img decoding=\"async\"\n          src=\"https:\/\/www.correiobraziliense.com.br\/cbradar\/wp-content\/uploads\/2025\/08\/dra_anna_luisa.jpeg\"\n          alt=\"Foto da Dra. Anna Lu\u00edsa\"\n          style=\"border-radius: 50%; width: 80px; height: 80px; object-fit: cover;\"\n        \/>\n        <span style=\"display: flex; flex-direction: column;\">\n          <span style=\"font-size: 18px; font-weight: 700; color: #2c3e50;\">Dra. Anna Lu\u00edsa Barbosa Fernandes<\/span>\n          <span style=\"color: #555;\">CRM-GO 33.271<\/span>\n        <\/span>\n      <\/span>\n\n      <!-- Redes -->\n      <span style=\"display: flex; align-items: center; gap: 10px; margin-top: 12px;\">\n        <img decoding=\"async\" src=\"https:\/\/cdn-icons-png.flaticon.com\/24\/1384\/1384063.png\" alt=\"Instagram\" width=\"24\" height=\"24\" \/>\n        <span style=\"text-decoration: underline; color: #2c3e50;\">@dra.annaluisabf<\/span>\n      <\/span>\n\n    <\/span>\n  <\/a>","protected":false},"excerpt":{"rendered":"<p>A Produ\u00e7\u00e3o de Leite Materno \u00e9 um processo biol\u00f3gico complexo que responde \u00e0 demanda do beb\u00ea e \u00e9 regulado por horm\u00f4nios como ocitocina e prolactina, liberados principalmente durante a suc\u00e7\u00e3o e o contato pr\u00f3ximo entre m\u00e3e e filho. Quais h\u00e1bitos ajudam na produ\u00e7\u00e3o de leite? Cuidar da sa\u00fade f\u00edsica e emocional \u00e9 crucial para uma [&hellip;]<\/p>\n","protected":false},"author":14,"featured_media":195753,"comment_status":"open","ping_status":"open","sticky":false,"template":"","format":"standard","meta":{"_yoast_wpseo_focuskw":"Produ\u00e7\u00e3o de Leite Materno","_yoast_wpseo_title":"","_yoast_wpseo_metadesc":"Produ\u00e7\u00e3o de leite materno pode variar nos primeiros dias. Veja h\u00e1bitos que ajudam a estimular naturalmente.","jnews-multi-image_gallery":[],"jnews_single_post":{"format":"standard"},"jnews_primary_category":[],"jnews_social_meta":[],"jnews_override_counter":[],"footnotes":""},"categories":[4404],"post_tag":[120,247,565],"class_list":["post-195752","post","type-post","status-publish","format-standard","has-post-thumbnail","hentry","category-saude","tag-bem-estar","tag-qualidade-de-vida","tag-saude"],"yoast_head":"<!-- This site is optimized with the Yoast SEO plugin v24.6 - https:\/\/yoast.com\/wordpress\/plugins\/seo\/ -->\n<title>A forma mais eficaz de manter produ\u00e7\u00e3o de leite materno saud\u00e1vel - Correio Braziliense - Radar<\/title>\n<meta name=\"description\" content=\"Produ\u00e7\u00e3o de leite materno pode variar nos primeiros dias. Veja h\u00e1bitos que ajudam a estimular naturalmente.\" \/>\n<meta name=\"robots\" content=\"index, follow, max-snippet:-1, max-image-preview:large, max-video-preview:-1\" \/>\n<link rel=\"canonical\" href=\"https:\/\/www.correiobraziliense.com.br\/cbradar\/a-forma-mais-eficaz-de-manter-producao-de-leite-materno-saudavel\/\" \/>\n<meta property=\"og:locale\" content=\"pt_BR\" \/>\n<meta property=\"og:type\" content=\"article\" \/>\n<meta property=\"og:title\" content=\"A forma mais eficaz de manter produ\u00e7\u00e3o de leite materno saud\u00e1vel - Correio Braziliense - Radar\" \/>\n<meta property=\"og:description\" content=\"Produ\u00e7\u00e3o de leite materno pode variar nos primeiros dias. Veja h\u00e1bitos que ajudam a estimular naturalmente.\" \/>\n<meta property=\"og:url\" content=\"https:\/\/www.correiobraziliense.com.br\/cbradar\/a-forma-mais-eficaz-de-manter-producao-de-leite-materno-saudavel\/\" \/>\n<meta property=\"og:site_name\" content=\"Correio Braziliense - Radar\" \/>\n<meta property=\"article:published_time\" content=\"2026-02-21T14:05:00+00:00\" \/>\n<meta property=\"og:image\" content=\"https:\/\/www.correiobraziliense.com.br\/cbradar\/wp-content\/uploads\/2026\/02\/leite-materno_1771444383720.jpg\" \/>\n\t<meta property=\"og:image:width\" content=\"1280\" \/>\n\t<meta property=\"og:image:height\" content=\"720\" \/>\n\t<meta property=\"og:image:type\" content=\"image\/jpeg\" \/>\n<meta name=\"author\" content=\"guilherme_saude\" \/>\n<meta name=\"twitter:card\" content=\"summary_large_image\" \/>\n<meta name=\"twitter:label1\" content=\"Escrito por\" \/>\n\t<meta name=\"twitter:data1\" content=\"guilherme_saude\" \/>\n\t<meta name=\"twitter:label2\" content=\"Est. tempo de leitura\" \/>\n\t<meta name=\"twitter:data2\" content=\"4 minutos\" \/>\n<!-- \/ Yoast SEO plugin. -->","yoast_head_json":{"title":"A forma mais eficaz de manter produ\u00e7\u00e3o de leite materno saud\u00e1vel - Correio Braziliense - Radar","description":"Produ\u00e7\u00e3o de leite materno pode variar nos primeiros dias. Veja h\u00e1bitos que ajudam a estimular naturalmente.","robots":{"index":"index","follow":"follow","max-snippet":"max-snippet:-1","max-image-preview":"max-image-preview:large","max-video-preview":"max-video-preview:-1"},"canonical":"https:\/\/www.correiobraziliense.com.br\/cbradar\/a-forma-mais-eficaz-de-manter-producao-de-leite-materno-saudavel\/","og_locale":"pt_BR","og_type":"article","og_title":"A forma mais eficaz de manter produ\u00e7\u00e3o de leite materno saud\u00e1vel - Correio Braziliense - Radar","og_description":"Produ\u00e7\u00e3o de leite materno pode variar nos primeiros dias. Veja h\u00e1bitos que ajudam a estimular naturalmente.","og_url":"https:\/\/www.correiobraziliense.com.br\/cbradar\/a-forma-mais-eficaz-de-manter-producao-de-leite-materno-saudavel\/","og_site_name":"Correio Braziliense - Radar","article_published_time":"2026-02-21T14:05:00+00:00","og_image":[{"width":1280,"height":720,"url":"https:\/\/www.correiobraziliense.com.br\/cbradar\/wp-content\/uploads\/2026\/02\/leite-materno_1771444383720.jpg","type":"image\/jpeg"}],"author":"guilherme_saude","twitter_card":"summary_large_image","twitter_misc":{"Escrito por":"guilherme_saude","Est. tempo de leitura":"4 minutos"},"schema":{"@context":"https:\/\/schema.org","@graph":[{"@type":"WebPage","@id":"https:\/\/www.correiobraziliense.com.br\/cbradar\/a-forma-mais-eficaz-de-manter-producao-de-leite-materno-saudavel\/","url":"https:\/\/www.correiobraziliense.com.br\/cbradar\/a-forma-mais-eficaz-de-manter-producao-de-leite-materno-saudavel\/","name":"A forma mais eficaz de manter produ\u00e7\u00e3o de leite materno saud\u00e1vel - Correio Braziliense - Radar","isPartOf":{"@id":"https:\/\/www.correiobraziliense.com.br\/cbradar\/#website"},"primaryImageOfPage":{"@id":"https:\/\/www.correiobraziliense.com.br\/cbradar\/a-forma-mais-eficaz-de-manter-producao-de-leite-materno-saudavel\/#primaryimage"},"image":{"@id":"https:\/\/www.correiobraziliense.com.br\/cbradar\/a-forma-mais-eficaz-de-manter-producao-de-leite-materno-saudavel\/#primaryimage"},"thumbnailUrl":"https:\/\/www.correiobraziliense.com.br\/cbradar\/wp-content\/uploads\/2026\/02\/leite-materno_1771444383720.jpg","datePublished":"2026-02-21T14:05:00+00:00","author":{"@id":"https:\/\/www.correiobraziliense.com.br\/cbradar\/#\/schema\/person\/5aa4bf3c8fa699c267933611de12978b"},"description":"Produ\u00e7\u00e3o de leite materno pode variar nos primeiros dias. Veja h\u00e1bitos que ajudam a estimular naturalmente.","breadcrumb":{"@id":"https:\/\/www.correiobraziliense.com.br\/cbradar\/a-forma-mais-eficaz-de-manter-producao-de-leite-materno-saudavel\/#breadcrumb"},"inLanguage":"pt-BR","potentialAction":[{"@type":"ReadAction","target":["https:\/\/www.correiobraziliense.com.br\/cbradar\/a-forma-mais-eficaz-de-manter-producao-de-leite-materno-saudavel\/"]}]},{"@type":"ImageObject","inLanguage":"pt-BR","@id":"https:\/\/www.correiobraziliense.com.br\/cbradar\/a-forma-mais-eficaz-de-manter-producao-de-leite-materno-saudavel\/#primaryimage","url":"https:\/\/www.correiobraziliense.com.br\/cbradar\/wp-content\/uploads\/2026\/02\/leite-materno_1771444383720.jpg","contentUrl":"https:\/\/www.correiobraziliense.com.br\/cbradar\/wp-content\/uploads\/2026\/02\/leite-materno_1771444383720.jpg","width":1280,"height":720,"caption":"Produ\u00e7\u00e3o de leite materno depende de pega correta e dieta equilibrada - Cr\u00e9ditos: depositphotos.com \/ IgorVetushko"},{"@type":"BreadcrumbList","@id":"https:\/\/www.correiobraziliense.com.br\/cbradar\/a-forma-mais-eficaz-de-manter-producao-de-leite-materno-saudavel\/#breadcrumb","itemListElement":[{"@type":"ListItem","position":1,"name":"In\u00edcio","item":"https:\/\/www.correiobraziliense.com.br\/cbradar\/"},{"@type":"ListItem","position":2,"name":"A forma mais eficaz de manter produ\u00e7\u00e3o de leite materno saud\u00e1vel"}]},{"@type":"WebSite","@id":"https:\/\/www.correiobraziliense.com.br\/cbradar\/#website","url":"https:\/\/www.correiobraziliense.com.br\/cbradar\/","name":"Correio Braziliense - Radar","description":"Acompanhe as \u00faltimas not\u00edcias e fique bem informado sobre tudo o que acontece no Brasil e no mundo.","potentialAction":[{"@type":"SearchAction","target":{"@type":"EntryPoint","urlTemplate":"https:\/\/www.correiobraziliense.com.br\/cbradar\/?s={search_term_string}"},"query-input":{"@type":"PropertyValueSpecification","valueRequired":true,"valueName":"search_term_string"}}],"inLanguage":"pt-BR"},{"@type":"Person","@id":"https:\/\/www.correiobraziliense.com.br\/cbradar\/#\/schema\/person\/5aa4bf3c8fa699c267933611de12978b","name":"guilherme_saude","image":{"@type":"ImageObject","inLanguage":"pt-BR","@id":"https:\/\/www.correiobraziliense.com.br\/cbradar\/#\/schema\/person\/image\/","url":"https:\/\/secure.gravatar.com\/avatar\/df9adfb835d344bc0af109d41756253f?s=96&d=mm&r=g","contentUrl":"https:\/\/secure.gravatar.com\/avatar\/df9adfb835d344bc0af109d41756253f?s=96&d=mm&r=g","caption":"guilherme_saude"},"url":"https:\/\/www.correiobraziliense.com.br\/cbradar\/author\/guilherme_saude\/"}]}},"_links":{"self":[{"href":"https:\/\/www.correiobraziliense.com.br\/cbradar\/wp-json\/wp\/v2\/posts\/195752","targetHints":{"allow":["GET"]}}],"collection":[{"href":"https:\/\/www.correiobraziliense.com.br\/cbradar\/wp-json\/wp\/v2\/posts"}],"about":[{"href":"https:\/\/www.correiobraziliense.com.br\/cbradar\/wp-json\/wp\/v2\/types\/post"}],"author":[{"embeddable":true,"href":"https:\/\/www.correiobraziliense.com.br\/cbradar\/wp-json\/wp\/v2\/users\/14"}],"replies":[{"embeddable":true,"href":"https:\/\/www.correiobraziliense.com.br\/cbradar\/wp-json\/wp\/v2\/comments?post=195752"}],"version-history":[{"count":1,"href":"https:\/\/www.correiobraziliense.com.br\/cbradar\/wp-json\/wp\/v2\/posts\/195752\/revisions"}],"predecessor-version":[{"id":195755,"href":"https:\/\/www.correiobraziliense.com.br\/cbradar\/wp-json\/wp\/v2\/posts\/195752\/revisions\/195755"}],"wp:featuredmedia":[{"embeddable":true,"href":"https:\/\/www.correiobraziliense.com.br\/cbradar\/wp-json\/wp\/v2\/media\/195753"}],"wp:attachment":[{"href":"https:\/\/www.correiobraziliense.com.br\/cbradar\/wp-json\/wp\/v2\/media?parent=195752"}],"wp:term":[{"taxonomy":"category","embeddable":true,"href":"https:\/\/www.correiobraziliense.com.br\/cbradar\/wp-json\/wp\/v2\/categories?post=195752"},{"taxonomy":"post_tag","embeddable":true,"href":"https:\/\/www.correiobraziliense.com.br\/cbradar\/wp-json\/wp\/v2\/post_tag?post=195752"}],"curies":[{"name":"wp","href":"https:\/\/api.w.org\/{rel}","templated":true}]}}