{"id":195760,"date":"2026-02-20T13:15:00","date_gmt":"2026-02-20T16:15:00","guid":{"rendered":"https:\/\/www.correiobraziliense.com.br\/cbradar\/?p=195760"},"modified":"2026-02-20T10:59:07","modified_gmt":"2026-02-20T13:59:07","slug":"metodos-contraceptivos-eficazes-reduzem-risco-e-protegem-contra-ists","status":"publish","type":"post","link":"https:\/\/www.correiobraziliense.com.br\/cbradar\/metodos-contraceptivos-eficazes-reduzem-risco-e-protegem-contra-ists\/","title":{"rendered":"M\u00e9todos contraceptivos eficazes reduzem risco e protegem contra ISTs"},"content":{"rendered":"\n<p>A busca por m\u00e9todos para evitar a gravidez muitas vezes leva a cren\u00e7as err\u00f4neas que podem colocar a sa\u00fade em risco. Um dos mitos comuns \u00e9 que a higieniza\u00e7\u00e3o ap\u00f3s a rela\u00e7\u00e3o sexual pode prevenir a gravidez. Contudo, o corpo humano opera de maneira muito mais complexa, e solu\u00e7\u00f5es improvisadas, como a <strong>Lavagem Vaginal<\/strong>, s\u00e3o ineficazes como m\u00e9todos contraceptivos. Ao compreender o funcionamento da reprodu\u00e7\u00e3o, \u00e9 poss\u00edvel tomar decis\u00f5es mais informadas e seguras.<\/p>\n\n\n\n<h2 class=\"wp-block-heading\">Lavar a regi\u00e3o genital ap\u00f3s o sexo evita a gravidez?<\/h2>\n\n\n\n<p>O ato de lavar a regi\u00e3o genital logo ap\u00f3s o sexo n\u00e3o \u00e9 efetivo em impedir uma gravidez. Os espermatozoides podem alcan\u00e7ar o canal cervical em poucos segundos ap\u00f3s a ejacula\u00e7\u00e3o, tornando qualquer limpeza externa ou mesmo irriga\u00e7\u00e3o interna ineficazes.<\/p>\n\n\n\n<p>Especialistas em sa\u00fade reprodutiva afirmam que n\u00e3o h\u00e1 m\u00e9todo de higiene p\u00f3s-coito capaz de atingir os espermatozoides que j\u00e1 avan\u00e7aram em dire\u00e7\u00e3o ao \u00fatero. Al\u00e9m disso, a lavagem interna pode inclusive empurrar o s\u00eamen mais profundamente, aumentando o risco de concep\u00e7\u00e3o.<\/p>\n\n\n\n<p>Para compreender melhor se pode lavar a vagina por dentro e quais s\u00e3o os riscos dessa pr\u00e1tica, assista ao v\u00eddeo a seguir, no qual a ginecologista explica o assunto de forma clara e did\u00e1tica no canal respons\u00e1vel pelo conte\u00fado.<\/p>\n\n\n\n<iframe loading=\"lazy\" width=\"1396\" height=\"785\" src=\"https:\/\/www.youtube.com\/embed\/4ZKEnBzS74g\" title=\"Ser\u00e1 que pode lavar a vagina por dentro?\" frameborder=\"0\" allow=\"accelerometer; autoplay; clipboard-write; encrypted-media; gyroscope; picture-in-picture; web-share\" referrerpolicy=\"strict-origin-when-cross-origin\" allowfullscreen><\/iframe>\n\n\n\n<h2 class=\"wp-block-heading\">Por que a ducha vaginal pode ser perigosa?<\/h2>\n\n\n\n<p>O uso de duchas vaginais gera diversas preocupa\u00e7\u00f5es entre os profissionais de sa\u00fade. O canal vaginal \u00e9 um ecossistema sens\u00edvel e naturalmente autolimpante, e sua integridade pode ser comprometida com duchas ou jatos de \u00e1gua internos que alteram o equil\u00edbrio da flora local.<\/p>\n\n\n\n<p>Essa pr\u00e1tica pode eliminar bact\u00e9rias ben\u00e9ficas, como os lactobacilos, e est\u00e1 associada a maior risco de infec\u00e7\u00f5es vaginais e complica\u00e7\u00f5es de sa\u00fade a longo prazo. Entre os problemas frequentemente relacionados \u00e0s duchas vaginais est\u00e3o:<\/p>\n\n\n\n<ul class=\"wp-block-list\">\n<li>Aumento de casos de vaginose bacteriana e candid\u00edase<\/li>\n\n\n\n<li>Maior risco de doen\u00e7a inflamat\u00f3ria p\u00e9lvica<\/li>\n\n\n\n<li>Maior probabilidade de gravidez ect\u00f3pica<\/li>\n\n\n\n<li>Maior susceptibilidade a algumas ISTs, segundo estudos cl\u00ednicos<\/li>\n<\/ul>\n\n\n\n<h2 class=\"wp-block-heading\">Quais m\u00e9todos contraceptivos s\u00e3o realmente eficazes?<\/h2>\n\n\n\n<p>Para evitar a gravidez de maneira segura e eficaz, \u00e9 fundamental utilizar m\u00e9todos contraceptivos aprovados por entidades de sa\u00fade. A Organiza\u00e7\u00e3o Mundial da Sa\u00fade (OMS) destaca op\u00e7\u00f5es como preservativos, contraceptivos hormonais (p\u00edlulas, inje\u00e7\u00f5es, adesivos e implantes) e dispositivos intrauterinos (DIUs) de cobre ou hormonais.<\/p>\n\n\n\n<p>M\u00e9todos cir\u00fargicos, como a laqueadura tub\u00e1ria e a vasectomia, s\u00e3o considerados definitivos para quem j\u00e1 n\u00e3o deseja mais filhos. A escolha do m\u00e9todo deve ser feita com acompanhamento profissional, considerando idade, hist\u00f3rico de sa\u00fade, rotina e planejamento reprodutivo.<\/p>\n\n\n<div class=\"wp-block-image\">\n<figure class=\"aligncenter size-large\"><img decoding=\"async\" width=\"1024\" height=\"576\" src=\"https:\/\/www.correiobraziliense.com.br\/cbradar\/wp-content\/uploads\/2026\/02\/metodo-contraceptivo_1771444762687-1024x576.jpg\" alt=\"\" class=\"wp-image-195762\" srcset=\"https:\/\/www.correiobraziliense.com.br\/cbradar\/wp-content\/uploads\/2026\/02\/metodo-contraceptivo_1771444762687-1024x576.jpg 1024w, https:\/\/www.correiobraziliense.com.br\/cbradar\/wp-content\/uploads\/2026\/02\/metodo-contraceptivo_1771444762687-300x169.jpg 300w, https:\/\/www.correiobraziliense.com.br\/cbradar\/wp-content\/uploads\/2026\/02\/metodo-contraceptivo_1771444762687-768x432.jpg 768w, https:\/\/www.correiobraziliense.com.br\/cbradar\/wp-content\/uploads\/2026\/02\/metodo-contraceptivo_1771444762687-750x422.jpg 750w, https:\/\/www.correiobraziliense.com.br\/cbradar\/wp-content\/uploads\/2026\/02\/metodo-contraceptivo_1771444762687-1140x641.jpg 1140w, https:\/\/www.correiobraziliense.com.br\/cbradar\/wp-content\/uploads\/2026\/02\/metodo-contraceptivo_1771444762687.jpg 1280w\" sizes=\"(max-width: 1024px) 100vw, 1024px\" \/><figcaption class=\"wp-element-caption\">A escolha definitiva para evitar gravidez com seguran\u00e7a real &#8211; Cr\u00e9ditos: depositphotos.com \/ pani_chernous<\/figcaption><\/figure><\/div>\n\n\n<h2 class=\"wp-block-heading\">O que fazer em caso de emerg\u00eancia contraceptiva?<\/h2>\n\n\n\n<p>Em situa\u00e7\u00f5es em que o m\u00e9todo contraceptivo falha ou uma rela\u00e7\u00e3o ocorre desprotegida, a p\u00edlula do dia seguinte \u00e9 a op\u00e7\u00e3o de emerg\u00eancia mais conhecida. Esse medicamento deve ser ingerido o mais rapidamente poss\u00edvel, idealmente dentro de 24 horas, para ter maior efic\u00e1cia em retardar ou inibir a ovula\u00e7\u00e3o.<\/p>\n\n\n\n<p>Diferente de m\u00e9todos caseiros, a p\u00edlula do dia seguinte atua no ciclo hormonal para prevenir ou dificultar a fecunda\u00e7\u00e3o. Ela n\u00e3o deve ser usada como m\u00e9todo de rotina, mas como recurso pontual, e seu uso frequente pode alterar o ciclo menstrual e reduzir sua efic\u00e1cia.<\/p>\n\n\n\n<h2 class=\"wp-block-heading\">Como promover a sa\u00fade reprodutiva de forma respons\u00e1vel?<\/h2>\n\n\n\n<p>Compreender que a higiene n\u00e3o substitui a prote\u00e7\u00e3o \u00e9 primordial para uma vida sexual segura e saud\u00e1vel. Buscar orienta\u00e7\u00e3o de um profissional de sa\u00fade para escolher o m\u00e9todo contraceptivo mais adequado e esclarecer d\u00favidas \u00e9 essencial para prevenir tanto gesta\u00e7\u00f5es n\u00e3o planejadas quanto infec\u00e7\u00f5es sexualmente transmiss\u00edveis.<\/p>\n\n\n\n<p>Cuidar da sa\u00fade reprodutiva vai al\u00e9m de evitar a gravidez, envolvendo tamb\u00e9m exames peri\u00f3dicos, vacina\u00e7\u00e3o quando indicada e di\u00e1logo aberto com parceiros. Investir em conhecimento e em m\u00e9todos contraceptivos eficazes proporciona mais tranquilidade, autonomia e bem-estar, afastando mitos que podem comprometer a sa\u00fade.<\/p>\n\n\n<a href=\"https:\/\/www.instagram.com\/dra.annaluisabf\/\" target=\"_blank\" rel=\"noopener\" style=\"text-decoration: none; color: inherit;\">\n    <span style=\"display: inline-block; border: 1px solid #ccc; border-radius: 10px; padding: 15px; max-width: 550px; font-family: sans-serif; box-shadow: 0 2px 5px rgba(0,0,0,0.1); width: 100%;\">\n\n      <!-- T\u00edtulo -->\n      <span style=\"display: block; margin: 0 0 15px 0; font-weight: bold; color: #2c3e50; text-align: center;\">\n        Entre em contato:\n      <\/span>\n\n      <!-- Linha do perfil -->\n      <span style=\"display: flex; align-items: center; gap: 15px;\">\n        <img decoding=\"async\"\n          src=\"https:\/\/www.correiobraziliense.com.br\/cbradar\/wp-content\/uploads\/2025\/08\/dra_anna_luisa.jpeg\"\n          alt=\"Foto da Dra. Anna Lu\u00edsa\"\n          style=\"border-radius: 50%; width: 80px; height: 80px; object-fit: cover;\"\n        \/>\n        <span style=\"display: flex; flex-direction: column;\">\n          <span style=\"font-size: 18px; font-weight: 700; color: #2c3e50;\">Dra. Anna Lu\u00edsa Barbosa Fernandes<\/span>\n          <span style=\"color: #555;\">CRM-GO 33.271<\/span>\n        <\/span>\n      <\/span>\n\n      <!-- Redes -->\n      <span style=\"display: flex; align-items: center; gap: 10px; margin-top: 12px;\">\n        <img decoding=\"async\" src=\"https:\/\/cdn-icons-png.flaticon.com\/24\/1384\/1384063.png\" alt=\"Instagram\" width=\"24\" height=\"24\" \/>\n        <span style=\"text-decoration: underline; color: #2c3e50;\">@dra.annaluisabf<\/span>\n      <\/span>\n\n    <\/span>\n  <\/a>","protected":false},"excerpt":{"rendered":"<p>A busca por m\u00e9todos para evitar a gravidez muitas vezes leva a cren\u00e7as err\u00f4neas que podem colocar a sa\u00fade em risco. Um dos mitos comuns \u00e9 que a higieniza\u00e7\u00e3o ap\u00f3s a rela\u00e7\u00e3o sexual pode prevenir a gravidez. Contudo, o corpo humano opera de maneira muito mais complexa, e solu\u00e7\u00f5es improvisadas, como a Lavagem Vaginal, s\u00e3o [&hellip;]<\/p>\n","protected":false},"author":14,"featured_media":195761,"comment_status":"open","ping_status":"open","sticky":false,"template":"","format":"standard","meta":{"_yoast_wpseo_focuskw":"Lavagem Vaginal","_yoast_wpseo_title":"","_yoast_wpseo_metadesc":"Ducha vaginal n\u00e3o evita gravidez e pode aumentar risco de infec\u00e7\u00e3o. Entenda o perigo.","jnews-multi-image_gallery":[],"jnews_single_post":{"format":"standard"},"jnews_primary_category":[],"jnews_social_meta":[],"jnews_override_counter":[],"footnotes":""},"categories":[4404],"post_tag":[120,247,565],"class_list":["post-195760","post","type-post","status-publish","format-standard","has-post-thumbnail","hentry","category-saude","tag-bem-estar","tag-qualidade-de-vida","tag-saude"],"yoast_head":"<!-- This site is optimized with the Yoast SEO plugin v24.6 - https:\/\/yoast.com\/wordpress\/plugins\/seo\/ -->\n<title>M\u00e9todos contraceptivos eficazes reduzem risco e protegem contra ISTs - Correio Braziliense - Radar<\/title>\n<meta name=\"description\" content=\"Ducha vaginal n\u00e3o evita gravidez e pode aumentar risco de infec\u00e7\u00e3o. Entenda o perigo.\" \/>\n<meta name=\"robots\" content=\"index, follow, max-snippet:-1, max-image-preview:large, max-video-preview:-1\" \/>\n<link rel=\"canonical\" href=\"https:\/\/www.correiobraziliense.com.br\/cbradar\/metodos-contraceptivos-eficazes-reduzem-risco-e-protegem-contra-ists\/\" \/>\n<meta property=\"og:locale\" content=\"pt_BR\" \/>\n<meta property=\"og:type\" content=\"article\" \/>\n<meta property=\"og:title\" content=\"M\u00e9todos contraceptivos eficazes reduzem risco e protegem contra ISTs - Correio Braziliense - Radar\" \/>\n<meta property=\"og:description\" content=\"Ducha vaginal n\u00e3o evita gravidez e pode aumentar risco de infec\u00e7\u00e3o. Entenda o perigo.\" \/>\n<meta property=\"og:url\" content=\"https:\/\/www.correiobraziliense.com.br\/cbradar\/metodos-contraceptivos-eficazes-reduzem-risco-e-protegem-contra-ists\/\" \/>\n<meta property=\"og:site_name\" content=\"Correio Braziliense - Radar\" \/>\n<meta property=\"article:published_time\" content=\"2026-02-20T16:15:00+00:00\" \/>\n<meta property=\"og:image\" content=\"https:\/\/www.correiobraziliense.com.br\/cbradar\/wp-content\/uploads\/2026\/02\/metodo-contraceptivo_1771444730525.jpg\" \/>\n\t<meta property=\"og:image:width\" content=\"1280\" \/>\n\t<meta property=\"og:image:height\" content=\"720\" \/>\n\t<meta property=\"og:image:type\" content=\"image\/jpeg\" \/>\n<meta name=\"author\" content=\"guilherme_saude\" \/>\n<meta name=\"twitter:card\" content=\"summary_large_image\" \/>\n<meta name=\"twitter:label1\" content=\"Escrito por\" \/>\n\t<meta name=\"twitter:data1\" content=\"guilherme_saude\" \/>\n\t<meta name=\"twitter:label2\" content=\"Est. tempo de leitura\" \/>\n\t<meta name=\"twitter:data2\" content=\"5 minutos\" \/>\n<!-- \/ Yoast SEO plugin. -->","yoast_head_json":{"title":"M\u00e9todos contraceptivos eficazes reduzem risco e protegem contra ISTs - Correio Braziliense - Radar","description":"Ducha vaginal n\u00e3o evita gravidez e pode aumentar risco de infec\u00e7\u00e3o. Entenda o perigo.","robots":{"index":"index","follow":"follow","max-snippet":"max-snippet:-1","max-image-preview":"max-image-preview:large","max-video-preview":"max-video-preview:-1"},"canonical":"https:\/\/www.correiobraziliense.com.br\/cbradar\/metodos-contraceptivos-eficazes-reduzem-risco-e-protegem-contra-ists\/","og_locale":"pt_BR","og_type":"article","og_title":"M\u00e9todos contraceptivos eficazes reduzem risco e protegem contra ISTs - Correio Braziliense - Radar","og_description":"Ducha vaginal n\u00e3o evita gravidez e pode aumentar risco de infec\u00e7\u00e3o. Entenda o perigo.","og_url":"https:\/\/www.correiobraziliense.com.br\/cbradar\/metodos-contraceptivos-eficazes-reduzem-risco-e-protegem-contra-ists\/","og_site_name":"Correio Braziliense - Radar","article_published_time":"2026-02-20T16:15:00+00:00","og_image":[{"width":1280,"height":720,"url":"https:\/\/www.correiobraziliense.com.br\/cbradar\/wp-content\/uploads\/2026\/02\/metodo-contraceptivo_1771444730525.jpg","type":"image\/jpeg"}],"author":"guilherme_saude","twitter_card":"summary_large_image","twitter_misc":{"Escrito por":"guilherme_saude","Est. tempo de leitura":"5 minutos"},"schema":{"@context":"https:\/\/schema.org","@graph":[{"@type":"WebPage","@id":"https:\/\/www.correiobraziliense.com.br\/cbradar\/metodos-contraceptivos-eficazes-reduzem-risco-e-protegem-contra-ists\/","url":"https:\/\/www.correiobraziliense.com.br\/cbradar\/metodos-contraceptivos-eficazes-reduzem-risco-e-protegem-contra-ists\/","name":"M\u00e9todos contraceptivos eficazes reduzem risco e protegem contra ISTs - Correio Braziliense - Radar","isPartOf":{"@id":"https:\/\/www.correiobraziliense.com.br\/cbradar\/#website"},"primaryImageOfPage":{"@id":"https:\/\/www.correiobraziliense.com.br\/cbradar\/metodos-contraceptivos-eficazes-reduzem-risco-e-protegem-contra-ists\/#primaryimage"},"image":{"@id":"https:\/\/www.correiobraziliense.com.br\/cbradar\/metodos-contraceptivos-eficazes-reduzem-risco-e-protegem-contra-ists\/#primaryimage"},"thumbnailUrl":"https:\/\/www.correiobraziliense.com.br\/cbradar\/wp-content\/uploads\/2026\/02\/metodo-contraceptivo_1771444730525.jpg","datePublished":"2026-02-20T16:15:00+00:00","author":{"@id":"https:\/\/www.correiobraziliense.com.br\/cbradar\/#\/schema\/person\/5aa4bf3c8fa699c267933611de12978b"},"description":"Ducha vaginal n\u00e3o evita gravidez e pode aumentar risco de infec\u00e7\u00e3o. Entenda o perigo.","breadcrumb":{"@id":"https:\/\/www.correiobraziliense.com.br\/cbradar\/metodos-contraceptivos-eficazes-reduzem-risco-e-protegem-contra-ists\/#breadcrumb"},"inLanguage":"pt-BR","potentialAction":[{"@type":"ReadAction","target":["https:\/\/www.correiobraziliense.com.br\/cbradar\/metodos-contraceptivos-eficazes-reduzem-risco-e-protegem-contra-ists\/"]}]},{"@type":"ImageObject","inLanguage":"pt-BR","@id":"https:\/\/www.correiobraziliense.com.br\/cbradar\/metodos-contraceptivos-eficazes-reduzem-risco-e-protegem-contra-ists\/#primaryimage","url":"https:\/\/www.correiobraziliense.com.br\/cbradar\/wp-content\/uploads\/2026\/02\/metodo-contraceptivo_1771444730525.jpg","contentUrl":"https:\/\/www.correiobraziliense.com.br\/cbradar\/wp-content\/uploads\/2026\/02\/metodo-contraceptivo_1771444730525.jpg","width":1280,"height":720,"caption":"O detalhe essencial que torna contraceptivos mais eficazes - Cr\u00e9ditos: depositphotos.com \/ Infolight"},{"@type":"BreadcrumbList","@id":"https:\/\/www.correiobraziliense.com.br\/cbradar\/metodos-contraceptivos-eficazes-reduzem-risco-e-protegem-contra-ists\/#breadcrumb","itemListElement":[{"@type":"ListItem","position":1,"name":"In\u00edcio","item":"https:\/\/www.correiobraziliense.com.br\/cbradar\/"},{"@type":"ListItem","position":2,"name":"M\u00e9todos contraceptivos eficazes reduzem risco e protegem contra ISTs"}]},{"@type":"WebSite","@id":"https:\/\/www.correiobraziliense.com.br\/cbradar\/#website","url":"https:\/\/www.correiobraziliense.com.br\/cbradar\/","name":"Correio Braziliense - Radar","description":"Acompanhe as \u00faltimas not\u00edcias e fique bem informado sobre tudo o que acontece no Brasil e no mundo.","potentialAction":[{"@type":"SearchAction","target":{"@type":"EntryPoint","urlTemplate":"https:\/\/www.correiobraziliense.com.br\/cbradar\/?s={search_term_string}"},"query-input":{"@type":"PropertyValueSpecification","valueRequired":true,"valueName":"search_term_string"}}],"inLanguage":"pt-BR"},{"@type":"Person","@id":"https:\/\/www.correiobraziliense.com.br\/cbradar\/#\/schema\/person\/5aa4bf3c8fa699c267933611de12978b","name":"guilherme_saude","image":{"@type":"ImageObject","inLanguage":"pt-BR","@id":"https:\/\/www.correiobraziliense.com.br\/cbradar\/#\/schema\/person\/image\/","url":"https:\/\/secure.gravatar.com\/avatar\/df9adfb835d344bc0af109d41756253f?s=96&d=mm&r=g","contentUrl":"https:\/\/secure.gravatar.com\/avatar\/df9adfb835d344bc0af109d41756253f?s=96&d=mm&r=g","caption":"guilherme_saude"},"url":"https:\/\/www.correiobraziliense.com.br\/cbradar\/author\/guilherme_saude\/"}]}},"_links":{"self":[{"href":"https:\/\/www.correiobraziliense.com.br\/cbradar\/wp-json\/wp\/v2\/posts\/195760","targetHints":{"allow":["GET"]}}],"collection":[{"href":"https:\/\/www.correiobraziliense.com.br\/cbradar\/wp-json\/wp\/v2\/posts"}],"about":[{"href":"https:\/\/www.correiobraziliense.com.br\/cbradar\/wp-json\/wp\/v2\/types\/post"}],"author":[{"embeddable":true,"href":"https:\/\/www.correiobraziliense.com.br\/cbradar\/wp-json\/wp\/v2\/users\/14"}],"replies":[{"embeddable":true,"href":"https:\/\/www.correiobraziliense.com.br\/cbradar\/wp-json\/wp\/v2\/comments?post=195760"}],"version-history":[{"count":1,"href":"https:\/\/www.correiobraziliense.com.br\/cbradar\/wp-json\/wp\/v2\/posts\/195760\/revisions"}],"predecessor-version":[{"id":195763,"href":"https:\/\/www.correiobraziliense.com.br\/cbradar\/wp-json\/wp\/v2\/posts\/195760\/revisions\/195763"}],"wp:featuredmedia":[{"embeddable":true,"href":"https:\/\/www.correiobraziliense.com.br\/cbradar\/wp-json\/wp\/v2\/media\/195761"}],"wp:attachment":[{"href":"https:\/\/www.correiobraziliense.com.br\/cbradar\/wp-json\/wp\/v2\/media?parent=195760"}],"wp:term":[{"taxonomy":"category","embeddable":true,"href":"https:\/\/www.correiobraziliense.com.br\/cbradar\/wp-json\/wp\/v2\/categories?post=195760"},{"taxonomy":"post_tag","embeddable":true,"href":"https:\/\/www.correiobraziliense.com.br\/cbradar\/wp-json\/wp\/v2\/post_tag?post=195760"}],"curies":[{"name":"wp","href":"https:\/\/api.w.org\/{rel}","templated":true}]}}