{"id":19588,"date":"2025-04-06T08:10:09","date_gmt":"2025-04-06T11:10:09","guid":{"rendered":"https:\/\/www.correiobraziliense.com.br\/cbradar\/?p=19588"},"modified":"2025-04-05T14:12:21","modified_gmt":"2025-04-05T17:12:21","slug":"as-melhores-verduras-para-a-saude-e-como-cultiva-las-em-casa","status":"publish","type":"post","link":"https:\/\/www.correiobraziliense.com.br\/cbradar\/as-melhores-verduras-para-a-saude-e-como-cultiva-las-em-casa\/","title":{"rendered":"As melhores verduras para a sa\u00fade e como cultiv\u00e1-las em casa"},"content":{"rendered":"\n<p>Ter uma <strong>horta <\/strong>com<strong> verduras ricas em nutrientes<\/strong> \u00e9 uma das melhores maneiras de melhorar a alimenta\u00e7\u00e3o e garantir produtos <strong>frescos<\/strong>, <strong>livres de<\/strong> <strong>agrot\u00f3xicos<\/strong>. Al\u00e9m disso, <a href=\"https:\/\/www.correiobraziliense.com.br\/cbradar\/melhor-epoca-para-plantar-jabuticaba-e-colher-mais-rapido\/\" target=\"_blank\" rel=\"noreferrer noopener\">cultivar <\/a>seus pr\u00f3prios alimentos proporciona economia, sustentabilidade e bem-estar. Mas para obter bons resultados, \u00e9 essencial saber escolher as esp\u00e9cies mais ben\u00e9ficas para a sa\u00fade e entender como plant\u00e1-las corretamente.<\/p>\n\n\n\n<p>Neste conte\u00fado, voc\u00ea vai descobrir <strong>quais s\u00e3o as melhores verduras para a sa\u00fade<\/strong>, como plant\u00e1-las em casa (em vasos ou canteiros), e quais cuidados garantem colheitas saborosas e nutritivas o ano inteiro.<\/p>\n\n\n\n<h2 class=\"wp-block-heading\">Quais s\u00e3o as melhores verduras para a sa\u00fade?<\/h2>\n\n\n\n<p>Algumas verduras s\u00e3o verdadeiros superalimentos. Elas se destacam por serem fontes riqu\u00edssimas de <strong>vitaminas<\/strong>, <strong>minerais<\/strong>, <strong>antioxidantes<\/strong> e <strong>fibras<\/strong>, que ajudam a prevenir doen\u00e7as, fortalecer o sistema imunol\u00f3gico e melhorar o funcionamento do organismo.<\/p>\n\n\n\n<ul class=\"wp-block-list\">\n<li><strong>1. Couve<\/strong><\/li>\n<\/ul>\n\n\n\n<p>A <strong>couve<\/strong> \u00e9 uma das verduras mais nutritivas que existem. Rica em <strong>vitaminas A, C e K<\/strong>, al\u00e9m de <strong>ferro<\/strong> e <strong>c\u00e1lcio<\/strong>, ela fortalece ossos, melhora a digest\u00e3o e tem a\u00e7\u00e3o anti-inflamat\u00f3ria. Tamb\u00e9m \u00e9 um excelente alimento detox.<\/p>\n\n\n\n<ul class=\"wp-block-list\">\n<li><strong>2. Espinafre<\/strong><\/li>\n<\/ul>\n\n\n\n<p>O <strong>espinafre<\/strong> \u00e9 conhecido por seu alto teor de <strong>ferro<\/strong>, <strong>\u00e1cido f\u00f3lico<\/strong>, <strong>vitamina C<\/strong> e <strong>caroten\u00f3ides<\/strong>. \u00c9 ideal para prevenir a anemia, melhorar a circula\u00e7\u00e3o e fortalecer os m\u00fasculos.<\/p>\n\n\n\n<ul class=\"wp-block-list\">\n<li><strong>3. Alface<\/strong><\/li>\n<\/ul>\n\n\n\n<p>A <strong>alface<\/strong> \u00e9 leve, hidratante e ajuda no bom funcionamento do intestino. Algumas variedades, como a <strong>alface-roxa<\/strong>, s\u00e3o ricas em <strong>antioxidantes<\/strong>, combatendo o envelhecimento precoce.<\/p>\n\n\n\n<ul class=\"wp-block-list\">\n<li><strong>4. R\u00facula<\/strong><\/li>\n<\/ul>\n\n\n\n<p>A <strong>r\u00facula<\/strong> possui um sabor marcante e \u00e9 excelente para a sa\u00fade do f\u00edgado. Rica em <strong>vitamina K<\/strong> e <strong>\u00e1cido f\u00f3lico<\/strong>, tamb\u00e9m ajuda na desintoxica\u00e7\u00e3o e \u00e9 boa para os ossos.<\/p>\n\n\n\n<ul class=\"wp-block-list\">\n<li><strong>5. Acelga<\/strong><\/li>\n<\/ul>\n\n\n\n<p>A <strong>acelga<\/strong> \u00e9 rica em <strong>vitamina A<\/strong>, <strong>vitamina C<\/strong> e <strong>fibras<\/strong>, sendo \u00f3tima para a sa\u00fade intestinal e imunol\u00f3gica. Tamb\u00e9m \u00e9 pouco cal\u00f3rica, sendo indicada para dietas de emagrecimento.<\/p>\n\n\n\n<ul class=\"wp-block-list\">\n<li><strong>6. Agri\u00e3o<\/strong><\/li>\n<\/ul>\n\n\n\n<p>O <strong>agri\u00e3o<\/strong> tem propriedades digestivas, diur\u00e9ticas e expectorantes. \u00c9 rico em <strong>vitamina C<\/strong>, <strong>c\u00e1lcio<\/strong> e <strong>ferro<\/strong>, auxiliando na preven\u00e7\u00e3o de gripes e resfriados.<\/p>\n\n\n<div class=\"wp-block-image\">\n<figure class=\"aligncenter size-large\"><img decoding=\"async\" width=\"1024\" height=\"576\" src=\"https:\/\/www.correiobraziliense.com.br\/cbradar\/wp-content\/uploads\/2025\/04\/rucula-_1743516035032-1024x576.jpg\" alt=\"\" class=\"wp-image-17865\" srcset=\"https:\/\/www.correiobraziliense.com.br\/cbradar\/wp-content\/uploads\/2025\/04\/rucula-_1743516035032-1024x576.jpg 1024w, https:\/\/www.correiobraziliense.com.br\/cbradar\/wp-content\/uploads\/2025\/04\/rucula-_1743516035032-300x169.jpg 300w, https:\/\/www.correiobraziliense.com.br\/cbradar\/wp-content\/uploads\/2025\/04\/rucula-_1743516035032-768x432.jpg 768w, https:\/\/www.correiobraziliense.com.br\/cbradar\/wp-content\/uploads\/2025\/04\/rucula-_1743516035032-750x422.jpg 750w, https:\/\/www.correiobraziliense.com.br\/cbradar\/wp-content\/uploads\/2025\/04\/rucula-_1743516035032-1140x641.jpg 1140w, https:\/\/www.correiobraziliense.com.br\/cbradar\/wp-content\/uploads\/2025\/04\/rucula-_1743516035032.jpg 1280w\" sizes=\"(max-width: 1024px) 100vw, 1024px\" \/><figcaption class=\"wp-element-caption\">R\u00facula &#8211; Cr\u00e9ditos: depositphotos.com \/ AntonMatyukha<\/figcaption><\/figure><\/div>\n\n\n<h2 class=\"wp-block-heading\">Como plantar verduras saud\u00e1veis em casa?<\/h2>\n\n\n\n<p>\u00c9 poss\u00edvel cultivar verduras em diferentes espa\u00e7os, seja em vasos, jardineiras ou canteiros no quintal. O segredo est\u00e1 na <strong>escolha do local, solo f\u00e9rtil, rega correta e exposi\u00e7\u00e3o ao sol<\/strong>.<\/p>\n\n\n\n<h3 class=\"wp-block-heading\">Passo a passo para o plantio:<\/h3>\n\n\n\n<ul class=\"wp-block-list\">\n<li>1. Escolha o local ideal<\/li>\n<\/ul>\n\n\n\n<p>As verduras precisam de <strong>pelo menos 4 a 6 horas de sol por dia<\/strong>. Escolha um local com boa ventila\u00e7\u00e3o e f\u00e1cil acesso \u00e0 \u00e1gua.<\/p>\n\n\n\n<ul class=\"wp-block-list\">\n<li>2. Prepare o solo ou vaso<\/li>\n<\/ul>\n\n\n\n<p>Use <strong>terra adubada com mat\u00e9ria org\u00e2nica<\/strong>.<\/p>\n\n\n\n<p>Adicione <strong>composto org\u00e2nico, h\u00famus de minhoca ou esterco curtido<\/strong>.<\/p>\n\n\n\n<p>Em vasos, utilize <strong>vasos com furos no fundo<\/strong>, camada de drenagem com pedras e substrato leve.<\/p>\n\n\n\n<ul class=\"wp-block-list\">\n<li>3. Fa\u00e7a o plantio<\/li>\n<\/ul>\n\n\n\n<p>Para mudas: cave um pequeno buraco e plante a muda com cuidado.<\/p>\n\n\n\n<p>Para sementes: siga as instru\u00e7\u00f5es do pacote e mantenha a terra sempre \u00famida at\u00e9 germinar.<\/p>\n\n\n\n<ul class=\"wp-block-list\">\n<li>4. Regue corretamente<\/li>\n<\/ul>\n\n\n\n<p>A rega deve ser feita <strong>diariamente<\/strong>, preferencialmente no in\u00edcio da manh\u00e3 ou fim da tarde. Evite encharcar o solo para n\u00e3o apodrecer as ra\u00edzes.<\/p>\n\n\n\n<ul class=\"wp-block-list\">\n<li>5. Fa\u00e7a a aduba\u00e7\u00e3o peri\u00f3dica<\/li>\n<\/ul>\n\n\n\n<p>A cada <strong>15 a 20 dias<\/strong>, adube com compostos org\u00e2nicos para fortalecer as plantas e aumentar o teor de nutrientes das folhas.<\/p>\n\n\n\n<h2 class=\"wp-block-heading\">\u00c9 melhor plantar em vasos ou canteiros?<\/h2>\n\n\n\n<p>Ambos funcionam bem, mas h\u00e1 diferen\u00e7as:<\/p>\n\n\n\n<h3 class=\"wp-block-heading\"><strong>Vasos<\/strong><\/h3>\n\n\n\n<ul class=\"wp-block-list\">\n<li>Ideais para quem mora em apartamento ou tem pouco espa\u00e7o.<\/li>\n\n\n\n<li>F\u00e1cil controle da umidade e das pragas.<\/li>\n\n\n\n<li>Utilize vasos com <strong>m\u00ednimo de 20 a 30 cm de profundidade<\/strong>.<\/li>\n<\/ul>\n\n\n\n<h3 class=\"wp-block-heading\"><strong>Canteiros<\/strong><\/h3>\n\n\n\n<ul class=\"wp-block-list\">\n<li>Mais produtivos, ideais para grandes quantidades.<\/li>\n\n\n\n<li>Devem ser montados com boa drenagem e afastados de muros para pegar sol direto.<\/li>\n<\/ul>\n\n\n\n<p>Verduras como <strong>alface, r\u00facula, agri\u00e3o, espinafre<\/strong> e <strong>couve<\/strong> se adaptam bem aos dois m\u00e9todos. J\u00e1 <strong>verduras maiores<\/strong>, como <strong>acelga<\/strong>, preferem canteiros.<\/p>\n\n\n\n<h2 class=\"wp-block-heading\">Como fazer a colheita sem prejudicar a planta?<\/h2>\n\n\n\n<p>A colheita correta ajuda a manter a planta saud\u00e1vel e produtiva por mais tempo:<\/p>\n\n\n\n<ul class=\"wp-block-list\">\n<li><strong>Folhas jovens<\/strong> devem ser colhidas com tesoura ou com a m\u00e3o, cortando na base.<\/li>\n\n\n\n<li>Evite arrancar a planta inteira, pois muitas verduras continuam produzindo novas folhas.<\/li>\n\n\n\n<li>Fa\u00e7a a colheita preferencialmente pela <strong>manh\u00e3<\/strong>, quando as folhas est\u00e3o mais frescas e hidratadas.<\/li>\n<\/ul>\n\n\n\n<h2 class=\"wp-block-heading\">Quais cuidados evitam pragas e doen\u00e7as?<\/h2>\n\n\n\n<p>Manter a horta saud\u00e1vel \u00e9 essencial para garantir verduras limpas e seguras. Algumas dicas importantes:<\/p>\n\n\n\n<ul class=\"wp-block-list\">\n<li><strong>Use repelentes naturais<\/strong>, como ch\u00e1 de alho, pimenta ou neem.<\/li>\n\n\n\n<li><strong>Evite aglomera\u00e7\u00e3o de plantas<\/strong>, que favorece fungos.<\/li>\n\n\n\n<li><strong>Fa\u00e7a rota\u00e7\u00e3o de culturas<\/strong> e alterne esp\u00e9cies no mesmo local.<\/li>\n\n\n\n<li><strong>Retire folhas doentes<\/strong> ou amareladas assim que perceber.<\/li>\n<\/ul>\n\n\n\n<h2 class=\"wp-block-heading\">\u00c9 poss\u00edvel plantar o ano inteiro?<\/h2>\n\n\n\n<p>Sim! Muitas verduras s\u00e3o de <strong>cultivo r\u00e1pido<\/strong> e podem ser plantadas o ano inteiro, com destaque para <strong>r\u00facula, agri\u00e3o, alface, couve e espinafre<\/strong>. Em \u00e9pocas mais frias, opte por esp\u00e9cies resistentes, como <strong>couve<\/strong> e <strong>acelga<\/strong>. Em locais quentes, d\u00ea prefer\u00eancia \u00e0 <strong>r\u00facula e agri\u00e3o<\/strong>, que toleram bem o calor.<\/p>\n\n\n\n<h2 class=\"wp-block-heading\">FAQ <\/h2>\n\n\n\n<p><strong>1. Quanto tempo demora para colher as verduras?<\/strong><br>Depende da esp\u00e9cie. <strong>Alface e r\u00facula<\/strong> podem ser colhidas em <strong>30 a 45 dias<\/strong>. J\u00e1 <strong>couve e espinafre<\/strong> levam cerca de <strong>60 a 90 dias<\/strong>.<\/p>\n\n\n\n<p><strong>2. \u00c9 melhor plantar por semente ou muda?<\/strong><br>Mudas s\u00e3o mais r\u00e1pidas e f\u00e1ceis para iniciantes. Sementes s\u00e3o mais econ\u00f4micas, mas exigem mais paci\u00eancia e cuidado.<\/p>\n\n\n\n<p><strong>3. Precisa usar adubo qu\u00edmico?<\/strong><br>N\u00e3o. <strong>Adubos org\u00e2nicos<\/strong> como esterco curtido, compostos caseiros e h\u00famus s\u00e3o suficientes e muito mais saud\u00e1veis.<\/p>\n\n\n\n<p><strong>4. Posso plantar verduras na sombra?<\/strong><br>Verduras precisam de <strong>luz solar direta<\/strong> por v\u00e1rias horas por dia. Ambientes muito sombreados prejudicam o crescimento.<\/p>\n\n\n\n<p><strong>5. Como evitar insetos sem agrot\u00f3xicos?<\/strong><br>Use <strong>solu\u00e7\u00f5es naturais<\/strong>, como \u00f3leo de neem, infus\u00e3o de alho ou pimenta, e mantenha o solo saud\u00e1vel.<\/p>\n","protected":false},"excerpt":{"rendered":"<p>Ter uma horta com verduras ricas em nutrientes \u00e9 uma das melhores maneiras de melhorar a alimenta\u00e7\u00e3o e garantir produtos frescos, livres de agrot\u00f3xicos. Al\u00e9m disso, cultivar seus pr\u00f3prios alimentos proporciona economia, sustentabilidade e bem-estar. Mas para obter bons resultados, \u00e9 essencial saber escolher as esp\u00e9cies mais ben\u00e9ficas para a sa\u00fade e entender como plant\u00e1-las [&hellip;]<\/p>\n","protected":false},"author":9,"featured_media":19601,"comment_status":"open","ping_status":"open","sticky":false,"template":"","format":"standard","meta":{"_yoast_wpseo_focuskw":"verduras","_yoast_wpseo_title":"%%title%% %%page%%","_yoast_wpseo_metadesc":"Veja quais s\u00e3o as verduras mais saud\u00e1veis, como plantar em casa e os cuidados para colher folhas frescas o ano inteiro.","jnews-multi-image_gallery":[],"jnews_single_post":{"format":"standard"},"jnews_primary_category":[],"jnews_social_meta":[],"jnews_override_counter":[],"footnotes":""},"categories":[136],"post_tag":[183,2908,2906,2907],"class_list":["post-19588","post","type-post","status-publish","format-standard","has-post-thumbnail","hentry","category-jardinagem","tag-alimentacao-saudavel","tag-dieta-equilibrada","tag-saude-natural","tag-verduras-nutritivas"],"yoast_head":"<!-- This site is optimized with the Yoast SEO plugin v24.6 - https:\/\/yoast.com\/wordpress\/plugins\/seo\/ -->\n<title>As melhores verduras para a sa\u00fade e como cultiv\u00e1-las em casa<\/title>\n<meta name=\"description\" content=\"Veja quais s\u00e3o as verduras mais saud\u00e1veis, como plantar em casa e os cuidados para colher folhas frescas o ano inteiro.\" \/>\n<meta name=\"robots\" content=\"index, follow, max-snippet:-1, max-image-preview:large, max-video-preview:-1\" \/>\n<link rel=\"canonical\" href=\"https:\/\/www.correiobraziliense.com.br\/cbradar\/as-melhores-verduras-para-a-saude-e-como-cultiva-las-em-casa\/\" \/>\n<meta property=\"og:locale\" content=\"pt_BR\" \/>\n<meta property=\"og:type\" content=\"article\" \/>\n<meta property=\"og:title\" content=\"As melhores verduras para a sa\u00fade e como cultiv\u00e1-las em casa\" \/>\n<meta property=\"og:description\" content=\"Veja quais s\u00e3o as verduras mais saud\u00e1veis, como plantar em casa e os cuidados para colher folhas frescas o ano inteiro.\" \/>\n<meta property=\"og:url\" content=\"https:\/\/www.correiobraziliense.com.br\/cbradar\/as-melhores-verduras-para-a-saude-e-como-cultiva-las-em-casa\/\" \/>\n<meta property=\"og:site_name\" content=\"Correio Braziliense - Radar\" \/>\n<meta property=\"article:published_time\" content=\"2025-04-06T11:10:09+00:00\" \/>\n<meta property=\"og:image\" content=\"https:\/\/www.correiobraziliense.com.br\/cbradar\/wp-content\/uploads\/2025\/04\/verduras_1743872897381.jpg\" \/>\n\t<meta property=\"og:image:width\" content=\"1280\" \/>\n\t<meta property=\"og:image:height\" content=\"720\" \/>\n\t<meta property=\"og:image:type\" content=\"image\/jpeg\" \/>\n<meta name=\"author\" content=\"Daniely Cardoso\" \/>\n<meta name=\"twitter:card\" content=\"summary_large_image\" \/>\n<meta name=\"twitter:label1\" content=\"Escrito por\" \/>\n\t<meta name=\"twitter:data1\" content=\"Daniely Cardoso\" \/>\n\t<meta name=\"twitter:label2\" content=\"Est. tempo de leitura\" \/>\n\t<meta name=\"twitter:data2\" content=\"6 minutos\" \/>\n<!-- \/ Yoast SEO plugin. -->","yoast_head_json":{"title":"As melhores verduras para a sa\u00fade e como cultiv\u00e1-las em casa","description":"Veja quais s\u00e3o as verduras mais saud\u00e1veis, como plantar em casa e os cuidados para colher folhas frescas o ano inteiro.","robots":{"index":"index","follow":"follow","max-snippet":"max-snippet:-1","max-image-preview":"max-image-preview:large","max-video-preview":"max-video-preview:-1"},"canonical":"https:\/\/www.correiobraziliense.com.br\/cbradar\/as-melhores-verduras-para-a-saude-e-como-cultiva-las-em-casa\/","og_locale":"pt_BR","og_type":"article","og_title":"As melhores verduras para a sa\u00fade e como cultiv\u00e1-las em casa","og_description":"Veja quais s\u00e3o as verduras mais saud\u00e1veis, como plantar em casa e os cuidados para colher folhas frescas o ano inteiro.","og_url":"https:\/\/www.correiobraziliense.com.br\/cbradar\/as-melhores-verduras-para-a-saude-e-como-cultiva-las-em-casa\/","og_site_name":"Correio Braziliense - Radar","article_published_time":"2025-04-06T11:10:09+00:00","og_image":[{"width":1280,"height":720,"url":"https:\/\/www.correiobraziliense.com.br\/cbradar\/wp-content\/uploads\/2025\/04\/verduras_1743872897381.jpg","type":"image\/jpeg"}],"author":"Daniely Cardoso","twitter_card":"summary_large_image","twitter_misc":{"Escrito por":"Daniely Cardoso","Est. tempo de leitura":"6 minutos"},"schema":{"@context":"https:\/\/schema.org","@graph":[{"@type":"WebPage","@id":"https:\/\/www.correiobraziliense.com.br\/cbradar\/as-melhores-verduras-para-a-saude-e-como-cultiva-las-em-casa\/","url":"https:\/\/www.correiobraziliense.com.br\/cbradar\/as-melhores-verduras-para-a-saude-e-como-cultiva-las-em-casa\/","name":"As melhores verduras para a sa\u00fade e como cultiv\u00e1-las em casa","isPartOf":{"@id":"https:\/\/www.correiobraziliense.com.br\/cbradar\/#website"},"primaryImageOfPage":{"@id":"https:\/\/www.correiobraziliense.com.br\/cbradar\/as-melhores-verduras-para-a-saude-e-como-cultiva-las-em-casa\/#primaryimage"},"image":{"@id":"https:\/\/www.correiobraziliense.com.br\/cbradar\/as-melhores-verduras-para-a-saude-e-como-cultiva-las-em-casa\/#primaryimage"},"thumbnailUrl":"https:\/\/www.correiobraziliense.com.br\/cbradar\/wp-content\/uploads\/2025\/04\/verduras_1743872897381.jpg","datePublished":"2025-04-06T11:10:09+00:00","author":{"@id":"https:\/\/www.correiobraziliense.com.br\/cbradar\/#\/schema\/person\/7356666e12ec0ee53f348ee5db227032"},"description":"Veja quais s\u00e3o as verduras mais saud\u00e1veis, como plantar em casa e os cuidados para colher folhas frescas o ano inteiro.","breadcrumb":{"@id":"https:\/\/www.correiobraziliense.com.br\/cbradar\/as-melhores-verduras-para-a-saude-e-como-cultiva-las-em-casa\/#breadcrumb"},"inLanguage":"pt-BR","potentialAction":[{"@type":"ReadAction","target":["https:\/\/www.correiobraziliense.com.br\/cbradar\/as-melhores-verduras-para-a-saude-e-como-cultiva-las-em-casa\/"]}]},{"@type":"ImageObject","inLanguage":"pt-BR","@id":"https:\/\/www.correiobraziliense.com.br\/cbradar\/as-melhores-verduras-para-a-saude-e-como-cultiva-las-em-casa\/#primaryimage","url":"https:\/\/www.correiobraziliense.com.br\/cbradar\/wp-content\/uploads\/2025\/04\/verduras_1743872897381.jpg","contentUrl":"https:\/\/www.correiobraziliense.com.br\/cbradar\/wp-content\/uploads\/2025\/04\/verduras_1743872897381.jpg","width":1280,"height":720,"caption":"Verduras - Cr\u00e9ditos: depositphotos.com \/ Elena Schweitzer"},{"@type":"BreadcrumbList","@id":"https:\/\/www.correiobraziliense.com.br\/cbradar\/as-melhores-verduras-para-a-saude-e-como-cultiva-las-em-casa\/#breadcrumb","itemListElement":[{"@type":"ListItem","position":1,"name":"In\u00edcio","item":"https:\/\/www.correiobraziliense.com.br\/cbradar\/"},{"@type":"ListItem","position":2,"name":"As melhores verduras para a sa\u00fade e como cultiv\u00e1-las em casa"}]},{"@type":"WebSite","@id":"https:\/\/www.correiobraziliense.com.br\/cbradar\/#website","url":"https:\/\/www.correiobraziliense.com.br\/cbradar\/","name":"Correio Braziliense - Radar","description":"Acompanhe as \u00faltimas not\u00edcias e fique bem informado sobre tudo o que acontece no Brasil e no mundo.","potentialAction":[{"@type":"SearchAction","target":{"@type":"EntryPoint","urlTemplate":"https:\/\/www.correiobraziliense.com.br\/cbradar\/?s={search_term_string}"},"query-input":{"@type":"PropertyValueSpecification","valueRequired":true,"valueName":"search_term_string"}}],"inLanguage":"pt-BR"},{"@type":"Person","@id":"https:\/\/www.correiobraziliense.com.br\/cbradar\/#\/schema\/person\/7356666e12ec0ee53f348ee5db227032","name":"Daniely Cardoso","image":{"@type":"ImageObject","inLanguage":"pt-BR","@id":"https:\/\/www.correiobraziliense.com.br\/cbradar\/#\/schema\/person\/image\/","url":"https:\/\/secure.gravatar.com\/avatar\/4b80ddbd124d1f071b626d52d62e5dff?s=96&d=mm&r=g","contentUrl":"https:\/\/secure.gravatar.com\/avatar\/4b80ddbd124d1f071b626d52d62e5dff?s=96&d=mm&r=g","caption":"Daniely Cardoso"},"description":"Redatora nos portais CB Radar e EM Foco, formada pela Universidade Federal de Goi\u00e1s, em Goi\u00e2nia. Apaixonada por comunica\u00e7\u00e3o, arte, decora\u00e7\u00e3o e tend\u00eancias, atuo na produ\u00e7\u00e3o de conte\u00fados envolventes sobre curiosidades, moda, beleza e paisagismo, sempre com um olhar atento \u00e0s novidades do momento.","sameAs":["https:\/\/www.correiobraziliense.com.br\/cbradar"],"url":"https:\/\/www.correiobraziliense.com.br\/cbradar\/author\/danielymyth\/"}]}},"_links":{"self":[{"href":"https:\/\/www.correiobraziliense.com.br\/cbradar\/wp-json\/wp\/v2\/posts\/19588","targetHints":{"allow":["GET"]}}],"collection":[{"href":"https:\/\/www.correiobraziliense.com.br\/cbradar\/wp-json\/wp\/v2\/posts"}],"about":[{"href":"https:\/\/www.correiobraziliense.com.br\/cbradar\/wp-json\/wp\/v2\/types\/post"}],"author":[{"embeddable":true,"href":"https:\/\/www.correiobraziliense.com.br\/cbradar\/wp-json\/wp\/v2\/users\/9"}],"replies":[{"embeddable":true,"href":"https:\/\/www.correiobraziliense.com.br\/cbradar\/wp-json\/wp\/v2\/comments?post=19588"}],"version-history":[{"count":3,"href":"https:\/\/www.correiobraziliense.com.br\/cbradar\/wp-json\/wp\/v2\/posts\/19588\/revisions"}],"predecessor-version":[{"id":19603,"href":"https:\/\/www.correiobraziliense.com.br\/cbradar\/wp-json\/wp\/v2\/posts\/19588\/revisions\/19603"}],"wp:featuredmedia":[{"embeddable":true,"href":"https:\/\/www.correiobraziliense.com.br\/cbradar\/wp-json\/wp\/v2\/media\/19601"}],"wp:attachment":[{"href":"https:\/\/www.correiobraziliense.com.br\/cbradar\/wp-json\/wp\/v2\/media?parent=19588"}],"wp:term":[{"taxonomy":"category","embeddable":true,"href":"https:\/\/www.correiobraziliense.com.br\/cbradar\/wp-json\/wp\/v2\/categories?post=19588"},{"taxonomy":"post_tag","embeddable":true,"href":"https:\/\/www.correiobraziliense.com.br\/cbradar\/wp-json\/wp\/v2\/post_tag?post=19588"}],"curies":[{"name":"wp","href":"https:\/\/api.w.org\/{rel}","templated":true}]}}