{"id":19614,"date":"2025-04-06T12:10:00","date_gmt":"2025-04-06T15:10:00","guid":{"rendered":"https:\/\/www.correiobraziliense.com.br\/cbradar\/?p=19614"},"modified":"2025-04-05T22:36:35","modified_gmt":"2025-04-06T01:36:35","slug":"flores-perfeitas-para-deixar-a-entrada-da-sua-casa-mais-bonita","status":"publish","type":"post","link":"https:\/\/www.correiobraziliense.com.br\/cbradar\/flores-perfeitas-para-deixar-a-entrada-da-sua-casa-mais-bonita\/","title":{"rendered":"Flores perfeitas para deixar a entrada da sua casa mais bonita"},"content":{"rendered":"\n<p>A fachada \u00e9 o cart\u00e3o de visitas da casa. Por isso, muitas pessoas investem em <a href=\"https:\/\/www.correiobraziliense.com.br\/cbradar\/aprenda-a-cuidar-de-rosas-e-tenha-flores-sempre-lindas\/\" target=\"_blank\" rel=\"noreferrer noopener\">flores <\/a>para dar vida, cor e personalidade ao espa\u00e7o. Mas para ter um jardim florido e bonito na entrada, \u00e9 essencial escolher as esp\u00e9cies certas e seguir alguns cuidados b\u00e1sicos de plantio. Algumas flores precisam de mais sol, outras toleram sombra; algumas s\u00e3o ideais para vasos, enquanto outras preferem canteiros.<\/p>\n\n\n\n<p>Se voc\u00ea quer transformar a frente da sua casa em um espa\u00e7o acolhedor e vibrante, confira agora <strong>quais flores s\u00e3o ideais para a fachada<\/strong> e <strong>como plantar cada uma com sucesso<\/strong>.<\/p>\n\n\n\n<h2 class=\"wp-block-heading\">Quais flores s\u00e3o mais indicadas para a fachada da casa?<\/h2>\n\n\n\n<p>Ao escolher flores para a fachada, \u00e9 importante considerar fatores como <strong>exposi\u00e7\u00e3o ao sol<\/strong>, <strong>espa\u00e7o dispon\u00edvel<\/strong>, <strong>frequ\u00eancia de manuten\u00e7\u00e3o<\/strong> e o estilo arquitet\u00f4nico da casa. Veja abaixo as flores que combinam beleza e resist\u00eancia, ideais para diferentes tipos de fachadas.<\/p>\n\n\n\n<ul class=\"wp-block-list\">\n<li><strong>1. Ixora<\/strong><\/li>\n<\/ul>\n\n\n\n<p>A <strong>ixora<\/strong> \u00e9 um arbusto florido que forma lindos buqu\u00eas coloridos (vermelhos, amarelos ou laranjas). Ideal para canteiros, ela gosta de sol pleno e solo f\u00e9rtil.<\/p>\n\n\n\n<ul class=\"wp-block-list\">\n<li><strong>2. Hibisco<\/strong><\/li>\n<\/ul>\n\n\n\n<p>O <strong>hibisco<\/strong> \u00e9 uma flor tropical e exuberante, \u00f3tima para quem quer um visual vibrante. Cresce bem em sol pleno e precisa de regas frequentes. Fica lindo ao lado de muros ou pr\u00f3ximo ao port\u00e3o.<\/p>\n\n\n\n<ul class=\"wp-block-list\">\n<li><strong>3. Alamanda<\/strong><\/li>\n<\/ul>\n\n\n\n<p>A <strong>alamanda<\/strong> \u00e9 uma trepadeira de flores amarelas que combina perfeitamente com fachadas e p\u00e9rgolas. Precisa de muito sol e espa\u00e7o para se expandir.<\/p>\n\n\n\n<ul class=\"wp-block-list\">\n<li><strong>4. Cl\u00fasia<\/strong><\/li>\n<\/ul>\n\n\n\n<p>A <strong>cl\u00fasia<\/strong> \u00e9 resistente, bonita e muito usada em projetos paisag\u00edsticos modernos. Suas folhas verdes contrastam com flores discretas. Vai bem em locais com bastante sol.<\/p>\n\n\n\n<ul class=\"wp-block-list\">\n<li><strong>5. Lavanda<\/strong><\/li>\n<\/ul>\n\n\n\n<p>A <strong>lavanda<\/strong>, al\u00e9m de perfumada, tem um visual delicado e elegante. \u00c9 ideal para canteiros baixos ou vasos na entrada. Precisa de sol pleno e pouca \u00e1gua.<\/p>\n\n\n\n<ul class=\"wp-block-list\">\n<li><strong>6. Onze-horas<\/strong><\/li>\n<\/ul>\n\n\n\n<p>A <strong>onze-horas<\/strong> \u00e9 uma planta rasteira, colorida e ideal para bordaduras. Floresce com sol intenso e \u00e9 de f\u00e1cil manuten\u00e7\u00e3o. Perfeita para complementar canteiros na fachada.<\/p>\n\n\n\n<h2 class=\"wp-block-heading\">Como escolher as flores certas para o estilo da sua casa?<\/h2>\n\n\n\n<p>A fachada pode ser moderna, r\u00fastica, cl\u00e1ssica ou tropical \u2014 e cada estilo combina melhor com certos tipos de flores. Veja algumas sugest\u00f5es:<\/p>\n\n\n\n<ul class=\"wp-block-list\">\n<li><strong>Fachada moderna<\/strong>: opte por flores de visual limpo e cores neutras, como <strong>lavanda<\/strong>, <strong>cl\u00fasia<\/strong> e <strong>l\u00edrios<\/strong>.<\/li>\n\n\n\n<li><strong>Fachada r\u00fastica<\/strong>: escolha flores campestres como <strong>margaridas<\/strong>, <strong>cravos<\/strong> e <strong>ger\u00e2nios<\/strong>.<\/li>\n\n\n\n<li><strong>Fachada tropical<\/strong>: invista em esp\u00e9cies com cores vibrantes como <strong>hibisco<\/strong>, <strong>helic\u00f4nia<\/strong> e <strong>ixora<\/strong>.<\/li>\n\n\n\n<li><strong>Fachada cl\u00e1ssica<\/strong>: aposte em <strong>rosas<\/strong>, <strong>hort\u00eansias<\/strong> e <strong>azaleias<\/strong>.<\/li>\n<\/ul>\n\n\n\n<h2 class=\"wp-block-heading\">Como plantar flores na entrada da casa?<\/h2>\n\n\n\n<p>O processo de plantio vai depender se voc\u00ea vai usar <strong>canteiros diretamente no solo<\/strong> ou <strong>vasos decorativos<\/strong>. Ambas as op\u00e7\u00f5es funcionam bem, desde que o espa\u00e7o receba <strong>boa ilumina\u00e7\u00e3o natural<\/strong>.<\/p>\n\n\n\n<h3 class=\"wp-block-heading\">Plantio em canteiros:<\/h3>\n\n\n\n<ol class=\"wp-block-list\">\n<li><strong>Escolha o local com incid\u00eancia de sol<\/strong> (m\u00ednimo 4h por dia).<\/li>\n\n\n\n<li><strong>Retire o mato e revolva a terra<\/strong> at\u00e9 30 cm de profundidade.<\/li>\n\n\n\n<li><strong>Adicione mat\u00e9ria org\u00e2nica<\/strong>: composto caseiro, h\u00famus de minhoca ou esterco bem curtido.<\/li>\n\n\n\n<li><strong>Plante as mudas com espa\u00e7amento adequado<\/strong>, de acordo com o tamanho da flor.<\/li>\n\n\n\n<li><strong>Regue imediatamente ap\u00f3s o plantio<\/strong> e mantenha o solo levemente \u00famido nos primeiros dias.<\/li>\n<\/ol>\n\n\n\n<h3 class=\"wp-block-heading\">Plantio em vasos:<\/h3>\n\n\n\n<ol class=\"wp-block-list\">\n<li>Escolha <strong>vasos com furos no fundo<\/strong> e de tamanho proporcional \u00e0 planta.<\/li>\n\n\n\n<li>Fa\u00e7a uma camada de drenagem com pedras ou argila expandida.<\/li>\n\n\n\n<li>Use um <strong>substrato leve e f\u00e9rtil<\/strong> para flores.<\/li>\n\n\n\n<li>Plante e compacte levemente a terra ao redor da muda.<\/li>\n\n\n\n<li>Regue e posicione o vaso em local iluminado.<\/li>\n<\/ol>\n\n\n\n<h2 class=\"wp-block-heading\">Como cuidar das flores da fachada?<\/h2>\n\n\n\n<p>Ter flores na entrada da casa exige aten\u00e7\u00e3o regular, mas com os cuidados certos, voc\u00ea ter\u00e1 plantas saud\u00e1veis e com flores frequentes.<\/p>\n\n\n\n<h3 class=\"wp-block-heading\">Cuidados essenciais:<\/h3>\n\n\n\n<ul class=\"wp-block-list\">\n<li><strong>Luz solar<\/strong>: a maioria das flores precisa de <strong>sol direto ou meia-sombra<\/strong>.<\/li>\n\n\n\n<li><strong>Rega<\/strong>: regue <strong>sempre pela manh\u00e3 ou no fim da tarde<\/strong>, evitando molhar as flores diretamente.<\/li>\n\n\n\n<li><strong>Aduba\u00e7\u00e3o<\/strong>: a cada 20 a 30 dias, use fertilizantes ricos em <strong>f\u00f3sforo (P)<\/strong> para estimular a flora\u00e7\u00e3o.<\/li>\n\n\n\n<li><strong>Poda<\/strong>: retire flores secas e folhas amareladas para estimular novas brota\u00e7\u00f5es.<\/li>\n\n\n\n<li><strong>Controle de pragas<\/strong>: use receitas naturais como ch\u00e1 de alho, neem ou pimenta para evitar pulg\u00f5es e cochonilhas.<\/li>\n<\/ul>\n\n\n\n<h2 class=\"wp-block-heading\">\u00c9 poss\u00edvel ter flores o ano todo na fachada?<\/h2>\n\n\n\n<p>Sim! Com planejamento e escolha adequada de esp\u00e9cies, \u00e9 poss\u00edvel garantir <strong>flores em diferentes esta\u00e7\u00f5es do ano<\/strong>.<\/p>\n\n\n\n<h3 class=\"wp-block-heading\">Flores que florescem o ano inteiro:<\/h3>\n\n\n\n<ul class=\"wp-block-list\">\n<li><strong>Ixora<\/strong><\/li>\n\n\n\n<li><strong>Ger\u00e2nio<\/strong><\/li>\n\n\n\n<li><strong>Onze-horas<\/strong><\/li>\n\n\n\n<li><strong>Lavanda<\/strong><\/li>\n\n\n\n<li><strong>Rosa-miniatura<\/strong><\/li>\n<\/ul>\n\n\n\n<h3 class=\"wp-block-heading\">Flores que florescem na primavera\/ver\u00e3o:<\/h3>\n\n\n\n<ul class=\"wp-block-list\">\n<li><strong>Hibisco<\/strong><\/li>\n\n\n\n<li><strong>Z\u00ednia<\/strong><\/li>\n\n\n\n<li><strong>Alamanda<\/strong><\/li>\n<\/ul>\n\n\n\n<h3 class=\"wp-block-heading\">Flores de outono\/inverno:<\/h3>\n\n\n\n<ul class=\"wp-block-list\">\n<li><strong>Cam\u00e9lia<\/strong><\/li>\n\n\n\n<li><strong>Azaleia<\/strong><\/li>\n\n\n\n<li><strong>Cravina<\/strong><\/li>\n<\/ul>\n\n\n\n<p>A dica \u00e9 <strong>combinar esp\u00e9cies perenes com sazonais<\/strong>, para manter o canteiro sempre colorido.<\/p>\n\n\n\n<h2 class=\"wp-block-heading\">Posso combinar flores com outras plantas ornamentais?<\/h2>\n\n\n\n<p>Sim! A fachada pode ficar ainda mais bonita combinando flores com <strong>plantas ornamentais<\/strong>, como:<\/p>\n\n\n\n<ul class=\"wp-block-list\">\n<li><strong>Buxinhos<\/strong><\/li>\n\n\n\n<li><strong>Espada-de-s\u00e3o-jorge<\/strong><\/li>\n\n\n\n<li><strong>Dracena<\/strong><\/li>\n\n\n\n<li><strong>Palmeira-leque<\/strong><\/li>\n\n\n\n<li><strong>Samambaia<\/strong> (para varandas cobertas)<\/li>\n<\/ul>\n\n\n\n<p>Essas plantas ajudam a dar estrutura, volume e textura ao jardim da entrada.<\/p>\n\n\n\n<h2 class=\"wp-block-heading\">FAQ <\/h2>\n\n\n\n<p><strong>1. Qual a flor mais resistente para fachada com muito sol?<\/strong><br>A <strong>ixora<\/strong>, a <strong>lavanda<\/strong> e a <strong>onze-horas<\/strong> s\u00e3o muito resistentes ao sol pleno e ideais para fachadas com alta incid\u00eancia solar.<\/p>\n\n\n\n<p><strong>2. Posso plantar flores direto na cal\u00e7ada em frente \u00e0 casa?<\/strong><br>Depende das leis municipais. Algumas cidades permitem, desde que n\u00e3o atrapalhem a passagem. Verifique a legisla\u00e7\u00e3o local.<\/p>\n\n\n\n<p><strong>3. Flores atraem muitos insetos para a entrada da casa?<\/strong><br>Algumas sim, como lavanda (atrai abelhas), mas tamb\u00e9m ajudam a manter o equil\u00edbrio natural e afastar pragas indesejadas.<\/p>\n\n\n\n<p><strong>4. Preciso replantar as flores todo ano?<\/strong><br>Nem sempre. Flores <strong>perenes<\/strong> como ixora, ant\u00fario e lavanda duram anos. J\u00e1 as <strong>anuais<\/strong>, como z\u00ednias e tagetes, precisam ser replantadas a cada ciclo.<\/p>\n\n\n\n<p><strong>5. Quais flores s\u00e3o boas para combinar com grama na fachada?<\/strong><br><strong>Onze-horas<\/strong>, <strong>lavanda<\/strong>, <strong>mini-rosas<\/strong> e <strong>tagetes<\/strong> criam bordas coloridas e ficam lindas junto \u00e0 grama.<\/p>\n","protected":false},"excerpt":{"rendered":"<p>A fachada \u00e9 o cart\u00e3o de visitas da casa. Por isso, muitas pessoas investem em flores para dar vida, cor e personalidade ao espa\u00e7o. Mas para ter um jardim florido e bonito na entrada, \u00e9 essencial escolher as esp\u00e9cies certas e seguir alguns cuidados b\u00e1sicos de plantio. Algumas flores precisam de mais sol, outras toleram [&hellip;]<\/p>\n","protected":false},"author":9,"featured_media":19626,"comment_status":"open","ping_status":"open","sticky":false,"template":"","format":"standard","meta":{"_yoast_wpseo_focuskw":"flores fachada","_yoast_wpseo_title":"%%title%% %%page%%","_yoast_wpseo_metadesc":"D\u00ea vida \u00e0 fachada da sua casa com flores ideais para sol ou sombra. Veja como plantar, cuidar e manter o jardim sempre florido.","jnews-multi-image_gallery":[],"jnews_single_post":{"format":"standard"},"jnews_primary_category":[],"jnews_social_meta":[],"jnews_override_counter":[],"footnotes":""},"categories":[136],"post_tag":[2920,2917,2919,2918],"class_list":["post-19614","post","type-post","status-publish","format-standard","has-post-thumbnail","hentry","category-jardinagem","tag-fachada-florida","tag-flores-para-fachada","tag-jardim-na-entrada","tag-paisagismo-residencial"],"yoast_head":"<!-- This site is optimized with the Yoast SEO plugin v24.6 - https:\/\/yoast.com\/wordpress\/plugins\/seo\/ -->\n<title>Flores perfeitas para deixar a entrada da sua casa mais bonita<\/title>\n<meta name=\"description\" content=\"D\u00ea vida \u00e0 fachada da sua casa com flores ideais para sol ou sombra. Veja como plantar, cuidar e manter o jardim sempre florido.\" \/>\n<meta name=\"robots\" content=\"index, follow, max-snippet:-1, max-image-preview:large, max-video-preview:-1\" \/>\n<link rel=\"canonical\" href=\"https:\/\/www.correiobraziliense.com.br\/cbradar\/flores-perfeitas-para-deixar-a-entrada-da-sua-casa-mais-bonita\/\" \/>\n<meta property=\"og:locale\" content=\"pt_BR\" \/>\n<meta property=\"og:type\" content=\"article\" \/>\n<meta property=\"og:title\" content=\"Flores perfeitas para deixar a entrada da sua casa mais bonita\" \/>\n<meta property=\"og:description\" content=\"D\u00ea vida \u00e0 fachada da sua casa com flores ideais para sol ou sombra. Veja como plantar, cuidar e manter o jardim sempre florido.\" \/>\n<meta property=\"og:url\" content=\"https:\/\/www.correiobraziliense.com.br\/cbradar\/flores-perfeitas-para-deixar-a-entrada-da-sua-casa-mais-bonita\/\" \/>\n<meta property=\"og:site_name\" content=\"Correio Braziliense - Radar\" \/>\n<meta property=\"article:published_time\" content=\"2025-04-06T15:10:00+00:00\" \/>\n<meta property=\"og:image\" content=\"https:\/\/www.correiobraziliense.com.br\/cbradar\/wp-content\/uploads\/2025\/04\/flor-fachada-casa_1743875407480.jpg\" \/>\n\t<meta property=\"og:image:width\" content=\"1280\" \/>\n\t<meta property=\"og:image:height\" content=\"720\" \/>\n\t<meta property=\"og:image:type\" content=\"image\/jpeg\" \/>\n<meta name=\"author\" content=\"Daniely Cardoso\" \/>\n<meta name=\"twitter:card\" content=\"summary_large_image\" \/>\n<meta name=\"twitter:label1\" content=\"Escrito por\" \/>\n\t<meta name=\"twitter:data1\" content=\"Daniely Cardoso\" \/>\n\t<meta name=\"twitter:label2\" content=\"Est. tempo de leitura\" \/>\n\t<meta name=\"twitter:data2\" content=\"6 minutos\" \/>\n<!-- \/ Yoast SEO plugin. -->","yoast_head_json":{"title":"Flores perfeitas para deixar a entrada da sua casa mais bonita","description":"D\u00ea vida \u00e0 fachada da sua casa com flores ideais para sol ou sombra. Veja como plantar, cuidar e manter o jardim sempre florido.","robots":{"index":"index","follow":"follow","max-snippet":"max-snippet:-1","max-image-preview":"max-image-preview:large","max-video-preview":"max-video-preview:-1"},"canonical":"https:\/\/www.correiobraziliense.com.br\/cbradar\/flores-perfeitas-para-deixar-a-entrada-da-sua-casa-mais-bonita\/","og_locale":"pt_BR","og_type":"article","og_title":"Flores perfeitas para deixar a entrada da sua casa mais bonita","og_description":"D\u00ea vida \u00e0 fachada da sua casa com flores ideais para sol ou sombra. Veja como plantar, cuidar e manter o jardim sempre florido.","og_url":"https:\/\/www.correiobraziliense.com.br\/cbradar\/flores-perfeitas-para-deixar-a-entrada-da-sua-casa-mais-bonita\/","og_site_name":"Correio Braziliense - Radar","article_published_time":"2025-04-06T15:10:00+00:00","og_image":[{"width":1280,"height":720,"url":"https:\/\/www.correiobraziliense.com.br\/cbradar\/wp-content\/uploads\/2025\/04\/flor-fachada-casa_1743875407480.jpg","type":"image\/jpeg"}],"author":"Daniely Cardoso","twitter_card":"summary_large_image","twitter_misc":{"Escrito por":"Daniely Cardoso","Est. tempo de leitura":"6 minutos"},"schema":{"@context":"https:\/\/schema.org","@graph":[{"@type":"WebPage","@id":"https:\/\/www.correiobraziliense.com.br\/cbradar\/flores-perfeitas-para-deixar-a-entrada-da-sua-casa-mais-bonita\/","url":"https:\/\/www.correiobraziliense.com.br\/cbradar\/flores-perfeitas-para-deixar-a-entrada-da-sua-casa-mais-bonita\/","name":"Flores perfeitas para deixar a entrada da sua casa mais bonita","isPartOf":{"@id":"https:\/\/www.correiobraziliense.com.br\/cbradar\/#website"},"primaryImageOfPage":{"@id":"https:\/\/www.correiobraziliense.com.br\/cbradar\/flores-perfeitas-para-deixar-a-entrada-da-sua-casa-mais-bonita\/#primaryimage"},"image":{"@id":"https:\/\/www.correiobraziliense.com.br\/cbradar\/flores-perfeitas-para-deixar-a-entrada-da-sua-casa-mais-bonita\/#primaryimage"},"thumbnailUrl":"https:\/\/www.correiobraziliense.com.br\/cbradar\/wp-content\/uploads\/2025\/04\/flor-fachada-casa_1743875407480.jpg","datePublished":"2025-04-06T15:10:00+00:00","author":{"@id":"https:\/\/www.correiobraziliense.com.br\/cbradar\/#\/schema\/person\/7356666e12ec0ee53f348ee5db227032"},"description":"D\u00ea vida \u00e0 fachada da sua casa com flores ideais para sol ou sombra. Veja como plantar, cuidar e manter o jardim sempre florido.","breadcrumb":{"@id":"https:\/\/www.correiobraziliense.com.br\/cbradar\/flores-perfeitas-para-deixar-a-entrada-da-sua-casa-mais-bonita\/#breadcrumb"},"inLanguage":"pt-BR","potentialAction":[{"@type":"ReadAction","target":["https:\/\/www.correiobraziliense.com.br\/cbradar\/flores-perfeitas-para-deixar-a-entrada-da-sua-casa-mais-bonita\/"]}]},{"@type":"ImageObject","inLanguage":"pt-BR","@id":"https:\/\/www.correiobraziliense.com.br\/cbradar\/flores-perfeitas-para-deixar-a-entrada-da-sua-casa-mais-bonita\/#primaryimage","url":"https:\/\/www.correiobraziliense.com.br\/cbradar\/wp-content\/uploads\/2025\/04\/flor-fachada-casa_1743875407480.jpg","contentUrl":"https:\/\/www.correiobraziliense.com.br\/cbradar\/wp-content\/uploads\/2025\/04\/flor-fachada-casa_1743875407480.jpg","width":1280,"height":720,"caption":"Fachada da casa com flores - Cr\u00e9ditos: depositphotos.com \/ IgorVetushko"},{"@type":"BreadcrumbList","@id":"https:\/\/www.correiobraziliense.com.br\/cbradar\/flores-perfeitas-para-deixar-a-entrada-da-sua-casa-mais-bonita\/#breadcrumb","itemListElement":[{"@type":"ListItem","position":1,"name":"In\u00edcio","item":"https:\/\/www.correiobraziliense.com.br\/cbradar\/"},{"@type":"ListItem","position":2,"name":"Flores perfeitas para deixar a entrada da sua casa mais bonita"}]},{"@type":"WebSite","@id":"https:\/\/www.correiobraziliense.com.br\/cbradar\/#website","url":"https:\/\/www.correiobraziliense.com.br\/cbradar\/","name":"Correio Braziliense - Radar","description":"Acompanhe as \u00faltimas not\u00edcias e fique bem informado sobre tudo o que acontece no Brasil e no mundo.","potentialAction":[{"@type":"SearchAction","target":{"@type":"EntryPoint","urlTemplate":"https:\/\/www.correiobraziliense.com.br\/cbradar\/?s={search_term_string}"},"query-input":{"@type":"PropertyValueSpecification","valueRequired":true,"valueName":"search_term_string"}}],"inLanguage":"pt-BR"},{"@type":"Person","@id":"https:\/\/www.correiobraziliense.com.br\/cbradar\/#\/schema\/person\/7356666e12ec0ee53f348ee5db227032","name":"Daniely Cardoso","image":{"@type":"ImageObject","inLanguage":"pt-BR","@id":"https:\/\/www.correiobraziliense.com.br\/cbradar\/#\/schema\/person\/image\/","url":"https:\/\/secure.gravatar.com\/avatar\/4b80ddbd124d1f071b626d52d62e5dff?s=96&d=mm&r=g","contentUrl":"https:\/\/secure.gravatar.com\/avatar\/4b80ddbd124d1f071b626d52d62e5dff?s=96&d=mm&r=g","caption":"Daniely Cardoso"},"description":"Redatora nos portais CB Radar e EM Foco, formada pela Universidade Federal de Goi\u00e1s, em Goi\u00e2nia. Apaixonada por comunica\u00e7\u00e3o, arte, decora\u00e7\u00e3o e tend\u00eancias, atuo na produ\u00e7\u00e3o de conte\u00fados envolventes sobre curiosidades, moda, beleza e paisagismo, sempre com um olhar atento \u00e0s novidades do momento.","sameAs":["https:\/\/www.correiobraziliense.com.br\/cbradar"],"url":"https:\/\/www.correiobraziliense.com.br\/cbradar\/author\/danielymyth\/"}]}},"_links":{"self":[{"href":"https:\/\/www.correiobraziliense.com.br\/cbradar\/wp-json\/wp\/v2\/posts\/19614","targetHints":{"allow":["GET"]}}],"collection":[{"href":"https:\/\/www.correiobraziliense.com.br\/cbradar\/wp-json\/wp\/v2\/posts"}],"about":[{"href":"https:\/\/www.correiobraziliense.com.br\/cbradar\/wp-json\/wp\/v2\/types\/post"}],"author":[{"embeddable":true,"href":"https:\/\/www.correiobraziliense.com.br\/cbradar\/wp-json\/wp\/v2\/users\/9"}],"replies":[{"embeddable":true,"href":"https:\/\/www.correiobraziliense.com.br\/cbradar\/wp-json\/wp\/v2\/comments?post=19614"}],"version-history":[{"count":3,"href":"https:\/\/www.correiobraziliense.com.br\/cbradar\/wp-json\/wp\/v2\/posts\/19614\/revisions"}],"predecessor-version":[{"id":19627,"href":"https:\/\/www.correiobraziliense.com.br\/cbradar\/wp-json\/wp\/v2\/posts\/19614\/revisions\/19627"}],"wp:featuredmedia":[{"embeddable":true,"href":"https:\/\/www.correiobraziliense.com.br\/cbradar\/wp-json\/wp\/v2\/media\/19626"}],"wp:attachment":[{"href":"https:\/\/www.correiobraziliense.com.br\/cbradar\/wp-json\/wp\/v2\/media?parent=19614"}],"wp:term":[{"taxonomy":"category","embeddable":true,"href":"https:\/\/www.correiobraziliense.com.br\/cbradar\/wp-json\/wp\/v2\/categories?post=19614"},{"taxonomy":"post_tag","embeddable":true,"href":"https:\/\/www.correiobraziliense.com.br\/cbradar\/wp-json\/wp\/v2\/post_tag?post=19614"}],"curies":[{"name":"wp","href":"https:\/\/api.w.org\/{rel}","templated":true}]}}