{"id":19633,"date":"2025-04-07T08:10:00","date_gmt":"2025-04-07T11:10:00","guid":{"rendered":"https:\/\/www.correiobraziliense.com.br\/cbradar\/?p=19633"},"modified":"2025-04-07T01:03:56","modified_gmt":"2025-04-07T04:03:56","slug":"conheca-os-beneficios-da-aloe-vera-para-sua-saude","status":"publish","type":"post","link":"https:\/\/www.correiobraziliense.com.br\/cbradar\/conheca-os-beneficios-da-aloe-vera-para-sua-saude\/","title":{"rendered":"Conhe\u00e7a os benef\u00edcios da aloe-vera para sua sa\u00fade!"},"content":{"rendered":"\n<p>A<a href=\"https:\/\/pt.wikipedia.org\/wiki\/Aloe_vera\" target=\"_blank\" rel=\"noreferrer noopener\"> <strong>aloe-vera<\/strong><\/a>, tamb\u00e9m conhecida como <strong>babosa<\/strong> no <strong><a href=\"https:\/\/www.correiobraziliense.com.br\/cbradar\/um-lugar-com-cavernas-incriveis-e-lagos-subterraneos-no-brasil\/\" target=\"_blank\" rel=\"noreferrer noopener\">Brasil<\/a><\/strong>, \u00e9 uma planta que h\u00e1 s\u00e9culos desperta interesse por suas propriedades medicinais e cosm\u00e9ticas. Seu uso vai desde o tratamento de queimaduras at\u00e9 cuidados com a pele e o cabelo, tornando-se cada vez mais comum em casas, quintais e at\u00e9 mesmo em apartamentos.<\/p>\n\n\n\n<p>Neste artigo, vamos explorar tudo sobre a <strong>aloe-vera<\/strong>: seus benef\u00edcios para a sa\u00fade, dicas pr\u00e1ticas para o plantio, cuidados essenciais e at\u00e9 curiosidades sobre seu uso em tratamentos naturais. Prepare-se para descobrir como essa planta pode transformar sua rotina de bem-estar.<\/p>\n\n\n\n<h2 class=\"wp-block-heading\">Quais benef\u00edcios para a sa\u00fade a aloe-vera pode trazer?<\/h2>\n\n\n\n<p>A <strong>aloe-vera<\/strong> \u00e9 rica em vitaminas, minerais, amino\u00e1cidos e antioxidantes, que colaboram para o bom funcionamento do organismo. Um dos benef\u00edcios mais conhecidos \u00e9 sua capacidade de <strong>acelerar a cicatriza\u00e7\u00e3o<\/strong> de feridas e queimaduras leves, gra\u00e7as \u00e0s suas propriedades anti-inflamat\u00f3rias e regeneradoras.<\/p>\n\n\n\n<p>Al\u00e9m disso, estudos apontam que ela pode <strong>fortalecer o sistema imunol\u00f3gico<\/strong>, melhorar a digest\u00e3o e auxiliar no controle dos n\u00edveis de glicose no sangue. Seu gel natural tamb\u00e9m \u00e9 usado como hidratante, promovendo a sa\u00fade da pele e combatendo o envelhecimento precoce.<\/p>\n\n\n<div class=\"wp-block-image\">\n<figure class=\"aligncenter size-large\"><img decoding=\"async\" width=\"1024\" height=\"576\" src=\"https:\/\/www.correiobraziliense.com.br\/cbradar\/wp-content\/uploads\/2025\/04\/aloe-vera_1743876620532-1024x576.jpg\" alt=\"\" class=\"wp-image-19646\" srcset=\"https:\/\/www.correiobraziliense.com.br\/cbradar\/wp-content\/uploads\/2025\/04\/aloe-vera_1743876620532-1024x576.jpg 1024w, https:\/\/www.correiobraziliense.com.br\/cbradar\/wp-content\/uploads\/2025\/04\/aloe-vera_1743876620532-300x169.jpg 300w, https:\/\/www.correiobraziliense.com.br\/cbradar\/wp-content\/uploads\/2025\/04\/aloe-vera_1743876620532-768x432.jpg 768w, https:\/\/www.correiobraziliense.com.br\/cbradar\/wp-content\/uploads\/2025\/04\/aloe-vera_1743876620532-750x422.jpg 750w, https:\/\/www.correiobraziliense.com.br\/cbradar\/wp-content\/uploads\/2025\/04\/aloe-vera_1743876620532-1140x642.jpg 1140w, https:\/\/www.correiobraziliense.com.br\/cbradar\/wp-content\/uploads\/2025\/04\/aloe-vera_1743876620532.jpg 1279w\" sizes=\"(max-width: 1024px) 100vw, 1024px\" \/><figcaption class=\"wp-element-caption\">Cr\u00e9ditos: depositphotos.com \/ sommaill<\/figcaption><\/figure><\/div>\n\n\n<h2 class=\"wp-block-heading\">\u00c9 verdade que ela combate doen\u00e7as?<\/h2>\n\n\n\n<p>Sim, diversos estudos j\u00e1 investigaram o potencial da <strong>aloe-vera<\/strong> no combate a doen\u00e7as. Seu consumo moderado pode ajudar no tratamento de <strong>\u00falceras estomacais<\/strong>, <strong>problemas intestinais<\/strong> e <strong>inflama\u00e7\u00f5es<\/strong>. Tamb\u00e9m \u00e9 utilizada como complemento natural para auxiliar no tratamento de <strong>doen\u00e7as autoimunes<\/strong> e <strong>alergias<\/strong>.<\/p>\n\n\n\n<p>Al\u00e9m disso, a presen\u00e7a de compostos bioativos como a alo\u00edna e os polissacar\u00eddeos confere \u00e0 <strong>aloe-vera<\/strong> propriedades <strong>antivirais, antibacterianas e antif\u00fangicas<\/strong>. Contudo, \u00e9 importante refor\u00e7ar que seu uso medicinal deve ser feito com orienta\u00e7\u00e3o de um profissional da sa\u00fade, especialmente se ingerida.<\/p>\n\n\n\n<h2 class=\"wp-block-heading\">Quais os outros benef\u00edcios da aloe-vera?<\/h2>\n\n\n\n<p>Sim, al\u00e9m dos benef\u00edcios para a sa\u00fade, a <strong>aloe-vera<\/strong> tamb\u00e9m \u00e9 uma excelente aliada nos cuidados est\u00e9ticos. Seu uso em produtos capilares ajuda a <strong>hidratar profundamente os fios<\/strong>, combater a caspa e estimular o crescimento saud\u00e1vel do cabelo. J\u00e1 na pele, atua como calmante natural para irrita\u00e7\u00f5es e alergias.<\/p>\n\n\n\n<p>Outro benef\u00edcio importante \u00e9 sua fun\u00e7\u00e3o purificadora do ar. A <strong>aloe-vera<\/strong> ajuda a <strong>filtrar toxinas<\/strong> presentes no ambiente, como o benzeno e o formalde\u00eddo, sendo perfeita para quem busca uma casa mais saud\u00e1vel e natural. Vers\u00e1til, ela ainda pode ser usada em receitas caseiras de beleza e sa\u00fade.<\/p>\n\n\n\n<h2 class=\"wp-block-heading\">Como essa planta pode fazer parte do dia a dia?<\/h2>\n\n\n\n<p>Incorporar a <strong>aloe-vera<\/strong> na rotina \u00e9 mais f\u00e1cil do que se imagina. Seu gel pode ser extra\u00eddo diretamente da folha e usado em m\u00e1scaras faciais, lo\u00e7\u00f5es p\u00f3s-sol e at\u00e9 em sucos naturais \u2014 desde que seja preparado corretamente. \u00c9 uma forma pr\u00e1tica de aproveitar suas propriedades sem recorrer a produtos industrializados.<\/p>\n\n\n\n<p>Al\u00e9m disso, ela pode ser um \u00f3timo elemento decorativo para ambientes internos e externos, unindo beleza e funcionalidade. Ter um vaso desta planta em casa \u00e9 como ter um pequeno kit de primeiros socorros natural sempre \u00e0 m\u00e3o, pronto para hidratar, tratar e purificar.<\/p>\n\n\n\n<h2 class=\"wp-block-heading\">Quais s\u00e3o os requisitos para plant\u00e1-la em casa?<\/h2>\n\n\n\n<p>Cultivar a <strong>aloe-vera<\/strong> em casa \u00e9 mais simples do que parece. Essa planta prefere <strong>locais ensolarados<\/strong>, por isso, escolha um espa\u00e7o onde ela receba pelo menos <strong>4 a 6 horas de luz solar direta por dia<\/strong>. O solo ideal deve ter boa drenagem, evitando ac\u00famulo de \u00e1gua que pode apodrecer as ra\u00edzes.<\/p>\n\n\n\n<p>Voc\u00ea pode plant\u00e1-la em vasos ou diretamente no solo. Se optar por vasos, d\u00ea prefer\u00eancia aos de <strong>barro<\/strong>, que permitem melhor respira\u00e7\u00e3o das ra\u00edzes. Use uma mistura de terra com areia grossa ou perlita para garantir o escoamento da \u00e1gua. E lembre-se: <strong>evite encharcar<\/strong> a planta.<\/p>\n\n\n\n<h2 class=\"wp-block-heading\">Como cuidar?<\/h2>\n\n\n\n<p>Os cuidados com a <strong>aloe-vera<\/strong> s\u00e3o f\u00e1ceis e ideais para quem est\u00e1 come\u00e7ando no cultivo de plantas. A rega deve ser feita apenas quando o solo estiver <strong>completamente seco<\/strong>. Durante os meses mais quentes, uma rega semanal costuma ser suficiente; no inverno, o intervalo pode ser maior.<\/p>\n\n\n\n<p>Outro ponto importante \u00e9 proteger a planta de geadas ou temperaturas abaixo de <strong>10\u00b0C<\/strong>. Tamb\u00e9m \u00e9 fundamental remover folhas secas ou danificadas para estimular o crescimento saud\u00e1vel. A <strong>aloe-vera<\/strong> n\u00e3o exige aduba\u00e7\u00e3o frequente, mas uma dose semestral de adubo org\u00e2nico pode trazer bons resultados.<\/p>\n\n\n\n<h2 class=\"wp-block-heading\">Perguntas frequentes &#8211; (FAQ)<\/h2>\n\n\n\n<p><strong>1. Posso ingerir o gel da aloe-vera diretamente da folha?<\/strong><br>Sim, mas com cuidado. O gel interno pode ser consumido, desde que seja <strong>bem lavado e livre da alo\u00edna<\/strong>, subst\u00e2ncia presente na parte amarela entre a casca e o gel, que pode ser t\u00f3xica.<\/p>\n\n\n\n<p><strong>2. A aloe-vera pode ser usada em animais de estima\u00e7\u00e3o?<\/strong><br>Em geral, o uso t\u00f3pico \u00e9 seguro para animais, mas <strong>nunca deve ser ingerida por c\u00e3es ou gatos<\/strong>, pois pode causar intoxica\u00e7\u00e3o.<\/p>\n\n\n\n<p><strong>3. Como saber se a planta est\u00e1 saud\u00e1vel?<\/strong><br>Folhas firmes, espessas e de cor verde intensa s\u00e3o sinais de sa\u00fade. Folhas murchas ou manchadas indicam excesso de \u00e1gua, ou pouca luz solar.<\/p>\n\n\n\n<p><strong>4. A aloe-vera cresce r\u00e1pido?<\/strong><br>N\u00e3o muito. O crescimento \u00e9 moderado, especialmente se cultivada em vasos. Com os cuidados corretos, ela se desenvolve bem ao longo do ano.<\/p>\n\n\n\n<p><strong>5. Existe diferen\u00e7a entre aloe-vera e babosa comum?<\/strong><br>A <strong>aloe-vera<\/strong> \u00e9 uma esp\u00e9cie de babosa espec\u00edfica, mais rica em nutrientes. Embora todas sejam chamadas de babosa, nem todas t\u00eam as mesmas propriedades medicinais da planta.<\/p>\n\n\n\n<hr class=\"wp-block-separator has-alpha-channel-opacity\"\/>\n","protected":false},"excerpt":{"rendered":"<p>A aloe-vera, tamb\u00e9m conhecida como babosa no Brasil, \u00e9 uma planta que h\u00e1 s\u00e9culos desperta interesse por suas propriedades medicinais e cosm\u00e9ticas. Seu uso vai desde o tratamento de queimaduras at\u00e9 cuidados com a pele e o cabelo, tornando-se cada vez mais comum em casas, quintais e at\u00e9 mesmo em apartamentos. Neste artigo, vamos explorar [&hellip;]<\/p>\n","protected":false},"author":8,"featured_media":19645,"comment_status":"open","ping_status":"open","sticky":false,"template":"","format":"standard","meta":{"_yoast_wpseo_focuskw":"aloe-vera","_yoast_wpseo_title":"","_yoast_wpseo_metadesc":"Conhe\u00e7a os benef\u00edcios da aloe-vera para a sa\u00fade e veja como essa planta poderosa pode transformar seu bem-estar de forma natural.","jnews-multi-image_gallery":[],"jnews_single_post":{"format":"standard"},"jnews_primary_category":[],"jnews_social_meta":[],"jnews_override_counter":[],"footnotes":""},"categories":[119,136],"post_tag":[2058,137,565],"class_list":["post-19633","post","type-post","status-publish","format-standard","has-post-thumbnail","hentry","category-bem-estar","category-jardinagem","tag-aloe-vera","tag-como-plantar","tag-saude"],"yoast_head":"<!-- This site is optimized with the Yoast SEO plugin v24.6 - https:\/\/yoast.com\/wordpress\/plugins\/seo\/ -->\n<title>Conhe\u00e7a os benef\u00edcios da aloe-vera para sua sa\u00fade! - Correio Braziliense - Radar<\/title>\n<meta name=\"description\" content=\"Conhe\u00e7a os benef\u00edcios da aloe-vera para a sa\u00fade e veja como essa planta poderosa pode transformar seu bem-estar de forma natural.\" \/>\n<meta name=\"robots\" content=\"index, follow, max-snippet:-1, max-image-preview:large, max-video-preview:-1\" \/>\n<link rel=\"canonical\" href=\"https:\/\/www.correiobraziliense.com.br\/cbradar\/conheca-os-beneficios-da-aloe-vera-para-sua-saude\/\" \/>\n<meta property=\"og:locale\" content=\"pt_BR\" \/>\n<meta property=\"og:type\" content=\"article\" \/>\n<meta property=\"og:title\" content=\"Conhe\u00e7a os benef\u00edcios da aloe-vera para sua sa\u00fade! - Correio Braziliense - Radar\" \/>\n<meta property=\"og:description\" content=\"Conhe\u00e7a os benef\u00edcios da aloe-vera para a sa\u00fade e veja como essa planta poderosa pode transformar seu bem-estar de forma natural.\" \/>\n<meta property=\"og:url\" content=\"https:\/\/www.correiobraziliense.com.br\/cbradar\/conheca-os-beneficios-da-aloe-vera-para-sua-saude\/\" \/>\n<meta property=\"og:site_name\" content=\"Correio Braziliense - Radar\" \/>\n<meta property=\"article:published_time\" content=\"2025-04-07T11:10:00+00:00\" \/>\n<meta property=\"og:image\" content=\"https:\/\/www.correiobraziliense.com.br\/cbradar\/wp-content\/uploads\/2025\/04\/aloe-vera_1743876587364.jpg\" \/>\n\t<meta property=\"og:image:width\" content=\"1280\" \/>\n\t<meta property=\"og:image:height\" content=\"720\" \/>\n\t<meta property=\"og:image:type\" content=\"image\/jpeg\" \/>\n<meta name=\"author\" content=\"Maura Pereira\" \/>\n<meta name=\"twitter:card\" content=\"summary_large_image\" \/>\n<meta name=\"twitter:label1\" content=\"Escrito por\" \/>\n\t<meta name=\"twitter:data1\" content=\"Maura Pereira\" \/>\n\t<meta name=\"twitter:label2\" content=\"Est. tempo de leitura\" \/>\n\t<meta name=\"twitter:data2\" content=\"6 minutos\" \/>\n<!-- \/ Yoast SEO plugin. -->","yoast_head_json":{"title":"Conhe\u00e7a os benef\u00edcios da aloe-vera para sua sa\u00fade! - Correio Braziliense - Radar","description":"Conhe\u00e7a os benef\u00edcios da aloe-vera para a sa\u00fade e veja como essa planta poderosa pode transformar seu bem-estar de forma natural.","robots":{"index":"index","follow":"follow","max-snippet":"max-snippet:-1","max-image-preview":"max-image-preview:large","max-video-preview":"max-video-preview:-1"},"canonical":"https:\/\/www.correiobraziliense.com.br\/cbradar\/conheca-os-beneficios-da-aloe-vera-para-sua-saude\/","og_locale":"pt_BR","og_type":"article","og_title":"Conhe\u00e7a os benef\u00edcios da aloe-vera para sua sa\u00fade! - Correio Braziliense - Radar","og_description":"Conhe\u00e7a os benef\u00edcios da aloe-vera para a sa\u00fade e veja como essa planta poderosa pode transformar seu bem-estar de forma natural.","og_url":"https:\/\/www.correiobraziliense.com.br\/cbradar\/conheca-os-beneficios-da-aloe-vera-para-sua-saude\/","og_site_name":"Correio Braziliense - Radar","article_published_time":"2025-04-07T11:10:00+00:00","og_image":[{"width":1280,"height":720,"url":"https:\/\/www.correiobraziliense.com.br\/cbradar\/wp-content\/uploads\/2025\/04\/aloe-vera_1743876587364.jpg","type":"image\/jpeg"}],"author":"Maura Pereira","twitter_card":"summary_large_image","twitter_misc":{"Escrito por":"Maura Pereira","Est. tempo de leitura":"6 minutos"},"schema":{"@context":"https:\/\/schema.org","@graph":[{"@type":"WebPage","@id":"https:\/\/www.correiobraziliense.com.br\/cbradar\/conheca-os-beneficios-da-aloe-vera-para-sua-saude\/","url":"https:\/\/www.correiobraziliense.com.br\/cbradar\/conheca-os-beneficios-da-aloe-vera-para-sua-saude\/","name":"Conhe\u00e7a os benef\u00edcios da aloe-vera para sua sa\u00fade! - Correio Braziliense - Radar","isPartOf":{"@id":"https:\/\/www.correiobraziliense.com.br\/cbradar\/#website"},"primaryImageOfPage":{"@id":"https:\/\/www.correiobraziliense.com.br\/cbradar\/conheca-os-beneficios-da-aloe-vera-para-sua-saude\/#primaryimage"},"image":{"@id":"https:\/\/www.correiobraziliense.com.br\/cbradar\/conheca-os-beneficios-da-aloe-vera-para-sua-saude\/#primaryimage"},"thumbnailUrl":"https:\/\/www.correiobraziliense.com.br\/cbradar\/wp-content\/uploads\/2025\/04\/aloe-vera_1743876587364.jpg","datePublished":"2025-04-07T11:10:00+00:00","author":{"@id":"https:\/\/www.correiobraziliense.com.br\/cbradar\/#\/schema\/person\/4053c651a9bfc785afc6f4cbc9032fd3"},"description":"Conhe\u00e7a os benef\u00edcios da aloe-vera para a sa\u00fade e veja como essa planta poderosa pode transformar seu bem-estar de forma natural.","breadcrumb":{"@id":"https:\/\/www.correiobraziliense.com.br\/cbradar\/conheca-os-beneficios-da-aloe-vera-para-sua-saude\/#breadcrumb"},"inLanguage":"pt-BR","potentialAction":[{"@type":"ReadAction","target":["https:\/\/www.correiobraziliense.com.br\/cbradar\/conheca-os-beneficios-da-aloe-vera-para-sua-saude\/"]}]},{"@type":"ImageObject","inLanguage":"pt-BR","@id":"https:\/\/www.correiobraziliense.com.br\/cbradar\/conheca-os-beneficios-da-aloe-vera-para-sua-saude\/#primaryimage","url":"https:\/\/www.correiobraziliense.com.br\/cbradar\/wp-content\/uploads\/2025\/04\/aloe-vera_1743876587364.jpg","contentUrl":"https:\/\/www.correiobraziliense.com.br\/cbradar\/wp-content\/uploads\/2025\/04\/aloe-vera_1743876587364.jpg","width":1280,"height":720,"caption":"Aloe-vera \/\/ Cr\u00e9ditos: depositphotos.com \/ swkunst"},{"@type":"BreadcrumbList","@id":"https:\/\/www.correiobraziliense.com.br\/cbradar\/conheca-os-beneficios-da-aloe-vera-para-sua-saude\/#breadcrumb","itemListElement":[{"@type":"ListItem","position":1,"name":"In\u00edcio","item":"https:\/\/www.correiobraziliense.com.br\/cbradar\/"},{"@type":"ListItem","position":2,"name":"Conhe\u00e7a os benef\u00edcios da aloe-vera para sua sa\u00fade!"}]},{"@type":"WebSite","@id":"https:\/\/www.correiobraziliense.com.br\/cbradar\/#website","url":"https:\/\/www.correiobraziliense.com.br\/cbradar\/","name":"Correio Braziliense - Radar","description":"Acompanhe as \u00faltimas not\u00edcias e fique bem informado sobre tudo o que acontece no Brasil e no mundo.","potentialAction":[{"@type":"SearchAction","target":{"@type":"EntryPoint","urlTemplate":"https:\/\/www.correiobraziliense.com.br\/cbradar\/?s={search_term_string}"},"query-input":{"@type":"PropertyValueSpecification","valueRequired":true,"valueName":"search_term_string"}}],"inLanguage":"pt-BR"},{"@type":"Person","@id":"https:\/\/www.correiobraziliense.com.br\/cbradar\/#\/schema\/person\/4053c651a9bfc785afc6f4cbc9032fd3","name":"Maura Pereira","image":{"@type":"ImageObject","inLanguage":"pt-BR","@id":"https:\/\/www.correiobraziliense.com.br\/cbradar\/#\/schema\/person\/image\/","url":"https:\/\/secure.gravatar.com\/avatar\/3effd6bdadfa447f15089c7f7144eaa6?s=96&d=mm&r=g","contentUrl":"https:\/\/secure.gravatar.com\/avatar\/3effd6bdadfa447f15089c7f7144eaa6?s=96&d=mm&r=g","caption":"Maura Pereira"},"sameAs":["https:\/\/www.correiobraziliense.com.br\/"],"url":"https:\/\/www.correiobraziliense.com.br\/cbradar\/author\/mauramyth\/"}]}},"_links":{"self":[{"href":"https:\/\/www.correiobraziliense.com.br\/cbradar\/wp-json\/wp\/v2\/posts\/19633","targetHints":{"allow":["GET"]}}],"collection":[{"href":"https:\/\/www.correiobraziliense.com.br\/cbradar\/wp-json\/wp\/v2\/posts"}],"about":[{"href":"https:\/\/www.correiobraziliense.com.br\/cbradar\/wp-json\/wp\/v2\/types\/post"}],"author":[{"embeddable":true,"href":"https:\/\/www.correiobraziliense.com.br\/cbradar\/wp-json\/wp\/v2\/users\/8"}],"replies":[{"embeddable":true,"href":"https:\/\/www.correiobraziliense.com.br\/cbradar\/wp-json\/wp\/v2\/comments?post=19633"}],"version-history":[{"count":12,"href":"https:\/\/www.correiobraziliense.com.br\/cbradar\/wp-json\/wp\/v2\/posts\/19633\/revisions"}],"predecessor-version":[{"id":20313,"href":"https:\/\/www.correiobraziliense.com.br\/cbradar\/wp-json\/wp\/v2\/posts\/19633\/revisions\/20313"}],"wp:featuredmedia":[{"embeddable":true,"href":"https:\/\/www.correiobraziliense.com.br\/cbradar\/wp-json\/wp\/v2\/media\/19645"}],"wp:attachment":[{"href":"https:\/\/www.correiobraziliense.com.br\/cbradar\/wp-json\/wp\/v2\/media?parent=19633"}],"wp:term":[{"taxonomy":"category","embeddable":true,"href":"https:\/\/www.correiobraziliense.com.br\/cbradar\/wp-json\/wp\/v2\/categories?post=19633"},{"taxonomy":"post_tag","embeddable":true,"href":"https:\/\/www.correiobraziliense.com.br\/cbradar\/wp-json\/wp\/v2\/post_tag?post=19633"}],"curies":[{"name":"wp","href":"https:\/\/api.w.org\/{rel}","templated":true}]}}