{"id":19634,"date":"2025-04-07T09:10:00","date_gmt":"2025-04-07T12:10:00","guid":{"rendered":"https:\/\/www.correiobraziliense.com.br\/cbradar\/?p=19634"},"modified":"2025-04-07T02:27:43","modified_gmt":"2025-04-07T05:27:43","slug":"os-segredos-do-gengibre-para-a-saude","status":"publish","type":"post","link":"https:\/\/www.correiobraziliense.com.br\/cbradar\/os-segredos-do-gengibre-para-a-saude\/","title":{"rendered":"Os segredos do gengibre para a sa\u00fade"},"content":{"rendered":"\n<p>O <a href=\"https:\/\/pt.wikipedia.org\/wiki\/Gengibre\" target=\"_blank\" rel=\"noreferrer noopener\"><strong>gengibre<\/strong> <\/a>\u00e9 uma planta milenar conhecida por seus usos culin\u00e1rios e terap\u00eauticos. Apesar da sua boa fama no <a href=\"https:\/\/www.correiobraziliense.com.br\/cbradar\/um-lugar-com-cavernas-incriveis-e-lagos-subterraneos-no-brasil\/\" target=\"_blank\" rel=\"noreferrer noopener\"><strong>Brasil<\/strong><\/a>, \u00e9 origin\u00e1rio da <strong>\u00c1sia<\/strong> e conquistou o mundo gra\u00e7as ao seu sabor marcante e \u00e0s suas propriedades medicinais. Hoje, \u00e9 poss\u00edvel cultiv\u00e1-lo em casa e aproveitar todos os seus benef\u00edcios naturais.<\/p>\n\n\n\n<p>Ao longo deste artigo, voc\u00ea vai entender como essa planta pode impactar positivamente a sua sa\u00fade, como plant\u00e1-lo, os cuidados essenciais e at\u00e9 mesmo curiosidades que tornam essa raiz ainda mais especial. Continue a leitura e descubra tudo sobre o <strong>gengibre<\/strong>!<\/p>\n\n\n\n<h2 class=\"wp-block-heading\">Quais s\u00e3o os benef\u00edcios do gengibre para a sa\u00fade?<\/h2>\n\n\n\n<ul class=\"wp-block-list\">\n<li><strong>Sistema imunol\u00f3gico geral:<\/strong> o <strong>gengibre <\/strong>\u00e9 rico em compostos bioativos como gingerol, ele atua como anti-inflamat\u00f3rio natural, ajudando a combater dores musculares, inflama\u00e7\u00f5es e at\u00e9 resfriados. Al\u00e9m disso, sua a\u00e7\u00e3o antioxidante contribui para proteger o organismo contra os danos causados pelos radicais livres.<\/li>\n\n\n\n<li><strong>Melhora na digest\u00e3o:<\/strong> ele estimula a produ\u00e7\u00e3o de enzimas digestivas, reduzindo n\u00e1useas e desconfortos gastrointestinais. Ele tamb\u00e9m tem potencial para equilibrar os n\u00edveis de a\u00e7\u00facar no sangue, tornando-se um suporte para quem busca mais sa\u00fade no dia a dia.<\/li>\n\n\n\n<li><strong>Doen\u00e7as cr\u00f4nicas:<\/strong> pesquisas cient\u00edficas sugerem que o <strong>gengibre<\/strong> pode ser eficaz na preven\u00e7\u00e3o de doen\u00e7as cr\u00f4nicas. Seu poder anti-inflamat\u00f3rio e antioxidante atua como um escudo natural contra doen\u00e7as cardiovasculares, diabetes tipo <strong>II<\/strong> e at\u00e9 alguns tipos de c\u00e2ncer, como o de c\u00f3lon.<\/li>\n\n\n\n<li><strong>Doen\u00e7as neurodegenerativas:<\/strong> h\u00e1 ind\u00edcios de que o <strong>gengibre<\/strong> pode aliviar sintomas de doen\u00e7as neurodegenerativas, como <strong>Alzheimer<\/strong>, por reduzir a inflama\u00e7\u00e3o cerebral. Embora n\u00e3o substitua tratamentos convencionais, o consumo regular da planta pode contribuir para uma vida mais saud\u00e1vel e equilibrada.<\/li>\n<\/ul>\n\n\n<div class=\"wp-block-image\">\n<figure class=\"aligncenter size-large\"><img decoding=\"async\" width=\"1024\" height=\"576\" src=\"https:\/\/www.correiobraziliense.com.br\/cbradar\/wp-content\/uploads\/2025\/04\/Gengibre-_1743877268350-1024x576.jpg\" alt=\"\" class=\"wp-image-19663\" srcset=\"https:\/\/www.correiobraziliense.com.br\/cbradar\/wp-content\/uploads\/2025\/04\/Gengibre-_1743877268350-1024x576.jpg 1024w, https:\/\/www.correiobraziliense.com.br\/cbradar\/wp-content\/uploads\/2025\/04\/Gengibre-_1743877268350-300x169.jpg 300w, https:\/\/www.correiobraziliense.com.br\/cbradar\/wp-content\/uploads\/2025\/04\/Gengibre-_1743877268350-768x432.jpg 768w, https:\/\/www.correiobraziliense.com.br\/cbradar\/wp-content\/uploads\/2025\/04\/Gengibre-_1743877268350-750x422.jpg 750w, https:\/\/www.correiobraziliense.com.br\/cbradar\/wp-content\/uploads\/2025\/04\/Gengibre-_1743877268350-1140x641.jpg 1140w, https:\/\/www.correiobraziliense.com.br\/cbradar\/wp-content\/uploads\/2025\/04\/Gengibre-_1743877268350.jpg 1280w\" sizes=\"(max-width: 1024px) 100vw, 1024px\" \/><figcaption class=\"wp-element-caption\">Cr\u00e9ditos: depositphotos.com \/ VadimVasenin<\/figcaption><\/figure><\/div>\n\n\n<h2 class=\"wp-block-heading\">O gengibre tem outros benef\u00edcios al\u00e9m da sa\u00fade?<\/h2>\n\n\n\n<p>Sim! O <strong>gengibre<\/strong> tamb\u00e9m \u00e9 excelente para quem busca mais energia e disposi\u00e7\u00e3o. Seu efeito termog\u00eanico ajuda a acelerar o metabolismo, promovendo maior queima de calorias e favorecendo processos de <strong>emagrecimento<\/strong>. \u00c9 um aliado natural para quem busca mais vitalidade de forma equilibrada.<\/p>\n\n\n\n<p>Al\u00e9m disso, ele pode ser utilizado em m\u00e1scaras capilares para estimular o crescimento dos fios, ou em esfoliantes corporais, j\u00e1 que ajuda na renova\u00e7\u00e3o celular da pele. Um verdadeiro tesouro natural com m\u00faltiplas aplica\u00e7\u00f5es!<\/p>\n\n\n\n<h2 class=\"wp-block-heading\">Quais s\u00e3o os requisitos para plantar gengibre em casa?<\/h2>\n\n\n\n<p>Plantar <strong>gengibre<\/strong> em casa \u00e9 mais simples do que parece. Para come\u00e7ar, \u00e9 necess\u00e1rio escolher um rizoma saud\u00e1vel, com brotos vis\u00edveis. O solo ideal deve ser f\u00e9rtil, rico em mat\u00e9ria org\u00e2nica e com boa drenagem. Vasos fundos e largos s\u00e3o recomendados para o bom desenvolvimento da raiz.<\/p>\n\n\n\n<p>A localiza\u00e7\u00e3o tamb\u00e9m \u00e9 essencial: o <strong>gengibre<\/strong> prefere ambientes com luz indireta e temperatura entre <strong>22\u00b0C<\/strong> e <strong>30\u00b0C<\/strong>. Regas devem ser feitas com modera\u00e7\u00e3o, mantendo a terra sempre \u00famida, mas nunca encharcada. Com os cuidados certos, \u00e9 poss\u00edvel colher seus pr\u00f3prios rizomas em at\u00e9 <strong>10<\/strong> meses.<\/p>\n\n\n\n<h2 class=\"wp-block-heading\">Como cuidar do gengibre?<\/h2>\n\n\n\n<p>O cuidado com o <strong>gengibre<\/strong> envolve aten\u00e7\u00e3o \u00e0 rega, \u00e0 luz e ao desenvolvimento das ra\u00edzes. Evite expor a planta ao sol direto por muitas horas, pois isso pode ressecar o solo rapidamente e prejudicar o crescimento. Regue de <strong>2<\/strong> a <strong>3<\/strong> vezes por semana, conforme o clima da sua regi\u00e3o.<\/p>\n\n\n\n<p>Tamb\u00e9m \u00e9 importante observar o crescimento do rizoma. A cada <strong>3<\/strong> meses, \u00e9 poss\u00edvel fazer uma leve aduba\u00e7\u00e3o org\u00e2nica para fortalecer a planta. Quando notar que as folhas come\u00e7am a secar, isso pode ser sinal de que o <strong>gengibre<\/strong> est\u00e1 pronto para a colheita. Fa\u00e7a a retirada com cuidado e separe um peda\u00e7o para replantar.<\/p>\n\n\n\n<h2 class=\"wp-block-heading\">Por que o gengibre \u00e9 t\u00e3o popular em culturas milenares?<\/h2>\n\n\n\n<p>O <strong>gengibre<\/strong> \u00e9 utilizado h\u00e1 mais de <strong>5.000<\/strong> anos em civiliza\u00e7\u00f5es como a <strong>chinesa<\/strong> e a <strong>indiana<\/strong>. Ele fazia parte da medicina tradicional, sendo aplicado no tratamento de gripes, problemas respirat\u00f3rios, dores de cabe\u00e7a e at\u00e9 como afrodis\u00edaco. Seu valor simb\u00f3lico tamb\u00e9m era alto, sendo considerado um presente nobre.<\/p>\n\n\n\n<p>Essa tradi\u00e7\u00e3o atravessou s\u00e9culos e chegou at\u00e9 n\u00f3s, fortalecida por estudos cient\u00edficos que comprovam seus efeitos. Hoje, o <strong>gengibre<\/strong> \u00e9 presen\u00e7a garantida em receitas, cosm\u00e9ticos e produtos naturais, mostrando que tradi\u00e7\u00e3o e ci\u00eancia podem caminhar juntas.<\/p>\n\n\n\n<h2 class=\"wp-block-heading\">Perguntas frequentes (FAQ)<\/h2>\n\n\n\n<p><strong>1. Posso consumir todos os dias?<\/strong><br>Sim, o consumo di\u00e1rio do <strong>gengibre<\/strong> \u00e9 seguro para a maioria das pessoas, desde que feito com modera\u00e7\u00e3o, como em ch\u00e1s, sucos ou raspas na comida.<\/p>\n\n\n\n<p><strong>2. Qual \u00e9 a melhor forma de conservar o gengibre fresco?<\/strong><br>O ideal \u00e9 guard\u00e1-lo na geladeira, em um recipiente fechado, para manter sua umidade e sabor por mais tempo.<\/p>\n\n\n\n<p><strong>3. Gengibre pode causar efeitos colaterais?<\/strong><br>Em excesso, pode causar irrita\u00e7\u00f5es estomacais ou interferir em medicamentos anticoagulantes. Consulte sempre um especialista.<\/p>\n\n\n\n<p><strong>4. Gestantes podem consumir gengibre?<\/strong><br>Sim, com modera\u00e7\u00e3o. O <strong>gengibre<\/strong> \u00e9 usado para aliviar n\u00e1useas na gravidez, mas o consumo deve ser orientado por um profissional de sa\u00fade.<\/p>\n\n\n\n<p><strong>5. Quanto tempo leva para colher plantado em casa?<\/strong><br>A colheita pode ser feita entre <strong>8<\/strong> a <strong>10<\/strong> meses ap\u00f3s o plantio, quando as folhas secarem naturalmente.<\/p>\n","protected":false},"excerpt":{"rendered":"<p>O gengibre \u00e9 uma planta milenar conhecida por seus usos culin\u00e1rios e terap\u00eauticos. Apesar da sua boa fama no Brasil, \u00e9 origin\u00e1rio da \u00c1sia e conquistou o mundo gra\u00e7as ao seu sabor marcante e \u00e0s suas propriedades medicinais. Hoje, \u00e9 poss\u00edvel cultiv\u00e1-lo em casa e aproveitar todos os seus benef\u00edcios naturais. Ao longo deste artigo, [&hellip;]<\/p>\n","protected":false},"author":8,"featured_media":19662,"comment_status":"open","ping_status":"open","sticky":false,"template":"","format":"standard","meta":{"_yoast_wpseo_focuskw":"gengibre","_yoast_wpseo_title":"","_yoast_wpseo_metadesc":"Explore os segredos do gengibre, uma raiz milenar com in\u00fameros benef\u00edcios para a sa\u00fade, e descubra seu poder natural.","jnews-multi-image_gallery":[],"jnews_single_post":{"format":"standard"},"jnews_primary_category":[],"jnews_social_meta":[],"jnews_override_counter":[],"footnotes":""},"categories":[119,136],"post_tag":[137,1659,565],"class_list":["post-19634","post","type-post","status-publish","format-standard","has-post-thumbnail","hentry","category-bem-estar","category-jardinagem","tag-como-plantar","tag-gengibre","tag-saude"],"yoast_head":"<!-- This site is optimized with the Yoast SEO plugin v24.6 - https:\/\/yoast.com\/wordpress\/plugins\/seo\/ -->\n<title>Os segredos do gengibre para a sa\u00fade - Correio Braziliense - Radar<\/title>\n<meta name=\"description\" content=\"Explore os segredos do gengibre, uma raiz milenar com in\u00fameros benef\u00edcios para a sa\u00fade, e descubra seu poder natural.\" \/>\n<meta name=\"robots\" content=\"index, follow, max-snippet:-1, max-image-preview:large, max-video-preview:-1\" \/>\n<link rel=\"canonical\" href=\"https:\/\/www.correiobraziliense.com.br\/cbradar\/os-segredos-do-gengibre-para-a-saude\/\" \/>\n<meta property=\"og:locale\" content=\"pt_BR\" \/>\n<meta property=\"og:type\" content=\"article\" \/>\n<meta property=\"og:title\" content=\"Os segredos do gengibre para a sa\u00fade - Correio Braziliense - Radar\" \/>\n<meta property=\"og:description\" content=\"Explore os segredos do gengibre, uma raiz milenar com in\u00fameros benef\u00edcios para a sa\u00fade, e descubra seu poder natural.\" \/>\n<meta property=\"og:url\" content=\"https:\/\/www.correiobraziliense.com.br\/cbradar\/os-segredos-do-gengibre-para-a-saude\/\" \/>\n<meta property=\"og:site_name\" content=\"Correio Braziliense - Radar\" \/>\n<meta property=\"article:published_time\" content=\"2025-04-07T12:10:00+00:00\" \/>\n<meta property=\"og:image\" content=\"https:\/\/www.correiobraziliense.com.br\/cbradar\/wp-content\/uploads\/2025\/04\/Gengibre-_1743877251202.jpg\" \/>\n\t<meta property=\"og:image:width\" content=\"1280\" \/>\n\t<meta property=\"og:image:height\" content=\"720\" \/>\n\t<meta property=\"og:image:type\" content=\"image\/jpeg\" \/>\n<meta name=\"author\" content=\"Maura Pereira\" \/>\n<meta name=\"twitter:card\" content=\"summary_large_image\" \/>\n<meta name=\"twitter:label1\" content=\"Escrito por\" \/>\n\t<meta name=\"twitter:data1\" content=\"Maura Pereira\" \/>\n\t<meta name=\"twitter:label2\" content=\"Est. tempo de leitura\" \/>\n\t<meta name=\"twitter:data2\" content=\"5 minutos\" \/>\n<!-- \/ Yoast SEO plugin. -->","yoast_head_json":{"title":"Os segredos do gengibre para a sa\u00fade - Correio Braziliense - Radar","description":"Explore os segredos do gengibre, uma raiz milenar com in\u00fameros benef\u00edcios para a sa\u00fade, e descubra seu poder natural.","robots":{"index":"index","follow":"follow","max-snippet":"max-snippet:-1","max-image-preview":"max-image-preview:large","max-video-preview":"max-video-preview:-1"},"canonical":"https:\/\/www.correiobraziliense.com.br\/cbradar\/os-segredos-do-gengibre-para-a-saude\/","og_locale":"pt_BR","og_type":"article","og_title":"Os segredos do gengibre para a sa\u00fade - Correio Braziliense - Radar","og_description":"Explore os segredos do gengibre, uma raiz milenar com in\u00fameros benef\u00edcios para a sa\u00fade, e descubra seu poder natural.","og_url":"https:\/\/www.correiobraziliense.com.br\/cbradar\/os-segredos-do-gengibre-para-a-saude\/","og_site_name":"Correio Braziliense - Radar","article_published_time":"2025-04-07T12:10:00+00:00","og_image":[{"width":1280,"height":720,"url":"https:\/\/www.correiobraziliense.com.br\/cbradar\/wp-content\/uploads\/2025\/04\/Gengibre-_1743877251202.jpg","type":"image\/jpeg"}],"author":"Maura Pereira","twitter_card":"summary_large_image","twitter_misc":{"Escrito por":"Maura Pereira","Est. tempo de leitura":"5 minutos"},"schema":{"@context":"https:\/\/schema.org","@graph":[{"@type":"WebPage","@id":"https:\/\/www.correiobraziliense.com.br\/cbradar\/os-segredos-do-gengibre-para-a-saude\/","url":"https:\/\/www.correiobraziliense.com.br\/cbradar\/os-segredos-do-gengibre-para-a-saude\/","name":"Os segredos do gengibre para a sa\u00fade - Correio Braziliense - Radar","isPartOf":{"@id":"https:\/\/www.correiobraziliense.com.br\/cbradar\/#website"},"primaryImageOfPage":{"@id":"https:\/\/www.correiobraziliense.com.br\/cbradar\/os-segredos-do-gengibre-para-a-saude\/#primaryimage"},"image":{"@id":"https:\/\/www.correiobraziliense.com.br\/cbradar\/os-segredos-do-gengibre-para-a-saude\/#primaryimage"},"thumbnailUrl":"https:\/\/www.correiobraziliense.com.br\/cbradar\/wp-content\/uploads\/2025\/04\/Gengibre-_1743877251202.jpg","datePublished":"2025-04-07T12:10:00+00:00","author":{"@id":"https:\/\/www.correiobraziliense.com.br\/cbradar\/#\/schema\/person\/4053c651a9bfc785afc6f4cbc9032fd3"},"description":"Explore os segredos do gengibre, uma raiz milenar com in\u00fameros benef\u00edcios para a sa\u00fade, e descubra seu poder natural.","breadcrumb":{"@id":"https:\/\/www.correiobraziliense.com.br\/cbradar\/os-segredos-do-gengibre-para-a-saude\/#breadcrumb"},"inLanguage":"pt-BR","potentialAction":[{"@type":"ReadAction","target":["https:\/\/www.correiobraziliense.com.br\/cbradar\/os-segredos-do-gengibre-para-a-saude\/"]}]},{"@type":"ImageObject","inLanguage":"pt-BR","@id":"https:\/\/www.correiobraziliense.com.br\/cbradar\/os-segredos-do-gengibre-para-a-saude\/#primaryimage","url":"https:\/\/www.correiobraziliense.com.br\/cbradar\/wp-content\/uploads\/2025\/04\/Gengibre-_1743877251202.jpg","contentUrl":"https:\/\/www.correiobraziliense.com.br\/cbradar\/wp-content\/uploads\/2025\/04\/Gengibre-_1743877251202.jpg","width":1280,"height":720,"caption":"Cresce o interesse por bebidas naturais como o ch\u00e1 de gengibre para cuidar da sa\u00fade respirat\u00f3ria. \/\/ Cr\u00e9ditos: depositphotos.com \/ aboikis"},{"@type":"BreadcrumbList","@id":"https:\/\/www.correiobraziliense.com.br\/cbradar\/os-segredos-do-gengibre-para-a-saude\/#breadcrumb","itemListElement":[{"@type":"ListItem","position":1,"name":"In\u00edcio","item":"https:\/\/www.correiobraziliense.com.br\/cbradar\/"},{"@type":"ListItem","position":2,"name":"Os segredos do gengibre para a sa\u00fade"}]},{"@type":"WebSite","@id":"https:\/\/www.correiobraziliense.com.br\/cbradar\/#website","url":"https:\/\/www.correiobraziliense.com.br\/cbradar\/","name":"Correio Braziliense - Radar","description":"Acompanhe as \u00faltimas not\u00edcias e fique bem informado sobre tudo o que acontece no Brasil e no mundo.","potentialAction":[{"@type":"SearchAction","target":{"@type":"EntryPoint","urlTemplate":"https:\/\/www.correiobraziliense.com.br\/cbradar\/?s={search_term_string}"},"query-input":{"@type":"PropertyValueSpecification","valueRequired":true,"valueName":"search_term_string"}}],"inLanguage":"pt-BR"},{"@type":"Person","@id":"https:\/\/www.correiobraziliense.com.br\/cbradar\/#\/schema\/person\/4053c651a9bfc785afc6f4cbc9032fd3","name":"Maura Pereira","image":{"@type":"ImageObject","inLanguage":"pt-BR","@id":"https:\/\/www.correiobraziliense.com.br\/cbradar\/#\/schema\/person\/image\/","url":"https:\/\/secure.gravatar.com\/avatar\/3effd6bdadfa447f15089c7f7144eaa6?s=96&d=mm&r=g","contentUrl":"https:\/\/secure.gravatar.com\/avatar\/3effd6bdadfa447f15089c7f7144eaa6?s=96&d=mm&r=g","caption":"Maura Pereira"},"sameAs":["https:\/\/www.correiobraziliense.com.br\/"],"url":"https:\/\/www.correiobraziliense.com.br\/cbradar\/author\/mauramyth\/"}]}},"_links":{"self":[{"href":"https:\/\/www.correiobraziliense.com.br\/cbradar\/wp-json\/wp\/v2\/posts\/19634","targetHints":{"allow":["GET"]}}],"collection":[{"href":"https:\/\/www.correiobraziliense.com.br\/cbradar\/wp-json\/wp\/v2\/posts"}],"about":[{"href":"https:\/\/www.correiobraziliense.com.br\/cbradar\/wp-json\/wp\/v2\/types\/post"}],"author":[{"embeddable":true,"href":"https:\/\/www.correiobraziliense.com.br\/cbradar\/wp-json\/wp\/v2\/users\/8"}],"replies":[{"embeddable":true,"href":"https:\/\/www.correiobraziliense.com.br\/cbradar\/wp-json\/wp\/v2\/comments?post=19634"}],"version-history":[{"count":18,"href":"https:\/\/www.correiobraziliense.com.br\/cbradar\/wp-json\/wp\/v2\/posts\/19634\/revisions"}],"predecessor-version":[{"id":20314,"href":"https:\/\/www.correiobraziliense.com.br\/cbradar\/wp-json\/wp\/v2\/posts\/19634\/revisions\/20314"}],"wp:featuredmedia":[{"embeddable":true,"href":"https:\/\/www.correiobraziliense.com.br\/cbradar\/wp-json\/wp\/v2\/media\/19662"}],"wp:attachment":[{"href":"https:\/\/www.correiobraziliense.com.br\/cbradar\/wp-json\/wp\/v2\/media?parent=19634"}],"wp:term":[{"taxonomy":"category","embeddable":true,"href":"https:\/\/www.correiobraziliense.com.br\/cbradar\/wp-json\/wp\/v2\/categories?post=19634"},{"taxonomy":"post_tag","embeddable":true,"href":"https:\/\/www.correiobraziliense.com.br\/cbradar\/wp-json\/wp\/v2\/post_tag?post=19634"}],"curies":[{"name":"wp","href":"https:\/\/api.w.org\/{rel}","templated":true}]}}