{"id":196548,"date":"2026-02-20T15:55:00","date_gmt":"2026-02-20T18:55:00","guid":{"rendered":"https:\/\/www.correiobraziliense.com.br\/cbradar\/?p=196548"},"modified":"2026-02-20T10:59:13","modified_gmt":"2026-02-20T13:59:13","slug":"a-estrategia-natural-com-maca-e-maca-peruana-para-o-diabetes","status":"publish","type":"post","link":"https:\/\/www.correiobraziliense.com.br\/cbradar\/a-estrategia-natural-com-maca-e-maca-peruana-para-o-diabetes\/","title":{"rendered":"A estrat\u00e9gia natural com ma\u00e7\u00e3 e maca peruana para o diabetes"},"content":{"rendered":"\n<p>A diabetes \u00e9 uma condi\u00e7\u00e3o que requer aten\u00e7\u00e3o constante \u00e0 alimenta\u00e7\u00e3o, e recentemente, a <strong>Combina\u00e7\u00e3o de Ma\u00e7\u00e3 e Maca Peruana<\/strong> tem sido estudada por suas poss\u00edveis propriedades ben\u00e9ficas no controle do a\u00e7\u00facar no sangue e na prote\u00e7\u00e3o do f\u00edgado, oferecendo uma alternativa acess\u00edvel para quem busca melhorar a sa\u00fade metab\u00f3lica sem abrir m\u00e3o de uma dieta balanceada.<\/p>\n\n\n\n<p>A ma\u00e7\u00e3 \u00e9 uma fruta com \u00edndice glic\u00eamico baixo, o que significa que ela tende a ajudar a manter a glicose sangu\u00ednea mais est\u00e1vel. Al\u00e9m disso, \u00e9 rica em fibras e antioxidantes, como a quercetina, que podem ter papel na redu\u00e7\u00e3o de processos inflamat\u00f3rios, inclusive no f\u00edgado. O consumo regular de ma\u00e7\u00e3s, dentro de um plano alimentar equilibrado, pode auxiliar no controle do diabetes tipo 2, sem provocar grandes picos de a\u00e7\u00facar no sangue.<\/p>\n\n\n<div class=\"wp-block-image\">\n<figure class=\"aligncenter size-large\"><img decoding=\"async\" width=\"1024\" height=\"576\" src=\"https:\/\/www.correiobraziliense.com.br\/cbradar\/wp-content\/uploads\/2025\/09\/maca_1758232643591-1024x576.jpg\" alt=\"\" class=\"wp-image-105967\" srcset=\"https:\/\/www.correiobraziliense.com.br\/cbradar\/wp-content\/uploads\/2025\/09\/maca_1758232643591-1024x576.jpg 1024w, https:\/\/www.correiobraziliense.com.br\/cbradar\/wp-content\/uploads\/2025\/09\/maca_1758232643591-300x169.jpg 300w, https:\/\/www.correiobraziliense.com.br\/cbradar\/wp-content\/uploads\/2025\/09\/maca_1758232643591-768x432.jpg 768w, https:\/\/www.correiobraziliense.com.br\/cbradar\/wp-content\/uploads\/2025\/09\/maca_1758232643591-750x422.jpg 750w, https:\/\/www.correiobraziliense.com.br\/cbradar\/wp-content\/uploads\/2025\/09\/maca_1758232643591-1140x641.jpg 1140w, https:\/\/www.correiobraziliense.com.br\/cbradar\/wp-content\/uploads\/2025\/09\/maca_1758232643591.jpg 1280w\" sizes=\"(max-width: 1024px) 100vw, 1024px\" \/><figcaption class=\"wp-element-caption\">A combina\u00e7\u00e3o mais promissora para sa\u00fade metab\u00f3lica &#8211; Cr\u00e9ditos: depositphotos.com \/ KateNovikova<\/figcaption><\/figure><\/div>\n\n\n<h2 class=\"wp-block-heading\">Como a maca peruana impacta o metabolismo hep\u00e1tico?<\/h2>\n\n\n\n<p>A maca peruana, por outro lado, pode atuar nas c\u00e9lulas do f\u00edgado gra\u00e7as a seus compostos bioativos, incluindo macamidas e flavonoides. Esses componentes parecem melhorar a resposta das c\u00e9lulas \u00e0 insulina, favorecendo um metabolismo de glicose mais eficiente e contribuindo para o equil\u00edbrio metab\u00f3lico geral.<\/p>\n\n\n\n<p>Al\u00e9m disso, alguns estudos indicam que a maca pode aumentar a atividade de enzimas antioxidantes que protegem o f\u00edgado do estresse oxidativo, comum em pessoas com diabetes. Embora promissora, essa a\u00e7\u00e3o ainda \u00e9 complementar e n\u00e3o substitui medicamentos ou outras interven\u00e7\u00f5es recomendadas pelo m\u00e9dico.<\/p>\n\n\n\n<p>Para compreender melhor os poderosos benef\u00edcios da <strong>maca peruana<\/strong>, assista ao v\u00eddeo a seguir, no qual a <strong>nutricionista<\/strong> explica o assunto de forma clara e did\u00e1tica no canal <strong>Nutri\u00e7\u00e3o Essencial<\/strong>.<\/p>\n\n\n\n<iframe loading=\"lazy\" width=\"1396\" height=\"785\" src=\"https:\/\/www.youtube.com\/embed\/oXkUw-GqeXI\" title=\"Os poderosos benef\u00edcios da MACA PERUANA\" frameborder=\"0\" allow=\"accelerometer; autoplay; clipboard-write; encrypted-media; gyroscope; picture-in-picture; web-share\" referrerpolicy=\"strict-origin-when-cross-origin\" allowfullscreen><\/iframe>\n\n\n\n<h2 class=\"wp-block-heading\">Benef\u00edcios da combina\u00e7\u00e3o de ma\u00e7\u00e3 e maca peruana para o diabetes?<\/h2>\n\n\n\n<p>Juntas, a ma\u00e7\u00e3 e a maca peruana podem oferecer benef\u00edcios em diferentes frentes do cuidado com o diabetes. Enquanto a pectina da ma\u00e7\u00e3 ajuda a retardar a absor\u00e7\u00e3o de a\u00e7\u00facar no intestino, a maca pode favorecer a capta\u00e7\u00e3o de glicose pelas c\u00e9lulas por meio da ativa\u00e7\u00e3o de vias de sinaliza\u00e7\u00e3o como a PI3K\/AKT, o que contribui para melhor sensibilidade \u00e0 insulina.<\/p>\n\n\n\n<p>Para facilitar o entendimento de como essa combina\u00e7\u00e3o pode atuar na sa\u00fade metab\u00f3lica, seguem alguns pontos principais que sintetizam os poss\u00edveis efeitos desses alimentos quando inseridos em uma dieta equilibrada:<\/p>\n\n\n\n<ul class=\"wp-block-list\">\n<li><strong>Controle glic\u00eamico:<\/strong>\u00a0A intera\u00e7\u00e3o entre a pectina da ma\u00e7\u00e3 e compostos da maca pode melhorar a absor\u00e7\u00e3o e a capta\u00e7\u00e3o de glicose.<\/li>\n\n\n\n<li><strong>Sa\u00fade hep\u00e1tica:<\/strong>\u00a0A quercetina da ma\u00e7\u00e3 e as enzimas antioxidantes estimuladas pela maca podem ajudar a proteger o f\u00edgado.<\/li>\n\n\n\n<li><strong>Triglicer\u00eddeos e LDL:<\/strong>\u00a0Algumas pesquisas sugerem que a maca pode auxiliar na redu\u00e7\u00e3o de VLDL, LDL e triglicer\u00eddeos.<\/li>\n\n\n\n<li><strong>Apoio ao microbioma:<\/strong>\u00a0A fibra da ma\u00e7\u00e3 e os polissacar\u00eddeos da maca favorecem o crescimento de bact\u00e9rias intestinais ben\u00e9ficas.<\/li>\n<\/ul>\n\n\n\n<h2 class=\"wp-block-heading\">Como incorporar a ma\u00e7\u00e3 e a maca peruana na dieta de maneira segura?<\/h2>\n\n\n\n<p>Para obter o m\u00e1ximo de benef\u00edcios da ma\u00e7\u00e3, recomenda-se consumi-la com casca e integral, preferencialmente em prepara\u00e7\u00f5es pouco processadas, limitando-se a uma ou duas unidades di\u00e1rias, conforme orienta\u00e7\u00e3o nutricional individual. J\u00e1 a maca peruana \u00e9 geralmente encontrada na forma de p\u00f3 gelatinizado, que pode ser acrescentado a smoothies, sucos, mingaus ou iogurtes naturais.<\/p>\n\n\n\n<p>A dosagem usual de maca varia entre 1 e 3 gramas por dia, de acordo com a toler\u00e2ncia e a recomenda\u00e7\u00e3o de um profissional de sa\u00fade. \u00c9 essencial lembrar que ambos os alimentos atuam como complementos nutricionais e n\u00e3o devem substituir o tratamento m\u00e9dico para diabetes; ajustes na alimenta\u00e7\u00e3o, uso de medicamentos e monitoriza\u00e7\u00e3o da glicemia devem ser sempre acompanhados por um m\u00e9dico ou nutricionista, especialmente em quem faz uso de f\u00e1rmacos hipoglicemiantes.<\/p>\n\n\n<a href=\"https:\/\/www.instagram.com\/dra.annaluisabf\/\" target=\"_blank\" rel=\"noopener\" style=\"text-decoration: none; color: inherit;\">\n    <span style=\"display: inline-block; border: 1px solid #ccc; border-radius: 10px; padding: 15px; max-width: 550px; font-family: sans-serif; box-shadow: 0 2px 5px rgba(0,0,0,0.1); width: 100%;\">\n\n      <!-- T\u00edtulo -->\n      <span style=\"display: block; margin: 0 0 15px 0; font-weight: bold; color: #2c3e50; text-align: center;\">\n        Entre em contato:\n      <\/span>\n\n      <!-- Linha do perfil -->\n      <span style=\"display: flex; align-items: center; gap: 15px;\">\n        <img decoding=\"async\"\n          src=\"https:\/\/www.correiobraziliense.com.br\/cbradar\/wp-content\/uploads\/2025\/08\/dra_anna_luisa.jpeg\"\n          alt=\"Foto da Dra. Anna Lu\u00edsa\"\n          style=\"border-radius: 50%; width: 80px; height: 80px; object-fit: cover;\"\n        \/>\n        <span style=\"display: flex; flex-direction: column;\">\n          <span style=\"font-size: 18px; font-weight: 700; color: #2c3e50;\">Dra. Anna Lu\u00edsa Barbosa Fernandes<\/span>\n          <span style=\"color: #555;\">CRM-GO 33.271<\/span>\n        <\/span>\n      <\/span>\n\n      <!-- Redes -->\n      <span style=\"display: flex; align-items: center; gap: 10px; margin-top: 12px;\">\n        <img decoding=\"async\" src=\"https:\/\/cdn-icons-png.flaticon.com\/24\/1384\/1384063.png\" alt=\"Instagram\" width=\"24\" height=\"24\" \/>\n        <span style=\"text-decoration: underline; color: #2c3e50;\">@dra.annaluisabf<\/span>\n      <\/span>\n\n    <\/span>\n  <\/a>","protected":false},"excerpt":{"rendered":"<p>A diabetes \u00e9 uma condi\u00e7\u00e3o que requer aten\u00e7\u00e3o constante \u00e0 alimenta\u00e7\u00e3o, e recentemente, a Combina\u00e7\u00e3o de Ma\u00e7\u00e3 e Maca Peruana tem sido estudada por suas poss\u00edveis propriedades ben\u00e9ficas no controle do a\u00e7\u00facar no sangue e na prote\u00e7\u00e3o do f\u00edgado, oferecendo uma alternativa acess\u00edvel para quem busca melhorar a sa\u00fade metab\u00f3lica sem abrir m\u00e3o de uma [&hellip;]<\/p>\n","protected":false},"author":14,"featured_media":106209,"comment_status":"open","ping_status":"open","sticky":false,"template":"","format":"standard","meta":{"_yoast_wpseo_focuskw":"Combina\u00e7\u00e3o de Ma\u00e7\u00e3 e Maca Peruana","_yoast_wpseo_title":"","_yoast_wpseo_metadesc":"Ma\u00e7\u00e3 e maca peruana podem apoiar o metabolismo sem substituir tratamento m\u00e9dico.","jnews-multi-image_gallery":[],"jnews_single_post":{"format":"standard"},"jnews_primary_category":[],"jnews_social_meta":[],"jnews_override_counter":[],"footnotes":""},"categories":[4404],"post_tag":[120,247,565],"class_list":["post-196548","post","type-post","status-publish","format-standard","has-post-thumbnail","hentry","category-saude","tag-bem-estar","tag-qualidade-de-vida","tag-saude"],"yoast_head":"<!-- This site is optimized with the Yoast SEO plugin v24.6 - https:\/\/yoast.com\/wordpress\/plugins\/seo\/ -->\n<title>A estrat\u00e9gia natural com ma\u00e7\u00e3 e maca peruana para o diabetes - Correio Braziliense - Radar<\/title>\n<meta name=\"description\" content=\"Ma\u00e7\u00e3 e maca peruana podem apoiar o metabolismo sem substituir tratamento m\u00e9dico.\" \/>\n<meta name=\"robots\" content=\"index, follow, max-snippet:-1, max-image-preview:large, max-video-preview:-1\" \/>\n<link rel=\"canonical\" href=\"https:\/\/www.correiobraziliense.com.br\/cbradar\/a-estrategia-natural-com-maca-e-maca-peruana-para-o-diabetes\/\" \/>\n<meta property=\"og:locale\" content=\"pt_BR\" \/>\n<meta property=\"og:type\" content=\"article\" \/>\n<meta property=\"og:title\" content=\"A estrat\u00e9gia natural com ma\u00e7\u00e3 e maca peruana para o diabetes - Correio Braziliense - Radar\" \/>\n<meta property=\"og:description\" content=\"Ma\u00e7\u00e3 e maca peruana podem apoiar o metabolismo sem substituir tratamento m\u00e9dico.\" \/>\n<meta property=\"og:url\" content=\"https:\/\/www.correiobraziliense.com.br\/cbradar\/a-estrategia-natural-com-maca-e-maca-peruana-para-o-diabetes\/\" \/>\n<meta property=\"og:site_name\" content=\"Correio Braziliense - Radar\" \/>\n<meta property=\"article:published_time\" content=\"2026-02-20T18:55:00+00:00\" \/>\n<meta property=\"og:image\" content=\"https:\/\/www.correiobraziliense.com.br\/cbradar\/wp-content\/uploads\/2025\/09\/Maca-Peruana_1758293601463.jpg\" \/>\n\t<meta property=\"og:image:width\" content=\"1280\" \/>\n\t<meta property=\"og:image:height\" content=\"720\" \/>\n\t<meta property=\"og:image:type\" content=\"image\/jpeg\" \/>\n<meta name=\"author\" content=\"guilherme_saude\" \/>\n<meta name=\"twitter:card\" content=\"summary_large_image\" \/>\n<meta name=\"twitter:label1\" content=\"Escrito por\" \/>\n\t<meta name=\"twitter:data1\" content=\"guilherme_saude\" \/>\n\t<meta name=\"twitter:label2\" content=\"Est. tempo de leitura\" \/>\n\t<meta name=\"twitter:data2\" content=\"8 minutos\" \/>\n<!-- \/ Yoast SEO plugin. -->","yoast_head_json":{"title":"A estrat\u00e9gia natural com ma\u00e7\u00e3 e maca peruana para o diabetes - Correio Braziliense - Radar","description":"Ma\u00e7\u00e3 e maca peruana podem apoiar o metabolismo sem substituir tratamento m\u00e9dico.","robots":{"index":"index","follow":"follow","max-snippet":"max-snippet:-1","max-image-preview":"max-image-preview:large","max-video-preview":"max-video-preview:-1"},"canonical":"https:\/\/www.correiobraziliense.com.br\/cbradar\/a-estrategia-natural-com-maca-e-maca-peruana-para-o-diabetes\/","og_locale":"pt_BR","og_type":"article","og_title":"A estrat\u00e9gia natural com ma\u00e7\u00e3 e maca peruana para o diabetes - Correio Braziliense - Radar","og_description":"Ma\u00e7\u00e3 e maca peruana podem apoiar o metabolismo sem substituir tratamento m\u00e9dico.","og_url":"https:\/\/www.correiobraziliense.com.br\/cbradar\/a-estrategia-natural-com-maca-e-maca-peruana-para-o-diabetes\/","og_site_name":"Correio Braziliense - Radar","article_published_time":"2026-02-20T18:55:00+00:00","og_image":[{"width":1280,"height":720,"url":"https:\/\/www.correiobraziliense.com.br\/cbradar\/wp-content\/uploads\/2025\/09\/Maca-Peruana_1758293601463.jpg","type":"image\/jpeg"}],"author":"guilherme_saude","twitter_card":"summary_large_image","twitter_misc":{"Escrito por":"guilherme_saude","Est. tempo de leitura":"8 minutos"},"schema":{"@context":"https:\/\/schema.org","@graph":[{"@type":"WebPage","@id":"https:\/\/www.correiobraziliense.com.br\/cbradar\/a-estrategia-natural-com-maca-e-maca-peruana-para-o-diabetes\/","url":"https:\/\/www.correiobraziliense.com.br\/cbradar\/a-estrategia-natural-com-maca-e-maca-peruana-para-o-diabetes\/","name":"A estrat\u00e9gia natural com ma\u00e7\u00e3 e maca peruana para o diabetes - Correio Braziliense - Radar","isPartOf":{"@id":"https:\/\/www.correiobraziliense.com.br\/cbradar\/#website"},"primaryImageOfPage":{"@id":"https:\/\/www.correiobraziliense.com.br\/cbradar\/a-estrategia-natural-com-maca-e-maca-peruana-para-o-diabetes\/#primaryimage"},"image":{"@id":"https:\/\/www.correiobraziliense.com.br\/cbradar\/a-estrategia-natural-com-maca-e-maca-peruana-para-o-diabetes\/#primaryimage"},"thumbnailUrl":"https:\/\/www.correiobraziliense.com.br\/cbradar\/wp-content\/uploads\/2025\/09\/Maca-Peruana_1758293601463.jpg","datePublished":"2026-02-20T18:55:00+00:00","author":{"@id":"https:\/\/www.correiobraziliense.com.br\/cbradar\/#\/schema\/person\/5aa4bf3c8fa699c267933611de12978b"},"description":"Ma\u00e7\u00e3 e maca peruana podem apoiar o metabolismo sem substituir tratamento m\u00e9dico.","breadcrumb":{"@id":"https:\/\/www.correiobraziliense.com.br\/cbradar\/a-estrategia-natural-com-maca-e-maca-peruana-para-o-diabetes\/#breadcrumb"},"inLanguage":"pt-BR","potentialAction":[{"@type":"ReadAction","target":["https:\/\/www.correiobraziliense.com.br\/cbradar\/a-estrategia-natural-com-maca-e-maca-peruana-para-o-diabetes\/"]}]},{"@type":"ImageObject","inLanguage":"pt-BR","@id":"https:\/\/www.correiobraziliense.com.br\/cbradar\/a-estrategia-natural-com-maca-e-maca-peruana-para-o-diabetes\/#primaryimage","url":"https:\/\/www.correiobraziliense.com.br\/cbradar\/wp-content\/uploads\/2025\/09\/Maca-Peruana_1758293601463.jpg","contentUrl":"https:\/\/www.correiobraziliense.com.br\/cbradar\/wp-content\/uploads\/2025\/09\/Maca-Peruana_1758293601463.jpg","width":1280,"height":720,"caption":"Ma\u00e7\u00e3 e maca peruana favorecem sensibilidade \u00e0 insulina - Cr\u00e9ditos: depositphotos.com \/ ildi_papp"},{"@type":"BreadcrumbList","@id":"https:\/\/www.correiobraziliense.com.br\/cbradar\/a-estrategia-natural-com-maca-e-maca-peruana-para-o-diabetes\/#breadcrumb","itemListElement":[{"@type":"ListItem","position":1,"name":"In\u00edcio","item":"https:\/\/www.correiobraziliense.com.br\/cbradar\/"},{"@type":"ListItem","position":2,"name":"A estrat\u00e9gia natural com ma\u00e7\u00e3 e maca peruana para o diabetes"}]},{"@type":"WebSite","@id":"https:\/\/www.correiobraziliense.com.br\/cbradar\/#website","url":"https:\/\/www.correiobraziliense.com.br\/cbradar\/","name":"Correio Braziliense - Radar","description":"Acompanhe as \u00faltimas not\u00edcias e fique bem informado sobre tudo o que acontece no Brasil e no mundo.","potentialAction":[{"@type":"SearchAction","target":{"@type":"EntryPoint","urlTemplate":"https:\/\/www.correiobraziliense.com.br\/cbradar\/?s={search_term_string}"},"query-input":{"@type":"PropertyValueSpecification","valueRequired":true,"valueName":"search_term_string"}}],"inLanguage":"pt-BR"},{"@type":"Person","@id":"https:\/\/www.correiobraziliense.com.br\/cbradar\/#\/schema\/person\/5aa4bf3c8fa699c267933611de12978b","name":"guilherme_saude","image":{"@type":"ImageObject","inLanguage":"pt-BR","@id":"https:\/\/www.correiobraziliense.com.br\/cbradar\/#\/schema\/person\/image\/","url":"https:\/\/secure.gravatar.com\/avatar\/df9adfb835d344bc0af109d41756253f?s=96&d=mm&r=g","contentUrl":"https:\/\/secure.gravatar.com\/avatar\/df9adfb835d344bc0af109d41756253f?s=96&d=mm&r=g","caption":"guilherme_saude"},"url":"https:\/\/www.correiobraziliense.com.br\/cbradar\/author\/guilherme_saude\/"}]}},"_links":{"self":[{"href":"https:\/\/www.correiobraziliense.com.br\/cbradar\/wp-json\/wp\/v2\/posts\/196548","targetHints":{"allow":["GET"]}}],"collection":[{"href":"https:\/\/www.correiobraziliense.com.br\/cbradar\/wp-json\/wp\/v2\/posts"}],"about":[{"href":"https:\/\/www.correiobraziliense.com.br\/cbradar\/wp-json\/wp\/v2\/types\/post"}],"author":[{"embeddable":true,"href":"https:\/\/www.correiobraziliense.com.br\/cbradar\/wp-json\/wp\/v2\/users\/14"}],"replies":[{"embeddable":true,"href":"https:\/\/www.correiobraziliense.com.br\/cbradar\/wp-json\/wp\/v2\/comments?post=196548"}],"version-history":[{"count":1,"href":"https:\/\/www.correiobraziliense.com.br\/cbradar\/wp-json\/wp\/v2\/posts\/196548\/revisions"}],"predecessor-version":[{"id":196550,"href":"https:\/\/www.correiobraziliense.com.br\/cbradar\/wp-json\/wp\/v2\/posts\/196548\/revisions\/196550"}],"wp:featuredmedia":[{"embeddable":true,"href":"https:\/\/www.correiobraziliense.com.br\/cbradar\/wp-json\/wp\/v2\/media\/106209"}],"wp:attachment":[{"href":"https:\/\/www.correiobraziliense.com.br\/cbradar\/wp-json\/wp\/v2\/media?parent=196548"}],"wp:term":[{"taxonomy":"category","embeddable":true,"href":"https:\/\/www.correiobraziliense.com.br\/cbradar\/wp-json\/wp\/v2\/categories?post=196548"},{"taxonomy":"post_tag","embeddable":true,"href":"https:\/\/www.correiobraziliense.com.br\/cbradar\/wp-json\/wp\/v2\/post_tag?post=196548"}],"curies":[{"name":"wp","href":"https:\/\/api.w.org\/{rel}","templated":true}]}}