{"id":196560,"date":"2026-02-20T20:25:00","date_gmt":"2026-02-20T23:25:00","guid":{"rendered":"https:\/\/www.correiobraziliense.com.br\/cbradar\/?p=196560"},"modified":"2026-02-20T10:59:29","modified_gmt":"2026-02-20T13:59:29","slug":"dieta-do-ovo-pode-acelerar-perda-de-peso-nos-primeiros-dias","status":"publish","type":"post","link":"https:\/\/www.correiobraziliense.com.br\/cbradar\/dieta-do-ovo-pode-acelerar-perda-de-peso-nos-primeiros-dias\/","title":{"rendered":"Dieta do ovo pode acelerar perda de peso nos primeiros dias"},"content":{"rendered":"\n<p>O ciclo incessante em busca de m\u00e9todos eficazes para emagrecer rapidamente tem levado muitos a considerar o&nbsp;<strong>ovo<\/strong>&nbsp;como uma solu\u00e7\u00e3o promissora. Este alimento, conhecido por seu alto valor proteico, \u00e9 frequentemente destacado nas dietas devido \u00e0 sua capacidade de gerar saciedade, mas \u00e9 essencial compreender a l\u00f3gica metab\u00f3lica subjacente para evitar desvantagens como o efeito sanfona.<\/p>\n\n\n\n<h2 class=\"wp-block-heading\">A dieta do ovo realmente emagrece de forma saud\u00e1vel?<\/h2>\n\n\n\n<p>De acordo com especialistas, a <strong>Dieta do ovo<\/strong> dieta do ovo pode promover perda de peso, por\u00e9m o resultado est\u00e1 ligado principalmente ao d\u00e9ficit cal\u00f3rico, e n\u00e3o a um efeito isolado de queima de gordura. O ovo auxilia no controle da fome, reduzindo a ingest\u00e3o de alimentos ricos em carboidratos refinados e ajudando a estabilizar os n\u00edveis de glicose e insulina no sangue.<\/p>\n\n\n\n<p>Estudos indicam que incluir ovo no caf\u00e9 da manh\u00e3 pode diminuir o consumo cal\u00f3rico ao longo do dia, gra\u00e7as \u00e0 sua a\u00e7\u00e3o sobre horm\u00f4nios como a grelina, respons\u00e1vel pela sensa\u00e7\u00e3o de fome. Institui\u00e7\u00f5es como a Associa\u00e7\u00e3o Americana do Cora\u00e7\u00e3o ressaltam que o sucesso da dieta est\u00e1 no planejamento equilibrado, que deve ser mantido de forma sustent\u00e1vel.<\/p>\n\n\n\n<p>Para compreender melhor como funciona a dieta do ovo e os poss\u00edveis efeitos da promessa de perder 5 kg em 3 dias, assista ao v\u00eddeo a seguir, no qual o educador f\u00edsico <strong>Rafael Aismoto<\/strong> explica o assunto de forma clara e did\u00e1tica no canal <strong>Rafael Aismoto<\/strong>.<\/p>\n\n\n\n<iframe loading=\"lazy\" width=\"1396\" height=\"785\" src=\"https:\/\/www.youtube.com\/embed\/Y8M1uhb44aA\" title=\"DIETA do OVO  - 5kg em 3 dias - Rafael Aismoto\" frameborder=\"0\" allow=\"accelerometer; autoplay; clipboard-write; encrypted-media; gyroscope; picture-in-picture; web-share\" referrerpolicy=\"strict-origin-when-cross-origin\" allowfullscreen><\/iframe>\n\n\n\n<h2 class=\"wp-block-heading\">Como funciona a dieta do ovo no organismo?<\/h2>\n\n\n\n<p>A dieta enfatiza o consumo de ovos combinados com alimentos de baixo \u00edndice glic\u00eamico, limitando a\u00e7\u00facares e farinhas refinadas. Dessa forma, o organismo \u00e9 levado a utilizar a gordura armazenada como fonte de energia, em vez de depender prioritariamente da glicose circulante.<\/p>\n\n\n\n<p>Ao contr\u00e1rio de pr\u00e1ticas de jejum prolongado, a dieta do ovo busca manter o metabolismo ativo, oferecendo nutrientes presentes principalmente na gema, como vitaminas do complexo B e colina. Esses componentes contribuem para uma energia mais est\u00e1vel, evitando picos de insulina e poss\u00edveis epis\u00f3dios de compuls\u00e3o alimentar.<\/p>\n\n\n<div class=\"wp-block-image\">\n<figure class=\"aligncenter size-full\"><img decoding=\"async\" width=\"750\" height=\"375\" src=\"https:\/\/www.correiobraziliense.com.br\/cbradar\/wp-content\/uploads\/2025\/11\/ovos-brancos-e-marrons_1760403080198-750x375-1.webp\" alt=\"\" class=\"wp-image-140661\" srcset=\"https:\/\/www.correiobraziliense.com.br\/cbradar\/wp-content\/uploads\/2025\/11\/ovos-brancos-e-marrons_1760403080198-750x375-1.webp 750w, https:\/\/www.correiobraziliense.com.br\/cbradar\/wp-content\/uploads\/2025\/11\/ovos-brancos-e-marrons_1760403080198-750x375-1-300x150.webp 300w, https:\/\/www.correiobraziliense.com.br\/cbradar\/wp-content\/uploads\/2025\/11\/ovos-brancos-e-marrons_1760403080198-750x375-1-360x180.webp 360w\" sizes=\"(max-width: 750px) 100vw, 750px\" \/><figcaption class=\"wp-element-caption\">A fonte proteica mais eficiente para m\u00fasculos e metabolismo &#8211; Cr\u00e9ditos: depositphotos.com \/ IgorVetushko<\/figcaption><\/figure><\/div>\n\n\n<h2 class=\"wp-block-heading\">Quais alimentos s\u00e3o permitidos no card\u00e1pio da dieta do ovo?<\/h2>\n\n\n\n<p>Durante a aplica\u00e7\u00e3o da dieta do ovo, \u00e9 importante priorizar alimentos que complementem o perfil nutricional do ovo e ajudem na saciedade. Dessa maneira, o card\u00e1pio tende a ser mais equilibrado, favorecendo a perda de peso sem comprometer o aporte de vitaminas, minerais e gorduras saud\u00e1veis.<\/p>\n\n\n\n<ul class=\"wp-block-list\">\n<li>Ovos de diversas formas, como cozidos ou mexidos;<\/li>\n\n\n\n<li>Vegetais com baixo \u00edndice glic\u00eamico e\u00a0<strong>gorduras saud\u00e1veis<\/strong>, como folhas verdes e br\u00f3colis;<\/li>\n\n\n\n<li>Por\u00e7\u00f5es moderadas de abacate e azeite extra virgem;<\/li>\n\n\n\n<li>Frutas como morango, kiwi e lim\u00e3o, que s\u00e3o baixos em a\u00e7\u00facar.<\/li>\n<\/ul>\n\n\n\n<h2 class=\"wp-block-heading\">Qual \u00e9 o objetivo ap\u00f3s os primeiros dias de dieta do ovo?<\/h2>\n\n\n\n<p>Ap\u00f3s tr\u00eas dias com foco maior na dieta do ovo, o objetivo passa a ser a reintrodu\u00e7\u00e3o gradual dos demais grupos alimentares, evitando sobrecargas ao organismo. Esse processo auxilia na preven\u00e7\u00e3o do efeito sanfona e ajuda a consolidar novos h\u00e1bitos alimentares.<\/p>\n\n\n\n<p>Qualquer interven\u00e7\u00e3o que traga resultados deve ser transformada em rotina saud\u00e1vel e duradoura, e n\u00e3o apenas em solu\u00e7\u00e3o r\u00e1pida. A continuidade e a evolu\u00e7\u00e3o do plano precisam ser acompanhadas por profissionais, como nutricionistas ou m\u00e9dicos, garantindo a ingest\u00e3o adequada de todos os nutrientes essenciais \u00e0 sa\u00fade.<\/p>\n\n\n<a href=\"https:\/\/www.instagram.com\/dra.annaluisabf\/\" target=\"_blank\" rel=\"noopener\" style=\"text-decoration: none; color: inherit;\">\n    <span style=\"display: inline-block; border: 1px solid #ccc; border-radius: 10px; padding: 15px; max-width: 550px; font-family: sans-serif; box-shadow: 0 2px 5px rgba(0,0,0,0.1); width: 100%;\">\n\n      <!-- T\u00edtulo -->\n      <span style=\"display: block; margin: 0 0 15px 0; font-weight: bold; color: #2c3e50; text-align: center;\">\n        Entre em contato:\n      <\/span>\n\n      <!-- Linha do perfil -->\n      <span style=\"display: flex; align-items: center; gap: 15px;\">\n        <img decoding=\"async\"\n          src=\"https:\/\/www.correiobraziliense.com.br\/cbradar\/wp-content\/uploads\/2025\/08\/dra_anna_luisa.jpeg\"\n          alt=\"Foto da Dra. Anna Lu\u00edsa\"\n          style=\"border-radius: 50%; width: 80px; height: 80px; object-fit: cover;\"\n        \/>\n        <span style=\"display: flex; flex-direction: column;\">\n          <span style=\"font-size: 18px; font-weight: 700; color: #2c3e50;\">Dra. Anna Lu\u00edsa Barbosa Fernandes<\/span>\n          <span style=\"color: #555;\">CRM-GO 33.271<\/span>\n        <\/span>\n      <\/span>\n\n      <!-- Redes -->\n      <span style=\"display: flex; align-items: center; gap: 10px; margin-top: 12px;\">\n        <img decoding=\"async\" src=\"https:\/\/cdn-icons-png.flaticon.com\/24\/1384\/1384063.png\" alt=\"Instagram\" width=\"24\" height=\"24\" \/>\n        <span style=\"text-decoration: underline; color: #2c3e50;\">@dra.annaluisabf<\/span>\n      <\/span>\n\n    <\/span>\n  <\/a>","protected":false},"excerpt":{"rendered":"<p>O ciclo incessante em busca de m\u00e9todos eficazes para emagrecer rapidamente tem levado muitos a considerar o&nbsp;ovo&nbsp;como uma solu\u00e7\u00e3o promissora. Este alimento, conhecido por seu alto valor proteico, \u00e9 frequentemente destacado nas dietas devido \u00e0 sua capacidade de gerar saciedade, mas \u00e9 essencial compreender a l\u00f3gica metab\u00f3lica subjacente para evitar desvantagens como o efeito sanfona. [&hellip;]<\/p>\n","protected":false},"author":14,"featured_media":39138,"comment_status":"open","ping_status":"open","sticky":false,"template":"","format":"standard","meta":{"_yoast_wpseo_focuskw":"Dieta do ovo","_yoast_wpseo_title":"","_yoast_wpseo_metadesc":"Dieta do ovo pode reduzir fome e calorias, mas exige cuidado na transi\u00e7\u00e3o. Dieta do ovo emagrece pelo d\u00e9ficit cal\u00f3rico e controle da saciedade.","jnews-multi-image_gallery":[],"jnews_single_post":{"format":"standard"},"jnews_primary_category":[],"jnews_social_meta":[],"jnews_override_counter":[],"footnotes":""},"categories":[4404],"post_tag":[120,247,565],"class_list":["post-196560","post","type-post","status-publish","format-standard","has-post-thumbnail","hentry","category-saude","tag-bem-estar","tag-qualidade-de-vida","tag-saude"],"yoast_head":"<!-- This site is optimized with the Yoast SEO plugin v24.6 - https:\/\/yoast.com\/wordpress\/plugins\/seo\/ -->\n<title>Dieta do ovo pode acelerar perda de peso nos primeiros dias - Correio Braziliense - Radar<\/title>\n<meta name=\"description\" content=\"Dieta do ovo pode reduzir fome e calorias, mas exige cuidado na transi\u00e7\u00e3o. Dieta do ovo emagrece pelo d\u00e9ficit cal\u00f3rico e controle da saciedade.\" \/>\n<meta name=\"robots\" content=\"index, follow, max-snippet:-1, max-image-preview:large, max-video-preview:-1\" \/>\n<link rel=\"canonical\" href=\"https:\/\/www.correiobraziliense.com.br\/cbradar\/dieta-do-ovo-pode-acelerar-perda-de-peso-nos-primeiros-dias\/\" \/>\n<meta property=\"og:locale\" content=\"pt_BR\" \/>\n<meta property=\"og:type\" content=\"article\" \/>\n<meta property=\"og:title\" content=\"Dieta do ovo pode acelerar perda de peso nos primeiros dias - Correio Braziliense - Radar\" \/>\n<meta property=\"og:description\" content=\"Dieta do ovo pode reduzir fome e calorias, mas exige cuidado na transi\u00e7\u00e3o. Dieta do ovo emagrece pelo d\u00e9ficit cal\u00f3rico e controle da saciedade.\" \/>\n<meta property=\"og:url\" content=\"https:\/\/www.correiobraziliense.com.br\/cbradar\/dieta-do-ovo-pode-acelerar-perda-de-peso-nos-primeiros-dias\/\" \/>\n<meta property=\"og:site_name\" content=\"Correio Braziliense - Radar\" \/>\n<meta property=\"article:published_time\" content=\"2026-02-20T23:25:00+00:00\" \/>\n<meta property=\"og:image\" content=\"https:\/\/www.correiobraziliense.com.br\/cbradar\/wp-content\/uploads\/2025\/05\/ovo_1747603882502.jpg\" \/>\n\t<meta property=\"og:image:width\" content=\"1280\" \/>\n\t<meta property=\"og:image:height\" content=\"720\" \/>\n\t<meta property=\"og:image:type\" content=\"image\/jpeg\" \/>\n<meta name=\"author\" content=\"guilherme_saude\" \/>\n<meta name=\"twitter:card\" content=\"summary_large_image\" \/>\n<meta name=\"twitter:label1\" content=\"Escrito por\" \/>\n\t<meta name=\"twitter:data1\" content=\"guilherme_saude\" \/>\n\t<meta name=\"twitter:label2\" content=\"Est. tempo de leitura\" \/>\n\t<meta name=\"twitter:data2\" content=\"4 minutos\" \/>\n<!-- \/ Yoast SEO plugin. -->","yoast_head_json":{"title":"Dieta do ovo pode acelerar perda de peso nos primeiros dias - Correio Braziliense - Radar","description":"Dieta do ovo pode reduzir fome e calorias, mas exige cuidado na transi\u00e7\u00e3o. Dieta do ovo emagrece pelo d\u00e9ficit cal\u00f3rico e controle da saciedade.","robots":{"index":"index","follow":"follow","max-snippet":"max-snippet:-1","max-image-preview":"max-image-preview:large","max-video-preview":"max-video-preview:-1"},"canonical":"https:\/\/www.correiobraziliense.com.br\/cbradar\/dieta-do-ovo-pode-acelerar-perda-de-peso-nos-primeiros-dias\/","og_locale":"pt_BR","og_type":"article","og_title":"Dieta do ovo pode acelerar perda de peso nos primeiros dias - Correio Braziliense - Radar","og_description":"Dieta do ovo pode reduzir fome e calorias, mas exige cuidado na transi\u00e7\u00e3o. Dieta do ovo emagrece pelo d\u00e9ficit cal\u00f3rico e controle da saciedade.","og_url":"https:\/\/www.correiobraziliense.com.br\/cbradar\/dieta-do-ovo-pode-acelerar-perda-de-peso-nos-primeiros-dias\/","og_site_name":"Correio Braziliense - Radar","article_published_time":"2026-02-20T23:25:00+00:00","og_image":[{"width":1280,"height":720,"url":"https:\/\/www.correiobraziliense.com.br\/cbradar\/wp-content\/uploads\/2025\/05\/ovo_1747603882502.jpg","type":"image\/jpeg"}],"author":"guilherme_saude","twitter_card":"summary_large_image","twitter_misc":{"Escrito por":"guilherme_saude","Est. tempo de leitura":"4 minutos"},"schema":{"@context":"https:\/\/schema.org","@graph":[{"@type":"WebPage","@id":"https:\/\/www.correiobraziliense.com.br\/cbradar\/dieta-do-ovo-pode-acelerar-perda-de-peso-nos-primeiros-dias\/","url":"https:\/\/www.correiobraziliense.com.br\/cbradar\/dieta-do-ovo-pode-acelerar-perda-de-peso-nos-primeiros-dias\/","name":"Dieta do ovo pode acelerar perda de peso nos primeiros dias - Correio Braziliense - Radar","isPartOf":{"@id":"https:\/\/www.correiobraziliense.com.br\/cbradar\/#website"},"primaryImageOfPage":{"@id":"https:\/\/www.correiobraziliense.com.br\/cbradar\/dieta-do-ovo-pode-acelerar-perda-de-peso-nos-primeiros-dias\/#primaryimage"},"image":{"@id":"https:\/\/www.correiobraziliense.com.br\/cbradar\/dieta-do-ovo-pode-acelerar-perda-de-peso-nos-primeiros-dias\/#primaryimage"},"thumbnailUrl":"https:\/\/www.correiobraziliense.com.br\/cbradar\/wp-content\/uploads\/2025\/05\/ovo_1747603882502.jpg","datePublished":"2026-02-20T23:25:00+00:00","author":{"@id":"https:\/\/www.correiobraziliense.com.br\/cbradar\/#\/schema\/person\/5aa4bf3c8fa699c267933611de12978b"},"description":"Dieta do ovo pode reduzir fome e calorias, mas exige cuidado na transi\u00e7\u00e3o. Dieta do ovo emagrece pelo d\u00e9ficit cal\u00f3rico e controle da saciedade.","breadcrumb":{"@id":"https:\/\/www.correiobraziliense.com.br\/cbradar\/dieta-do-ovo-pode-acelerar-perda-de-peso-nos-primeiros-dias\/#breadcrumb"},"inLanguage":"pt-BR","potentialAction":[{"@type":"ReadAction","target":["https:\/\/www.correiobraziliense.com.br\/cbradar\/dieta-do-ovo-pode-acelerar-perda-de-peso-nos-primeiros-dias\/"]}]},{"@type":"ImageObject","inLanguage":"pt-BR","@id":"https:\/\/www.correiobraziliense.com.br\/cbradar\/dieta-do-ovo-pode-acelerar-perda-de-peso-nos-primeiros-dias\/#primaryimage","url":"https:\/\/www.correiobraziliense.com.br\/cbradar\/wp-content\/uploads\/2025\/05\/ovo_1747603882502.jpg","contentUrl":"https:\/\/www.correiobraziliense.com.br\/cbradar\/wp-content\/uploads\/2025\/05\/ovo_1747603882502.jpg","width":1280,"height":720,"caption":"O alimento comum que entrega prote\u00edna de alto valor biol\u00f3gico - Cr\u00e9ditos: depositphotos.com \/ AndrewTovstyzhenko"},{"@type":"BreadcrumbList","@id":"https:\/\/www.correiobraziliense.com.br\/cbradar\/dieta-do-ovo-pode-acelerar-perda-de-peso-nos-primeiros-dias\/#breadcrumb","itemListElement":[{"@type":"ListItem","position":1,"name":"In\u00edcio","item":"https:\/\/www.correiobraziliense.com.br\/cbradar\/"},{"@type":"ListItem","position":2,"name":"Dieta do ovo pode acelerar perda de peso nos primeiros dias"}]},{"@type":"WebSite","@id":"https:\/\/www.correiobraziliense.com.br\/cbradar\/#website","url":"https:\/\/www.correiobraziliense.com.br\/cbradar\/","name":"Correio Braziliense - Radar","description":"Acompanhe as \u00faltimas not\u00edcias e fique bem informado sobre tudo o que acontece no Brasil e no mundo.","potentialAction":[{"@type":"SearchAction","target":{"@type":"EntryPoint","urlTemplate":"https:\/\/www.correiobraziliense.com.br\/cbradar\/?s={search_term_string}"},"query-input":{"@type":"PropertyValueSpecification","valueRequired":true,"valueName":"search_term_string"}}],"inLanguage":"pt-BR"},{"@type":"Person","@id":"https:\/\/www.correiobraziliense.com.br\/cbradar\/#\/schema\/person\/5aa4bf3c8fa699c267933611de12978b","name":"guilherme_saude","image":{"@type":"ImageObject","inLanguage":"pt-BR","@id":"https:\/\/www.correiobraziliense.com.br\/cbradar\/#\/schema\/person\/image\/","url":"https:\/\/secure.gravatar.com\/avatar\/df9adfb835d344bc0af109d41756253f?s=96&d=mm&r=g","contentUrl":"https:\/\/secure.gravatar.com\/avatar\/df9adfb835d344bc0af109d41756253f?s=96&d=mm&r=g","caption":"guilherme_saude"},"url":"https:\/\/www.correiobraziliense.com.br\/cbradar\/author\/guilherme_saude\/"}]}},"_links":{"self":[{"href":"https:\/\/www.correiobraziliense.com.br\/cbradar\/wp-json\/wp\/v2\/posts\/196560","targetHints":{"allow":["GET"]}}],"collection":[{"href":"https:\/\/www.correiobraziliense.com.br\/cbradar\/wp-json\/wp\/v2\/posts"}],"about":[{"href":"https:\/\/www.correiobraziliense.com.br\/cbradar\/wp-json\/wp\/v2\/types\/post"}],"author":[{"embeddable":true,"href":"https:\/\/www.correiobraziliense.com.br\/cbradar\/wp-json\/wp\/v2\/users\/14"}],"replies":[{"embeddable":true,"href":"https:\/\/www.correiobraziliense.com.br\/cbradar\/wp-json\/wp\/v2\/comments?post=196560"}],"version-history":[{"count":1,"href":"https:\/\/www.correiobraziliense.com.br\/cbradar\/wp-json\/wp\/v2\/posts\/196560\/revisions"}],"predecessor-version":[{"id":196562,"href":"https:\/\/www.correiobraziliense.com.br\/cbradar\/wp-json\/wp\/v2\/posts\/196560\/revisions\/196562"}],"wp:featuredmedia":[{"embeddable":true,"href":"https:\/\/www.correiobraziliense.com.br\/cbradar\/wp-json\/wp\/v2\/media\/39138"}],"wp:attachment":[{"href":"https:\/\/www.correiobraziliense.com.br\/cbradar\/wp-json\/wp\/v2\/media?parent=196560"}],"wp:term":[{"taxonomy":"category","embeddable":true,"href":"https:\/\/www.correiobraziliense.com.br\/cbradar\/wp-json\/wp\/v2\/categories?post=196560"},{"taxonomy":"post_tag","embeddable":true,"href":"https:\/\/www.correiobraziliense.com.br\/cbradar\/wp-json\/wp\/v2\/post_tag?post=196560"}],"curies":[{"name":"wp","href":"https:\/\/api.w.org\/{rel}","templated":true}]}}