{"id":196767,"date":"2026-02-21T09:35:00","date_gmt":"2026-02-21T12:35:00","guid":{"rendered":"https:\/\/www.correiobraziliense.com.br\/cbradar\/?p=196767"},"modified":"2026-02-20T15:16:36","modified_gmt":"2026-02-20T18:16:36","slug":"a-tecnica-definitiva-que-elimina-placa-e-reduz-gengivite-de-forma-surpreendente","status":"publish","type":"post","link":"https:\/\/www.correiobraziliense.com.br\/cbradar\/a-tecnica-definitiva-que-elimina-placa-e-reduz-gengivite-de-forma-surpreendente\/","title":{"rendered":"A t\u00e9cnica definitiva que elimina placa e reduz gengivite de forma surpreendente"},"content":{"rendered":"\n<hr class=\"wp-block-separator has-alpha-channel-opacity\"\/>\n\n\n\n<p>A higiene oral \u00e9 essencial para manter um sorriso saud\u00e1vel e prevenir enfermidades decorrentes da neglig\u00eancia com a sa\u00fade bucal. A t\u00e9cnica de escova\u00e7\u00e3o adequada \u00e9 um dos pilares dessa manuten\u00e7\u00e3o, garantindo a remo\u00e7\u00e3o eficiente de res\u00edduos alimentares e placas bacterianas que se acumulam nos dentes e na gengiva, reduzindo o risco de c\u00e1ries e doen\u00e7as periodontais.<\/p>\n\n\n\n<h2 class=\"wp-block-heading\">Como aplicar corretamente a t\u00e9cnica de Bass modificada?<\/h2>\n\n\n\n<p>Para garantir efic\u00e1cia na escova\u00e7\u00e3o, a <strong>T\u00e9cnica de Bass<\/strong> modificada favorece a limpeza profunda, especialmente junto ao sulco gengival. Este m\u00e9todo \u00e9 amplamente reconhecido na odontologia por sua efetividade, sendo uma pr\u00e1tica preventiva importante contra c\u00e1ries e doen\u00e7as gengivais.<\/p>\n\n\n\n<p>A pr\u00e1tica da t\u00e9cnica de Bass modificada envolve etapas espec\u00edficas para assegurar a completa limpeza oral. Primeiramente, a escova deve ser posicionada em um \u00e2ngulo de 45 graus em rela\u00e7\u00e3o \u00e0 linha da gengiva, permitindo que as cerdas penetrem levemente no sulco gengival e promovam a remo\u00e7\u00e3o eficaz da placa localizada nessa regi\u00e3o. Veja na tabela a seguir:<\/p>\n\n\n\n<!-- \ud83c\udf3f Tabela: \ud83e\uddb7 Passo a Passo da Escova\u00e7\u00e3o Correta -->\n\n<div class=\"escovacao-table\" role=\"region\" aria-labelledby=\"escovacao-caption\">\n  <style>\n    .escovacao-table{\n      --bg: #ffffff;\n      --text: #1f2937;\n      --muted: #6b7280;\n      --border: #e5e7eb;\n      --primary: #0ea5e9;\n      --primary-bg: #e0f2fe;\n      --highlight: #f0f9ff;\n      --radius: 16px;\n      --shadow: 0 8px 22px rgba(0,0,0,.06);\n      margin:1rem 0 2rem; background:var(--bg);\n      border:1px solid var(--border); border-radius:var(--radius);\n      box-shadow:var(--shadow); overflow:hidden;\n      font-family:\"Poppins\",sans-serif; font-size:.97rem;\n    }\n    .escovacao-table .header{\n      padding:1rem 1.25rem; border-bottom:1px solid var(--border);\n      background:linear-gradient(90deg,var(--highlight) 0%,var(--primary-bg) 100%);\n    }\n    .escovacao-table .header h3{ margin:0; font-size:1.25rem; font-weight:700; color:var(--text); }\n    .escovacao-table .header p{ margin:.35rem 0 0; font-size:.95rem; color:var(--muted); }\n    .escovacao-table .table-wrap{ overflow-x:auto; -webkit-overflow-scrolling:touch; scrollbar-width:thin; }\n    .escovacao-table table{ width:100%; border-collapse:separate; border-spacing:0; min-width:700px; }\n    .escovacao-table thead th{\n      text-align:left; font-weight:700; color:var(--text);\n      background:var(--primary-bg); padding:.9rem 1rem; border-bottom:2px solid var(--border);\n    }\n    .escovacao-table tbody td{\n      padding:1rem; border-bottom:1px solid var(--border);\n      vertical-align:top; color:var(--text); background:#fff; line-height:1.5;\n    }\n    .escovacao-table tbody tr:nth-child(odd) td{ background:var(--highlight); }\n    .escovacao-table tbody tr:hover td{ background:color-mix(in oklab, var(--primary-bg) 70%, white); transition:all .25s ease-in-out; }\n    .escovacao-table .name{ font-weight:700; font-size:1rem; color:var(--text); }\n    .escovacao-table .desc{ color:var(--muted); }\n    .escovacao-table .price{\n      display:inline-block; background:color-mix(in oklab, var(--primary) 10%, white);\n      color:var(--primary); border:1px solid var(--border); border-radius:999px;\n      padding:.35rem .7rem; font-weight:700; font-size:.9rem; margin-top:.3rem;\n    }\n    @media (max-width:640px){ .escovacao-table table{ min-width:600px; } .escovacao-table .header h3{ font-size:1.1rem; } }\n  <\/style>\n\n  <div class=\"header\">\n    <h3 id=\"escovacao-caption\">\ud83e\uddb7 Passo a Passo da Escova\u00e7\u00e3o Correta<\/h3>\n    <p>T\u00e9cnica recomendada para uma higiene bucal eficiente e completa.<\/p>\n  <\/div>\n\n  <div class=\"table-wrap\" tabindex=\"0\" aria-label=\"\ud83e\uddb7 Passo a Passo da Escova\u00e7\u00e3o Correta\">\n    <table>\n      <thead>\n        <tr>\n          <th>Etapa<\/th>\n          <th>Orienta\u00e7\u00e3o<\/th>\n        <\/tr>\n      <\/thead>\n      <tbody>\n        <tr>\n          <td><span class=\"name\">In\u00edcio da escova\u00e7\u00e3o<\/span><\/td>\n          <td class=\"desc\">Realize movimentos vibrat\u00f3rios ou suaves movimentos circulares sobre cada dente, garantindo limpeza cuidadosa da superf\u00edcie.<\/td>\n        <\/tr>\n        <tr>\n          <td><span class=\"name\">Faces externas superiores<\/span><\/td>\n          <td class=\"desc\">Escove os dentes superiores na parte externa, deslocando a escova do fundo para a frente da boca.<\/td>\n        <\/tr>\n        <tr>\n          <td><span class=\"name\">Faces externas inferiores<\/span><\/td>\n          <td class=\"desc\">Repita o mesmo processo nos dentes inferiores, mantendo movimentos suaves e cont\u00ednuos.<\/td>\n        <\/tr>\n        <tr>\n          <td><span class=\"name\">Superf\u00edcies internas<\/span><\/td>\n          <td class=\"desc\">Utilize movimentos de \u201cvassoura\u201d, varrendo da gengiva em dire\u00e7\u00e3o ao dente para remover res\u00edduos e placa bacteriana.<\/td>\n        <\/tr>\n        <tr>\n          <td><span class=\"name\">Superf\u00edcies de mastiga\u00e7\u00e3o<\/span><\/td>\n          <td class=\"desc\">Escove com movimentos de vai e vem para limpar adequadamente as \u00e1reas respons\u00e1veis pela tritura\u00e7\u00e3o dos alimentos.<\/td>\n        <\/tr>\n      <\/tbody>\n    <\/table>\n  <\/div>\n<\/div>\n\n\n\n\n<h2 class=\"wp-block-heading\">Qual \u00e9 a import\u00e2ncia da escolha dos produtos de higiene bucal?<\/h2>\n\n\n\n<p>A efici\u00eancia da escova\u00e7\u00e3o tamb\u00e9m depende da sele\u00e7\u00e3o adequada dos produtos de higiene bucal. Escovas com cerdas macias s\u00e3o preferidas, pois cerdas duras podem causar abras\u00e3o excessiva, les\u00f5es cervicais, recess\u00e3o gengival e sensibilidade dental ao longo do tempo.<\/p>\n\n\n\n<p>O creme dental deve conter fl\u00faor em concentra\u00e7\u00f5es adequadas para ajudar na remineraliza\u00e7\u00e3o dos dentes e prevenir c\u00e1ries. Pesquisas indicam que pastas fluoretadas reduzem significativamente a incid\u00eancia de c\u00e1ries em compara\u00e7\u00e3o \u00e0s que n\u00e3o cont\u00eam fl\u00faor, tornando esse elemento crucial na defesa contra a deteriora\u00e7\u00e3o dental.<\/p>\n\n\n<div class=\"wp-block-image\">\n<figure class=\"aligncenter size-large\"><img decoding=\"async\" width=\"1024\" height=\"576\" src=\"https:\/\/www.correiobraziliense.com.br\/cbradar\/wp-content\/uploads\/2025\/11\/Higiene-Bucal_1763215024464-1024x576.jpg\" alt=\"\" class=\"wp-image-137841\" srcset=\"https:\/\/www.correiobraziliense.com.br\/cbradar\/wp-content\/uploads\/2025\/11\/Higiene-Bucal_1763215024464-1024x576.jpg 1024w, https:\/\/www.correiobraziliense.com.br\/cbradar\/wp-content\/uploads\/2025\/11\/Higiene-Bucal_1763215024464-300x169.jpg 300w, https:\/\/www.correiobraziliense.com.br\/cbradar\/wp-content\/uploads\/2025\/11\/Higiene-Bucal_1763215024464-768x432.jpg 768w, https:\/\/www.correiobraziliense.com.br\/cbradar\/wp-content\/uploads\/2025\/11\/Higiene-Bucal_1763215024464-750x422.jpg 750w, https:\/\/www.correiobraziliense.com.br\/cbradar\/wp-content\/uploads\/2025\/11\/Higiene-Bucal_1763215024464-1140x641.jpg 1140w, https:\/\/www.correiobraziliense.com.br\/cbradar\/wp-content\/uploads\/2025\/11\/Higiene-Bucal_1763215024464.jpg 1280w\" sizes=\"(max-width: 1024px) 100vw, 1024px\" \/><figcaption class=\"wp-element-caption\">Erro comum na higiene bucal pode aumentar gengivite e desgaste dos dentes &#8211; Cr\u00e9ditos: depositphotos.com \/ IgorVetushko<\/figcaption><\/figure><\/div>\n\n\n<h2 class=\"wp-block-heading\">Quais outros cuidados di\u00e1rios contribuem para a sa\u00fade bucal?<\/h2>\n\n\n\n<p>Al\u00e9m da escova\u00e7\u00e3o, \u00e9 fundamental o uso regular do fio dental, pois ele alcan\u00e7a locais onde a escova n\u00e3o chega, removendo res\u00edduos entre os dentes. Estudos <a href=\"https:\/\/pubmed.ncbi.nlm.nih.gov\/30829399\/\" target=\"_blank\" rel=\"noreferrer noopener\">recentes mostram<\/a> que o uso combinado de escova e fio dental diminui de forma expressiva a gengivite e o ac\u00famulo de placa interdental.<\/p>\n\n\n\n<p>A escova de dentes precisa ser substitu\u00edda regularmente, preferencialmente a cada tr\u00eas meses ou ap\u00f3s uma doen\u00e7a infecciosa. O desgaste das cerdas e a contamina\u00e7\u00e3o microbiana reduzem a efic\u00e1cia da escova\u00e7\u00e3o, sendo importante manter a escova sempre seca e em local limpo e arejado.<\/p>\n\n\n\n<p>Para compreender melhor como realizar a escova\u00e7\u00e3o com escova manual utilizando a t\u00e9cnica de Bass, assista ao v\u00eddeo a seguir, no qual o(a) <strong>dentista<\/strong> explica o assunto de forma clara e did\u00e1tica no canal respons\u00e1vel pelo conte\u00fado.<\/p>\n\n\n\n<iframe loading=\"lazy\" width=\"1396\" height=\"785\" src=\"https:\/\/www.youtube.com\/embed\/AFroGF2f8KU\" title=\"Brushing with Manual Toothbrush - Bass Technique\" frameborder=\"0\" allow=\"accelerometer; autoplay; clipboard-write; encrypted-media; gyroscope; picture-in-picture; web-share\" referrerpolicy=\"strict-origin-when-cross-origin\" allowfullscreen><\/iframe>\n\n\n\n<h2 class=\"wp-block-heading\">Como manter uma rotina de higiene bucal realmente eficaz?<\/h2>\n\n\n\n<p>A manuten\u00e7\u00e3o da <a href=\"https:\/\/www.correiobraziliense.com.br\/cbradar\/dra-najla-smaili-os-sinais-silenciosos-do-cancer-de-colo-do-utero\/\" target=\"_blank\" rel=\"noreferrer noopener\">sa\u00fade <\/a>bucal ideal requer uma rotina que v\u00e1 al\u00e9m da escova\u00e7\u00e3o e do uso de fio dental. Reduzir o consumo de a\u00e7\u00facares ajuda a manter o pH bucal equilibrado, dificultando o desenvolvimento de bact\u00e9rias nocivas e reduzindo o risco de c\u00e1ries e eros\u00e3o dental.<\/p>\n\n\n\n<p>Dependendo da anatomia bucal e das necessidades individuais, podem ser indicadas ferramentas adicionais. A seguir, alguns recursos que podem complementar a higiene bucal di\u00e1ria e potencializar os resultados preventivos:<\/p>\n\n\n\n<ul class=\"wp-block-list\">\n<li>Raspadores de l\u00edngua para remover saburra e reduzir o mau h\u00e1lito.<\/li>\n\n\n\n<li>Escovas interdentais para higienizar espa\u00e7os maiores entre os dentes.<\/li>\n\n\n\n<li>Antiss\u00e9pticos bucais indicados pelo dentista para controle qu\u00edmico da placa.<\/li>\n\n\n\n<li>Consultas regulares ao dentista para avalia\u00e7\u00e3o, profilaxia e orienta\u00e7\u00f5es personalizadas.<\/li>\n<\/ul>\n\n\n<a href=\"https:\/\/www.instagram.com\/dra.annaluisabf\/\" target=\"_blank\" rel=\"noopener\" style=\"text-decoration: none; color: inherit;\">\n    <span style=\"display: inline-block; border: 1px solid #ccc; border-radius: 10px; padding: 15px; max-width: 550px; font-family: sans-serif; box-shadow: 0 2px 5px rgba(0,0,0,0.1); width: 100%;\">\n\n      <!-- T\u00edtulo -->\n      <span style=\"display: block; margin: 0 0 15px 0; font-weight: bold; color: #2c3e50; text-align: center;\">\n        Entre em contato:\n      <\/span>\n\n      <!-- Linha do perfil -->\n      <span style=\"display: flex; align-items: center; gap: 15px;\">\n        <img decoding=\"async\"\n          src=\"https:\/\/www.correiobraziliense.com.br\/cbradar\/wp-content\/uploads\/2025\/08\/dra_anna_luisa.jpeg\"\n          alt=\"Foto da Dra. Anna Lu\u00edsa\"\n          style=\"border-radius: 50%; width: 80px; height: 80px; object-fit: cover;\"\n        \/>\n        <span style=\"display: flex; flex-direction: column;\">\n          <span style=\"font-size: 18px; font-weight: 700; color: #2c3e50;\">Dra. Anna Lu\u00edsa Barbosa Fernandes<\/span>\n          <span style=\"color: #555;\">CRM-GO 33.271<\/span>\n        <\/span>\n      <\/span>\n\n      <!-- Redes -->\n      <span style=\"display: flex; align-items: center; gap: 10px; margin-top: 12px;\">\n        <img decoding=\"async\" src=\"https:\/\/cdn-icons-png.flaticon.com\/24\/1384\/1384063.png\" alt=\"Instagram\" width=\"24\" height=\"24\" \/>\n        <span style=\"text-decoration: underline; color: #2c3e50;\">@dra.annaluisabf<\/span>\n      <\/span>\n\n    <\/span>\n  <\/a>","protected":false},"excerpt":{"rendered":"<p>A higiene oral \u00e9 essencial para manter um sorriso saud\u00e1vel e prevenir enfermidades decorrentes da neglig\u00eancia com a sa\u00fade bucal. A t\u00e9cnica de escova\u00e7\u00e3o adequada \u00e9 um dos pilares dessa manuten\u00e7\u00e3o, garantindo a remo\u00e7\u00e3o eficiente de res\u00edduos alimentares e placas bacterianas que se acumulam nos dentes e na gengiva, reduzindo o risco de c\u00e1ries e [&hellip;]<\/p>\n","protected":false},"author":14,"featured_media":174080,"comment_status":"open","ping_status":"open","sticky":false,"template":"","format":"standard","meta":{"_yoast_wpseo_focuskw":"T\u00e9cnica de Bass","_yoast_wpseo_title":"","_yoast_wpseo_metadesc":"A higiene bucal pode ser mais eficaz do que voc\u00ea imagina. Veja o m\u00e9todo que ajuda a proteger dentes e gengiva todos os dias.","jnews-multi-image_gallery":[],"jnews_single_post":{"format":"standard"},"jnews_primary_category":[],"jnews_social_meta":[],"jnews_override_counter":[],"footnotes":""},"categories":[4404],"post_tag":[120,247,565,15421],"class_list":["post-196767","post","type-post","status-publish","format-standard","has-post-thumbnail","hentry","category-saude","tag-bem-estar","tag-qualidade-de-vida","tag-saude","tag-tecnica-de-bass"],"yoast_head":"<!-- This site is optimized with the Yoast SEO plugin v24.6 - https:\/\/yoast.com\/wordpress\/plugins\/seo\/ -->\n<title>A t\u00e9cnica definitiva que elimina placa e reduz gengivite de forma surpreendente - Correio Braziliense - Radar<\/title>\n<meta name=\"description\" content=\"A higiene bucal pode ser mais eficaz do que voc\u00ea imagina. Veja o m\u00e9todo que ajuda a proteger dentes e gengiva todos os dias.\" \/>\n<meta name=\"robots\" content=\"index, follow, max-snippet:-1, max-image-preview:large, max-video-preview:-1\" \/>\n<link rel=\"canonical\" href=\"https:\/\/www.correiobraziliense.com.br\/cbradar\/a-tecnica-definitiva-que-elimina-placa-e-reduz-gengivite-de-forma-surpreendente\/\" \/>\n<meta property=\"og:locale\" content=\"pt_BR\" \/>\n<meta property=\"og:type\" content=\"article\" \/>\n<meta property=\"og:title\" content=\"A t\u00e9cnica definitiva que elimina placa e reduz gengivite de forma surpreendente - Correio Braziliense - Radar\" \/>\n<meta property=\"og:description\" content=\"A higiene bucal pode ser mais eficaz do que voc\u00ea imagina. Veja o m\u00e9todo que ajuda a proteger dentes e gengiva todos os dias.\" \/>\n<meta property=\"og:url\" content=\"https:\/\/www.correiobraziliense.com.br\/cbradar\/a-tecnica-definitiva-que-elimina-placa-e-reduz-gengivite-de-forma-surpreendente\/\" \/>\n<meta property=\"og:site_name\" content=\"Correio Braziliense - Radar\" \/>\n<meta property=\"article:published_time\" content=\"2026-02-21T12:35:00+00:00\" \/>\n<meta property=\"og:image\" content=\"https:\/\/www.correiobraziliense.com.br\/cbradar\/wp-content\/uploads\/2026\/01\/Saude-Bucal_1768257108992.jpg\" \/>\n\t<meta property=\"og:image:width\" content=\"1280\" \/>\n\t<meta property=\"og:image:height\" content=\"720\" \/>\n\t<meta property=\"og:image:type\" content=\"image\/jpeg\" \/>\n<meta name=\"author\" content=\"guilherme_saude\" \/>\n<meta name=\"twitter:card\" content=\"summary_large_image\" \/>\n<meta name=\"twitter:label1\" content=\"Escrito por\" \/>\n\t<meta name=\"twitter:data1\" content=\"guilherme_saude\" \/>\n\t<meta name=\"twitter:label2\" content=\"Est. tempo de leitura\" \/>\n\t<meta name=\"twitter:data2\" content=\"5 minutos\" \/>\n<!-- \/ Yoast SEO plugin. -->","yoast_head_json":{"title":"A t\u00e9cnica definitiva que elimina placa e reduz gengivite de forma surpreendente - Correio Braziliense - Radar","description":"A higiene bucal pode ser mais eficaz do que voc\u00ea imagina. Veja o m\u00e9todo que ajuda a proteger dentes e gengiva todos os dias.","robots":{"index":"index","follow":"follow","max-snippet":"max-snippet:-1","max-image-preview":"max-image-preview:large","max-video-preview":"max-video-preview:-1"},"canonical":"https:\/\/www.correiobraziliense.com.br\/cbradar\/a-tecnica-definitiva-que-elimina-placa-e-reduz-gengivite-de-forma-surpreendente\/","og_locale":"pt_BR","og_type":"article","og_title":"A t\u00e9cnica definitiva que elimina placa e reduz gengivite de forma surpreendente - Correio Braziliense - Radar","og_description":"A higiene bucal pode ser mais eficaz do que voc\u00ea imagina. Veja o m\u00e9todo que ajuda a proteger dentes e gengiva todos os dias.","og_url":"https:\/\/www.correiobraziliense.com.br\/cbradar\/a-tecnica-definitiva-que-elimina-placa-e-reduz-gengivite-de-forma-surpreendente\/","og_site_name":"Correio Braziliense - Radar","article_published_time":"2026-02-21T12:35:00+00:00","og_image":[{"width":1280,"height":720,"url":"https:\/\/www.correiobraziliense.com.br\/cbradar\/wp-content\/uploads\/2026\/01\/Saude-Bucal_1768257108992.jpg","type":"image\/jpeg"}],"author":"guilherme_saude","twitter_card":"summary_large_image","twitter_misc":{"Escrito por":"guilherme_saude","Est. tempo de leitura":"5 minutos"},"schema":{"@context":"https:\/\/schema.org","@graph":[{"@type":"WebPage","@id":"https:\/\/www.correiobraziliense.com.br\/cbradar\/a-tecnica-definitiva-que-elimina-placa-e-reduz-gengivite-de-forma-surpreendente\/","url":"https:\/\/www.correiobraziliense.com.br\/cbradar\/a-tecnica-definitiva-que-elimina-placa-e-reduz-gengivite-de-forma-surpreendente\/","name":"A t\u00e9cnica definitiva que elimina placa e reduz gengivite de forma surpreendente - Correio Braziliense - Radar","isPartOf":{"@id":"https:\/\/www.correiobraziliense.com.br\/cbradar\/#website"},"primaryImageOfPage":{"@id":"https:\/\/www.correiobraziliense.com.br\/cbradar\/a-tecnica-definitiva-que-elimina-placa-e-reduz-gengivite-de-forma-surpreendente\/#primaryimage"},"image":{"@id":"https:\/\/www.correiobraziliense.com.br\/cbradar\/a-tecnica-definitiva-que-elimina-placa-e-reduz-gengivite-de-forma-surpreendente\/#primaryimage"},"thumbnailUrl":"https:\/\/www.correiobraziliense.com.br\/cbradar\/wp-content\/uploads\/2026\/01\/Saude-Bucal_1768257108992.jpg","datePublished":"2026-02-21T12:35:00+00:00","author":{"@id":"https:\/\/www.correiobraziliense.com.br\/cbradar\/#\/schema\/person\/5aa4bf3c8fa699c267933611de12978b"},"description":"A higiene bucal pode ser mais eficaz do que voc\u00ea imagina. Veja o m\u00e9todo que ajuda a proteger dentes e gengiva todos os dias.","breadcrumb":{"@id":"https:\/\/www.correiobraziliense.com.br\/cbradar\/a-tecnica-definitiva-que-elimina-placa-e-reduz-gengivite-de-forma-surpreendente\/#breadcrumb"},"inLanguage":"pt-BR","potentialAction":[{"@type":"ReadAction","target":["https:\/\/www.correiobraziliense.com.br\/cbradar\/a-tecnica-definitiva-que-elimina-placa-e-reduz-gengivite-de-forma-surpreendente\/"]}]},{"@type":"ImageObject","inLanguage":"pt-BR","@id":"https:\/\/www.correiobraziliense.com.br\/cbradar\/a-tecnica-definitiva-que-elimina-placa-e-reduz-gengivite-de-forma-surpreendente\/#primaryimage","url":"https:\/\/www.correiobraziliense.com.br\/cbradar\/wp-content\/uploads\/2026\/01\/Saude-Bucal_1768257108992.jpg","contentUrl":"https:\/\/www.correiobraziliense.com.br\/cbradar\/wp-content\/uploads\/2026\/01\/Saude-Bucal_1768257108992.jpg","width":1280,"height":720,"caption":"A melhor forma de escovar os dentes e evitar c\u00e1ries sem esfor\u00e7o excessivo - Cr\u00e9ditos: depositphotos.com \/ VitalikRadko"},{"@type":"BreadcrumbList","@id":"https:\/\/www.correiobraziliense.com.br\/cbradar\/a-tecnica-definitiva-que-elimina-placa-e-reduz-gengivite-de-forma-surpreendente\/#breadcrumb","itemListElement":[{"@type":"ListItem","position":1,"name":"In\u00edcio","item":"https:\/\/www.correiobraziliense.com.br\/cbradar\/"},{"@type":"ListItem","position":2,"name":"A t\u00e9cnica definitiva que elimina placa e reduz gengivite de forma surpreendente"}]},{"@type":"WebSite","@id":"https:\/\/www.correiobraziliense.com.br\/cbradar\/#website","url":"https:\/\/www.correiobraziliense.com.br\/cbradar\/","name":"Correio Braziliense - Radar","description":"Acompanhe as \u00faltimas not\u00edcias e fique bem informado sobre tudo o que acontece no Brasil e no mundo.","potentialAction":[{"@type":"SearchAction","target":{"@type":"EntryPoint","urlTemplate":"https:\/\/www.correiobraziliense.com.br\/cbradar\/?s={search_term_string}"},"query-input":{"@type":"PropertyValueSpecification","valueRequired":true,"valueName":"search_term_string"}}],"inLanguage":"pt-BR"},{"@type":"Person","@id":"https:\/\/www.correiobraziliense.com.br\/cbradar\/#\/schema\/person\/5aa4bf3c8fa699c267933611de12978b","name":"guilherme_saude","image":{"@type":"ImageObject","inLanguage":"pt-BR","@id":"https:\/\/www.correiobraziliense.com.br\/cbradar\/#\/schema\/person\/image\/","url":"https:\/\/secure.gravatar.com\/avatar\/df9adfb835d344bc0af109d41756253f?s=96&d=mm&r=g","contentUrl":"https:\/\/secure.gravatar.com\/avatar\/df9adfb835d344bc0af109d41756253f?s=96&d=mm&r=g","caption":"guilherme_saude"},"url":"https:\/\/www.correiobraziliense.com.br\/cbradar\/author\/guilherme_saude\/"}]}},"_links":{"self":[{"href":"https:\/\/www.correiobraziliense.com.br\/cbradar\/wp-json\/wp\/v2\/posts\/196767","targetHints":{"allow":["GET"]}}],"collection":[{"href":"https:\/\/www.correiobraziliense.com.br\/cbradar\/wp-json\/wp\/v2\/posts"}],"about":[{"href":"https:\/\/www.correiobraziliense.com.br\/cbradar\/wp-json\/wp\/v2\/types\/post"}],"author":[{"embeddable":true,"href":"https:\/\/www.correiobraziliense.com.br\/cbradar\/wp-json\/wp\/v2\/users\/14"}],"replies":[{"embeddable":true,"href":"https:\/\/www.correiobraziliense.com.br\/cbradar\/wp-json\/wp\/v2\/comments?post=196767"}],"version-history":[{"count":1,"href":"https:\/\/www.correiobraziliense.com.br\/cbradar\/wp-json\/wp\/v2\/posts\/196767\/revisions"}],"predecessor-version":[{"id":196778,"href":"https:\/\/www.correiobraziliense.com.br\/cbradar\/wp-json\/wp\/v2\/posts\/196767\/revisions\/196778"}],"wp:featuredmedia":[{"embeddable":true,"href":"https:\/\/www.correiobraziliense.com.br\/cbradar\/wp-json\/wp\/v2\/media\/174080"}],"wp:attachment":[{"href":"https:\/\/www.correiobraziliense.com.br\/cbradar\/wp-json\/wp\/v2\/media?parent=196767"}],"wp:term":[{"taxonomy":"category","embeddable":true,"href":"https:\/\/www.correiobraziliense.com.br\/cbradar\/wp-json\/wp\/v2\/categories?post=196767"},{"taxonomy":"post_tag","embeddable":true,"href":"https:\/\/www.correiobraziliense.com.br\/cbradar\/wp-json\/wp\/v2\/post_tag?post=196767"}],"curies":[{"name":"wp","href":"https:\/\/api.w.org\/{rel}","templated":true}]}}