{"id":196779,"date":"2026-02-21T13:15:00","date_gmt":"2026-02-21T16:15:00","guid":{"rendered":"https:\/\/www.correiobraziliense.com.br\/cbradar\/?p=196779"},"modified":"2026-02-20T15:16:41","modified_gmt":"2026-02-20T18:16:41","slug":"dormir-pouco-pode-prejudicar-memoria-e-enfraquecer-a-imunidade-sem-voce-perceber","status":"publish","type":"post","link":"https:\/\/www.correiobraziliense.com.br\/cbradar\/dormir-pouco-pode-prejudicar-memoria-e-enfraquecer-a-imunidade-sem-voce-perceber\/","title":{"rendered":"Dormir pouco pode prejudicar mem\u00f3ria e enfraquecer a imunidade sem voc\u00ea perceber"},"content":{"rendered":"\n<p>A <strong>Priva\u00e7\u00e3o de Sono<\/strong> \u00e9 uma condi\u00e7\u00e3o comum que afeta diversas \u00e1reas da vida cotidiana, resultando em cansa\u00e7o excessivo, comprometimento da fun\u00e7\u00e3o cognitiva e maior risco para doen\u00e7as f\u00edsicas e emocionais, tornando essencial compreender seus impactos e estrat\u00e9gias de preven\u00e7\u00e3o.<\/p>\n\n\n\n<h2 class=\"wp-block-heading\">Como a priva\u00e7\u00e3o de sono afeta o corpo e a mente?<\/h2>\n\n\n\n<p>A priva\u00e7\u00e3o de sono impacta o organismo mesmo antes da sensa\u00e7\u00e3o de esgotamento total, com sinais de alerta como altera\u00e7\u00f5es de humor, irritabilidade e falhas na aten\u00e7\u00e3o. A capacidade do c\u00e9rebro de processar emo\u00e7\u00f5es fica prejudicada, gerando respostas exageradas a situa\u00e7\u00f5es cotidianas e aumento de erros em tarefas simples.<\/p>\n\n\n\n<p>Fisicamente, a falta de descanso eleva os n\u00edveis de cortisol, o horm\u00f4nio do estresse, favorecendo hipertens\u00e3o, maior risco de doen\u00e7as cr\u00f4nicas e diminui\u00e7\u00e3o da imunidade. Tamb\u00e9m podem surgir cefaleias, queda na coordena\u00e7\u00e3o motora e maior probabilidade de acidentes dom\u00e9sticos, de trabalho e de tr\u00e2nsito.<\/p>\n\n\n\n<iframe loading=\"lazy\" width=\"1396\" height=\"785\" src=\"https:\/\/www.youtube.com\/embed\/LTClWAgzE84\" title=\"INS\u00d4NIA e dificuldade de dormir [Conhe\u00e7a as causas] Dr Juliano Teles\" frameborder=\"0\" allow=\"accelerometer; autoplay; clipboard-write; encrypted-media; gyroscope; picture-in-picture; web-share\" referrerpolicy=\"strict-origin-when-cross-origin\" allowfullscreen><\/iframe>\n\n\n\n<h2 class=\"wp-block-heading\">Quais s\u00e3o as consequ\u00eancias a longo prazo da priva\u00e7\u00e3o de sono?<\/h2>\n\n\n\n<p>O sono insuficiente provoca efeitos cumulativos, com impacto direto na <a href=\"https:\/\/www.correiobraziliense.com.br\/cbradar\/dra-najla-smaili-os-sinais-silenciosos-do-cancer-de-colo-do-utero\/\" target=\"_blank\" rel=\"noreferrer noopener\">sa\u00fade <\/a>cardiovascular, metab\u00f3lica e mental. A priva\u00e7\u00e3o cr\u00f4nica est\u00e1 associada a maior risco de arritmias, inflama\u00e7\u00f5es arteriais, resist\u00eancia \u00e0 insulina e desenvolvimento de dist\u00farbios metab\u00f3licos, como diabetes tipo 2 e obesidade.<\/p>\n\n\n\n<p>A fun\u00e7\u00e3o cognitiva sofre decl\u00ednios graduais, com dificuldade em aprender novas habilidades, consolidar mem\u00f3rias e manter foco prolongado. A longo prazo, aumenta a vulnerabilidade a ansiedade, depress\u00e3o e poss\u00edvel acelera\u00e7\u00e3o de processos neurodegenerativos, como decl\u00ednio cognitivo leve.<\/p>\n\n\n<div class=\"wp-block-image\">\n<figure class=\"aligncenter size-large\"><img decoding=\"async\" width=\"1024\" height=\"576\" src=\"https:\/\/www.correiobraziliense.com.br\/cbradar\/wp-content\/uploads\/2025\/08\/sonolencia_1754668726249-1024x576.jpg\" alt=\"\" class=\"wp-image-83023\" srcset=\"https:\/\/www.correiobraziliense.com.br\/cbradar\/wp-content\/uploads\/2025\/08\/sonolencia_1754668726249-1024x576.jpg 1024w, https:\/\/www.correiobraziliense.com.br\/cbradar\/wp-content\/uploads\/2025\/08\/sonolencia_1754668726249-300x169.jpg 300w, https:\/\/www.correiobraziliense.com.br\/cbradar\/wp-content\/uploads\/2025\/08\/sonolencia_1754668726249-768x432.jpg 768w, https:\/\/www.correiobraziliense.com.br\/cbradar\/wp-content\/uploads\/2025\/08\/sonolencia_1754668726249-750x422.jpg 750w, https:\/\/www.correiobraziliense.com.br\/cbradar\/wp-content\/uploads\/2025\/08\/sonolencia_1754668726249-1140x641.jpg 1140w, https:\/\/www.correiobraziliense.com.br\/cbradar\/wp-content\/uploads\/2025\/08\/sonolencia_1754668726249.jpg 1280w\" sizes=\"(max-width: 1024px) 100vw, 1024px\" \/><figcaption class=\"wp-element-caption\">Rotina simples pode melhorar o sono e reduzir cortisol de maneira natural &#8211; Cr\u00e9ditos: depositphotos.com \/ kolapatha@outlook.co.th<\/figcaption><\/figure><\/div>\n\n\n<h2 class=\"wp-block-heading\">\u00c9 poss\u00edvel recuperar o sono perdido de forma eficiente?<\/h2>\n\n\n\n<p>Tentar compensar o sono em<a href=\"https:\/\/bvsms.saude.gov.br\/disturbios-do-sono\/\" target=\"_blank\" rel=\"noreferrer noopener\"> d\u00e9ficit apenas nos finais de semana \u00e9 uma pr\u00e1tica comum<\/a>, mas pouco eficaz para restaurar completamente os preju\u00edzos acumulados. A regularidade no hor\u00e1rio de dormir e acordar \u00e9 fundamental para manter em equil\u00edbrio o rel\u00f3gio biol\u00f3gico e as fun\u00e7\u00f5es corporais e mentais.<\/p>\n\n\n\n<p>Durante o sono profundo, o c\u00e9rebro realiza uma \u201climpeza\u201d de toxinas e res\u00edduos metab\u00f3licos, processo essencial para a sa\u00fade neurol\u00f3gica a longo prazo. Por isso, mais importante do que \u201cpagar a d\u00edvida de sono\u201d ocasionalmente \u00e9 manter padr\u00f5es consistentes de descanso ao longo de toda a semana.<\/p>\n\n\n\n<h2 class=\"wp-block-heading\">Como otimizar a qualidade do sono no dia a dia?<\/h2>\n\n\n\n<p>Criar um ambiente prop\u00edcio ao descanso melhora de forma significativa a qualidade do sono e reduz despertares noturnos. Ajustar temperatura entre 18\u00b0C e 22\u00b0C, diminuir luzes fortes, desligar dispositivos eletr\u00f4nicos com anteced\u00eancia e evitar cafe\u00edna ou refei\u00e7\u00f5es pesadas \u00e0 noite s\u00e3o medidas simples, por\u00e9m eficazes.<\/p>\n\n\n\n<p>Alguns h\u00e1bitos de higiene do sono podem ser incorporados gradualmente na rotina, facilitando a adapta\u00e7\u00e3o do organismo e o respeito ao ritmo circadiano. A lista abaixo re\u00fane medidas pr\u00e1ticas que favorecem um sono mais profundo, cont\u00ednuo e restaurador:<\/p>\n\n\n\n<ul class=\"wp-block-list\">\n<li><strong>Eletr\u00f4nicos<\/strong>: Evite uso de telas e luz azul pelo menos uma hora antes de dormir.<\/li>\n\n\n\n<li><strong>Ritmo<\/strong>: Dormir e acordar nos mesmos hor\u00e1rios, inclusive nos fins de semana, ajuda a regular o sono.<\/li>\n\n\n\n<li><strong>Conforto<\/strong>: Mantenha o quarto escuro, silencioso e com temperatura agrad\u00e1vel para relaxar melhor.<\/li>\n\n\n\n<li><strong>Nutri\u00e7\u00e3o<\/strong>: Prefira refei\u00e7\u00f5es leves \u00e0 noite e evite cafe\u00edna e \u00e1lcool nas horas que antecedem o sono.<\/li>\n\n\n\n<li><strong>Mental<\/strong>: Pr\u00e1ticas de relaxamento, como medita\u00e7\u00e3o e respira\u00e7\u00e3o profunda, podem reduzir o estresse e o cortisol.<\/li>\n<\/ul>\n\n\n<a href=\"https:\/\/www.instagram.com\/dra.annaluisabf\/\" target=\"_blank\" rel=\"noopener\" style=\"text-decoration: none; color: inherit;\">\n    <span style=\"display: inline-block; border: 1px solid #ccc; border-radius: 10px; padding: 15px; max-width: 550px; font-family: sans-serif; box-shadow: 0 2px 5px rgba(0,0,0,0.1); width: 100%;\">\n\n      <!-- T\u00edtulo -->\n      <span style=\"display: block; margin: 0 0 15px 0; font-weight: bold; color: #2c3e50; text-align: center;\">\n        Entre em contato:\n      <\/span>\n\n      <!-- Linha do perfil -->\n      <span style=\"display: flex; align-items: center; gap: 15px;\">\n        <img decoding=\"async\"\n          src=\"https:\/\/www.correiobraziliense.com.br\/cbradar\/wp-content\/uploads\/2025\/08\/dra_anna_luisa.jpeg\"\n          alt=\"Foto da Dra. Anna Lu\u00edsa\"\n          style=\"border-radius: 50%; width: 80px; height: 80px; object-fit: cover;\"\n        \/>\n        <span style=\"display: flex; flex-direction: column;\">\n          <span style=\"font-size: 18px; font-weight: 700; color: #2c3e50;\">Dra. Anna Lu\u00edsa Barbosa Fernandes<\/span>\n          <span style=\"color: #555;\">CRM-GO 33.271<\/span>\n        <\/span>\n      <\/span>\n\n      <!-- Redes -->\n      <span style=\"display: flex; align-items: center; gap: 10px; margin-top: 12px;\">\n        <img decoding=\"async\" src=\"https:\/\/cdn-icons-png.flaticon.com\/24\/1384\/1384063.png\" alt=\"Instagram\" width=\"24\" height=\"24\" \/>\n        <span style=\"text-decoration: underline; color: #2c3e50;\">@dra.annaluisabf<\/span>\n      <\/span>\n\n    <\/span>\n  <\/a>","protected":false},"excerpt":{"rendered":"<p>A Priva\u00e7\u00e3o de Sono \u00e9 uma condi\u00e7\u00e3o comum que afeta diversas \u00e1reas da vida cotidiana, resultando em cansa\u00e7o excessivo, comprometimento da fun\u00e7\u00e3o cognitiva e maior risco para doen\u00e7as f\u00edsicas e emocionais, tornando essencial compreender seus impactos e estrat\u00e9gias de preven\u00e7\u00e3o. Como a priva\u00e7\u00e3o de sono afeta o corpo e a mente? A priva\u00e7\u00e3o de sono [&hellip;]<\/p>\n","protected":false},"author":14,"featured_media":78215,"comment_status":"open","ping_status":"open","sticky":false,"template":"","format":"standard","meta":{"_yoast_wpseo_focuskw":"Priva\u00e7\u00e3o de Sono","_yoast_wpseo_title":"","_yoast_wpseo_metadesc":"A priva\u00e7\u00e3o de sono pode afetar mem\u00f3ria, humor e cora\u00e7\u00e3o. Descubra sinais silenciosos e como proteger sua sa\u00fade antes que seja tarde.","jnews-multi-image_gallery":[],"jnews_single_post":{"format":"standard"},"jnews_primary_category":[],"jnews_social_meta":[],"jnews_override_counter":[],"footnotes":""},"categories":[4404],"post_tag":[120,247,565],"class_list":["post-196779","post","type-post","status-publish","format-standard","has-post-thumbnail","hentry","category-saude","tag-bem-estar","tag-qualidade-de-vida","tag-saude"],"yoast_head":"<!-- This site is optimized with the Yoast SEO plugin v24.6 - https:\/\/yoast.com\/wordpress\/plugins\/seo\/ -->\n<title>Dormir pouco pode prejudicar mem\u00f3ria e enfraquecer a imunidade sem voc\u00ea perceber - Correio Braziliense - Radar<\/title>\n<meta name=\"description\" content=\"A priva\u00e7\u00e3o de sono pode afetar mem\u00f3ria, humor e cora\u00e7\u00e3o. Descubra sinais silenciosos e como proteger sua sa\u00fade antes que seja tarde.\" \/>\n<meta name=\"robots\" content=\"index, follow, max-snippet:-1, max-image-preview:large, max-video-preview:-1\" \/>\n<link rel=\"canonical\" href=\"https:\/\/www.correiobraziliense.com.br\/cbradar\/dormir-pouco-pode-prejudicar-memoria-e-enfraquecer-a-imunidade-sem-voce-perceber\/\" \/>\n<meta property=\"og:locale\" content=\"pt_BR\" \/>\n<meta property=\"og:type\" content=\"article\" \/>\n<meta property=\"og:title\" content=\"Dormir pouco pode prejudicar mem\u00f3ria e enfraquecer a imunidade sem voc\u00ea perceber - Correio Braziliense - Radar\" \/>\n<meta property=\"og:description\" content=\"A priva\u00e7\u00e3o de sono pode afetar mem\u00f3ria, humor e cora\u00e7\u00e3o. Descubra sinais silenciosos e como proteger sua sa\u00fade antes que seja tarde.\" \/>\n<meta property=\"og:url\" content=\"https:\/\/www.correiobraziliense.com.br\/cbradar\/dormir-pouco-pode-prejudicar-memoria-e-enfraquecer-a-imunidade-sem-voce-perceber\/\" \/>\n<meta property=\"og:site_name\" content=\"Correio Braziliense - Radar\" \/>\n<meta property=\"article:published_time\" content=\"2026-02-21T16:15:00+00:00\" \/>\n<meta property=\"og:image\" content=\"https:\/\/www.correiobraziliense.com.br\/cbradar\/wp-content\/uploads\/2025\/07\/gordo-dormindo_1753911109698.jpg\" \/>\n\t<meta property=\"og:image:width\" content=\"1280\" \/>\n\t<meta property=\"og:image:height\" content=\"720\" \/>\n\t<meta property=\"og:image:type\" content=\"image\/jpeg\" \/>\n<meta name=\"author\" content=\"guilherme_saude\" \/>\n<meta name=\"twitter:card\" content=\"summary_large_image\" \/>\n<meta name=\"twitter:label1\" content=\"Escrito por\" \/>\n\t<meta name=\"twitter:data1\" content=\"guilherme_saude\" \/>\n\t<meta name=\"twitter:label2\" content=\"Est. tempo de leitura\" \/>\n\t<meta name=\"twitter:data2\" content=\"4 minutos\" \/>\n<!-- \/ Yoast SEO plugin. -->","yoast_head_json":{"title":"Dormir pouco pode prejudicar mem\u00f3ria e enfraquecer a imunidade sem voc\u00ea perceber - Correio Braziliense - Radar","description":"A priva\u00e7\u00e3o de sono pode afetar mem\u00f3ria, humor e cora\u00e7\u00e3o. Descubra sinais silenciosos e como proteger sua sa\u00fade antes que seja tarde.","robots":{"index":"index","follow":"follow","max-snippet":"max-snippet:-1","max-image-preview":"max-image-preview:large","max-video-preview":"max-video-preview:-1"},"canonical":"https:\/\/www.correiobraziliense.com.br\/cbradar\/dormir-pouco-pode-prejudicar-memoria-e-enfraquecer-a-imunidade-sem-voce-perceber\/","og_locale":"pt_BR","og_type":"article","og_title":"Dormir pouco pode prejudicar mem\u00f3ria e enfraquecer a imunidade sem voc\u00ea perceber - Correio Braziliense - Radar","og_description":"A priva\u00e7\u00e3o de sono pode afetar mem\u00f3ria, humor e cora\u00e7\u00e3o. Descubra sinais silenciosos e como proteger sua sa\u00fade antes que seja tarde.","og_url":"https:\/\/www.correiobraziliense.com.br\/cbradar\/dormir-pouco-pode-prejudicar-memoria-e-enfraquecer-a-imunidade-sem-voce-perceber\/","og_site_name":"Correio Braziliense - Radar","article_published_time":"2026-02-21T16:15:00+00:00","og_image":[{"width":1280,"height":720,"url":"https:\/\/www.correiobraziliense.com.br\/cbradar\/wp-content\/uploads\/2025\/07\/gordo-dormindo_1753911109698.jpg","type":"image\/jpeg"}],"author":"guilherme_saude","twitter_card":"summary_large_image","twitter_misc":{"Escrito por":"guilherme_saude","Est. tempo de leitura":"4 minutos"},"schema":{"@context":"https:\/\/schema.org","@graph":[{"@type":"WebPage","@id":"https:\/\/www.correiobraziliense.com.br\/cbradar\/dormir-pouco-pode-prejudicar-memoria-e-enfraquecer-a-imunidade-sem-voce-perceber\/","url":"https:\/\/www.correiobraziliense.com.br\/cbradar\/dormir-pouco-pode-prejudicar-memoria-e-enfraquecer-a-imunidade-sem-voce-perceber\/","name":"Dormir pouco pode prejudicar mem\u00f3ria e enfraquecer a imunidade sem voc\u00ea perceber - Correio Braziliense - Radar","isPartOf":{"@id":"https:\/\/www.correiobraziliense.com.br\/cbradar\/#website"},"primaryImageOfPage":{"@id":"https:\/\/www.correiobraziliense.com.br\/cbradar\/dormir-pouco-pode-prejudicar-memoria-e-enfraquecer-a-imunidade-sem-voce-perceber\/#primaryimage"},"image":{"@id":"https:\/\/www.correiobraziliense.com.br\/cbradar\/dormir-pouco-pode-prejudicar-memoria-e-enfraquecer-a-imunidade-sem-voce-perceber\/#primaryimage"},"thumbnailUrl":"https:\/\/www.correiobraziliense.com.br\/cbradar\/wp-content\/uploads\/2025\/07\/gordo-dormindo_1753911109698.jpg","datePublished":"2026-02-21T16:15:00+00:00","author":{"@id":"https:\/\/www.correiobraziliense.com.br\/cbradar\/#\/schema\/person\/5aa4bf3c8fa699c267933611de12978b"},"description":"A priva\u00e7\u00e3o de sono pode afetar mem\u00f3ria, humor e cora\u00e7\u00e3o. Descubra sinais silenciosos e como proteger sua sa\u00fade antes que seja tarde.","breadcrumb":{"@id":"https:\/\/www.correiobraziliense.com.br\/cbradar\/dormir-pouco-pode-prejudicar-memoria-e-enfraquecer-a-imunidade-sem-voce-perceber\/#breadcrumb"},"inLanguage":"pt-BR","potentialAction":[{"@type":"ReadAction","target":["https:\/\/www.correiobraziliense.com.br\/cbradar\/dormir-pouco-pode-prejudicar-memoria-e-enfraquecer-a-imunidade-sem-voce-perceber\/"]}]},{"@type":"ImageObject","inLanguage":"pt-BR","@id":"https:\/\/www.correiobraziliense.com.br\/cbradar\/dormir-pouco-pode-prejudicar-memoria-e-enfraquecer-a-imunidade-sem-voce-perceber\/#primaryimage","url":"https:\/\/www.correiobraziliense.com.br\/cbradar\/wp-content\/uploads\/2025\/07\/gordo-dormindo_1753911109698.jpg","contentUrl":"https:\/\/www.correiobraziliense.com.br\/cbradar\/wp-content\/uploads\/2025\/07\/gordo-dormindo_1753911109698.jpg","width":1280,"height":720,"caption":"Priva\u00e7\u00e3o de sono afeta humor e aumenta risco de diabetes de forma preocupante - Cr\u00e9ditos: depositphotos.com \/ IgorVetushko"},{"@type":"BreadcrumbList","@id":"https:\/\/www.correiobraziliense.com.br\/cbradar\/dormir-pouco-pode-prejudicar-memoria-e-enfraquecer-a-imunidade-sem-voce-perceber\/#breadcrumb","itemListElement":[{"@type":"ListItem","position":1,"name":"In\u00edcio","item":"https:\/\/www.correiobraziliense.com.br\/cbradar\/"},{"@type":"ListItem","position":2,"name":"Dormir pouco pode prejudicar mem\u00f3ria e enfraquecer a imunidade sem voc\u00ea perceber"}]},{"@type":"WebSite","@id":"https:\/\/www.correiobraziliense.com.br\/cbradar\/#website","url":"https:\/\/www.correiobraziliense.com.br\/cbradar\/","name":"Correio Braziliense - Radar","description":"Acompanhe as \u00faltimas not\u00edcias e fique bem informado sobre tudo o que acontece no Brasil e no mundo.","potentialAction":[{"@type":"SearchAction","target":{"@type":"EntryPoint","urlTemplate":"https:\/\/www.correiobraziliense.com.br\/cbradar\/?s={search_term_string}"},"query-input":{"@type":"PropertyValueSpecification","valueRequired":true,"valueName":"search_term_string"}}],"inLanguage":"pt-BR"},{"@type":"Person","@id":"https:\/\/www.correiobraziliense.com.br\/cbradar\/#\/schema\/person\/5aa4bf3c8fa699c267933611de12978b","name":"guilherme_saude","image":{"@type":"ImageObject","inLanguage":"pt-BR","@id":"https:\/\/www.correiobraziliense.com.br\/cbradar\/#\/schema\/person\/image\/","url":"https:\/\/secure.gravatar.com\/avatar\/df9adfb835d344bc0af109d41756253f?s=96&d=mm&r=g","contentUrl":"https:\/\/secure.gravatar.com\/avatar\/df9adfb835d344bc0af109d41756253f?s=96&d=mm&r=g","caption":"guilherme_saude"},"url":"https:\/\/www.correiobraziliense.com.br\/cbradar\/author\/guilherme_saude\/"}]}},"_links":{"self":[{"href":"https:\/\/www.correiobraziliense.com.br\/cbradar\/wp-json\/wp\/v2\/posts\/196779","targetHints":{"allow":["GET"]}}],"collection":[{"href":"https:\/\/www.correiobraziliense.com.br\/cbradar\/wp-json\/wp\/v2\/posts"}],"about":[{"href":"https:\/\/www.correiobraziliense.com.br\/cbradar\/wp-json\/wp\/v2\/types\/post"}],"author":[{"embeddable":true,"href":"https:\/\/www.correiobraziliense.com.br\/cbradar\/wp-json\/wp\/v2\/users\/14"}],"replies":[{"embeddable":true,"href":"https:\/\/www.correiobraziliense.com.br\/cbradar\/wp-json\/wp\/v2\/comments?post=196779"}],"version-history":[{"count":1,"href":"https:\/\/www.correiobraziliense.com.br\/cbradar\/wp-json\/wp\/v2\/posts\/196779\/revisions"}],"predecessor-version":[{"id":196784,"href":"https:\/\/www.correiobraziliense.com.br\/cbradar\/wp-json\/wp\/v2\/posts\/196779\/revisions\/196784"}],"wp:featuredmedia":[{"embeddable":true,"href":"https:\/\/www.correiobraziliense.com.br\/cbradar\/wp-json\/wp\/v2\/media\/78215"}],"wp:attachment":[{"href":"https:\/\/www.correiobraziliense.com.br\/cbradar\/wp-json\/wp\/v2\/media?parent=196779"}],"wp:term":[{"taxonomy":"category","embeddable":true,"href":"https:\/\/www.correiobraziliense.com.br\/cbradar\/wp-json\/wp\/v2\/categories?post=196779"},{"taxonomy":"post_tag","embeddable":true,"href":"https:\/\/www.correiobraziliense.com.br\/cbradar\/wp-json\/wp\/v2\/post_tag?post=196779"}],"curies":[{"name":"wp","href":"https:\/\/api.w.org\/{rel}","templated":true}]}}