{"id":196822,"date":"2026-02-21T20:25:00","date_gmt":"2026-02-21T23:25:00","guid":{"rendered":"https:\/\/www.correiobraziliense.com.br\/cbradar\/?p=196822"},"modified":"2026-02-20T15:17:38","modified_gmt":"2026-02-20T18:17:38","slug":"exercicios-simples-podem-melhorar-equilibrio-e-reduzir-risco-de-quedas","status":"publish","type":"post","link":"https:\/\/www.correiobraziliense.com.br\/cbradar\/exercicios-simples-podem-melhorar-equilibrio-e-reduzir-risco-de-quedas\/","title":{"rendered":"Exerc\u00edcios simples podem melhorar equil\u00edbrio e reduzir risco de quedas"},"content":{"rendered":"\n<p>Manter-se equilibrado e evitar quedas envolve mais do que apenas agilidade; \u00e9 uma quest\u00e3o de sustentar a independ\u00eancia e a qualidade de vida. \u00c0 medida que envelhecemos ou nos tornamos sedent\u00e1rios, nosso sistema sensorial pode se enfraquecer. O <strong>Equil\u00edbrio<\/strong>, uma habilidade trein\u00e1vel, \u00e9 resultado da intera\u00e7\u00e3o entre c\u00e9rebro, m\u00fasculos e sistema vestibular, e seu fortalecimento ajuda a mover-se com confian\u00e7a e evitar les\u00f5es.<\/p>\n\n\n\n<h2 class=\"wp-block-heading\">O que causa a perda de equil\u00edbrio?<\/h2>\n\n\n\n<p>A perda de equil\u00edbrio costuma ocorrer pela combina\u00e7\u00e3o de vis\u00e3o, sistema vestibular e propriocep\u00e7\u00e3o prejudicados. O envelhecimento natural e a falta de atividade f\u00edsica reduzem a velocidade de resposta das fibras nervosas, tornando o corpo mais propenso a quedas e inseguran\u00e7a ao caminhar.<\/p>\n\n\n\n<p>De acordo com a Organiza\u00e7\u00e3o Mundial da Sa\u00fade, m\u00fasculos fracos no core e nas pernas s\u00e3o fatores significativos para a instabilidade. Sem est\u00edmulo adequado, os sistemas sensoriais e motores sofrem decl\u00ednio, afetando a coordena\u00e7\u00e3o, a postura e a capacidade de rea\u00e7\u00e3o r\u00e1pida a desequil\u00edbrios.<\/p>\n\n\n\n<p>Para compreender melhor o que pode causar desequil\u00edbrio e quando esse sintoma exige avalia\u00e7\u00e3o m\u00e9dica, assista ao v\u00eddeo a seguir, no qual o <strong>neurologista<\/strong> explica o assunto de forma clara e did\u00e1tica no canal respons\u00e1vel pelo <a href=\"https:\/\/www.correiobraziliense.com.br\/cbradar\/dra-najla-smaili-os-sinais-silenciosos-do-cancer-de-colo-do-utero\/\" target=\"_blank\" rel=\"noreferrer noopener\">conte\u00fado<\/a>.<\/p>\n\n\n\n<iframe loading=\"lazy\" width=\"1396\" height=\"785\" src=\"https:\/\/www.youtube.com\/embed\/3lzYGnZrPDQ\" title=\"Desequil\u00edbrio - O Que Pode Ser Desequil\u00edbrio - Neurologista\" frameborder=\"0\" allow=\"accelerometer; autoplay; clipboard-write; encrypted-media; gyroscope; picture-in-picture; web-share\" referrerpolicy=\"strict-origin-when-cross-origin\" allowfullscreen><\/iframe>\n\n\n\n<h2 class=\"wp-block-heading\">Como os exerc\u00edcios melhoram o equil\u00edbrio?<\/h2>\n\n\n\n<p>Exerc\u00edcios espec\u00edficos ajudam a reativar os sensores de estabilidade ao desafiar o corpo com movimenta\u00e7\u00f5es que deslocam o centro de gravidade. Programas de treino que incluem mudan\u00e7as frequentes na base de apoio fortalecem m\u00fasculos e nervos, al\u00e9m de aprimorar a coordena\u00e7\u00e3o motora fina e grossa.<\/p>\n\n\n\n<p>Entre os exerc\u00edcios simples e eficazes para melhorar o equil\u00edbrio, destacam-se op\u00e7\u00f5es que podem ser feitas em casa com seguran\u00e7a, desde que respeitados limites individuais e, se poss\u00edvel, com orienta\u00e7\u00e3o profissional:<\/p>\n\n\n\n<ul class=\"wp-block-list\">\n<li>Ficar em apoio unipodal (em um p\u00e9 s\u00f3), segurando em apoio fixo se necess\u00e1rio.<\/li>\n\n\n\n<li>Caminhar em linha reta, como em uma corda bamba, com passos lentos e controlados.<\/li>\n\n\n\n<li>Exerc\u00edcios sem apoio, como deslocamentos laterais e frente-tr\u00e1s, em superf\u00edcie plana.<\/li>\n\n\n\n<li>Subir e descer pequenos degraus com aten\u00e7\u00e3o \u00e0 postura e \u00e0 estabilidade do tronco.<\/li>\n<\/ul>\n\n\n\n<h2 class=\"wp-block-heading\">Qual \u00e9 o papel do Pilates na postura e no equil\u00edbrio?<\/h2>\n\n\n\n<p>O Pilates desempenha papel importante no <a href=\"https:\/\/www.gov.br\/ebserh\/pt-br\/hospitais-universitarios\/regiao-sudeste\/hc-ufmg\/comunicacao\/noticias\/dia-mundial-de-prevencao-de-quedas-alerta-para-importancia-das-medidas-de-prevencao\" target=\"_blank\" rel=\"noreferrer noopener\">fortalecimento <\/a>do core e na melhoria da postura. Assim como o Yoga, essa pr\u00e1tica promove estabilidade do tronco, controle respirat\u00f3rio e maior consci\u00eancia corporal, elementos essenciais para prevenir quedas e compensa\u00e7\u00f5es musculares inadequadas.<\/p>\n\n\n\n<p>Um core bem desenvolvido garante uma postura mais alinhada, protegendo a coluna e facilitando a distribui\u00e7\u00e3o do peso corporal. Isso melhora o equil\u00edbrio est\u00e1tico e din\u00e2mico, aumenta a resist\u00eancia a desequil\u00edbrios e contribui para a realiza\u00e7\u00e3o de tarefas di\u00e1rias com menos esfor\u00e7o e dor. Veja na tabela a seguir:<\/p>\n\n\n\n<!-- \ud83c\udf3f Tabela: \ud83e\uddd8 Benef\u00edcios do Pilates para Core e Postura -->\n\n<div class=\"pilates-table\" role=\"region\" aria-labelledby=\"pilates-caption\">\n  <style>\n    .pilates-table{\n      --bg: #ffffff;\n      --text: #1f2937;\n      --muted: #6b7280;\n      --border: #e5e7eb;\n      --primary: #0f766e;\n      --primary-bg: #ccfbf1;\n      --highlight: #f0fdfa;\n      --radius: 16px;\n      --shadow: 0 8px 22px rgba(0,0,0,.06);\n      margin:1rem 0 2rem; background:var(--bg);\n      border:1px solid var(--border); border-radius:var(--radius);\n      box-shadow:var(--shadow); overflow:hidden;\n      font-family:\"Poppins\",sans-serif; font-size:.97rem;\n    }\n    .pilates-table .header{\n      padding:1rem 1.25rem; border-bottom:1px solid var(--border);\n      background:linear-gradient(90deg,var(--highlight) 0%,var(--primary-bg) 100%);\n    }\n    .pilates-table .header h3{ margin:0; font-size:1.25rem; font-weight:700; color:var(--text); }\n    .pilates-table .header p{ margin:.35rem 0 0; font-size:.95rem; color:var(--muted); }\n    .pilates-table .table-wrap{ overflow-x:auto; -webkit-overflow-scrolling:touch; scrollbar-width:thin; }\n    .pilates-table table{ width:100%; border-collapse:separate; border-spacing:0; min-width:700px; }\n    .pilates-table thead th{\n      text-align:left; font-weight:700; color:var(--text);\n      background:var(--primary-bg); padding:.9rem 1rem; border-bottom:2px solid var(--border);\n    }\n    .pilates-table tbody td{\n      padding:1rem; border-bottom:1px solid var(--border);\n      vertical-align:top; color:var(--text); background:#fff; line-height:1.5;\n    }\n    .pilates-table tbody tr:nth-child(odd) td{ background:var(--highlight); }\n    .pilates-table tbody tr:hover td{ background:color-mix(in oklab, var(--primary-bg) 70%, white); transition:all .25s ease-in-out; }\n    .pilates-table .name{ font-weight:700; font-size:1rem; color:var(--text); }\n    .pilates-table .desc{ color:var(--muted); }\n    .pilates-table .price{\n      display:inline-block; background:color-mix(in oklab, var(--primary) 10%, white);\n      color:var(--primary); border:1px solid var(--border); border-radius:999px;\n      padding:.35rem .7rem; font-weight:700; font-size:.9rem; margin-top:.3rem;\n    }\n    @media (max-width:640px){ .pilates-table table{ min-width:600px; } .pilates-table .header h3{ font-size:1.1rem; } }\n  <\/style>\n\n  <div class=\"header\">\n    <h3 id=\"pilates-caption\">\ud83e\uddd8 Benef\u00edcios do Pilates para Core e Postura<\/h3>\n    <p>Como a pr\u00e1tica contribui para estabilidade, equil\u00edbrio e prote\u00e7\u00e3o da coluna.<\/p>\n  <\/div>\n\n  <div class=\"table-wrap\" tabindex=\"0\" aria-label=\"\ud83e\uddd8 Benef\u00edcios do Pilates para Core e Postura\">\n    <table>\n      <thead>\n        <tr>\n          <th>Aspecto<\/th>\n          <th>Benef\u00edcio<\/th>\n        <\/tr>\n      <\/thead>\n      <tbody>\n        <tr>\n          <td><span class=\"name\">Fortalecimento do core<\/span><\/td>\n          <td class=\"desc\">Promove maior estabilidade do tronco, controle respirat\u00f3rio e consci\u00eancia corporal, ajudando a prevenir quedas e compensa\u00e7\u00f5es musculares inadequadas.<\/td>\n        <\/tr>\n        <tr>\n          <td><span class=\"name\">Melhoria da postura<\/span><\/td>\n          <td class=\"desc\">Um core bem desenvolvido favorece alinhamento corporal adequado e melhor distribui\u00e7\u00e3o do peso.<\/td>\n        <\/tr>\n        <tr>\n          <td><span class=\"name\">Prote\u00e7\u00e3o da coluna<\/span><\/td>\n          <td class=\"desc\">A postura mais alinhada reduz sobrecargas e contribui para menor risco de dores e les\u00f5es.<\/td>\n        <\/tr>\n        <tr>\n          <td><span class=\"name\">Equil\u00edbrio e funcionalidade<\/span><\/td>\n          <td class=\"desc\">Melhora o equil\u00edbrio est\u00e1tico e din\u00e2mico, aumenta a resist\u00eancia a desequil\u00edbrios e facilita a realiza\u00e7\u00e3o de tarefas di\u00e1rias com menos esfor\u00e7o e desconforto.<\/td>\n        <\/tr>\n      <\/tbody>\n    <\/table>\n  <\/div>\n<\/div>\n\n\n\n\n<h2 class=\"wp-block-heading\">Como montar uma rotina de treino em casa?<\/h2>\n\n\n\n<p>Realizar treinamentos em casa favorece a consist\u00eancia, fundamental para adapta\u00e7\u00f5es do sistema de equil\u00edbrio. Movimentos como agachamento lateral, apoio unipodal pr\u00f3ximo a uma parede e pr\u00e1ticas inspiradas no Tai Chi Chuan s\u00e3o pr\u00e1ticos e eficazes, desde que feitos com aten\u00e7\u00e3o \u00e0 t\u00e9cnica.<\/p>\n\n\n\n<p>Com exerc\u00edcios simples e seguros em ambiente dom\u00e9stico, \u00e9 poss\u00edvel fortalecer pernas e core e melhorar a coordena\u00e7\u00e3o. Incorporar treinos de equil\u00edbrio regulares e consultar especialistas periodicamente ajuda a prevenir quedas, manter a autonomia e preservar a qualidade de vida mesmo com o avan\u00e7o da idade.<\/p>\n\n\n<a href=\"https:\/\/www.instagram.com\/dra.annaluisabf\/\" target=\"_blank\" rel=\"noopener\" style=\"text-decoration: none; color: inherit;\">\n    <span style=\"display: inline-block; border: 1px solid #ccc; border-radius: 10px; padding: 15px; max-width: 550px; font-family: sans-serif; box-shadow: 0 2px 5px rgba(0,0,0,0.1); width: 100%;\">\n\n      <!-- T\u00edtulo -->\n      <span style=\"display: block; margin: 0 0 15px 0; font-weight: bold; color: #2c3e50; text-align: center;\">\n        Entre em contato:\n      <\/span>\n\n      <!-- Linha do perfil -->\n      <span style=\"display: flex; align-items: center; gap: 15px;\">\n        <img decoding=\"async\"\n          src=\"https:\/\/www.correiobraziliense.com.br\/cbradar\/wp-content\/uploads\/2025\/08\/dra_anna_luisa.jpeg\"\n          alt=\"Foto da Dra. Anna Lu\u00edsa\"\n          style=\"border-radius: 50%; width: 80px; height: 80px; object-fit: cover;\"\n        \/>\n        <span style=\"display: flex; flex-direction: column;\">\n          <span style=\"font-size: 18px; font-weight: 700; color: #2c3e50;\">Dra. Anna Lu\u00edsa Barbosa Fernandes<\/span>\n          <span style=\"color: #555;\">CRM-GO 33.271<\/span>\n        <\/span>\n      <\/span>\n\n      <!-- Redes -->\n      <span style=\"display: flex; align-items: center; gap: 10px; margin-top: 12px;\">\n        <img decoding=\"async\" src=\"https:\/\/cdn-icons-png.flaticon.com\/24\/1384\/1384063.png\" alt=\"Instagram\" width=\"24\" height=\"24\" \/>\n        <span style=\"text-decoration: underline; color: #2c3e50;\">@dra.annaluisabf<\/span>\n      <\/span>\n\n    <\/span>\n  <\/a>","protected":false},"excerpt":{"rendered":"<p>Manter-se equilibrado e evitar quedas envolve mais do que apenas agilidade; \u00e9 uma quest\u00e3o de sustentar a independ\u00eancia e a qualidade de vida. \u00c0 medida que envelhecemos ou nos tornamos sedent\u00e1rios, nosso sistema sensorial pode se enfraquecer. O Equil\u00edbrio, uma habilidade trein\u00e1vel, \u00e9 resultado da intera\u00e7\u00e3o entre c\u00e9rebro, m\u00fasculos e sistema vestibular, e seu fortalecimento [&hellip;]<\/p>\n","protected":false},"author":14,"featured_media":37958,"comment_status":"open","ping_status":"open","sticky":false,"template":"","format":"standard","meta":{"_yoast_wpseo_focuskw":"Equil\u00edbrio","_yoast_wpseo_title":"","_yoast_wpseo_metadesc":"O equil\u00edbrio pode ser treinado e prevenir quedas perigosas. Descubra exerc\u00edcios simples que fortalecem pernas e core em casa.","jnews-multi-image_gallery":[],"jnews_single_post":{"format":"standard"},"jnews_primary_category":[],"jnews_social_meta":[],"jnews_override_counter":[],"footnotes":""},"categories":[4404],"post_tag":[120,247,565],"class_list":["post-196822","post","type-post","status-publish","format-standard","has-post-thumbnail","hentry","category-saude","tag-bem-estar","tag-qualidade-de-vida","tag-saude"],"yoast_head":"<!-- This site is optimized with the Yoast SEO plugin v24.6 - https:\/\/yoast.com\/wordpress\/plugins\/seo\/ -->\n<title>Exerc\u00edcios simples podem melhorar equil\u00edbrio e reduzir risco de quedas - Correio Braziliense - Radar<\/title>\n<meta name=\"description\" content=\"O equil\u00edbrio pode ser treinado e prevenir quedas perigosas. Descubra exerc\u00edcios simples que fortalecem pernas e core em casa.\" \/>\n<meta name=\"robots\" content=\"index, follow, max-snippet:-1, max-image-preview:large, max-video-preview:-1\" \/>\n<link rel=\"canonical\" href=\"https:\/\/www.correiobraziliense.com.br\/cbradar\/exercicios-simples-podem-melhorar-equilibrio-e-reduzir-risco-de-quedas\/\" \/>\n<meta property=\"og:locale\" content=\"pt_BR\" \/>\n<meta property=\"og:type\" content=\"article\" \/>\n<meta property=\"og:title\" content=\"Exerc\u00edcios simples podem melhorar equil\u00edbrio e reduzir risco de quedas - Correio Braziliense - Radar\" \/>\n<meta property=\"og:description\" content=\"O equil\u00edbrio pode ser treinado e prevenir quedas perigosas. Descubra exerc\u00edcios simples que fortalecem pernas e core em casa.\" \/>\n<meta property=\"og:url\" content=\"https:\/\/www.correiobraziliense.com.br\/cbradar\/exercicios-simples-podem-melhorar-equilibrio-e-reduzir-risco-de-quedas\/\" \/>\n<meta property=\"og:site_name\" content=\"Correio Braziliense - Radar\" \/>\n<meta property=\"article:published_time\" content=\"2026-02-21T23:25:00+00:00\" \/>\n<meta property=\"og:image\" content=\"https:\/\/www.correiobraziliense.com.br\/cbradar\/wp-content\/uploads\/2025\/05\/equilibrio_1747409818607.jpg\" \/>\n\t<meta property=\"og:image:width\" content=\"1280\" \/>\n\t<meta property=\"og:image:height\" content=\"720\" \/>\n\t<meta property=\"og:image:type\" content=\"image\/jpeg\" \/>\n<meta name=\"author\" content=\"guilherme_saude\" \/>\n<meta name=\"twitter:card\" content=\"summary_large_image\" \/>\n<meta name=\"twitter:label1\" content=\"Escrito por\" \/>\n\t<meta name=\"twitter:data1\" content=\"guilherme_saude\" \/>\n\t<meta name=\"twitter:label2\" content=\"Est. tempo de leitura\" \/>\n\t<meta name=\"twitter:data2\" content=\"5 minutos\" \/>\n<!-- \/ Yoast SEO plugin. -->","yoast_head_json":{"title":"Exerc\u00edcios simples podem melhorar equil\u00edbrio e reduzir risco de quedas - Correio Braziliense - Radar","description":"O equil\u00edbrio pode ser treinado e prevenir quedas perigosas. Descubra exerc\u00edcios simples que fortalecem pernas e core em casa.","robots":{"index":"index","follow":"follow","max-snippet":"max-snippet:-1","max-image-preview":"max-image-preview:large","max-video-preview":"max-video-preview:-1"},"canonical":"https:\/\/www.correiobraziliense.com.br\/cbradar\/exercicios-simples-podem-melhorar-equilibrio-e-reduzir-risco-de-quedas\/","og_locale":"pt_BR","og_type":"article","og_title":"Exerc\u00edcios simples podem melhorar equil\u00edbrio e reduzir risco de quedas - Correio Braziliense - Radar","og_description":"O equil\u00edbrio pode ser treinado e prevenir quedas perigosas. Descubra exerc\u00edcios simples que fortalecem pernas e core em casa.","og_url":"https:\/\/www.correiobraziliense.com.br\/cbradar\/exercicios-simples-podem-melhorar-equilibrio-e-reduzir-risco-de-quedas\/","og_site_name":"Correio Braziliense - Radar","article_published_time":"2026-02-21T23:25:00+00:00","og_image":[{"width":1280,"height":720,"url":"https:\/\/www.correiobraziliense.com.br\/cbradar\/wp-content\/uploads\/2025\/05\/equilibrio_1747409818607.jpg","type":"image\/jpeg"}],"author":"guilherme_saude","twitter_card":"summary_large_image","twitter_misc":{"Escrito por":"guilherme_saude","Est. tempo de leitura":"5 minutos"},"schema":{"@context":"https:\/\/schema.org","@graph":[{"@type":"WebPage","@id":"https:\/\/www.correiobraziliense.com.br\/cbradar\/exercicios-simples-podem-melhorar-equilibrio-e-reduzir-risco-de-quedas\/","url":"https:\/\/www.correiobraziliense.com.br\/cbradar\/exercicios-simples-podem-melhorar-equilibrio-e-reduzir-risco-de-quedas\/","name":"Exerc\u00edcios simples podem melhorar equil\u00edbrio e reduzir risco de quedas - Correio Braziliense - Radar","isPartOf":{"@id":"https:\/\/www.correiobraziliense.com.br\/cbradar\/#website"},"primaryImageOfPage":{"@id":"https:\/\/www.correiobraziliense.com.br\/cbradar\/exercicios-simples-podem-melhorar-equilibrio-e-reduzir-risco-de-quedas\/#primaryimage"},"image":{"@id":"https:\/\/www.correiobraziliense.com.br\/cbradar\/exercicios-simples-podem-melhorar-equilibrio-e-reduzir-risco-de-quedas\/#primaryimage"},"thumbnailUrl":"https:\/\/www.correiobraziliense.com.br\/cbradar\/wp-content\/uploads\/2025\/05\/equilibrio_1747409818607.jpg","datePublished":"2026-02-21T23:25:00+00:00","author":{"@id":"https:\/\/www.correiobraziliense.com.br\/cbradar\/#\/schema\/person\/5aa4bf3c8fa699c267933611de12978b"},"description":"O equil\u00edbrio pode ser treinado e prevenir quedas perigosas. Descubra exerc\u00edcios simples que fortalecem pernas e core em casa.","breadcrumb":{"@id":"https:\/\/www.correiobraziliense.com.br\/cbradar\/exercicios-simples-podem-melhorar-equilibrio-e-reduzir-risco-de-quedas\/#breadcrumb"},"inLanguage":"pt-BR","potentialAction":[{"@type":"ReadAction","target":["https:\/\/www.correiobraziliense.com.br\/cbradar\/exercicios-simples-podem-melhorar-equilibrio-e-reduzir-risco-de-quedas\/"]}]},{"@type":"ImageObject","inLanguage":"pt-BR","@id":"https:\/\/www.correiobraziliense.com.br\/cbradar\/exercicios-simples-podem-melhorar-equilibrio-e-reduzir-risco-de-quedas\/#primaryimage","url":"https:\/\/www.correiobraziliense.com.br\/cbradar\/wp-content\/uploads\/2025\/05\/equilibrio_1747409818607.jpg","contentUrl":"https:\/\/www.correiobraziliense.com.br\/cbradar\/wp-content\/uploads\/2025\/05\/equilibrio_1747409818607.jpg","width":1280,"height":720,"caption":"O h\u00e1bito mais eficaz para melhorar postura e prevenir quedas ap\u00f3s os 50 - Cr\u00e9ditos: depositphotos.com \/ HayDmitriy"},{"@type":"BreadcrumbList","@id":"https:\/\/www.correiobraziliense.com.br\/cbradar\/exercicios-simples-podem-melhorar-equilibrio-e-reduzir-risco-de-quedas\/#breadcrumb","itemListElement":[{"@type":"ListItem","position":1,"name":"In\u00edcio","item":"https:\/\/www.correiobraziliense.com.br\/cbradar\/"},{"@type":"ListItem","position":2,"name":"Exerc\u00edcios simples podem melhorar equil\u00edbrio e reduzir risco de quedas"}]},{"@type":"WebSite","@id":"https:\/\/www.correiobraziliense.com.br\/cbradar\/#website","url":"https:\/\/www.correiobraziliense.com.br\/cbradar\/","name":"Correio Braziliense - Radar","description":"Acompanhe as \u00faltimas not\u00edcias e fique bem informado sobre tudo o que acontece no Brasil e no mundo.","potentialAction":[{"@type":"SearchAction","target":{"@type":"EntryPoint","urlTemplate":"https:\/\/www.correiobraziliense.com.br\/cbradar\/?s={search_term_string}"},"query-input":{"@type":"PropertyValueSpecification","valueRequired":true,"valueName":"search_term_string"}}],"inLanguage":"pt-BR"},{"@type":"Person","@id":"https:\/\/www.correiobraziliense.com.br\/cbradar\/#\/schema\/person\/5aa4bf3c8fa699c267933611de12978b","name":"guilherme_saude","image":{"@type":"ImageObject","inLanguage":"pt-BR","@id":"https:\/\/www.correiobraziliense.com.br\/cbradar\/#\/schema\/person\/image\/","url":"https:\/\/secure.gravatar.com\/avatar\/df9adfb835d344bc0af109d41756253f?s=96&d=mm&r=g","contentUrl":"https:\/\/secure.gravatar.com\/avatar\/df9adfb835d344bc0af109d41756253f?s=96&d=mm&r=g","caption":"guilherme_saude"},"url":"https:\/\/www.correiobraziliense.com.br\/cbradar\/author\/guilherme_saude\/"}]}},"_links":{"self":[{"href":"https:\/\/www.correiobraziliense.com.br\/cbradar\/wp-json\/wp\/v2\/posts\/196822","targetHints":{"allow":["GET"]}}],"collection":[{"href":"https:\/\/www.correiobraziliense.com.br\/cbradar\/wp-json\/wp\/v2\/posts"}],"about":[{"href":"https:\/\/www.correiobraziliense.com.br\/cbradar\/wp-json\/wp\/v2\/types\/post"}],"author":[{"embeddable":true,"href":"https:\/\/www.correiobraziliense.com.br\/cbradar\/wp-json\/wp\/v2\/users\/14"}],"replies":[{"embeddable":true,"href":"https:\/\/www.correiobraziliense.com.br\/cbradar\/wp-json\/wp\/v2\/comments?post=196822"}],"version-history":[{"count":2,"href":"https:\/\/www.correiobraziliense.com.br\/cbradar\/wp-json\/wp\/v2\/posts\/196822\/revisions"}],"predecessor-version":[{"id":196829,"href":"https:\/\/www.correiobraziliense.com.br\/cbradar\/wp-json\/wp\/v2\/posts\/196822\/revisions\/196829"}],"wp:featuredmedia":[{"embeddable":true,"href":"https:\/\/www.correiobraziliense.com.br\/cbradar\/wp-json\/wp\/v2\/media\/37958"}],"wp:attachment":[{"href":"https:\/\/www.correiobraziliense.com.br\/cbradar\/wp-json\/wp\/v2\/media?parent=196822"}],"wp:term":[{"taxonomy":"category","embeddable":true,"href":"https:\/\/www.correiobraziliense.com.br\/cbradar\/wp-json\/wp\/v2\/categories?post=196822"},{"taxonomy":"post_tag","embeddable":true,"href":"https:\/\/www.correiobraziliense.com.br\/cbradar\/wp-json\/wp\/v2\/post_tag?post=196822"}],"curies":[{"name":"wp","href":"https:\/\/api.w.org\/{rel}","templated":true}]}}