{"id":196948,"date":"2026-02-22T07:45:00","date_gmt":"2026-02-22T10:45:00","guid":{"rendered":"https:\/\/www.correiobraziliense.com.br\/cbradar\/?p=196948"},"modified":"2026-02-20T15:18:12","modified_gmt":"2026-02-20T18:18:12","slug":"caldo-de-ossos-pode-fortalecer-articulacoes-e-melhorar-a-digestao-naturalmente","status":"publish","type":"post","link":"https:\/\/www.correiobraziliense.com.br\/cbradar\/caldo-de-ossos-pode-fortalecer-articulacoes-e-melhorar-a-digestao-naturalmente\/","title":{"rendered":"Caldo de ossos pode fortalecer articula\u00e7\u00f5es e melhorar a digest\u00e3o naturalmente"},"content":{"rendered":"\n<p>O <strong>Caldo de Ossos<\/strong> \u00e9 uma pr\u00e1tica antiga que se tornou tend\u00eancia na nutri\u00e7\u00e3o moderna por seus potenciais benef\u00edcios \u00e0 sa\u00fade, especialmente para digest\u00e3o, articula\u00e7\u00f5es e pele, pois libera nutrientes vitais que dificilmente s\u00e3o obtidos na alimenta\u00e7\u00e3o habitual.<\/p>\n\n\n\n<h2 class=\"wp-block-heading\">Quais nutrientes o caldo de ossos oferece ao organismo?<\/h2>\n\n\n\n<p>Durante o cozimento lento dos ossos, s\u00e3o liberados amino\u00e1cidos como glicina e glutamina, que desempenham pap\u00e9is fundamentais na fun\u00e7\u00e3o intestinal e no suporte aos tecidos. Minerais como c\u00e1lcio, magn\u00e9sio e f\u00f3sforo tamb\u00e9m se tornam mais facilmente absorvidos, gra\u00e7as \u00e0 forma biodispon\u00edvel em que se apresentam no caldo.<\/p>\n\n\n\n<p>Al\u00e9m disso, o caldo concentra col\u00e1geno e gelatina, subst\u00e2ncias associadas \u00e0 integridade da pele e das articula\u00e7\u00f5es. Ele ainda fornece eletr\u00f3litos naturais que podem auxiliar na hidrata\u00e7\u00e3o e no equil\u00edbrio mineral do corpo.<\/p>\n\n\n\n<p>Para compreender melhor os benef\u00edcios do caldo de ossos, como preparar a receita e a forma correta de consumir, assista ao v\u00eddeo a seguir, no qual o <strong>Dr. Alain Dutra<\/strong> explica o assunto de forma clara e did\u00e1tica no canal <strong>Dr. Alain Dutra<\/strong>.<\/p>\n\n\n\n<iframe loading=\"lazy\" width=\"1396\" height=\"785\" src=\"https:\/\/www.youtube.com\/embed\/S35gtBoKCRE\" title=\"CALDO DE OSSOS - 10 BENEF\u00cdCIOS + RECEITA E COMO CONSUMIR - Dr Alain Dutra\" frameborder=\"0\" allow=\"accelerometer; autoplay; clipboard-write; encrypted-media; gyroscope; picture-in-picture; web-share\" referrerpolicy=\"strict-origin-when-cross-origin\" allowfullscreen><\/iframe>\n\n\n\n<h2 class=\"wp-block-heading\">Como o caldo de ossos beneficia o corpo?<\/h2>\n\n\n\n<p>Quando consumido de forma regular e moderada, o caldo de ossos pode auxiliar nas articula\u00e7\u00f5es, melhorando a mobilidade e protegendo as cartilagens. Estudos apontam que glicosaminoglicanos presentes nesse alimento podem contribuir para a redu\u00e7\u00e3o de dores inflamat\u00f3rias.<\/p>\n\n\n\n<p>Os efeitos mais not\u00e1veis envolvem a sa\u00fade digestiva e est\u00e9tica, pois a glutamina ajuda a manter o intestino saud\u00e1vel, enquanto o col\u00e1geno atua nas camadas mais profundas da pele. Esse conjunto favorece o metabolismo, a recupera\u00e7\u00e3o e o bem-estar geral.<\/p>\n\n\n\n<h2 class=\"wp-block-heading\">Como preparar um caldo de ossos nutritivo em casa?<\/h2>\n\n\n\n<p>Para fazer um caldo de ossos eficiente, \u00e9 essencial escolher ossos de boa proced\u00eancia, como os de gado ou frango org\u00e2nico, e adicionar um elemento \u00e1cido, como vinagre de ma\u00e7\u00e3, para facilitar a extra\u00e7\u00e3o dos minerais. O tempo de cozimento deve ser longo, variando de 12 a 24 horas, conforme a textura desejada.<\/p>\n\n\n\n<p>Vegetais como cebola, cenoura e sals\u00e3o podem ser inclu\u00eddos para aprimorar o sabor e enriquecer o caldo com mais micronutrientes. Ap\u00f3s o cozimento, o l\u00edquido deve ser coado e armazenado na geladeira, onde formar\u00e1 uma camada de gordura que ajuda na conserva\u00e7\u00e3o.<\/p>\n\n\n\n<!-- \ud83c\udf3f Tabela: \ud83c\udf72 Como Preparar Caldo de Ossos -->\n\n<div class=\"caldo-ossos-table\" role=\"region\" aria-labelledby=\"caldo-caption\">\n  <style>\n    .caldo-ossos-table{\n      --bg: #ffffff;\n      --text: #1f2937;\n      --muted: #6b7280;\n      --border: #e5e7eb;\n      --primary: #92400e;\n      --primary-bg: #fef3c7;\n      --highlight: #fffbeb;\n      --radius: 16px;\n      --shadow: 0 8px 22px rgba(0,0,0,.06);\n      margin:1rem 0 2rem; background:var(--bg);\n      border:1px solid var(--border); border-radius:var(--radius);\n      box-shadow:var(--shadow); overflow:hidden;\n      font-family:\"Poppins\",sans-serif; font-size:.97rem;\n    }\n    .caldo-ossos-table .header{\n      padding:1rem 1.25rem; border-bottom:1px solid var(--border);\n      background:linear-gradient(90deg,var(--highlight) 0%,var(--primary-bg) 100%);\n    }\n    .caldo-ossos-table .header h3{ margin:0; font-size:1.25rem; font-weight:700; color:var(--text); }\n    .caldo-ossos-table .header p{ margin:.35rem 0 0; font-size:.95rem; color:var(--muted); }\n    .caldo-ossos-table .table-wrap{ overflow-x:auto; -webkit-overflow-scrolling:touch; scrollbar-width:thin; }\n    .caldo-ossos-table table{ width:100%; border-collapse:separate; border-spacing:0; min-width:700px; }\n    .caldo-ossos-table thead th{\n      text-align:left; font-weight:700; color:var(--text);\n      background:var(--primary-bg); padding:.9rem 1rem; border-bottom:2px solid var(--border);\n    }\n    .caldo-ossos-table tbody td{\n      padding:1rem; border-bottom:1px solid var(--border);\n      vertical-align:top; color:var(--text); background:#fff; line-height:1.5;\n    }\n    .caldo-ossos-table tbody tr:nth-child(odd) td{ background:var(--highlight); }\n    .caldo-ossos-table tbody tr:hover td{ background:color-mix(in oklab, var(--primary-bg) 70%, white); transition:all .25s ease-in-out; }\n    .caldo-ossos-table .name{ font-weight:700; font-size:1rem; color:var(--text); }\n    .caldo-ossos-table .desc{ color:var(--muted); }\n    .caldo-ossos-table .price{\n      display:inline-block; background:color-mix(in oklab, var(--primary) 10%, white);\n      color:var(--primary); border:1px solid var(--border); border-radius:999px;\n      padding:.35rem .7rem; font-weight:700; font-size:.9rem; margin-top:.3rem;\n    }\n    @media (max-width:640px){ .caldo-ossos-table table{ min-width:600px; } .caldo-ossos-table .header h3{ font-size:1.1rem; } }\n  <\/style>\n\n  <div class=\"header\">\n    <h3 id=\"caldo-caption\">\ud83c\udf72 Como Preparar Caldo de Ossos<\/h3>\n    <p>Etapas essenciais para extrair sabor, minerais e nutrientes de forma eficiente.<\/p>\n  <\/div>\n\n  <div class=\"table-wrap\" tabindex=\"0\" aria-label=\"\ud83c\udf72 Como Preparar Caldo de Ossos\">\n    <table>\n      <thead>\n        <tr>\n          <th>Etapa<\/th>\n          <th>Orienta\u00e7\u00e3o<\/th>\n        <\/tr>\n      <\/thead>\n      <tbody>\n        <tr>\n          <td><span class=\"name\">Escolha dos ossos<\/span><\/td>\n          <td class=\"desc\">Utilize ossos de boa proced\u00eancia, como os de gado ou frango org\u00e2nico, garantindo melhor qualidade nutricional.<\/td>\n        <\/tr>\n        <tr>\n          <td><span class=\"name\">Adi\u00e7\u00e3o de elemento \u00e1cido<\/span><\/td>\n          <td class=\"desc\">Inclua vinagre de ma\u00e7\u00e3 para facilitar a extra\u00e7\u00e3o de minerais durante o cozimento.<\/td>\n        <\/tr>\n        <tr>\n          <td><span class=\"name\">Tempo de cozimento<\/span><\/td>\n          <td class=\"desc\">Mantenha o preparo em fogo baixo por <span class=\"price\">12 a 24 horas<\/span>, conforme a textura e concentra\u00e7\u00e3o desejadas.<\/td>\n        <\/tr>\n        <tr>\n          <td><span class=\"name\">Inclus\u00e3o de vegetais<\/span><\/td>\n          <td class=\"desc\">Adicione cebola, cenoura e sals\u00e3o para aprimorar o sabor e enriquecer o caldo com micronutrientes.<\/td>\n        <\/tr>\n        <tr>\n          <td><span class=\"name\">Coagem e armazenamento<\/span><\/td>\n          <td class=\"desc\">Ap\u00f3s o cozimento, coe o l\u00edquido e armazene na geladeira. Uma camada de gordura se formar\u00e1 na superf\u00edcie, auxiliando na conserva\u00e7\u00e3o.<\/td>\n        <\/tr>\n      <\/tbody>\n    <\/table>\n  <\/div>\n<\/div>\n\n\n\n\n<h2 class=\"wp-block-heading\">O que as pesquisas indicam sobre o caldo de ossos?<\/h2>\n\n\n\n<p>A ingest\u00e3o de col\u00e1geno e seus impactos na sa\u00fade da pele tem sido amplamente estudada, e revis\u00f5es cient\u00edficas apontam que o col\u00e1geno hidrolisado pode melhorar a hidrata\u00e7\u00e3o e a elasticidade cut\u00e2nea. Em paralelo, organiza\u00e7\u00f5es como a OMS ressaltam a import\u00e2ncia de priorizar alimentos minimamente processados na preven\u00e7\u00e3o de doen\u00e7as cr\u00f4nicas.<\/p>\n\n\n\n<p>Nesse contexto, o caldo de ossos destaca-se como uma alternativa simples, rica em eletr\u00f3litos naturais e sem conservantes artificiais. Ele pode complementar uma alimenta\u00e7\u00e3o equilibrada, desde que inserido em um padr\u00e3o alimentar saud\u00e1vel e individualizado.<\/p>\n\n\n<div class=\"wp-block-image\">\n<figure class=\"aligncenter size-large\"><img decoding=\"async\" width=\"1024\" height=\"576\" src=\"https:\/\/www.correiobraziliense.com.br\/cbradar\/wp-content\/uploads\/2026\/02\/caldo-de-ossos_1771605631672-1024x576.jpg\" alt=\"\" class=\"wp-image-197026\" srcset=\"https:\/\/www.correiobraziliense.com.br\/cbradar\/wp-content\/uploads\/2026\/02\/caldo-de-ossos_1771605631672-1024x576.jpg 1024w, https:\/\/www.correiobraziliense.com.br\/cbradar\/wp-content\/uploads\/2026\/02\/caldo-de-ossos_1771605631672-300x169.jpg 300w, https:\/\/www.correiobraziliense.com.br\/cbradar\/wp-content\/uploads\/2026\/02\/caldo-de-ossos_1771605631672-768x432.jpg 768w, https:\/\/www.correiobraziliense.com.br\/cbradar\/wp-content\/uploads\/2026\/02\/caldo-de-ossos_1771605631672-750x422.jpg 750w, https:\/\/www.correiobraziliense.com.br\/cbradar\/wp-content\/uploads\/2026\/02\/caldo-de-ossos_1771605631672-1140x641.jpg 1140w, https:\/\/www.correiobraziliense.com.br\/cbradar\/wp-content\/uploads\/2026\/02\/caldo-de-ossos_1771605631672.jpg 1280w\" sizes=\"(max-width: 1024px) 100vw, 1024px\" \/><figcaption class=\"wp-element-caption\">O segredo natural para articula\u00e7\u00f5es mais resistentes e melhor absor\u00e7\u00e3o de minerais &#8211; Cr\u00e9ditos: depositphotos.com \/ qwartm<\/figcaption><\/figure><\/div>\n\n\n<h2 class=\"wp-block-heading\">Como integrar o caldo de ossos no dia a dia?<\/h2>\n\n\n\n<p>A versatilidade do caldo de ossos facilita sua inclus\u00e3o na rotina, podendo ser usado em prepara\u00e7\u00f5es variadas para enriquecer o valor nutricional das refei\u00e7\u00f5es. Ele tamb\u00e9m pode substituir caldos industrializados, que geralmente s\u00e3o ricos em s\u00f3dio e aditivos.<\/p>\n\n\n\n<p>Entre as formas mais pr\u00e1ticas de utilizar o caldo de ossos no cotidiano, destacam-se op\u00e7\u00f5es que se adaptam a diferentes perfis e hor\u00e1rios:<\/p>\n\n\n\n<ul class=\"wp-block-list\">\n<li>Usar como base para sopas, cremes e molhos caseiros.<\/li>\n\n\n\n<li>Cozinhar gr\u00e3os, como arroz, quinoa ou feij\u00e3o, no caldo em vez de \u00e1gua.<\/li>\n\n\n\n<li>Consumir em pequenas por\u00e7\u00f5es aquecido, como bebida entre as refei\u00e7\u00f5es.<\/li>\n\n\n\n<li>Congelar em por\u00e7\u00f5es individuais para uso r\u00e1pido em receitas do dia a dia.<\/li>\n<\/ul>\n\n\n<a href=\"https:\/\/www.instagram.com\/dra.annaluisabf\/\" target=\"_blank\" rel=\"noopener\" style=\"text-decoration: none; color: inherit;\">\n    <span style=\"display: inline-block; border: 1px solid #ccc; border-radius: 10px; padding: 15px; max-width: 550px; font-family: sans-serif; box-shadow: 0 2px 5px rgba(0,0,0,0.1); width: 100%;\">\n\n      <!-- T\u00edtulo -->\n      <span style=\"display: block; margin: 0 0 15px 0; font-weight: bold; color: #2c3e50; text-align: center;\">\n        Entre em contato:\n      <\/span>\n\n      <!-- Linha do perfil -->\n      <span style=\"display: flex; align-items: center; gap: 15px;\">\n        <img decoding=\"async\"\n          src=\"https:\/\/www.correiobraziliense.com.br\/cbradar\/wp-content\/uploads\/2025\/08\/dra_anna_luisa.jpeg\"\n          alt=\"Foto da Dra. Anna Lu\u00edsa\"\n          style=\"border-radius: 50%; width: 80px; height: 80px; object-fit: cover;\"\n        \/>\n        <span style=\"display: flex; flex-direction: column;\">\n          <span style=\"font-size: 18px; font-weight: 700; color: #2c3e50;\">Dra. Anna Lu\u00edsa Barbosa Fernandes<\/span>\n          <span style=\"color: #555;\">CRM-GO 33.271<\/span>\n        <\/span>\n      <\/span>\n\n      <!-- Redes -->\n      <span style=\"display: flex; align-items: center; gap: 10px; margin-top: 12px;\">\n        <img decoding=\"async\" src=\"https:\/\/cdn-icons-png.flaticon.com\/24\/1384\/1384063.png\" alt=\"Instagram\" width=\"24\" height=\"24\" \/>\n        <span style=\"text-decoration: underline; color: #2c3e50;\">@dra.annaluisabf<\/span>\n      <\/span>\n\n    <\/span>\n  <\/a>","protected":false},"excerpt":{"rendered":"<p>O Caldo de Ossos \u00e9 uma pr\u00e1tica antiga que se tornou tend\u00eancia na nutri\u00e7\u00e3o moderna por seus potenciais benef\u00edcios \u00e0 sa\u00fade, especialmente para digest\u00e3o, articula\u00e7\u00f5es e pele, pois libera nutrientes vitais que dificilmente s\u00e3o obtidos na alimenta\u00e7\u00e3o habitual. Quais nutrientes o caldo de ossos oferece ao organismo? Durante o cozimento lento dos ossos, s\u00e3o liberados [&hellip;]<\/p>\n","protected":false},"author":14,"featured_media":197024,"comment_status":"open","ping_status":"open","sticky":false,"template":"","format":"standard","meta":{"_yoast_wpseo_focuskw":"Caldo de Ossos","_yoast_wpseo_title":"","_yoast_wpseo_metadesc":"Caldo de ossos pode fortalecer articula\u00e7\u00f5es e melhorar a sa\u00fade intestinal. Descubra como preparar corretamente e potencializar nutrientes.","jnews-multi-image_gallery":[],"jnews_single_post":{"format":"standard"},"jnews_primary_category":[],"jnews_social_meta":[],"jnews_override_counter":[],"footnotes":""},"categories":[4404],"post_tag":[120,247,565],"class_list":["post-196948","post","type-post","status-publish","format-standard","has-post-thumbnail","hentry","category-saude","tag-bem-estar","tag-qualidade-de-vida","tag-saude"],"yoast_head":"<!-- This site is optimized with the Yoast SEO plugin v24.6 - https:\/\/yoast.com\/wordpress\/plugins\/seo\/ -->\n<title>Caldo de ossos pode fortalecer articula\u00e7\u00f5es e melhorar a digest\u00e3o naturalmente - Correio Braziliense - Radar<\/title>\n<meta name=\"description\" content=\"Caldo de ossos pode fortalecer articula\u00e7\u00f5es e melhorar a sa\u00fade intestinal. Descubra como preparar corretamente e potencializar nutrientes.\" \/>\n<meta name=\"robots\" content=\"index, follow, max-snippet:-1, max-image-preview:large, max-video-preview:-1\" \/>\n<link rel=\"canonical\" href=\"https:\/\/www.correiobraziliense.com.br\/cbradar\/caldo-de-ossos-pode-fortalecer-articulacoes-e-melhorar-a-digestao-naturalmente\/\" \/>\n<meta property=\"og:locale\" content=\"pt_BR\" \/>\n<meta property=\"og:type\" content=\"article\" \/>\n<meta property=\"og:title\" content=\"Caldo de ossos pode fortalecer articula\u00e7\u00f5es e melhorar a digest\u00e3o naturalmente - Correio Braziliense - Radar\" \/>\n<meta property=\"og:description\" content=\"Caldo de ossos pode fortalecer articula\u00e7\u00f5es e melhorar a sa\u00fade intestinal. Descubra como preparar corretamente e potencializar nutrientes.\" \/>\n<meta property=\"og:url\" content=\"https:\/\/www.correiobraziliense.com.br\/cbradar\/caldo-de-ossos-pode-fortalecer-articulacoes-e-melhorar-a-digestao-naturalmente\/\" \/>\n<meta property=\"og:site_name\" content=\"Correio Braziliense - Radar\" \/>\n<meta property=\"article:published_time\" content=\"2026-02-22T10:45:00+00:00\" \/>\n<meta property=\"og:image\" content=\"https:\/\/www.correiobraziliense.com.br\/cbradar\/wp-content\/uploads\/2026\/02\/caldo-de-ossos_1771610694838.jpg\" \/>\n\t<meta property=\"og:image:width\" content=\"1280\" \/>\n\t<meta property=\"og:image:height\" content=\"720\" \/>\n\t<meta property=\"og:image:type\" content=\"image\/jpeg\" \/>\n<meta name=\"author\" content=\"guilherme_saude\" \/>\n<meta name=\"twitter:card\" content=\"summary_large_image\" \/>\n<meta name=\"twitter:label1\" content=\"Escrito por\" \/>\n\t<meta name=\"twitter:data1\" content=\"guilherme_saude\" \/>\n\t<meta name=\"twitter:label2\" content=\"Est. tempo de leitura\" \/>\n\t<meta name=\"twitter:data2\" content=\"5 minutos\" \/>\n<!-- \/ Yoast SEO plugin. -->","yoast_head_json":{"title":"Caldo de ossos pode fortalecer articula\u00e7\u00f5es e melhorar a digest\u00e3o naturalmente - Correio Braziliense - Radar","description":"Caldo de ossos pode fortalecer articula\u00e7\u00f5es e melhorar a sa\u00fade intestinal. Descubra como preparar corretamente e potencializar nutrientes.","robots":{"index":"index","follow":"follow","max-snippet":"max-snippet:-1","max-image-preview":"max-image-preview:large","max-video-preview":"max-video-preview:-1"},"canonical":"https:\/\/www.correiobraziliense.com.br\/cbradar\/caldo-de-ossos-pode-fortalecer-articulacoes-e-melhorar-a-digestao-naturalmente\/","og_locale":"pt_BR","og_type":"article","og_title":"Caldo de ossos pode fortalecer articula\u00e7\u00f5es e melhorar a digest\u00e3o naturalmente - Correio Braziliense - Radar","og_description":"Caldo de ossos pode fortalecer articula\u00e7\u00f5es e melhorar a sa\u00fade intestinal. Descubra como preparar corretamente e potencializar nutrientes.","og_url":"https:\/\/www.correiobraziliense.com.br\/cbradar\/caldo-de-ossos-pode-fortalecer-articulacoes-e-melhorar-a-digestao-naturalmente\/","og_site_name":"Correio Braziliense - Radar","article_published_time":"2026-02-22T10:45:00+00:00","og_image":[{"width":1280,"height":720,"url":"https:\/\/www.correiobraziliense.com.br\/cbradar\/wp-content\/uploads\/2026\/02\/caldo-de-ossos_1771610694838.jpg","type":"image\/jpeg"}],"author":"guilherme_saude","twitter_card":"summary_large_image","twitter_misc":{"Escrito por":"guilherme_saude","Est. tempo de leitura":"5 minutos"},"schema":{"@context":"https:\/\/schema.org","@graph":[{"@type":"WebPage","@id":"https:\/\/www.correiobraziliense.com.br\/cbradar\/caldo-de-ossos-pode-fortalecer-articulacoes-e-melhorar-a-digestao-naturalmente\/","url":"https:\/\/www.correiobraziliense.com.br\/cbradar\/caldo-de-ossos-pode-fortalecer-articulacoes-e-melhorar-a-digestao-naturalmente\/","name":"Caldo de ossos pode fortalecer articula\u00e7\u00f5es e melhorar a digest\u00e3o naturalmente - Correio Braziliense - Radar","isPartOf":{"@id":"https:\/\/www.correiobraziliense.com.br\/cbradar\/#website"},"primaryImageOfPage":{"@id":"https:\/\/www.correiobraziliense.com.br\/cbradar\/caldo-de-ossos-pode-fortalecer-articulacoes-e-melhorar-a-digestao-naturalmente\/#primaryimage"},"image":{"@id":"https:\/\/www.correiobraziliense.com.br\/cbradar\/caldo-de-ossos-pode-fortalecer-articulacoes-e-melhorar-a-digestao-naturalmente\/#primaryimage"},"thumbnailUrl":"https:\/\/www.correiobraziliense.com.br\/cbradar\/wp-content\/uploads\/2026\/02\/caldo-de-ossos_1771610694838.jpg","datePublished":"2026-02-22T10:45:00+00:00","author":{"@id":"https:\/\/www.correiobraziliense.com.br\/cbradar\/#\/schema\/person\/5aa4bf3c8fa699c267933611de12978b"},"description":"Caldo de ossos pode fortalecer articula\u00e7\u00f5es e melhorar a sa\u00fade intestinal. Descubra como preparar corretamente e potencializar nutrientes.","breadcrumb":{"@id":"https:\/\/www.correiobraziliense.com.br\/cbradar\/caldo-de-ossos-pode-fortalecer-articulacoes-e-melhorar-a-digestao-naturalmente\/#breadcrumb"},"inLanguage":"pt-BR","potentialAction":[{"@type":"ReadAction","target":["https:\/\/www.correiobraziliense.com.br\/cbradar\/caldo-de-ossos-pode-fortalecer-articulacoes-e-melhorar-a-digestao-naturalmente\/"]}]},{"@type":"ImageObject","inLanguage":"pt-BR","@id":"https:\/\/www.correiobraziliense.com.br\/cbradar\/caldo-de-ossos-pode-fortalecer-articulacoes-e-melhorar-a-digestao-naturalmente\/#primaryimage","url":"https:\/\/www.correiobraziliense.com.br\/cbradar\/wp-content\/uploads\/2026\/02\/caldo-de-ossos_1771610694838.jpg","contentUrl":"https:\/\/www.correiobraziliense.com.br\/cbradar\/wp-content\/uploads\/2026\/02\/caldo-de-ossos_1771610694838.jpg","width":1280,"height":720,"caption":"O alimento mais nutritivo para pele firme e intestino saud\u00e1vel - Cr\u00e9ditos: depositphotos.com \/ EsinDeniz"},{"@type":"BreadcrumbList","@id":"https:\/\/www.correiobraziliense.com.br\/cbradar\/caldo-de-ossos-pode-fortalecer-articulacoes-e-melhorar-a-digestao-naturalmente\/#breadcrumb","itemListElement":[{"@type":"ListItem","position":1,"name":"In\u00edcio","item":"https:\/\/www.correiobraziliense.com.br\/cbradar\/"},{"@type":"ListItem","position":2,"name":"Caldo de ossos pode fortalecer articula\u00e7\u00f5es e melhorar a digest\u00e3o naturalmente"}]},{"@type":"WebSite","@id":"https:\/\/www.correiobraziliense.com.br\/cbradar\/#website","url":"https:\/\/www.correiobraziliense.com.br\/cbradar\/","name":"Correio Braziliense - Radar","description":"Acompanhe as \u00faltimas not\u00edcias e fique bem informado sobre tudo o que acontece no Brasil e no mundo.","potentialAction":[{"@type":"SearchAction","target":{"@type":"EntryPoint","urlTemplate":"https:\/\/www.correiobraziliense.com.br\/cbradar\/?s={search_term_string}"},"query-input":{"@type":"PropertyValueSpecification","valueRequired":true,"valueName":"search_term_string"}}],"inLanguage":"pt-BR"},{"@type":"Person","@id":"https:\/\/www.correiobraziliense.com.br\/cbradar\/#\/schema\/person\/5aa4bf3c8fa699c267933611de12978b","name":"guilherme_saude","image":{"@type":"ImageObject","inLanguage":"pt-BR","@id":"https:\/\/www.correiobraziliense.com.br\/cbradar\/#\/schema\/person\/image\/","url":"https:\/\/secure.gravatar.com\/avatar\/df9adfb835d344bc0af109d41756253f?s=96&d=mm&r=g","contentUrl":"https:\/\/secure.gravatar.com\/avatar\/df9adfb835d344bc0af109d41756253f?s=96&d=mm&r=g","caption":"guilherme_saude"},"url":"https:\/\/www.correiobraziliense.com.br\/cbradar\/author\/guilherme_saude\/"}]}},"_links":{"self":[{"href":"https:\/\/www.correiobraziliense.com.br\/cbradar\/wp-json\/wp\/v2\/posts\/196948","targetHints":{"allow":["GET"]}}],"collection":[{"href":"https:\/\/www.correiobraziliense.com.br\/cbradar\/wp-json\/wp\/v2\/posts"}],"about":[{"href":"https:\/\/www.correiobraziliense.com.br\/cbradar\/wp-json\/wp\/v2\/types\/post"}],"author":[{"embeddable":true,"href":"https:\/\/www.correiobraziliense.com.br\/cbradar\/wp-json\/wp\/v2\/users\/14"}],"replies":[{"embeddable":true,"href":"https:\/\/www.correiobraziliense.com.br\/cbradar\/wp-json\/wp\/v2\/comments?post=196948"}],"version-history":[{"count":1,"href":"https:\/\/www.correiobraziliense.com.br\/cbradar\/wp-json\/wp\/v2\/posts\/196948\/revisions"}],"predecessor-version":[{"id":197028,"href":"https:\/\/www.correiobraziliense.com.br\/cbradar\/wp-json\/wp\/v2\/posts\/196948\/revisions\/197028"}],"wp:featuredmedia":[{"embeddable":true,"href":"https:\/\/www.correiobraziliense.com.br\/cbradar\/wp-json\/wp\/v2\/media\/197024"}],"wp:attachment":[{"href":"https:\/\/www.correiobraziliense.com.br\/cbradar\/wp-json\/wp\/v2\/media?parent=196948"}],"wp:term":[{"taxonomy":"category","embeddable":true,"href":"https:\/\/www.correiobraziliense.com.br\/cbradar\/wp-json\/wp\/v2\/categories?post=196948"},{"taxonomy":"post_tag","embeddable":true,"href":"https:\/\/www.correiobraziliense.com.br\/cbradar\/wp-json\/wp\/v2\/post_tag?post=196948"}],"curies":[{"name":"wp","href":"https:\/\/api.w.org\/{rel}","templated":true}]}}