{"id":19705,"date":"2025-04-07T11:10:00","date_gmt":"2025-04-07T14:10:00","guid":{"rendered":"https:\/\/www.correiobraziliense.com.br\/cbradar\/?p=19705"},"modified":"2025-04-05T17:18:10","modified_gmt":"2025-04-05T20:18:10","slug":"quais-os-beneficios-da-arnica-para-a-saude","status":"publish","type":"post","link":"https:\/\/www.correiobraziliense.com.br\/cbradar\/quais-os-beneficios-da-arnica-para-a-saude\/","title":{"rendered":"Quais os benef\u00edcios da arnica para a sa\u00fade?"},"content":{"rendered":"\n<p>A <a href=\"https:\/\/pt.wikipedia.org\/wiki\/Arnica\" target=\"_blank\" rel=\"noreferrer noopener\"><strong>arnica<\/strong> <\/a>\u00e9 uma planta medicinal amplamente conhecida por suas propriedades terap\u00eauticas, sendo utilizada h\u00e1 s\u00e9culos em diversas culturas para aliviar dores, inflama\u00e7\u00f5es e hematomas. De origem europeia, mas tamb\u00e9m muito presente no <strong><a href=\"https:\/\/www.correiobraziliense.com.br\/cbradar\/um-lugar-com-cavernas-incriveis-e-lagos-subterraneos-no-brasil\/\" target=\"_blank\" rel=\"noreferrer noopener\">Brasil<\/a><\/strong>, ela tem ganhado destaque tanto na medicina natural quanto em pesquisas cient\u00edficas que comprovam seus efeitos ben\u00e9ficos.<\/p>\n\n\n\n<p>Neste artigo, voc\u00ea vai descobrir os principais benef\u00edcios dessa planta, como plant\u00e1-la e cuidar dela em casa, al\u00e9m de explorar seu potencial no tratamento de diversos problemas de sa\u00fade. Se voc\u00ea busca uma alternativa natural com m\u00faltiplas aplica\u00e7\u00f5es, continue lendo e entenda por que a <strong>arnica<\/strong> pode ser uma excelente aliada no seu dia a dia.<\/p>\n\n\n\n<h2 class=\"wp-block-heading\">Quais benef\u00edcios para a sa\u00fade a arnica pode oferecer?<\/h2>\n\n\n\n<p>A <strong>arnica<\/strong> \u00e9 reconhecida principalmente por sua a\u00e7\u00e3o anti-inflamat\u00f3ria e analg\u00e9sica. Seus compostos ativos, como a <strong>helenalina<\/strong>, atuam de forma eficaz no al\u00edvio de dores musculares, contus\u00f5es, entorses e hematomas, sendo uma escolha comum entre atletas e pessoas que sofrem com dores articulares. O uso t\u00f3pico de pomadas ou compressas feitas com <strong>arnica<\/strong> pode acelerar o processo de cicatriza\u00e7\u00e3o e reduzir o incha\u00e7o.<\/p>\n\n\n\n<p>Al\u00e9m disso, estudos apontam que ela pode ser ben\u00e9fica em casos de artrite e reumatismo, proporcionando al\u00edvio sem os efeitos colaterais comuns de medicamentos sint\u00e9ticos. Sua aplica\u00e7\u00e3o cuidadosa e orientada pode ser uma excelente alternativa natural para quem busca qualidade de vida e bem-estar f\u00edsico.<\/p>\n\n\n<div class=\"wp-block-image\">\n<figure class=\"aligncenter size-large\"><img decoding=\"async\" width=\"1024\" height=\"576\" src=\"https:\/\/www.correiobraziliense.com.br\/cbradar\/wp-content\/uploads\/2025\/04\/arnica_1743881629990-1024x576.jpg\" alt=\"\" class=\"wp-image-19719\" srcset=\"https:\/\/www.correiobraziliense.com.br\/cbradar\/wp-content\/uploads\/2025\/04\/arnica_1743881629990-1024x576.jpg 1024w, https:\/\/www.correiobraziliense.com.br\/cbradar\/wp-content\/uploads\/2025\/04\/arnica_1743881629990-300x169.jpg 300w, https:\/\/www.correiobraziliense.com.br\/cbradar\/wp-content\/uploads\/2025\/04\/arnica_1743881629990-768x432.jpg 768w, https:\/\/www.correiobraziliense.com.br\/cbradar\/wp-content\/uploads\/2025\/04\/arnica_1743881629990-750x422.jpg 750w, https:\/\/www.correiobraziliense.com.br\/cbradar\/wp-content\/uploads\/2025\/04\/arnica_1743881629990-1140x641.jpg 1140w, https:\/\/www.correiobraziliense.com.br\/cbradar\/wp-content\/uploads\/2025\/04\/arnica_1743881629990.jpg 1280w\" sizes=\"(max-width: 1024px) 100vw, 1024px\" \/><figcaption class=\"wp-element-caption\">Cr\u00e9ditos: depositphotos.com \/ MarinaPoushkina<\/figcaption><\/figure><\/div>\n\n\n<h2 class=\"wp-block-heading\">A arnica pode combater doen\u00e7as graves?<\/h2>\n\n\n\n<p>Embora n\u00e3o substitua tratamentos m\u00e9dicos convencionais, a <strong>arnica<\/strong> tem demonstrado potencial em pesquisas cient\u00edficas como coadjuvante em tratamentos de doen\u00e7as mais graves. Alguns estudos indicam que ela pode ajudar na regula\u00e7\u00e3o de processos inflamat\u00f3rios cr\u00f4nicos, presentes em doen\u00e7as como artrite reumatoide, fibromialgia e at\u00e9 alguns tipos de c\u00e2ncer, especialmente por sua a\u00e7\u00e3o antioxidante.<\/p>\n\n\n\n<p>\u00c9 importante ressaltar que o uso interno da <strong>arnica<\/strong> deve ser feito com extrema cautela, pois a planta cont\u00e9m subst\u00e2ncias t\u00f3xicas em altas concentra\u00e7\u00f5es. Por isso, seu consumo oral s\u00f3 deve ocorrer sob supervis\u00e3o de profissionais de sa\u00fade, especialmente em tratamentos naturais ou integrativos.<\/p>\n\n\n\n<h2 class=\"wp-block-heading\">\u00c9 verdade que a arnica \u00e9 uma forte aliada para a pele?<\/h2>\n\n\n\n<p>O uso cosm\u00e9tico da <strong>arnica<\/strong> tem se popularizado por sua efic\u00e1cia no tratamento de problemas cut\u00e2neos. Cremes \u00e0 base da planta ajudam na regenera\u00e7\u00e3o da pele ap\u00f3s les\u00f5es leves, al\u00e9m de combater a acne, reduzir a oleosidade e suavizar cicatrizes. Seu uso \u00e9 indicado para peles sens\u00edveis, sempre com orienta\u00e7\u00e3o de um dermatologista.<\/p>\n\n\n\n<p>Al\u00e9m disso, a presen\u00e7a de flavonoides na <strong>arnica<\/strong> promove a melhora da circula\u00e7\u00e3o sangu\u00ednea, o que pode suavizar olheiras, incha\u00e7os e at\u00e9 celulites. Com isso, a <strong>arnica<\/strong> conquista espa\u00e7o n\u00e3o apenas nas farm\u00e1cias naturais, mas tamb\u00e9m nas rotinas de beleza e autocuidado.<\/p>\n\n\n\n<h2 class=\"wp-block-heading\">Como usar a arnica? <\/h2>\n\n\n\n<p>A <strong>arnica <\/strong>n\u00e3o deve ser ingerida, pois pode causar intoxica\u00e7\u00e3o. Al\u00e9m disso, seu uso n\u00e3o \u00e9 recomendado em feridas abertas, machucados com sangramento ou cicatrizes cir\u00fargicas recentes, j\u00e1 que pode ser absorvida pela pele e provocar efeitos colaterais t\u00f3xicos.<\/p>\n\n\n\n<p>Em c\u00e3es, a <strong>arnica<\/strong> \u00e9 utilizada de forma t\u00f3pica para aliviar dores musculares e reduzir inflama\u00e7\u00f5es externas. Pode ser aplicada por meio de pomadas, compressas ou tinturas preparadas com flores de arnica dilu\u00eddas em \u00e1gua, que s\u00e3o passadas com algod\u00e3o na regi\u00e3o afetada. Essa solu\u00e7\u00e3o tamb\u00e9m \u00e9 eficaz no tratamento de machucados, pancadas e picadas de insetos.<\/p>\n\n\n\n<h2 class=\"wp-block-heading\">Essa planta tem outros benef\u00edcios?<\/h2>\n\n\n\n<p>Sim, a <strong>arnica<\/strong> oferece uma s\u00e9rie de benef\u00edcios al\u00e9m do tratamento de dores e les\u00f5es. Ela tamb\u00e9m pode contribuir para a sa\u00fade da pele, ajudando na cicatriza\u00e7\u00e3o de feridas, acne e picadas de insetos. Por sua a\u00e7\u00e3o antiss\u00e9ptica e antibacteriana \u00e9 uma planta utilizada em lo\u00e7\u00f5es, cremes e sabonetes medicinais que promovem uma pele mais saud\u00e1vel.<\/p>\n\n\n\n<p>Outra vantagem pouco comentada \u00e9 seu uso na aromaterapia e em tratamentos emocionais. O \u00f3leo essencial de <strong>arnica<\/strong>, quando usado corretamente, pode ajudar na redu\u00e7\u00e3o do estresse e da tens\u00e3o acumulada, proporcionando sensa\u00e7\u00e3o de al\u00edvio e relaxamento profundo. Isso mostra como essa planta vai muito al\u00e9m do uso f\u00edsico, alcan\u00e7ando tamb\u00e9m o equil\u00edbrio emocional.<\/p>\n\n\n\n<h2 class=\"wp-block-heading\">Quais s\u00e3o os requisitos para plant\u00e1-la em casa?<\/h2>\n\n\n\n<p>Cultivar <strong>arnica<\/strong> em casa \u00e9 uma tarefa simples, desde que algumas condi\u00e7\u00f5es b\u00e1sicas sejam respeitadas. A planta prefere climas amenos e solo bem drenado, rico em mat\u00e9ria org\u00e2nica. Locais com meia sombra s\u00e3o ideais, pois a exposi\u00e7\u00e3o direta e intensa ao sol pode prejudicar o desenvolvimento das folhas. \u00c9 importante manter a umidade do solo constante, mas sem encharcamento.<\/p>\n\n\n\n<p>A germina\u00e7\u00e3o pode ser feita a partir de sementes ou mudas, sendo mais f\u00e1cil o cultivo por meio de mudas adquiridas em viveiros especializados. O plantio deve ser feito preferencialmente no in\u00edcio da primavera, garantindo assim melhores condi\u00e7\u00f5es para o crescimento da <strong>arnica<\/strong> ao longo do ano.<\/p>\n\n\n\n<h2 class=\"wp-block-heading\">Como cuidar da arnica?<\/h2>\n\n\n\n<p>Depois de plantada, a <strong>arnica<\/strong> exige cuidados simples, por\u00e9m regulares. A irriga\u00e7\u00e3o deve ser feita de maneira equilibrada, evitando tanto o ressecamento do solo quanto o excesso de \u00e1gua. A planta n\u00e3o tolera solos encharcados, que podem favorecer o aparecimento de fungos e apodrecimento das ra\u00edzes.<\/p>\n\n\n\n<p>Tamb\u00e9m \u00e9 recomendado podar folhas e flores secas periodicamente, estimulando a produ\u00e7\u00e3o de novas brota\u00e7\u00f5es. Caso a <strong>arnica<\/strong> esteja sendo cultivada em vasos, \u00e9 essencial garantir que os recipientes tenham boa drenagem. A aduba\u00e7\u00e3o org\u00e2nica a cada <strong>30<\/strong> ou <strong>45 dias<\/strong> pode ajudar no fortalecimento e florescimento da planta.<\/p>\n\n\n\n<h2 class=\"wp-block-heading\">Perguntas frequentes (FAQ)<\/h2>\n\n\n\n<p><strong>A arnica pode ser ingerida?<\/strong><br>O uso interno s\u00f3 \u00e9 recomendado sob prescri\u00e7\u00e3o e acompanhamento m\u00e9dico, devido \u00e0 sua toxicidade em doses elevadas.<\/p>\n\n\n\n<p><strong>Qual a melhor \u00e9poca do ano para plantar?<\/strong><br>A melhor \u00e9poca \u00e9 o in\u00edcio da primavera, pois oferece clima e luminosidade ideais para o crescimento saud\u00e1vel da planta.<\/p>\n\n\n\n<p><strong>\u00c9 poss\u00edvel usar arnica em animais de estima\u00e7\u00e3o?<\/strong><br>Sim, com orienta\u00e7\u00e3o veterin\u00e1ria. Produtos t\u00f3picos \u00e0 base de <strong>arnica<\/strong> podem ser usados para aliviar dores musculares em c\u00e3es e gatos.<\/p>\n\n\n\n<p><strong>Pode causar alergias?<\/strong><br>Sim. Algumas pessoas podem apresentar rea\u00e7\u00f5es al\u00e9rgicas, especialmente em uso t\u00f3pico. \u00c9 recomend\u00e1vel fazer um teste em pequena \u00e1rea antes de aplicar.<\/p>\n\n\n\n<p><strong>Quanto tempo leva para a arnica florescer?<\/strong><br>Geralmente, a <strong>arnica<\/strong> come\u00e7a a florescer ap\u00f3s <strong>4<\/strong> a <strong>6 meses<\/strong> do plantio, dependendo das condi\u00e7\u00f5es de cultivo e clima.<\/p>\n","protected":false},"excerpt":{"rendered":"<p>A arnica \u00e9 uma planta medicinal amplamente conhecida por suas propriedades terap\u00eauticas, sendo utilizada h\u00e1 s\u00e9culos em diversas culturas para aliviar dores, inflama\u00e7\u00f5es e hematomas. De origem europeia, mas tamb\u00e9m muito presente no Brasil, ela tem ganhado destaque tanto na medicina natural quanto em pesquisas cient\u00edficas que comprovam seus efeitos ben\u00e9ficos. Neste artigo, voc\u00ea vai [&hellip;]<\/p>\n","protected":false},"author":8,"featured_media":19718,"comment_status":"open","ping_status":"open","sticky":false,"template":"","format":"standard","meta":{"_yoast_wpseo_focuskw":"arnica","_yoast_wpseo_title":"","_yoast_wpseo_metadesc":"Descubra os principais benef\u00edcios da arnica para a sa\u00fade e como essa planta medicinal pode ajudar no al\u00edvio de dores e inflama\u00e7\u00f5es.","jnews-multi-image_gallery":[],"jnews_single_post":{"format":"standard"},"jnews_primary_category":[],"jnews_social_meta":[],"jnews_override_counter":[],"footnotes":""},"categories":[119,136],"post_tag":[2928,137,565],"class_list":["post-19705","post","type-post","status-publish","format-standard","has-post-thumbnail","hentry","category-bem-estar","category-jardinagem","tag-arnica","tag-como-plantar","tag-saude"],"yoast_head":"<!-- This site is optimized with the Yoast SEO plugin v24.6 - https:\/\/yoast.com\/wordpress\/plugins\/seo\/ -->\n<title>Quais os benef\u00edcios da arnica para a sa\u00fade? - Correio Braziliense - Radar<\/title>\n<meta name=\"description\" content=\"Descubra os principais benef\u00edcios da arnica para a sa\u00fade e como essa planta medicinal pode ajudar no al\u00edvio de dores e inflama\u00e7\u00f5es.\" \/>\n<meta name=\"robots\" content=\"index, follow, max-snippet:-1, max-image-preview:large, max-video-preview:-1\" \/>\n<link rel=\"canonical\" href=\"https:\/\/www.correiobraziliense.com.br\/cbradar\/quais-os-beneficios-da-arnica-para-a-saude\/\" \/>\n<meta property=\"og:locale\" content=\"pt_BR\" \/>\n<meta property=\"og:type\" content=\"article\" \/>\n<meta property=\"og:title\" content=\"Quais os benef\u00edcios da arnica para a sa\u00fade? - Correio Braziliense - Radar\" \/>\n<meta property=\"og:description\" content=\"Descubra os principais benef\u00edcios da arnica para a sa\u00fade e como essa planta medicinal pode ajudar no al\u00edvio de dores e inflama\u00e7\u00f5es.\" \/>\n<meta property=\"og:url\" content=\"https:\/\/www.correiobraziliense.com.br\/cbradar\/quais-os-beneficios-da-arnica-para-a-saude\/\" \/>\n<meta property=\"og:site_name\" content=\"Correio Braziliense - Radar\" \/>\n<meta property=\"article:published_time\" content=\"2025-04-07T14:10:00+00:00\" \/>\n<meta property=\"og:image\" content=\"https:\/\/www.correiobraziliense.com.br\/cbradar\/wp-content\/uploads\/2025\/04\/arnica_1743881596994.jpg\" \/>\n\t<meta property=\"og:image:width\" content=\"1279\" \/>\n\t<meta property=\"og:image:height\" content=\"720\" \/>\n\t<meta property=\"og:image:type\" content=\"image\/jpeg\" \/>\n<meta name=\"author\" content=\"Maura Pereira\" \/>\n<meta name=\"twitter:card\" content=\"summary_large_image\" \/>\n<meta name=\"twitter:label1\" content=\"Escrito por\" \/>\n\t<meta name=\"twitter:data1\" content=\"Maura Pereira\" \/>\n\t<meta name=\"twitter:label2\" content=\"Est. tempo de leitura\" \/>\n\t<meta name=\"twitter:data2\" content=\"6 minutos\" \/>\n<!-- \/ Yoast SEO plugin. -->","yoast_head_json":{"title":"Quais os benef\u00edcios da arnica para a sa\u00fade? - Correio Braziliense - Radar","description":"Descubra os principais benef\u00edcios da arnica para a sa\u00fade e como essa planta medicinal pode ajudar no al\u00edvio de dores e inflama\u00e7\u00f5es.","robots":{"index":"index","follow":"follow","max-snippet":"max-snippet:-1","max-image-preview":"max-image-preview:large","max-video-preview":"max-video-preview:-1"},"canonical":"https:\/\/www.correiobraziliense.com.br\/cbradar\/quais-os-beneficios-da-arnica-para-a-saude\/","og_locale":"pt_BR","og_type":"article","og_title":"Quais os benef\u00edcios da arnica para a sa\u00fade? - Correio Braziliense - Radar","og_description":"Descubra os principais benef\u00edcios da arnica para a sa\u00fade e como essa planta medicinal pode ajudar no al\u00edvio de dores e inflama\u00e7\u00f5es.","og_url":"https:\/\/www.correiobraziliense.com.br\/cbradar\/quais-os-beneficios-da-arnica-para-a-saude\/","og_site_name":"Correio Braziliense - Radar","article_published_time":"2025-04-07T14:10:00+00:00","og_image":[{"width":1279,"height":720,"url":"https:\/\/www.correiobraziliense.com.br\/cbradar\/wp-content\/uploads\/2025\/04\/arnica_1743881596994.jpg","type":"image\/jpeg"}],"author":"Maura Pereira","twitter_card":"summary_large_image","twitter_misc":{"Escrito por":"Maura Pereira","Est. tempo de leitura":"6 minutos"},"schema":{"@context":"https:\/\/schema.org","@graph":[{"@type":"WebPage","@id":"https:\/\/www.correiobraziliense.com.br\/cbradar\/quais-os-beneficios-da-arnica-para-a-saude\/","url":"https:\/\/www.correiobraziliense.com.br\/cbradar\/quais-os-beneficios-da-arnica-para-a-saude\/","name":"Quais os benef\u00edcios da arnica para a sa\u00fade? - Correio Braziliense - Radar","isPartOf":{"@id":"https:\/\/www.correiobraziliense.com.br\/cbradar\/#website"},"primaryImageOfPage":{"@id":"https:\/\/www.correiobraziliense.com.br\/cbradar\/quais-os-beneficios-da-arnica-para-a-saude\/#primaryimage"},"image":{"@id":"https:\/\/www.correiobraziliense.com.br\/cbradar\/quais-os-beneficios-da-arnica-para-a-saude\/#primaryimage"},"thumbnailUrl":"https:\/\/www.correiobraziliense.com.br\/cbradar\/wp-content\/uploads\/2025\/04\/arnica_1743881596994.jpg","datePublished":"2025-04-07T14:10:00+00:00","author":{"@id":"https:\/\/www.correiobraziliense.com.br\/cbradar\/#\/schema\/person\/4053c651a9bfc785afc6f4cbc9032fd3"},"description":"Descubra os principais benef\u00edcios da arnica para a sa\u00fade e como essa planta medicinal pode ajudar no al\u00edvio de dores e inflama\u00e7\u00f5es.","breadcrumb":{"@id":"https:\/\/www.correiobraziliense.com.br\/cbradar\/quais-os-beneficios-da-arnica-para-a-saude\/#breadcrumb"},"inLanguage":"pt-BR","potentialAction":[{"@type":"ReadAction","target":["https:\/\/www.correiobraziliense.com.br\/cbradar\/quais-os-beneficios-da-arnica-para-a-saude\/"]}]},{"@type":"ImageObject","inLanguage":"pt-BR","@id":"https:\/\/www.correiobraziliense.com.br\/cbradar\/quais-os-beneficios-da-arnica-para-a-saude\/#primaryimage","url":"https:\/\/www.correiobraziliense.com.br\/cbradar\/wp-content\/uploads\/2025\/04\/arnica_1743881596994.jpg","contentUrl":"https:\/\/www.correiobraziliense.com.br\/cbradar\/wp-content\/uploads\/2025\/04\/arnica_1743881596994.jpg","width":1279,"height":720,"caption":"Arnica \/\/ Cr\u00e9ditos: depositphotos.com \/ Jujuphotography"},{"@type":"BreadcrumbList","@id":"https:\/\/www.correiobraziliense.com.br\/cbradar\/quais-os-beneficios-da-arnica-para-a-saude\/#breadcrumb","itemListElement":[{"@type":"ListItem","position":1,"name":"In\u00edcio","item":"https:\/\/www.correiobraziliense.com.br\/cbradar\/"},{"@type":"ListItem","position":2,"name":"Quais os benef\u00edcios da arnica para a sa\u00fade?"}]},{"@type":"WebSite","@id":"https:\/\/www.correiobraziliense.com.br\/cbradar\/#website","url":"https:\/\/www.correiobraziliense.com.br\/cbradar\/","name":"Correio Braziliense - Radar","description":"Acompanhe as \u00faltimas not\u00edcias e fique bem informado sobre tudo o que acontece no Brasil e no mundo.","potentialAction":[{"@type":"SearchAction","target":{"@type":"EntryPoint","urlTemplate":"https:\/\/www.correiobraziliense.com.br\/cbradar\/?s={search_term_string}"},"query-input":{"@type":"PropertyValueSpecification","valueRequired":true,"valueName":"search_term_string"}}],"inLanguage":"pt-BR"},{"@type":"Person","@id":"https:\/\/www.correiobraziliense.com.br\/cbradar\/#\/schema\/person\/4053c651a9bfc785afc6f4cbc9032fd3","name":"Maura Pereira","image":{"@type":"ImageObject","inLanguage":"pt-BR","@id":"https:\/\/www.correiobraziliense.com.br\/cbradar\/#\/schema\/person\/image\/","url":"https:\/\/secure.gravatar.com\/avatar\/3effd6bdadfa447f15089c7f7144eaa6?s=96&d=mm&r=g","contentUrl":"https:\/\/secure.gravatar.com\/avatar\/3effd6bdadfa447f15089c7f7144eaa6?s=96&d=mm&r=g","caption":"Maura Pereira"},"sameAs":["https:\/\/www.correiobraziliense.com.br\/"],"url":"https:\/\/www.correiobraziliense.com.br\/cbradar\/author\/mauramyth\/"}]}},"_links":{"self":[{"href":"https:\/\/www.correiobraziliense.com.br\/cbradar\/wp-json\/wp\/v2\/posts\/19705","targetHints":{"allow":["GET"]}}],"collection":[{"href":"https:\/\/www.correiobraziliense.com.br\/cbradar\/wp-json\/wp\/v2\/posts"}],"about":[{"href":"https:\/\/www.correiobraziliense.com.br\/cbradar\/wp-json\/wp\/v2\/types\/post"}],"author":[{"embeddable":true,"href":"https:\/\/www.correiobraziliense.com.br\/cbradar\/wp-json\/wp\/v2\/users\/8"}],"replies":[{"embeddable":true,"href":"https:\/\/www.correiobraziliense.com.br\/cbradar\/wp-json\/wp\/v2\/comments?post=19705"}],"version-history":[{"count":13,"href":"https:\/\/www.correiobraziliense.com.br\/cbradar\/wp-json\/wp\/v2\/posts\/19705\/revisions"}],"predecessor-version":[{"id":19763,"href":"https:\/\/www.correiobraziliense.com.br\/cbradar\/wp-json\/wp\/v2\/posts\/19705\/revisions\/19763"}],"wp:featuredmedia":[{"embeddable":true,"href":"https:\/\/www.correiobraziliense.com.br\/cbradar\/wp-json\/wp\/v2\/media\/19718"}],"wp:attachment":[{"href":"https:\/\/www.correiobraziliense.com.br\/cbradar\/wp-json\/wp\/v2\/media?parent=19705"}],"wp:term":[{"taxonomy":"category","embeddable":true,"href":"https:\/\/www.correiobraziliense.com.br\/cbradar\/wp-json\/wp\/v2\/categories?post=19705"},{"taxonomy":"post_tag","embeddable":true,"href":"https:\/\/www.correiobraziliense.com.br\/cbradar\/wp-json\/wp\/v2\/post_tag?post=19705"}],"curies":[{"name":"wp","href":"https:\/\/api.w.org\/{rel}","templated":true}]}}