{"id":19707,"date":"2025-04-07T13:30:00","date_gmt":"2025-04-07T16:30:00","guid":{"rendered":"https:\/\/www.correiobraziliense.com.br\/cbradar\/?p=19707"},"modified":"2025-04-05T17:30:21","modified_gmt":"2025-04-05T20:30:21","slug":"conheca-os-beneficios-da-erva-doce-para-a-saude","status":"publish","type":"post","link":"https:\/\/www.correiobraziliense.com.br\/cbradar\/conheca-os-beneficios-da-erva-doce-para-a-saude\/","title":{"rendered":"Conhe\u00e7a os benef\u00edcios da erva-doce para a sa\u00fade!"},"content":{"rendered":"\n<p>A <strong><a href=\"https:\/\/pt.wikipedia.org\/wiki\/Funcho\" target=\"_blank\" rel=\"noreferrer noopener\">erva-doce<\/a><\/strong>, tamb\u00e9m conhecida como <strong>funcho<\/strong>, \u00e9 uma planta arom\u00e1tica e medicinal amplamente utilizada tanto na culin\u00e1ria quanto em tratamentos naturais. Com seu aroma suave e marcante, ela conquista desde apreciadores de ch\u00e1s at\u00e9 profissionais da fitoterapia. Al\u00e9m disso, seu cultivo \u00e9 simples e seus benef\u00edcios s\u00e3o vastos, tornando-se uma excelente escolha para quem deseja unir sabor e bem-estar.<\/p>\n\n\n\n<p>Neste artigo, voc\u00ea vai descobrir como a <strong>erva-doce<\/strong> pode ser uma aliada poderosa para a sa\u00fade, aprender os cuidados necess\u00e1rios para cultiv\u00e1-la em casa e entender por que ela tem ganhado cada vez mais espa\u00e7o nos lares e nas receitas naturais de todo o <strong><a href=\"https:\/\/www.correiobraziliense.com.br\/cbradar\/um-lugar-com-cavernas-incriveis-e-lagos-subterraneos-no-brasil\/\" target=\"_blank\" rel=\"noreferrer noopener\">Brasil<\/a><\/strong>.<\/p>\n\n\n\n<h2 class=\"wp-block-heading\">Quais s\u00e3o os benef\u00edcios da erva-doce para a sa\u00fade?<\/h2>\n\n\n\n<p>A <strong>erva-doce<\/strong> \u00e9 conhecida por seu efeito calmante, sendo frequentemente utilizada para aliviar sintomas de ansiedade, estresse e ins\u00f4nia. Suas propriedades antiespasm\u00f3dicas ajudam a combater c\u00f3licas intestinais, especialmente em beb\u00eas, o que a torna um rem\u00e9dio caseiro tradicional em diversas regi\u00f5es do <strong>Brasil<\/strong>.<\/p>\n\n\n\n<p>Outro benef\u00edcio importante \u00e9 sua a\u00e7\u00e3o expectorante e anti-inflamat\u00f3ria. Ela contribui para a sa\u00fade respirat\u00f3ria, aliviando tosses e auxiliando na elimina\u00e7\u00e3o do muco. Consumida em forma de ch\u00e1, \u00e9 uma excelente alternativa natural para fortalecer o sistema imunol\u00f3gico e equilibrar o organismo.<\/p>\n\n\n<div class=\"wp-block-image\">\n<figure class=\"aligncenter size-large\"><img decoding=\"async\" width=\"1024\" height=\"576\" src=\"https:\/\/www.correiobraziliense.com.br\/cbradar\/wp-content\/uploads\/2025\/04\/erva-doce_1743882900444-1024x576.jpg\" alt=\"\" class=\"wp-image-19743\" srcset=\"https:\/\/www.correiobraziliense.com.br\/cbradar\/wp-content\/uploads\/2025\/04\/erva-doce_1743882900444-1024x576.jpg 1024w, https:\/\/www.correiobraziliense.com.br\/cbradar\/wp-content\/uploads\/2025\/04\/erva-doce_1743882900444-300x169.jpg 300w, https:\/\/www.correiobraziliense.com.br\/cbradar\/wp-content\/uploads\/2025\/04\/erva-doce_1743882900444-768x432.jpg 768w, https:\/\/www.correiobraziliense.com.br\/cbradar\/wp-content\/uploads\/2025\/04\/erva-doce_1743882900444-750x422.jpg 750w, https:\/\/www.correiobraziliense.com.br\/cbradar\/wp-content\/uploads\/2025\/04\/erva-doce_1743882900444-1140x641.jpg 1140w, https:\/\/www.correiobraziliense.com.br\/cbradar\/wp-content\/uploads\/2025\/04\/erva-doce_1743882900444.jpg 1280w\" sizes=\"(max-width: 1024px) 100vw, 1024px\" \/><figcaption class=\"wp-element-caption\">Cr\u00e9ditos: depositphotos.com \/ gitanna<\/figcaption><\/figure><\/div>\n\n\n<h2 class=\"wp-block-heading\">Como ela pode ser uma aliada contra doen\u00e7as modernas?<\/h2>\n\n\n\n<p>A <strong>erva-doce<\/strong> vem sendo estudada por seu potencial em auxiliar no controle de doen\u00e7as modernas, como diabetes tipo <strong>2<\/strong>, hipertens\u00e3o e dist\u00farbios digestivos. Suas propriedades hipoglicemiantes ajudam na regula\u00e7\u00e3o dos n\u00edveis de glicose no sangue, enquanto seus compostos ativos auxiliam na digest\u00e3o e no controle da press\u00e3o arterial.<\/p>\n\n\n\n<p>Tamb\u00e9m h\u00e1 ind\u00edcios de que o consumo regular contribua para a sa\u00fade cardiovascular e para a preven\u00e7\u00e3o de doen\u00e7as inflamat\u00f3rias cr\u00f4nicas. Seu uso, aliado a uma alimenta\u00e7\u00e3o equilibrada, pode ser uma ferramenta natural eficaz na preven\u00e7\u00e3o de diversos males que afetam a popula\u00e7\u00e3o atualmente.<\/p>\n\n\n\n<h2 class=\"wp-block-heading\">A erva-doce tem outros benef\u00edcios al\u00e9m dos medicinais?<\/h2>\n\n\n\n<p>Sim, a <strong>erva-doce<\/strong> tamb\u00e9m oferece vantagens est\u00e9ticas e culin\u00e1rias. Seu \u00f3leo essencial \u00e9 utilizado em cosm\u00e9ticos por suas propriedades antioxidantes e tonificantes, que ajudam a manter a pele saud\u00e1vel e com apar\u00eancia jovem. Al\u00e9m disso, o consumo regular da planta auxilia na digest\u00e3o, reduz o incha\u00e7o abdominal e promove uma sensa\u00e7\u00e3o de leveza.<\/p>\n\n\n\n<p>Na gastronomia, \u00e9 utilizada tanto em pratos doces quanto salgados. Suas sementes t\u00eam um sabor levemente adocicado e podem ser usadas em p\u00e3es, bolos e at\u00e9 no preparo de carnes, trazendo um toque especial \u00e0s receitas. \u00c9 uma planta vers\u00e1til e saborosa, ideal para inovar na cozinha com sa\u00fade.<\/p>\n\n\n\n<h2 class=\"wp-block-heading\">Quais s\u00e3o os requisitos para plantar em casa?<\/h2>\n\n\n\n<p>Plantar <strong>erva-doce<\/strong> em casa \u00e9 uma tarefa simples e prazerosa. A planta se adapta bem a climas amenos e ensolarados, sendo ideal cultiv\u00e1-la em regi\u00f5es com temperaturas entre <strong>15\u00b0C<\/strong> e <strong>25\u00b0C<\/strong>. O solo deve ser bem drenado, f\u00e9rtil e rico em mat\u00e9ria org\u00e2nica para garantir um bom desenvolvimento.<\/p>\n\n\n\n<p>\u00c9 importante escolher um local com boa exposi\u00e7\u00e3o solar, pois a erva precisa de pelo menos <strong>6 horas<\/strong> de luz direta por dia. O espa\u00e7amento entre as mudas deve ser de aproximadamente <strong>30 cm<\/strong>, e a irriga\u00e7\u00e3o deve ser regular, mantendo o solo \u00famido, mas sem encharcar.<\/p>\n\n\n\n<h2 class=\"wp-block-heading\">Como cuidar da erva-doce?<\/h2>\n\n\n\n<p>Os cuidados com a <strong>erva-doce<\/strong> s\u00e3o simples e envolvem aten\u00e7\u00e3o com a rega, a aduba\u00e7\u00e3o e a colheita. A planta deve ser regada <strong>2 a 3 vezes<\/strong> por semana, especialmente nos per\u00edodos mais secos. A aduba\u00e7\u00e3o pode ser feita a cada <strong>15 dias<\/strong>, utilizando compostos org\u00e2nicos como h\u00famus de minhoca ou esterco bem curtido.<\/p>\n\n\n\n<p>A colheita das sementes pode ser feita quando as flores secarem completamente, o que geralmente ocorre em cerca de <strong>90 dias<\/strong> ap\u00f3s o plantio. J\u00e1 as folhas podem ser colhidas antes, conforme a necessidade. Com esses cuidados b\u00e1sicos, sua <strong>erva-doce<\/strong> vai se desenvolver de forma saud\u00e1vel e oferecer todos os seus benef\u00edcios.<\/p>\n\n\n\n<h2 class=\"wp-block-heading\">Por que a erva-doce ganhou destaque na medicina natural?<\/h2>\n\n\n\n<p>Nos \u00faltimos anos, essa planta passou a ser cada vez mais valorizada por estudiosos da medicina natural devido \u00e0s suas propriedades terap\u00eauticas. Pesquisas indicam que seus compostos, como o anetol e o fenchona, t\u00eam potencial para atuar como antioxidantes, anti-inflamat\u00f3rios e at\u00e9 agentes antitumorais.<\/p>\n\n\n\n<p>Al\u00e9m disso, o crescente interesse por alternativas naturais aos medicamentos industrializados impulsionou o consumo da <strong>erva-doce<\/strong> em diferentes formas: ch\u00e1s, \u00f3leos, c\u00e1psulas e cosm\u00e9ticos. Seu uso popular se fortalece com a comprova\u00e7\u00e3o cient\u00edfica de seus efeitos ben\u00e9ficos, consolidando a planta como uma aliada poderosa da sa\u00fade natural.<\/p>\n\n\n\n<h2 class=\"wp-block-heading\">Perguntas frequentes (FAQ)<\/h2>\n\n\n\n<p><strong>1. \u00c9 segura para crian\u00e7as e beb\u00eas?<\/strong><br>Sim, o ch\u00e1 de <strong>erva-doce<\/strong> \u00e9 tradicionalmente utilizado para aliviar c\u00f3licas em beb\u00eas, mas deve ser oferecido com modera\u00e7\u00e3o e orienta\u00e7\u00e3o m\u00e9dica.<\/p>\n\n\n\n<p><strong>2. Qual a diferen\u00e7a entre erva-doce e anis?<\/strong><br>Embora tenham aroma semelhante, s\u00e3o plantas diferentes. A <strong>erva-doce<\/strong> pertence \u00e0 esp\u00e9cie <em>Foeniculum vulgare<\/em>, enquanto o anis \u00e9 <em>Pimpinella anisum<\/em>.<\/p>\n\n\n\n<p><strong>3. Posso usar a erva-doce para emagrecer?<\/strong><br>Sim, por ter efeito diur\u00e9tico e digestivo, a <strong>erva-doce<\/strong> pode ajudar na perda de peso, especialmente quando associada a uma alimenta\u00e7\u00e3o saud\u00e1vel.<\/p>\n\n\n\n<p><strong>4. Quanto tempo leva para colher a erva ap\u00f3s o plantio?<\/strong><br>Em m\u00e9dia, as sementes podem ser colhidas ap\u00f3s cerca de <strong>90 dias<\/strong>, dependendo das condi\u00e7\u00f5es clim\u00e1ticas e dos cuidados com a planta.<\/p>\n\n\n\n<p><strong>5. A erva-doce tem contraindica\u00e7\u00f5es?<\/strong><br>Apesar de ser segura, pessoas com alergia a plantas da fam\u00edlia Apiaceae devem evitar o consumo. Gestantes devem consultar um profissional antes de utilizar.<\/p>\n","protected":false},"excerpt":{"rendered":"<p>A erva-doce, tamb\u00e9m conhecida como funcho, \u00e9 uma planta arom\u00e1tica e medicinal amplamente utilizada tanto na culin\u00e1ria quanto em tratamentos naturais. Com seu aroma suave e marcante, ela conquista desde apreciadores de ch\u00e1s at\u00e9 profissionais da fitoterapia. Al\u00e9m disso, seu cultivo \u00e9 simples e seus benef\u00edcios s\u00e3o vastos, tornando-se uma excelente escolha para quem deseja [&hellip;]<\/p>\n","protected":false},"author":8,"featured_media":19742,"comment_status":"open","ping_status":"open","sticky":false,"template":"","format":"standard","meta":{"_yoast_wpseo_focuskw":"erva-doce","_yoast_wpseo_title":"","_yoast_wpseo_metadesc":"Descubra os benef\u00edcios da erva-doce para a sa\u00fade e como essa planta pode melhorar a digest\u00e3o, o sono e o bem-estar geral.","jnews-multi-image_gallery":[],"jnews_single_post":{"format":"standard"},"jnews_primary_category":[],"jnews_social_meta":[],"jnews_override_counter":[],"footnotes":""},"categories":[119,136],"post_tag":[137,2930,565],"class_list":["post-19707","post","type-post","status-publish","format-standard","has-post-thumbnail","hentry","category-bem-estar","category-jardinagem","tag-como-plantar","tag-erva-doce","tag-saude"],"yoast_head":"<!-- This site is optimized with the Yoast SEO plugin v24.6 - https:\/\/yoast.com\/wordpress\/plugins\/seo\/ -->\n<title>Conhe\u00e7a os benef\u00edcios da erva-doce para a sa\u00fade! - Correio Braziliense - Radar<\/title>\n<meta name=\"description\" content=\"Descubra os benef\u00edcios da erva-doce para a sa\u00fade e como essa planta pode melhorar a digest\u00e3o, o sono e o bem-estar geral.\" \/>\n<meta name=\"robots\" content=\"index, follow, max-snippet:-1, max-image-preview:large, max-video-preview:-1\" \/>\n<link rel=\"canonical\" href=\"https:\/\/www.correiobraziliense.com.br\/cbradar\/conheca-os-beneficios-da-erva-doce-para-a-saude\/\" \/>\n<meta property=\"og:locale\" content=\"pt_BR\" \/>\n<meta property=\"og:type\" content=\"article\" \/>\n<meta property=\"og:title\" content=\"Conhe\u00e7a os benef\u00edcios da erva-doce para a sa\u00fade! - Correio Braziliense - Radar\" \/>\n<meta property=\"og:description\" content=\"Descubra os benef\u00edcios da erva-doce para a sa\u00fade e como essa planta pode melhorar a digest\u00e3o, o sono e o bem-estar geral.\" \/>\n<meta property=\"og:url\" content=\"https:\/\/www.correiobraziliense.com.br\/cbradar\/conheca-os-beneficios-da-erva-doce-para-a-saude\/\" \/>\n<meta property=\"og:site_name\" content=\"Correio Braziliense - Radar\" \/>\n<meta property=\"article:published_time\" content=\"2025-04-07T16:30:00+00:00\" \/>\n<meta property=\"og:image\" content=\"https:\/\/www.correiobraziliense.com.br\/cbradar\/wp-content\/uploads\/2025\/04\/erva-doce_1743882887214.jpg\" \/>\n\t<meta property=\"og:image:width\" content=\"1279\" \/>\n\t<meta property=\"og:image:height\" content=\"720\" \/>\n\t<meta property=\"og:image:type\" content=\"image\/jpeg\" \/>\n<meta name=\"author\" content=\"Maura Pereira\" \/>\n<meta name=\"twitter:card\" content=\"summary_large_image\" \/>\n<meta name=\"twitter:label1\" content=\"Escrito por\" \/>\n\t<meta name=\"twitter:data1\" content=\"Maura Pereira\" \/>\n\t<meta name=\"twitter:label2\" content=\"Est. tempo de leitura\" \/>\n\t<meta name=\"twitter:data2\" content=\"6 minutos\" \/>\n<!-- \/ Yoast SEO plugin. -->","yoast_head_json":{"title":"Conhe\u00e7a os benef\u00edcios da erva-doce para a sa\u00fade! - Correio Braziliense - Radar","description":"Descubra os benef\u00edcios da erva-doce para a sa\u00fade e como essa planta pode melhorar a digest\u00e3o, o sono e o bem-estar geral.","robots":{"index":"index","follow":"follow","max-snippet":"max-snippet:-1","max-image-preview":"max-image-preview:large","max-video-preview":"max-video-preview:-1"},"canonical":"https:\/\/www.correiobraziliense.com.br\/cbradar\/conheca-os-beneficios-da-erva-doce-para-a-saude\/","og_locale":"pt_BR","og_type":"article","og_title":"Conhe\u00e7a os benef\u00edcios da erva-doce para a sa\u00fade! - Correio Braziliense - Radar","og_description":"Descubra os benef\u00edcios da erva-doce para a sa\u00fade e como essa planta pode melhorar a digest\u00e3o, o sono e o bem-estar geral.","og_url":"https:\/\/www.correiobraziliense.com.br\/cbradar\/conheca-os-beneficios-da-erva-doce-para-a-saude\/","og_site_name":"Correio Braziliense - Radar","article_published_time":"2025-04-07T16:30:00+00:00","og_image":[{"width":1279,"height":720,"url":"https:\/\/www.correiobraziliense.com.br\/cbradar\/wp-content\/uploads\/2025\/04\/erva-doce_1743882887214.jpg","type":"image\/jpeg"}],"author":"Maura Pereira","twitter_card":"summary_large_image","twitter_misc":{"Escrito por":"Maura Pereira","Est. tempo de leitura":"6 minutos"},"schema":{"@context":"https:\/\/schema.org","@graph":[{"@type":"WebPage","@id":"https:\/\/www.correiobraziliense.com.br\/cbradar\/conheca-os-beneficios-da-erva-doce-para-a-saude\/","url":"https:\/\/www.correiobraziliense.com.br\/cbradar\/conheca-os-beneficios-da-erva-doce-para-a-saude\/","name":"Conhe\u00e7a os benef\u00edcios da erva-doce para a sa\u00fade! - Correio Braziliense - Radar","isPartOf":{"@id":"https:\/\/www.correiobraziliense.com.br\/cbradar\/#website"},"primaryImageOfPage":{"@id":"https:\/\/www.correiobraziliense.com.br\/cbradar\/conheca-os-beneficios-da-erva-doce-para-a-saude\/#primaryimage"},"image":{"@id":"https:\/\/www.correiobraziliense.com.br\/cbradar\/conheca-os-beneficios-da-erva-doce-para-a-saude\/#primaryimage"},"thumbnailUrl":"https:\/\/www.correiobraziliense.com.br\/cbradar\/wp-content\/uploads\/2025\/04\/erva-doce_1743882887214.jpg","datePublished":"2025-04-07T16:30:00+00:00","author":{"@id":"https:\/\/www.correiobraziliense.com.br\/cbradar\/#\/schema\/person\/4053c651a9bfc785afc6f4cbc9032fd3"},"description":"Descubra os benef\u00edcios da erva-doce para a sa\u00fade e como essa planta pode melhorar a digest\u00e3o, o sono e o bem-estar geral.","breadcrumb":{"@id":"https:\/\/www.correiobraziliense.com.br\/cbradar\/conheca-os-beneficios-da-erva-doce-para-a-saude\/#breadcrumb"},"inLanguage":"pt-BR","potentialAction":[{"@type":"ReadAction","target":["https:\/\/www.correiobraziliense.com.br\/cbradar\/conheca-os-beneficios-da-erva-doce-para-a-saude\/"]}]},{"@type":"ImageObject","inLanguage":"pt-BR","@id":"https:\/\/www.correiobraziliense.com.br\/cbradar\/conheca-os-beneficios-da-erva-doce-para-a-saude\/#primaryimage","url":"https:\/\/www.correiobraziliense.com.br\/cbradar\/wp-content\/uploads\/2025\/04\/erva-doce_1743882887214.jpg","contentUrl":"https:\/\/www.correiobraziliense.com.br\/cbradar\/wp-content\/uploads\/2025\/04\/erva-doce_1743882887214.jpg","width":1279,"height":720,"caption":"Erva-doce (Funcho) \/\/ Cr\u00e9ditos: depositphotos.com \/ vesnac"},{"@type":"BreadcrumbList","@id":"https:\/\/www.correiobraziliense.com.br\/cbradar\/conheca-os-beneficios-da-erva-doce-para-a-saude\/#breadcrumb","itemListElement":[{"@type":"ListItem","position":1,"name":"In\u00edcio","item":"https:\/\/www.correiobraziliense.com.br\/cbradar\/"},{"@type":"ListItem","position":2,"name":"Conhe\u00e7a os benef\u00edcios da erva-doce para a sa\u00fade!"}]},{"@type":"WebSite","@id":"https:\/\/www.correiobraziliense.com.br\/cbradar\/#website","url":"https:\/\/www.correiobraziliense.com.br\/cbradar\/","name":"Correio Braziliense - Radar","description":"Acompanhe as \u00faltimas not\u00edcias e fique bem informado sobre tudo o que acontece no Brasil e no mundo.","potentialAction":[{"@type":"SearchAction","target":{"@type":"EntryPoint","urlTemplate":"https:\/\/www.correiobraziliense.com.br\/cbradar\/?s={search_term_string}"},"query-input":{"@type":"PropertyValueSpecification","valueRequired":true,"valueName":"search_term_string"}}],"inLanguage":"pt-BR"},{"@type":"Person","@id":"https:\/\/www.correiobraziliense.com.br\/cbradar\/#\/schema\/person\/4053c651a9bfc785afc6f4cbc9032fd3","name":"Maura Pereira","image":{"@type":"ImageObject","inLanguage":"pt-BR","@id":"https:\/\/www.correiobraziliense.com.br\/cbradar\/#\/schema\/person\/image\/","url":"https:\/\/secure.gravatar.com\/avatar\/3effd6bdadfa447f15089c7f7144eaa6?s=96&d=mm&r=g","contentUrl":"https:\/\/secure.gravatar.com\/avatar\/3effd6bdadfa447f15089c7f7144eaa6?s=96&d=mm&r=g","caption":"Maura Pereira"},"sameAs":["https:\/\/www.correiobraziliense.com.br\/"],"url":"https:\/\/www.correiobraziliense.com.br\/cbradar\/author\/mauramyth\/"}]}},"_links":{"self":[{"href":"https:\/\/www.correiobraziliense.com.br\/cbradar\/wp-json\/wp\/v2\/posts\/19707","targetHints":{"allow":["GET"]}}],"collection":[{"href":"https:\/\/www.correiobraziliense.com.br\/cbradar\/wp-json\/wp\/v2\/posts"}],"about":[{"href":"https:\/\/www.correiobraziliense.com.br\/cbradar\/wp-json\/wp\/v2\/types\/post"}],"author":[{"embeddable":true,"href":"https:\/\/www.correiobraziliense.com.br\/cbradar\/wp-json\/wp\/v2\/users\/8"}],"replies":[{"embeddable":true,"href":"https:\/\/www.correiobraziliense.com.br\/cbradar\/wp-json\/wp\/v2\/comments?post=19707"}],"version-history":[{"count":9,"href":"https:\/\/www.correiobraziliense.com.br\/cbradar\/wp-json\/wp\/v2\/posts\/19707\/revisions"}],"predecessor-version":[{"id":19773,"href":"https:\/\/www.correiobraziliense.com.br\/cbradar\/wp-json\/wp\/v2\/posts\/19707\/revisions\/19773"}],"wp:featuredmedia":[{"embeddable":true,"href":"https:\/\/www.correiobraziliense.com.br\/cbradar\/wp-json\/wp\/v2\/media\/19742"}],"wp:attachment":[{"href":"https:\/\/www.correiobraziliense.com.br\/cbradar\/wp-json\/wp\/v2\/media?parent=19707"}],"wp:term":[{"taxonomy":"category","embeddable":true,"href":"https:\/\/www.correiobraziliense.com.br\/cbradar\/wp-json\/wp\/v2\/categories?post=19707"},{"taxonomy":"post_tag","embeddable":true,"href":"https:\/\/www.correiobraziliense.com.br\/cbradar\/wp-json\/wp\/v2\/post_tag?post=19707"}],"curies":[{"name":"wp","href":"https:\/\/api.w.org\/{rel}","templated":true}]}}