{"id":197192,"date":"2026-02-23T06:05:00","date_gmt":"2026-02-23T09:05:00","guid":{"rendered":"https:\/\/www.correiobraziliense.com.br\/cbradar\/?p=197192"},"modified":"2026-02-20T20:04:25","modified_gmt":"2026-02-20T23:04:25","slug":"medicamento-inovador-para-doenca-renal-cronica-nao-sera-oferecido-pelo-sus","status":"publish","type":"post","link":"https:\/\/www.correiobraziliense.com.br\/cbradar\/medicamento-inovador-para-doenca-renal-cronica-nao-sera-oferecido-pelo-sus\/","title":{"rendered":"Medicamento inovador para doen\u00e7a renal cr\u00f4nica n\u00e3o ser\u00e1 oferecido pelo SUS"},"content":{"rendered":"\n<p>A decis\u00e3o do Minist\u00e9rio da Sa\u00fade de n\u00e3o incorporar a <strong>Finerenona <\/strong>no Sistema \u00danico de Sa\u00fade (SUS) gerou debate sobre o tratamento da\u00a0<strong>Doen\u00e7a Renal cr\u00f4nica<\/strong>\u00a0associada ao diabetes tipo 2. A resolu\u00e7\u00e3o, divulgada no Di\u00e1rio Oficial da Uni\u00e3o e de responsabilidade da Secretaria de Ci\u00eancia, Tecnologia e Inova\u00e7\u00e3o em Sa\u00fade, mant\u00e9m os pacientes do SUS focados nas terapias j\u00e1 dispon\u00edveis, enquanto a finerenona, produzida pela Bayer S.A., permanece acess\u00edvel apenas por meio da rede privada, levantando d\u00favidas sobre equidade e atualiza\u00e7\u00e3o das pol\u00edticas p\u00fablicas de sa\u00fade.<\/p>\n\n\n\n<h2 class=\"wp-block-heading\">Quais as implica\u00e7\u00f5es da n\u00e3o incorpora\u00e7\u00e3o da finerenona para os pacientes do SUS?<\/h2>\n\n\n\n<p>Com a decis\u00e3o de n\u00e3o incorporar a finerenona ao SUS, os pacientes continuar\u00e3o a depender dos tratamentos atuais, que podem n\u00e3o oferecer a mesma efic\u00e1cia em termos de prote\u00e7\u00e3o renal. Em est\u00e1gios mais avan\u00e7ados da doen\u00e7a, isso pode resultar em maior risco de progress\u00e3o para insufici\u00eancia renal terminal, aumento de interna\u00e7\u00f5es e necessidade de di\u00e1lise.<\/p>\n\n\n\n<p>Diante desse cen\u00e1rio, discute-se a urg\u00eancia de revisar protocolos cl\u00ednicos e diretrizes terap\u00eauticas do SUS, incluindo melhor uso de medicamentos j\u00e1 dispon\u00edveis, como inibidores da SGLT2 e bloqueadores do sistema renina-angiotensina. Tamb\u00e9m ganha for\u00e7a o debate sobre avalia\u00e7\u00e3o de custo-efetividade, impacto or\u00e7ament\u00e1rio e crit\u00e9rios transparentes para incorporar novas tecnologias em sa\u00fade.<\/p>\n\n\n\n<p>Para compreender melhor o que \u00e9 a finerenona (FIRIALTA\u00ae) e como esse novo medicamento pode ajudar a proteger os rins, assista ao v\u00eddeo a seguir, no qual o <strong>Dr. Juliano Teles<\/strong> explica o assunto de forma clara e did\u00e1tica no canal <strong>Dr. Juliano Teles<\/strong>.<\/p>\n\n\n\n<iframe loading=\"lazy\" width=\"1396\" height=\"785\" src=\"https:\/\/www.youtube.com\/embed\/vCP1V1ET7yM\" title=\"Finerenona- FIRIALTA\u00ae: Novo rem\u00e9dio para proteger os rins!\ud83d\udce3\" frameborder=\"0\" allow=\"accelerometer; autoplay; clipboard-write; encrypted-media; gyroscope; picture-in-picture; web-share\" referrerpolicy=\"strict-origin-when-cross-origin\" allowfullscreen><\/iframe>\n\n\n\n<h2 class=\"wp-block-heading\">Por que a finerenona \u00e9 considerada um avan\u00e7o no tratamento renal?<\/h2>\n\n\n\n<p>O diabetes tipo 2 \u00e9 um grande fator de risco para insufici\u00eancia renal, sendo especialmente preocupante nos est\u00e1gios 3 e 4 da doen\u00e7a. Nesse contexto, a finerenona atua como bloqueador seletivo dos&nbsp;<em>Receptores Mineralocorticoides<\/em>&nbsp;(RM), reduzindo inflama\u00e7\u00e3o e fibrose nos rins e ajudando a diminuir a&nbsp;<strong>albumin\u00faria<\/strong>, um marcador importante de les\u00e3o renal.<\/p>\n\n\n\n<p>Estudos cl\u00ednicos sugerem que a finerenona reduz a progress\u00e3o da doen\u00e7a renal e eventos cardiovasculares em pessoas com diabetes tipo 2 e doen\u00e7a renal cr\u00f4nica. Em um cen\u00e1rio global de crescente preval\u00eancia de diabetes, a amplia\u00e7\u00e3o do acesso a terapias como essa \u00e9 vista como estrat\u00e9gica para reduzir mortalidade, retardar a necessidade de di\u00e1lise e melhorar a qualidade de vida.<\/p>\n\n\n<div class=\"wp-block-image\">\n<figure class=\"aligncenter size-large\"><img decoding=\"async\" width=\"1024\" height=\"576\" src=\"https:\/\/www.correiobraziliense.com.br\/cbradar\/wp-content\/uploads\/2026\/02\/doenca-renal_1771628626961-1024x576.jpg\" alt=\"\" class=\"wp-image-197198\" srcset=\"https:\/\/www.correiobraziliense.com.br\/cbradar\/wp-content\/uploads\/2026\/02\/doenca-renal_1771628626961-1024x576.jpg 1024w, https:\/\/www.correiobraziliense.com.br\/cbradar\/wp-content\/uploads\/2026\/02\/doenca-renal_1771628626961-300x169.jpg 300w, https:\/\/www.correiobraziliense.com.br\/cbradar\/wp-content\/uploads\/2026\/02\/doenca-renal_1771628626961-768x432.jpg 768w, https:\/\/www.correiobraziliense.com.br\/cbradar\/wp-content\/uploads\/2026\/02\/doenca-renal_1771628626961-750x422.jpg 750w, https:\/\/www.correiobraziliense.com.br\/cbradar\/wp-content\/uploads\/2026\/02\/doenca-renal_1771628626961-1140x641.jpg 1140w, https:\/\/www.correiobraziliense.com.br\/cbradar\/wp-content\/uploads\/2026\/02\/doenca-renal_1771628626961.jpg 1280w\" sizes=\"(max-width: 1024px) 100vw, 1024px\" \/><figcaption class=\"wp-element-caption\">Finerenona pode reduzir inflama\u00e7\u00e3o renal e retardar progress\u00e3o da insufici\u00eancia &#8211; Cr\u00e9ditos: depositphotos.com \/ benschonewille<\/figcaption><\/figure><\/div>\n\n\n<h2 class=\"wp-block-heading\">Quais as perspectivas futuras para terapias renais e pesquisa farmac\u00eautica?<\/h2>\n\n\n\n<p>O desenvolvimento da finerenona reflete avan\u00e7os na pesquisa voltada para condi\u00e7\u00f5es cr\u00f4nicas complexas, como o diabetes tipo 2 e a doen\u00e7a renal cr\u00f4nica. Novos f\u00e1rmacos v\u00eam sendo desenhados para atuar de forma mais espec\u00edfica em vias inflamat\u00f3rias, hemodin\u00e2micas e metab\u00f3licas envolvidas na les\u00e3o renal, ampliando as possibilidades de combina\u00e7\u00e3o terap\u00eautica.<\/p>\n\n\n\n<p>Nesse contexto, ganham destaque alguns eixos priorit\u00e1rios de desenvolvimento e de pol\u00edticas p\u00fablicas voltadas \u00e0 doen\u00e7a renal cr\u00f4nica:<\/p>\n\n\n\n<ul class=\"wp-block-list\">\n<li>Integra\u00e7\u00e3o entre aten\u00e7\u00e3o prim\u00e1ria, nefrologia e endocrinologia para diagn\u00f3stico e interven\u00e7\u00e3o precoces.<\/li>\n\n\n\n<li>Avalia\u00e7\u00e3o cont\u00ednua de custo-efetividade de novos medicamentos para orientar decis\u00f5es do SUS.<\/li>\n\n\n\n<li>Incentivo \u00e0 pesquisa cl\u00ednica nacional em doen\u00e7a renal e diabetes tipo 2.<\/li>\n\n\n\n<li>Estrat\u00e9gias para ampliar o acesso equitativo a terapias inovadoras, reduzindo desigualdades regionais.<\/li>\n<\/ul>\n\n\n\n<p>Nesse panorama de desafios e oportunidades, \u00e9 vital que o debate sobre incorpora\u00e7\u00e3o de tecnologias em sa\u00fade continue de forma transparente e baseada em evid\u00eancias. A inclus\u00e3o de tratamentos como a finerenona no contexto do SUS pode ampliar o leque terap\u00eautico, estimular pesquisa e desenvolvimento e contribuir para melhorar a qualidade de vida de milh\u00f5es de pessoas afetadas pelo diabetes tipo 2 e suas complica\u00e7\u00f5es renais e cardiovasculares.<\/p>\n\n\n<a href=\"https:\/\/www.instagram.com\/dra.annaluisabf\/\" target=\"_blank\" rel=\"noopener\" style=\"text-decoration: none; color: inherit;\">\n    <span style=\"display: inline-block; border: 1px solid #ccc; border-radius: 10px; padding: 15px; max-width: 550px; font-family: sans-serif; box-shadow: 0 2px 5px rgba(0,0,0,0.1); width: 100%;\">\n\n      <!-- T\u00edtulo -->\n      <span style=\"display: block; margin: 0 0 15px 0; font-weight: bold; color: #2c3e50; text-align: center;\">\n        Entre em contato:\n      <\/span>\n\n      <!-- Linha do perfil -->\n      <span style=\"display: flex; align-items: center; gap: 15px;\">\n        <img decoding=\"async\"\n          src=\"https:\/\/www.correiobraziliense.com.br\/cbradar\/wp-content\/uploads\/2025\/08\/dra_anna_luisa.jpeg\"\n          alt=\"Foto da Dra. Anna Lu\u00edsa\"\n          style=\"border-radius: 50%; width: 80px; height: 80px; object-fit: cover;\"\n        \/>\n        <span style=\"display: flex; flex-direction: column;\">\n          <span style=\"font-size: 18px; font-weight: 700; color: #2c3e50;\">Dra. Anna Lu\u00edsa Barbosa Fernandes<\/span>\n          <span style=\"color: #555;\">CRM-GO 33.271<\/span>\n        <\/span>\n      <\/span>\n\n      <!-- Redes -->\n      <span style=\"display: flex; align-items: center; gap: 10px; margin-top: 12px;\">\n        <img decoding=\"async\" src=\"https:\/\/cdn-icons-png.flaticon.com\/24\/1384\/1384063.png\" alt=\"Instagram\" width=\"24\" height=\"24\" \/>\n        <span style=\"text-decoration: underline; color: #2c3e50;\">@dra.annaluisabf<\/span>\n      <\/span>\n\n    <\/span>\n  <\/a>","protected":false},"excerpt":{"rendered":"<p>A decis\u00e3o do Minist\u00e9rio da Sa\u00fade de n\u00e3o incorporar a Finerenona no Sistema \u00danico de Sa\u00fade (SUS) gerou debate sobre o tratamento da\u00a0Doen\u00e7a Renal cr\u00f4nica\u00a0associada ao diabetes tipo 2. A resolu\u00e7\u00e3o, divulgada no Di\u00e1rio Oficial da Uni\u00e3o e de responsabilidade da Secretaria de Ci\u00eancia, Tecnologia e Inova\u00e7\u00e3o em Sa\u00fade, mant\u00e9m os pacientes do SUS focados [&hellip;]<\/p>\n","protected":false},"author":14,"featured_media":197197,"comment_status":"open","ping_status":"open","sticky":false,"template":"","format":"standard","meta":{"_yoast_wpseo_focuskw":"finerenona","_yoast_wpseo_title":"","_yoast_wpseo_metadesc":"A finerenona n\u00e3o ser\u00e1 incorporada ao SUS. Entenda impactos para pacientes com doen\u00e7a renal e diabetes tipo 2.","jnews-multi-image_gallery":[],"jnews_single_post":{"format":"standard"},"jnews_primary_category":[],"jnews_social_meta":[],"jnews_override_counter":[],"footnotes":""},"categories":[4404],"post_tag":[120,247,1318],"class_list":["post-197192","post","type-post","status-publish","format-standard","has-post-thumbnail","hentry","category-saude","tag-bem-estar","tag-qualidade-de-vida","tag-saude-2"],"yoast_head":"<!-- This site is optimized with the Yoast SEO plugin v24.6 - https:\/\/yoast.com\/wordpress\/plugins\/seo\/ -->\n<title>Medicamento inovador para doen\u00e7a renal cr\u00f4nica n\u00e3o ser\u00e1 oferecido pelo SUS - Correio Braziliense - Radar<\/title>\n<meta name=\"description\" content=\"A finerenona n\u00e3o ser\u00e1 incorporada ao SUS. Entenda impactos para pacientes com doen\u00e7a renal e diabetes tipo 2.\" \/>\n<meta name=\"robots\" content=\"index, follow, max-snippet:-1, max-image-preview:large, max-video-preview:-1\" \/>\n<link rel=\"canonical\" href=\"https:\/\/www.correiobraziliense.com.br\/cbradar\/medicamento-inovador-para-doenca-renal-cronica-nao-sera-oferecido-pelo-sus\/\" \/>\n<meta property=\"og:locale\" content=\"pt_BR\" \/>\n<meta property=\"og:type\" content=\"article\" \/>\n<meta property=\"og:title\" content=\"Medicamento inovador para doen\u00e7a renal cr\u00f4nica n\u00e3o ser\u00e1 oferecido pelo SUS - Correio Braziliense - Radar\" \/>\n<meta property=\"og:description\" content=\"A finerenona n\u00e3o ser\u00e1 incorporada ao SUS. Entenda impactos para pacientes com doen\u00e7a renal e diabetes tipo 2.\" \/>\n<meta property=\"og:url\" content=\"https:\/\/www.correiobraziliense.com.br\/cbradar\/medicamento-inovador-para-doenca-renal-cronica-nao-sera-oferecido-pelo-sus\/\" \/>\n<meta property=\"og:site_name\" content=\"Correio Braziliense - Radar\" \/>\n<meta property=\"article:published_time\" content=\"2026-02-23T09:05:00+00:00\" \/>\n<meta property=\"og:image\" content=\"https:\/\/www.correiobraziliense.com.br\/cbradar\/wp-content\/uploads\/2026\/02\/doenca-renal_1771628554007.jpg\" \/>\n\t<meta property=\"og:image:width\" content=\"1280\" \/>\n\t<meta property=\"og:image:height\" content=\"720\" \/>\n\t<meta property=\"og:image:type\" content=\"image\/jpeg\" \/>\n<meta name=\"author\" content=\"guilherme_saude\" \/>\n<meta name=\"twitter:card\" content=\"summary_large_image\" \/>\n<meta name=\"twitter:label1\" content=\"Escrito por\" \/>\n\t<meta name=\"twitter:data1\" content=\"guilherme_saude\" \/>\n\t<meta name=\"twitter:label2\" content=\"Est. tempo de leitura\" \/>\n\t<meta name=\"twitter:data2\" content=\"5 minutos\" \/>\n<!-- \/ Yoast SEO plugin. -->","yoast_head_json":{"title":"Medicamento inovador para doen\u00e7a renal cr\u00f4nica n\u00e3o ser\u00e1 oferecido pelo SUS - Correio Braziliense - Radar","description":"A finerenona n\u00e3o ser\u00e1 incorporada ao SUS. Entenda impactos para pacientes com doen\u00e7a renal e diabetes tipo 2.","robots":{"index":"index","follow":"follow","max-snippet":"max-snippet:-1","max-image-preview":"max-image-preview:large","max-video-preview":"max-video-preview:-1"},"canonical":"https:\/\/www.correiobraziliense.com.br\/cbradar\/medicamento-inovador-para-doenca-renal-cronica-nao-sera-oferecido-pelo-sus\/","og_locale":"pt_BR","og_type":"article","og_title":"Medicamento inovador para doen\u00e7a renal cr\u00f4nica n\u00e3o ser\u00e1 oferecido pelo SUS - Correio Braziliense - Radar","og_description":"A finerenona n\u00e3o ser\u00e1 incorporada ao SUS. Entenda impactos para pacientes com doen\u00e7a renal e diabetes tipo 2.","og_url":"https:\/\/www.correiobraziliense.com.br\/cbradar\/medicamento-inovador-para-doenca-renal-cronica-nao-sera-oferecido-pelo-sus\/","og_site_name":"Correio Braziliense - Radar","article_published_time":"2026-02-23T09:05:00+00:00","og_image":[{"width":1280,"height":720,"url":"https:\/\/www.correiobraziliense.com.br\/cbradar\/wp-content\/uploads\/2026\/02\/doenca-renal_1771628554007.jpg","type":"image\/jpeg"}],"author":"guilherme_saude","twitter_card":"summary_large_image","twitter_misc":{"Escrito por":"guilherme_saude","Est. tempo de leitura":"5 minutos"},"schema":{"@context":"https:\/\/schema.org","@graph":[{"@type":"WebPage","@id":"https:\/\/www.correiobraziliense.com.br\/cbradar\/medicamento-inovador-para-doenca-renal-cronica-nao-sera-oferecido-pelo-sus\/","url":"https:\/\/www.correiobraziliense.com.br\/cbradar\/medicamento-inovador-para-doenca-renal-cronica-nao-sera-oferecido-pelo-sus\/","name":"Medicamento inovador para doen\u00e7a renal cr\u00f4nica n\u00e3o ser\u00e1 oferecido pelo SUS - Correio Braziliense - Radar","isPartOf":{"@id":"https:\/\/www.correiobraziliense.com.br\/cbradar\/#website"},"primaryImageOfPage":{"@id":"https:\/\/www.correiobraziliense.com.br\/cbradar\/medicamento-inovador-para-doenca-renal-cronica-nao-sera-oferecido-pelo-sus\/#primaryimage"},"image":{"@id":"https:\/\/www.correiobraziliense.com.br\/cbradar\/medicamento-inovador-para-doenca-renal-cronica-nao-sera-oferecido-pelo-sus\/#primaryimage"},"thumbnailUrl":"https:\/\/www.correiobraziliense.com.br\/cbradar\/wp-content\/uploads\/2026\/02\/doenca-renal_1771628554007.jpg","datePublished":"2026-02-23T09:05:00+00:00","author":{"@id":"https:\/\/www.correiobraziliense.com.br\/cbradar\/#\/schema\/person\/5aa4bf3c8fa699c267933611de12978b"},"description":"A finerenona n\u00e3o ser\u00e1 incorporada ao SUS. Entenda impactos para pacientes com doen\u00e7a renal e diabetes tipo 2.","breadcrumb":{"@id":"https:\/\/www.correiobraziliense.com.br\/cbradar\/medicamento-inovador-para-doenca-renal-cronica-nao-sera-oferecido-pelo-sus\/#breadcrumb"},"inLanguage":"pt-BR","potentialAction":[{"@type":"ReadAction","target":["https:\/\/www.correiobraziliense.com.br\/cbradar\/medicamento-inovador-para-doenca-renal-cronica-nao-sera-oferecido-pelo-sus\/"]}]},{"@type":"ImageObject","inLanguage":"pt-BR","@id":"https:\/\/www.correiobraziliense.com.br\/cbradar\/medicamento-inovador-para-doenca-renal-cronica-nao-sera-oferecido-pelo-sus\/#primaryimage","url":"https:\/\/www.correiobraziliense.com.br\/cbradar\/wp-content\/uploads\/2026\/02\/doenca-renal_1771628554007.jpg","contentUrl":"https:\/\/www.correiobraziliense.com.br\/cbradar\/wp-content\/uploads\/2026\/02\/doenca-renal_1771628554007.jpg","width":1280,"height":720,"caption":"Decis\u00e3o sobre finerenona pode afetar prote\u00e7\u00e3o renal em diab\u00e9ticos tipo 2 - Cr\u00e9ditos: depositphotos.com \/ VadimVasenin"},{"@type":"BreadcrumbList","@id":"https:\/\/www.correiobraziliense.com.br\/cbradar\/medicamento-inovador-para-doenca-renal-cronica-nao-sera-oferecido-pelo-sus\/#breadcrumb","itemListElement":[{"@type":"ListItem","position":1,"name":"In\u00edcio","item":"https:\/\/www.correiobraziliense.com.br\/cbradar\/"},{"@type":"ListItem","position":2,"name":"Medicamento inovador para doen\u00e7a renal cr\u00f4nica n\u00e3o ser\u00e1 oferecido pelo SUS"}]},{"@type":"WebSite","@id":"https:\/\/www.correiobraziliense.com.br\/cbradar\/#website","url":"https:\/\/www.correiobraziliense.com.br\/cbradar\/","name":"Correio Braziliense - Radar","description":"Acompanhe as \u00faltimas not\u00edcias e fique bem informado sobre tudo o que acontece no Brasil e no mundo.","potentialAction":[{"@type":"SearchAction","target":{"@type":"EntryPoint","urlTemplate":"https:\/\/www.correiobraziliense.com.br\/cbradar\/?s={search_term_string}"},"query-input":{"@type":"PropertyValueSpecification","valueRequired":true,"valueName":"search_term_string"}}],"inLanguage":"pt-BR"},{"@type":"Person","@id":"https:\/\/www.correiobraziliense.com.br\/cbradar\/#\/schema\/person\/5aa4bf3c8fa699c267933611de12978b","name":"guilherme_saude","image":{"@type":"ImageObject","inLanguage":"pt-BR","@id":"https:\/\/www.correiobraziliense.com.br\/cbradar\/#\/schema\/person\/image\/","url":"https:\/\/secure.gravatar.com\/avatar\/df9adfb835d344bc0af109d41756253f?s=96&d=mm&r=g","contentUrl":"https:\/\/secure.gravatar.com\/avatar\/df9adfb835d344bc0af109d41756253f?s=96&d=mm&r=g","caption":"guilherme_saude"},"url":"https:\/\/www.correiobraziliense.com.br\/cbradar\/author\/guilherme_saude\/"}]}},"_links":{"self":[{"href":"https:\/\/www.correiobraziliense.com.br\/cbradar\/wp-json\/wp\/v2\/posts\/197192","targetHints":{"allow":["GET"]}}],"collection":[{"href":"https:\/\/www.correiobraziliense.com.br\/cbradar\/wp-json\/wp\/v2\/posts"}],"about":[{"href":"https:\/\/www.correiobraziliense.com.br\/cbradar\/wp-json\/wp\/v2\/types\/post"}],"author":[{"embeddable":true,"href":"https:\/\/www.correiobraziliense.com.br\/cbradar\/wp-json\/wp\/v2\/users\/14"}],"replies":[{"embeddable":true,"href":"https:\/\/www.correiobraziliense.com.br\/cbradar\/wp-json\/wp\/v2\/comments?post=197192"}],"version-history":[{"count":1,"href":"https:\/\/www.correiobraziliense.com.br\/cbradar\/wp-json\/wp\/v2\/posts\/197192\/revisions"}],"predecessor-version":[{"id":197199,"href":"https:\/\/www.correiobraziliense.com.br\/cbradar\/wp-json\/wp\/v2\/posts\/197192\/revisions\/197199"}],"wp:featuredmedia":[{"embeddable":true,"href":"https:\/\/www.correiobraziliense.com.br\/cbradar\/wp-json\/wp\/v2\/media\/197197"}],"wp:attachment":[{"href":"https:\/\/www.correiobraziliense.com.br\/cbradar\/wp-json\/wp\/v2\/media?parent=197192"}],"wp:term":[{"taxonomy":"category","embeddable":true,"href":"https:\/\/www.correiobraziliense.com.br\/cbradar\/wp-json\/wp\/v2\/categories?post=197192"},{"taxonomy":"post_tag","embeddable":true,"href":"https:\/\/www.correiobraziliense.com.br\/cbradar\/wp-json\/wp\/v2\/post_tag?post=197192"}],"curies":[{"name":"wp","href":"https:\/\/api.w.org\/{rel}","templated":true}]}}