{"id":197265,"date":"2026-02-23T07:45:00","date_gmt":"2026-02-23T10:45:00","guid":{"rendered":"https:\/\/www.correiobraziliense.com.br\/cbradar\/?p=197265"},"modified":"2026-02-21T08:58:41","modified_gmt":"2026-02-21T11:58:41","slug":"o-erro-mais-comum-ao-confundir-borderline-com-mudancas-de-humor-comuns","status":"publish","type":"post","link":"https:\/\/www.correiobraziliense.com.br\/cbradar\/o-erro-mais-comum-ao-confundir-borderline-com-mudancas-de-humor-comuns\/","title":{"rendered":"O erro mais comum ao confundir Borderline com mudan\u00e7as de humor comuns"},"content":{"rendered":"\n<p>Conviver com a percep\u00e7\u00e3o de que as emo\u00e7\u00f5es est\u00e3o constantemente \u00e0 flor da pele, alternando rapidamente entre extremos emocionais, pode ser um desafio tanto para a pessoa que vivencia essas sensa\u00e7\u00f5es quanto para aqueles que est\u00e3o ao seu redor. Em alguns casos, essa experi\u00eancia est\u00e1 relacionada ao <strong>Transtorno de Personalidade Borderline (TPB)<\/strong>, uma condi\u00e7\u00e3o com ra\u00edzes biol\u00f3gicas e psicol\u00f3gicas complexas, cuja compreens\u00e3o auxilia na busca por maior estabilidade emocional e autoconhecimento.<\/p>\n\n\n\n<h2 class=\"wp-block-heading\">Quais s\u00e3o os principais sintomas do Transtorno de Personalidade Borderline?<\/h2>\n\n\n\n<p>Os sinais do TPB geralmente se manifestam na adolesc\u00eancia ou no in\u00edcio da vida adulta e se caracterizam por intensa instabilidade emocional e interpessoal. Entre as caracter\u00edsticas mais comuns, est\u00e3o um sentimento persistente de vazio e um medo intenso, real ou imaginado, de ser abandonado, que pode gerar comportamentos impulsivos e autodestrutivos.<\/p>\n\n\n\n<p>Esses sintomas podem interferir significativamente na vida cotidiana, impactando rela\u00e7\u00f5es pessoais, desempenho acad\u00eamico e profissional, al\u00e9m da forma como a pessoa percebe a si mesma e ao mundo. Abaixo, est\u00e3o alguns sinais frequentemente observados em pessoas com TPB, que ajudam na identifica\u00e7\u00e3o inicial do transtorno:<\/p>\n\n\n\n<style>\n  .make-wrap{\n    max-width: 760px;\n    margin: 26px auto;\n    padding: 18px;\n    border-radius: 18px;\n    background: linear-gradient(135deg,#fff7fb 0%,#f6f2ff 100%);\n    border: 1px solid #f7d4ea;\n    box-shadow: 0 8px 20px rgba(236,72,153,.12);\n    font-family: system-ui, -apple-system, Segoe UI, Roboto, Helvetica, Arial, sans-serif;\n  }\n\n  .make-title{\n    display:flex; \n    align-items:center; \n    gap:10px;\n    margin:0 0 12px 4px;\n    font-size:1.2rem; \n    font-weight:900; \n    color:#9d174d;\n  }\n\n  .make-table{\n    width:100%;\n    border-collapse:separate;\n    border-spacing:0;\n    overflow:hidden;\n    border-radius:16px;\n    border:1px solid #f7d4ea;\n    background:#fff;\n    font-size:.92rem;\n  }\n\n  .make-table thead th{\n    background:linear-gradient(90deg,#fde7f3 0%,#f8e9ff 100%);\n    padding:12px;\n    color:#7a1e63;\n    font-weight:800;\n    text-align:left;\n    border-bottom:1px solid #f7d4ea;\n  }\n\n  .make-table tbody td{\n    padding:12px;\n    color:#374151;\n    vertical-align:top;\n    border-bottom:1px dashed #f7d4ea;\n  }\n\n  .make-table tbody tr:nth-child(odd){\n    background:#fffaff;\n  }\n\n  .price{\n    display:inline-flex;\n    align-items:center;\n    background:#fff7ed;\n    color:#b45309;\n    padding:6px 10px;\n    border-radius:10px;\n    border:1px solid #fed7aa;\n    font-weight:700;\n    white-space:nowrap;\n  }\n\n  .badge{\n    display:inline-block;\n    background:#fde7f3;\n    color:#c026d3;\n    border:1px solid #fecdd3;\n    padding:4px 10px;\n    border-radius:999px;\n    font-weight:700;\n    font-size:.78rem;\n  }\n\n  @media (max-width:720px){\n    .make-table thead{display:none}\n    .make-table, .make-table tbody, .make-table tr, .make-table td{\n      display:block; \n      width:100%;\n    }\n    .make-table tr{\n      margin-bottom:12px;\n      border:1px solid #f7d4ea;\n      border-radius:14px;\n      overflow:hidden;\n      background:#fff;\n    }\n    .make-table td[data-label]:before{\n      content:attr(data-label);\n      display:block;\n      font-weight:800;\n      color:#7a1e63;\n      margin-bottom:4px;\n    }\n    .make-table tbody td:last-child{border-bottom:none}\n  }\n<\/style>\n\n<div class=\"make-wrap\">\n  <h3 class=\"make-title\">\ud83e\udde0\u2728 Principais Caracter\u00edsticas Emocionais<\/h3>\n\n  <table class=\"make-table\">\n    <thead>\n      <tr>\n        <th>Caracter\u00edstica<\/th>\n        <th>Descri\u00e7\u00e3o<\/th>\n      <\/tr>\n    <\/thead>\n    <tbody>\n      <tr>\n        <td data-label=\"Caracter\u00edstica\"><span class=\"badge\">Medo de abandono<\/span><\/td>\n        <td data-label=\"Descri\u00e7\u00e3o\">Esfor\u00e7os fren\u00e9ticos para evitar a rejei\u00e7\u00e3o, real ou imaginada.<\/td>\n      <\/tr>\n      <tr>\n        <td data-label=\"Caracter\u00edstica\"><span class=\"badge\">Relacionamentos inst\u00e1veis<\/span><\/td>\n        <td data-label=\"Descri\u00e7\u00e3o\">Altern\u00e2ncia entre idealiza\u00e7\u00e3o e desvaloriza\u00e7\u00e3o das pessoas ao redor.<\/td>\n      <\/tr>\n      <tr>\n        <td data-label=\"Caracter\u00edstica\"><span class=\"badge\">Autoimagem inst\u00e1vel<\/span><\/td>\n        <td data-label=\"Descri\u00e7\u00e3o\">Mudan\u00e7as frequentes em planos, valores e identidade pessoal.<\/td>\n      <\/tr>\n      <tr>\n        <td data-label=\"Caracter\u00edstica\"><span class=\"badge\">Impulsividade<\/span><\/td>\n        <td data-label=\"Descri\u00e7\u00e3o\">Comportamentos arriscados, como gastos excessivos ou consumo de subst\u00e2ncias.<\/td>\n      <\/tr>\n    <\/tbody>\n  <\/table>\n\n  <p style=\"margin-top:14px; color:#6b7280; font-size:.9rem;\">\n    \ud83d\udca1 <strong>Dica:<\/strong> A intensidade e a frequ\u00eancia desses padr\u00f5es podem variar de pessoa para pessoa.\n  <\/p>\n<\/div>\n\n\n\n\n<h2 class=\"wp-block-heading\">Quais s\u00e3o as poss\u00edveis causas do Transtorno de Personalidade Borderline?<\/h2>\n\n\n\n<p>A origem do Transtorno de Personalidade Borderline \u00e9 multifatorial, envolvendo a intera\u00e7\u00e3o entre fatores gen\u00e9ticos, neurobiol\u00f3gicos e ambientais. Altera\u00e7\u00f5es em estruturas como o sistema l\u00edmbico, respons\u00e1vel pela regula\u00e7\u00e3o das emo\u00e7\u00f5es, podem tornar o c\u00e9rebro mais reativo, favorecendo respostas emocionais intensas e desproporcionais.<\/p>\n\n\n\n<p>Al\u00e9m disso, experi\u00eancias adversas na inf\u00e2ncia, como abuso, neglig\u00eancia ou v\u00ednculos afetivos inseguros, s\u00e3o frequentemente identificadas em pessoas com TPB. Essas viv\u00eancias podem predispor a um estado constante de vigil\u00e2ncia emocional, dificultando a forma\u00e7\u00e3o de rela\u00e7\u00f5es seguras e est\u00e1veis ao longo da vida.<\/p>\n\n\n\n<p>Para compreender melhor os sinais e as causas do transtorno de personalidade borderline, assista ao v\u00eddeo a seguir, no qual o <strong>psiquiatra<\/strong> explica o assunto de forma clara e did\u00e1tica no canal respons\u00e1vel pelo conte\u00fado.<\/p>\n\n\n\n<iframe loading=\"lazy\" width=\"1396\" height=\"785\" src=\"https:\/\/www.youtube.com\/embed\/mDfM03H3Wc4\" title=\"SINAIS E CAUSAS DO TRANSTORNO DE PERSONALIDADE BORDERLINE\" frameborder=\"0\" allow=\"accelerometer; autoplay; clipboard-write; encrypted-media; gyroscope; picture-in-picture; web-share\" referrerpolicy=\"strict-origin-when-cross-origin\" allowfullscreen><\/iframe>\n\n\n\n<h2 class=\"wp-block-heading\">Como funciona o tratamento do Transtorno de Personalidade Borderline?<\/h2>\n\n\n\n<p>O tratamento do TPB normalmente envolve psicoterapia como base e, em alguns casos, o uso de medica\u00e7\u00e3o para manejar sintomas associados, como ansiedade, depress\u00e3o ou impulsividade. Entre as abordagens mais reconhecidas est\u00e1 a Terapia Dial\u00e9tica Comportamental (DBT), que ensina habilidades pr\u00e1ticas para lidar com o estresse, regular emo\u00e7\u00f5es intensas e melhorar a qualidade dos relacionamentos.<\/p>\n\n\n\n<p>Esse cuidado costuma ser estruturado em diferentes frentes, podendo incluir psicoterapia individual, grupos de habilidades, interven\u00e7\u00f5es de crise e orienta\u00e7\u00f5es sobre h\u00e1bitos saud\u00e1veis. A seguir, est\u00e3o alguns componentes frequentemente presentes no plano terap\u00eautico para TPB:<\/p>\n\n\n\n<ol class=\"wp-block-list\">\n<li><strong>Psicoterapia individual:<\/strong>\u00a0Focada em reestrutura\u00e7\u00e3o cognitiva, manejo de crises emocionais e fortalecimento da identidade.<\/li>\n\n\n\n<li><strong>Terapia em grupo:<\/strong>\u00a0Favorece o desenvolvimento de habilidades sociais e oferece apoio emocional m\u00fatuo.<\/li>\n\n\n\n<li><strong>Uso de medicamentos:<\/strong>\u00a0Estabilizadores de humor ou antidepressivos podem ser utilizados sob supervis\u00e3o m\u00e9dica.<\/li>\n\n\n\n<li><strong>Higiene do sono:<\/strong>\u00a0Manter rotina regular de sono ajuda a reduzir irritabilidade e flutua\u00e7\u00f5es emocionais.<\/li>\n<\/ol>\n\n\n\n<p>Buscar ajuda profissional ao identificar sintomas \u00e9 fundamental para iniciar um cuidado adequado e construir uma base emocional mais segura. Embora seja um transtorno desafiador, com tratamento consistente \u00e9 poss\u00edvel desenvolver recursos internos, obter maior equil\u00edbrio emocional e levar uma vida mais plena e funcional.<\/p>\n\n\n<a href=\"https:\/\/www.instagram.com\/dra.annaluisabf\/\" target=\"_blank\" rel=\"noopener\" style=\"text-decoration: none; color: inherit;\">\n    <span style=\"display: inline-block; border: 1px solid #ccc; border-radius: 10px; padding: 15px; max-width: 550px; font-family: sans-serif; box-shadow: 0 2px 5px rgba(0,0,0,0.1); width: 100%;\">\n\n      <!-- T\u00edtulo -->\n      <span style=\"display: block; margin: 0 0 15px 0; font-weight: bold; color: #2c3e50; text-align: center;\">\n        Entre em contato:\n      <\/span>\n\n      <!-- Linha do perfil -->\n      <span style=\"display: flex; align-items: center; gap: 15px;\">\n        <img decoding=\"async\"\n          src=\"https:\/\/www.correiobraziliense.com.br\/cbradar\/wp-content\/uploads\/2025\/08\/dra_anna_luisa.jpeg\"\n          alt=\"Foto da Dra. Anna Lu\u00edsa\"\n          style=\"border-radius: 50%; width: 80px; height: 80px; object-fit: cover;\"\n        \/>\n        <span style=\"display: flex; flex-direction: column;\">\n          <span style=\"font-size: 18px; font-weight: 700; color: #2c3e50;\">Dra. Anna Lu\u00edsa Barbosa Fernandes<\/span>\n          <span style=\"color: #555;\">CRM-GO 33.271<\/span>\n        <\/span>\n      <\/span>\n\n      <!-- Redes -->\n      <span style=\"display: flex; align-items: center; gap: 10px; margin-top: 12px;\">\n        <img decoding=\"async\" src=\"https:\/\/cdn-icons-png.flaticon.com\/24\/1384\/1384063.png\" alt=\"Instagram\" width=\"24\" height=\"24\" \/>\n        <span style=\"text-decoration: underline; color: #2c3e50;\">@dra.annaluisabf<\/span>\n      <\/span>\n\n    <\/span>\n  <\/a>","protected":false},"excerpt":{"rendered":"<p>Conviver com a percep\u00e7\u00e3o de que as emo\u00e7\u00f5es est\u00e3o constantemente \u00e0 flor da pele, alternando rapidamente entre extremos emocionais, pode ser um desafio tanto para a pessoa que vivencia essas sensa\u00e7\u00f5es quanto para aqueles que est\u00e3o ao seu redor. Em alguns casos, essa experi\u00eancia est\u00e1 relacionada ao Transtorno de Personalidade Borderline (TPB), uma condi\u00e7\u00e3o com [&hellip;]<\/p>\n","protected":false},"author":14,"featured_media":43731,"comment_status":"open","ping_status":"open","sticky":false,"template":"","format":"standard","meta":{"_yoast_wpseo_focuskw":"Transtorno de Personalidade Borderline","_yoast_wpseo_title":"","_yoast_wpseo_metadesc":"O Transtorno de Personalidade Borderline causa instabilidade emocional e medo de abandono. Entenda sinais e tratamento.","jnews-multi-image_gallery":[],"jnews_single_post":{"format":"standard"},"jnews_primary_category":[],"jnews_social_meta":[],"jnews_override_counter":[],"footnotes":""},"categories":[1],"post_tag":[120,247,1318],"class_list":["post-197265","post","type-post","status-publish","format-standard","has-post-thumbnail","hentry","category-uncategorized","tag-bem-estar","tag-qualidade-de-vida","tag-saude-2"],"yoast_head":"<!-- This site is optimized with the Yoast SEO plugin v24.6 - https:\/\/yoast.com\/wordpress\/plugins\/seo\/ -->\n<title>O erro mais comum ao confundir Borderline com mudan\u00e7as de humor comuns - Correio Braziliense - Radar<\/title>\n<meta name=\"description\" content=\"O Transtorno de Personalidade Borderline causa instabilidade emocional e medo de abandono. Entenda sinais e tratamento.\" \/>\n<meta name=\"robots\" content=\"index, follow, max-snippet:-1, max-image-preview:large, max-video-preview:-1\" \/>\n<link rel=\"canonical\" href=\"https:\/\/www.correiobraziliense.com.br\/cbradar\/o-erro-mais-comum-ao-confundir-borderline-com-mudancas-de-humor-comuns\/\" \/>\n<meta property=\"og:locale\" content=\"pt_BR\" \/>\n<meta property=\"og:type\" content=\"article\" \/>\n<meta property=\"og:title\" content=\"O erro mais comum ao confundir Borderline com mudan\u00e7as de humor comuns - Correio Braziliense - Radar\" \/>\n<meta property=\"og:description\" content=\"O Transtorno de Personalidade Borderline causa instabilidade emocional e medo de abandono. Entenda sinais e tratamento.\" \/>\n<meta property=\"og:url\" content=\"https:\/\/www.correiobraziliense.com.br\/cbradar\/o-erro-mais-comum-ao-confundir-borderline-com-mudancas-de-humor-comuns\/\" \/>\n<meta property=\"og:site_name\" content=\"Correio Braziliense - Radar\" \/>\n<meta property=\"article:published_time\" content=\"2026-02-23T10:45:00+00:00\" \/>\n<meta property=\"og:image\" content=\"https:\/\/www.correiobraziliense.com.br\/cbradar\/wp-content\/uploads\/2025\/05\/borderline_1748363242563.jpg\" \/>\n\t<meta property=\"og:image:width\" content=\"1280\" \/>\n\t<meta property=\"og:image:height\" content=\"720\" \/>\n\t<meta property=\"og:image:type\" content=\"image\/jpeg\" \/>\n<meta name=\"author\" content=\"guilherme_saude\" \/>\n<meta name=\"twitter:card\" content=\"summary_large_image\" \/>\n<meta name=\"twitter:label1\" content=\"Escrito por\" \/>\n\t<meta name=\"twitter:data1\" content=\"guilherme_saude\" \/>\n\t<meta name=\"twitter:label2\" content=\"Est. tempo de leitura\" \/>\n\t<meta name=\"twitter:data2\" content=\"4 minutos\" \/>\n<!-- \/ Yoast SEO plugin. -->","yoast_head_json":{"title":"O erro mais comum ao confundir Borderline com mudan\u00e7as de humor comuns - Correio Braziliense - Radar","description":"O Transtorno de Personalidade Borderline causa instabilidade emocional e medo de abandono. Entenda sinais e tratamento.","robots":{"index":"index","follow":"follow","max-snippet":"max-snippet:-1","max-image-preview":"max-image-preview:large","max-video-preview":"max-video-preview:-1"},"canonical":"https:\/\/www.correiobraziliense.com.br\/cbradar\/o-erro-mais-comum-ao-confundir-borderline-com-mudancas-de-humor-comuns\/","og_locale":"pt_BR","og_type":"article","og_title":"O erro mais comum ao confundir Borderline com mudan\u00e7as de humor comuns - Correio Braziliense - Radar","og_description":"O Transtorno de Personalidade Borderline causa instabilidade emocional e medo de abandono. Entenda sinais e tratamento.","og_url":"https:\/\/www.correiobraziliense.com.br\/cbradar\/o-erro-mais-comum-ao-confundir-borderline-com-mudancas-de-humor-comuns\/","og_site_name":"Correio Braziliense - Radar","article_published_time":"2026-02-23T10:45:00+00:00","og_image":[{"width":1280,"height":720,"url":"https:\/\/www.correiobraziliense.com.br\/cbradar\/wp-content\/uploads\/2025\/05\/borderline_1748363242563.jpg","type":"image\/jpeg"}],"author":"guilherme_saude","twitter_card":"summary_large_image","twitter_misc":{"Escrito por":"guilherme_saude","Est. tempo de leitura":"4 minutos"},"schema":{"@context":"https:\/\/schema.org","@graph":[{"@type":"WebPage","@id":"https:\/\/www.correiobraziliense.com.br\/cbradar\/o-erro-mais-comum-ao-confundir-borderline-com-mudancas-de-humor-comuns\/","url":"https:\/\/www.correiobraziliense.com.br\/cbradar\/o-erro-mais-comum-ao-confundir-borderline-com-mudancas-de-humor-comuns\/","name":"O erro mais comum ao confundir Borderline com mudan\u00e7as de humor comuns - Correio Braziliense - Radar","isPartOf":{"@id":"https:\/\/www.correiobraziliense.com.br\/cbradar\/#website"},"primaryImageOfPage":{"@id":"https:\/\/www.correiobraziliense.com.br\/cbradar\/o-erro-mais-comum-ao-confundir-borderline-com-mudancas-de-humor-comuns\/#primaryimage"},"image":{"@id":"https:\/\/www.correiobraziliense.com.br\/cbradar\/o-erro-mais-comum-ao-confundir-borderline-com-mudancas-de-humor-comuns\/#primaryimage"},"thumbnailUrl":"https:\/\/www.correiobraziliense.com.br\/cbradar\/wp-content\/uploads\/2025\/05\/borderline_1748363242563.jpg","datePublished":"2026-02-23T10:45:00+00:00","author":{"@id":"https:\/\/www.correiobraziliense.com.br\/cbradar\/#\/schema\/person\/5aa4bf3c8fa699c267933611de12978b"},"description":"O Transtorno de Personalidade Borderline causa instabilidade emocional e medo de abandono. Entenda sinais e tratamento.","breadcrumb":{"@id":"https:\/\/www.correiobraziliense.com.br\/cbradar\/o-erro-mais-comum-ao-confundir-borderline-com-mudancas-de-humor-comuns\/#breadcrumb"},"inLanguage":"pt-BR","potentialAction":[{"@type":"ReadAction","target":["https:\/\/www.correiobraziliense.com.br\/cbradar\/o-erro-mais-comum-ao-confundir-borderline-com-mudancas-de-humor-comuns\/"]}]},{"@type":"ImageObject","inLanguage":"pt-BR","@id":"https:\/\/www.correiobraziliense.com.br\/cbradar\/o-erro-mais-comum-ao-confundir-borderline-com-mudancas-de-humor-comuns\/#primaryimage","url":"https:\/\/www.correiobraziliense.com.br\/cbradar\/wp-content\/uploads\/2025\/05\/borderline_1748363242563.jpg","contentUrl":"https:\/\/www.correiobraziliense.com.br\/cbradar\/wp-content\/uploads\/2025\/05\/borderline_1748363242563.jpg","width":1280,"height":720,"caption":"TPB e Bipolaridade: Diferen\u00e7as que Evitam Erros - Cr\u00e9ditos: depositphotos.com \/ Elnur_"},{"@type":"BreadcrumbList","@id":"https:\/\/www.correiobraziliense.com.br\/cbradar\/o-erro-mais-comum-ao-confundir-borderline-com-mudancas-de-humor-comuns\/#breadcrumb","itemListElement":[{"@type":"ListItem","position":1,"name":"In\u00edcio","item":"https:\/\/www.correiobraziliense.com.br\/cbradar\/"},{"@type":"ListItem","position":2,"name":"O erro mais comum ao confundir Borderline com mudan\u00e7as de humor comuns"}]},{"@type":"WebSite","@id":"https:\/\/www.correiobraziliense.com.br\/cbradar\/#website","url":"https:\/\/www.correiobraziliense.com.br\/cbradar\/","name":"Correio Braziliense - Radar","description":"Acompanhe as \u00faltimas not\u00edcias e fique bem informado sobre tudo o que acontece no Brasil e no mundo.","potentialAction":[{"@type":"SearchAction","target":{"@type":"EntryPoint","urlTemplate":"https:\/\/www.correiobraziliense.com.br\/cbradar\/?s={search_term_string}"},"query-input":{"@type":"PropertyValueSpecification","valueRequired":true,"valueName":"search_term_string"}}],"inLanguage":"pt-BR"},{"@type":"Person","@id":"https:\/\/www.correiobraziliense.com.br\/cbradar\/#\/schema\/person\/5aa4bf3c8fa699c267933611de12978b","name":"guilherme_saude","image":{"@type":"ImageObject","inLanguage":"pt-BR","@id":"https:\/\/www.correiobraziliense.com.br\/cbradar\/#\/schema\/person\/image\/","url":"https:\/\/secure.gravatar.com\/avatar\/df9adfb835d344bc0af109d41756253f?s=96&d=mm&r=g","contentUrl":"https:\/\/secure.gravatar.com\/avatar\/df9adfb835d344bc0af109d41756253f?s=96&d=mm&r=g","caption":"guilherme_saude"},"url":"https:\/\/www.correiobraziliense.com.br\/cbradar\/author\/guilherme_saude\/"}]}},"_links":{"self":[{"href":"https:\/\/www.correiobraziliense.com.br\/cbradar\/wp-json\/wp\/v2\/posts\/197265","targetHints":{"allow":["GET"]}}],"collection":[{"href":"https:\/\/www.correiobraziliense.com.br\/cbradar\/wp-json\/wp\/v2\/posts"}],"about":[{"href":"https:\/\/www.correiobraziliense.com.br\/cbradar\/wp-json\/wp\/v2\/types\/post"}],"author":[{"embeddable":true,"href":"https:\/\/www.correiobraziliense.com.br\/cbradar\/wp-json\/wp\/v2\/users\/14"}],"replies":[{"embeddable":true,"href":"https:\/\/www.correiobraziliense.com.br\/cbradar\/wp-json\/wp\/v2\/comments?post=197265"}],"version-history":[{"count":1,"href":"https:\/\/www.correiobraziliense.com.br\/cbradar\/wp-json\/wp\/v2\/posts\/197265\/revisions"}],"predecessor-version":[{"id":197267,"href":"https:\/\/www.correiobraziliense.com.br\/cbradar\/wp-json\/wp\/v2\/posts\/197265\/revisions\/197267"}],"wp:featuredmedia":[{"embeddable":true,"href":"https:\/\/www.correiobraziliense.com.br\/cbradar\/wp-json\/wp\/v2\/media\/43731"}],"wp:attachment":[{"href":"https:\/\/www.correiobraziliense.com.br\/cbradar\/wp-json\/wp\/v2\/media?parent=197265"}],"wp:term":[{"taxonomy":"category","embeddable":true,"href":"https:\/\/www.correiobraziliense.com.br\/cbradar\/wp-json\/wp\/v2\/categories?post=197265"},{"taxonomy":"post_tag","embeddable":true,"href":"https:\/\/www.correiobraziliense.com.br\/cbradar\/wp-json\/wp\/v2\/post_tag?post=197265"}],"curies":[{"name":"wp","href":"https:\/\/api.w.org\/{rel}","templated":true}]}}