{"id":197304,"date":"2026-02-23T17:15:00","date_gmt":"2026-02-23T20:15:00","guid":{"rendered":"https:\/\/www.correiobraziliense.com.br\/cbradar\/?p=197304"},"modified":"2026-02-21T10:05:24","modified_gmt":"2026-02-21T13:05:24","slug":"suor-excessivo-pode-indicar-disturbio-hormonal-e-afetar-autoestima","status":"publish","type":"post","link":"https:\/\/www.correiobraziliense.com.br\/cbradar\/suor-excessivo-pode-indicar-disturbio-hormonal-e-afetar-autoestima\/","title":{"rendered":"Suor excessivo pode indicar dist\u00farbio hormonal e afetar autoestima"},"content":{"rendered":"\n<p>Enfrentar o tratamento de quimioterapia e radioterapia j\u00e1 \u00e9 um grande desafio, e a sensa\u00e7\u00e3o de que as refei\u00e7\u00f5es favoritas perderam o sabor ou ganharam um <strong>Gosto Met\u00e1lico <\/strong>pode tornar a experi\u00eancia ainda mais dif\u00edcil. Essa altera\u00e7\u00e3o, conhecida como disgeusia, afeta diretamente o prazer de comer e a ingest\u00e3o de nutrientes essenciais para a recupera\u00e7\u00e3o, mas pequenos ajustes culin\u00e1rios e cuidados simples podem ajudar a resgatar o sabor dos alimentos e transformar as refei\u00e7\u00f5es em aliadas do bem-estar.<\/p>\n\n\n\n<h2 class=\"wp-block-heading\">Por que o paladar muda durante a quimioterapia e radioterapia?<\/h2>\n\n\n\n<p>A aquisi\u00e7\u00e3o de novos h\u00e1bitos alimentares durante esse per\u00edodo desafiador pode exigir paci\u00eancia e disposi\u00e7\u00e3o para experimentar. A ci\u00eancia mostra que a quimioterapia e a radioterapia podem afetar temporariamente as c\u00e9lulas respons\u00e1veis pelo paladar, exigindo adapta\u00e7\u00f5es no dia a dia.<\/p>\n\n\n\n<p>O tratamento geralmente atinge c\u00e9lulas de crescimento r\u00e1pido, entre elas as papilas gustativas, que precisam de tempo e est\u00edmulo para se regenerar e funcionar plenamente durante cada ciclo. Essas altera\u00e7\u00f5es costumam ser transit\u00f3rias, mas impactam a forma como sabores doces, salgados, amargos e \u00e1cidos s\u00e3o percebidos.<\/p>\n\n\n\n<p>Para compreender melhor como aliviar a altera\u00e7\u00e3o do paladar durante a quimioterapia, assista ao v\u00eddeo a seguir, no qual o(a) <strong>especialista<\/strong> explica o assunto de forma clara e did\u00e1tica no canal respons\u00e1vel pelo conte\u00fado.<\/p>\n\n\n\n<iframe loading=\"lazy\" width=\"1396\" height=\"785\" src=\"https:\/\/www.youtube.com\/embed\/f76evH_PwZg\" title=\"Dicas que v\u00e3o ajudar a aliviar a altera\u00e7\u00e3o do paladar durante a quimioterapia\" frameborder=\"0\" allow=\"accelerometer; autoplay; clipboard-write; encrypted-media; gyroscope; picture-in-picture; web-share\" referrerpolicy=\"strict-origin-when-cross-origin\" allowfullscreen><\/iframe>\n\n\n\n<h2 class=\"wp-block-heading\">O que causa o gosto met\u00e1lico durante o tratamento?<\/h2>\n\n\n\n<p>A quimioterapia e a radioterapia na regi\u00e3o de cabe\u00e7a e pesco\u00e7o podem impactar as papilas gustativas, resultando em uma percep\u00e7\u00e3o alterada do sabor. Essa condi\u00e7\u00e3o frequentemente causa um sabor amargo ou met\u00e1lico, que persiste mesmo em alimentos normalmente doces, salgados ou neutros.<\/p>\n\n\n\n<p>Embora essas mudan\u00e7as sejam tempor\u00e1rias, elas exigem adapta\u00e7\u00e3o e, em alguns casos, acompanhamento nutricional individualizado. Especialistas indicam que a paci\u00eancia e uma abordagem pr\u00e1tica s\u00e3o essenciais para lidar com essas sensa\u00e7\u00f5es e manter a alimenta\u00e7\u00e3o o mais prazerosa poss\u00edvel.<\/p>\n\n\n\n<h2 class=\"wp-block-heading\">Como reduzir o gosto met\u00e1lico durante o tratamento?<\/h2>\n\n\n\n<p>Uma das queixas mais comuns \u00e9 a sensa\u00e7\u00e3o de \u201ccomer metal\u201d. Trocar utens\u00edlios e usar temperos \u00e1cidos pode ajudar a mitigar esse desconforto, tornando as refei\u00e7\u00f5es mais agrad\u00e1veis e facilitando a ingest\u00e3o de nutrientes. Pequenas mudan\u00e7as na rotina alimentar podem gerar resultados significativos.<\/p>\n\n\n\n<p>Al\u00e9m de ajustar talheres e temperos, medidas simples de higiene bucal e hidrata\u00e7\u00e3o contribuem para diminuir o gosto met\u00e1lico e a sensa\u00e7\u00e3o de boca seca. A seguir, algumas estrat\u00e9gias pr\u00e1ticas que podem ser testadas de forma gradativa:<\/p>\n\n\n\n<style>\n  .make-wrap{\n    max-width: 760px;\n    margin: 26px auto;\n    padding: 18px;\n    border-radius: 18px;\n    background: linear-gradient(135deg,#fff7fb 0%,#f6f2ff 100%);\n    border: 1px solid #f7d4ea;\n    box-shadow: 0 8px 20px rgba(236,72,153,.12);\n    font-family: system-ui, -apple-system, Segoe UI, Roboto, Helvetica, Arial, sans-serif;\n  }\n\n  .make-title{\n    display:flex; \n    align-items:center; \n    gap:10px;\n    margin:0 0 12px 4px;\n    font-size:1.2rem; \n    font-weight:900; \n    color:#9d174d;\n  }\n\n  .make-table{\n    width:100%;\n    border-collapse:separate;\n    border-spacing:0;\n    overflow:hidden;\n    border-radius:16px;\n    border:1px solid #f7d4ea;\n    background:#fff;\n    font-size:.92rem;\n  }\n\n  .make-table thead th{\n    background:linear-gradient(90deg,#fde7f3 0%,#f8e9ff 100%);\n    padding:12px;\n    color:#7a1e63;\n    font-weight:800;\n    text-align:left;\n    border-bottom:1px solid #f7d4ea;\n  }\n\n  .make-table tbody td{\n    padding:12px;\n    color:#374151;\n    vertical-align:top;\n    border-bottom:1px dashed #f7d4ea;\n  }\n\n  .make-table tbody tr:nth-child(odd){\n    background:#fffaff;\n  }\n\n  .price{\n    display:inline-flex;\n    align-items:center;\n    background:#fff7ed;\n    color:#b45309;\n    padding:6px 10px;\n    border-radius:10px;\n    border:1px solid #fed7aa;\n    font-weight:700;\n    white-space:nowrap;\n  }\n\n  .badge{\n    display:inline-block;\n    background:#fde7f3;\n    color:#c026d3;\n    border:1px solid #fecdd3;\n    padding:4px 10px;\n    border-radius:999px;\n    font-weight:700;\n    font-size:.78rem;\n  }\n\n  @media (max-width:720px){\n    .make-table thead{display:none}\n    .make-table, .make-table tbody, .make-table tr, .make-table td{\n      display:block; \n      width:100%;\n    }\n    .make-table tr{\n      margin-bottom:12px;\n      border:1px solid #f7d4ea;\n      border-radius:14px;\n      overflow:hidden;\n      background:#fff;\n    }\n    .make-table td[data-label]:before{\n      content:attr(data-label);\n      display:block;\n      font-weight:800;\n      color:#7a1e63;\n      margin-bottom:4px;\n    }\n    .make-table tbody td:last-child{border-bottom:none}\n  }\n<\/style>\n\n<div class=\"make-wrap\">\n  <h3 class=\"make-title\">\ud83d\udc45\u2728 Estrat\u00e9gias para Reduzir o Gosto Met\u00e1lico<\/h3>\n\n  <table class=\"make-table\">\n    <thead>\n      <tr>\n        <th>Estrat\u00e9gia<\/th>\n        <th>Como ajuda<\/th>\n      <\/tr>\n    <\/thead>\n    <tbody>\n      <tr>\n        <td data-label=\"Estrat\u00e9gia\"><span class=\"badge\">Talheres de pl\u00e1stico ou madeira<\/span><\/td>\n        <td data-label=\"Como ajuda\">Evita o contato direto do metal com a l\u00edngua.<\/td>\n      <\/tr>\n      <tr>\n        <td data-label=\"Estrat\u00e9gia\"><span class=\"badge\">Sabores \u00e1cidos<\/span><\/td>\n        <td data-label=\"Como ajuda\">O lim\u00e3o ou o vinagre em carnes e saladas s\u00e3o eficazes.<\/td>\n      <\/tr>\n      <tr>\n        <td data-label=\"Estrat\u00e9gia\"><span class=\"badge\">Balas de menta<\/span><\/td>\n        <td data-label=\"Como ajuda\">Balas sem a\u00e7\u00facar ajudam a limpar o paladar.<\/td>\n      <\/tr>\n      <tr>\n        <td data-label=\"Estrat\u00e9gia\"><span class=\"badge\">Hidrata\u00e7\u00e3o adequada<\/span><\/td>\n        <td data-label=\"Como ajuda\">\u00c1gua com gengibre neutraliza sabores indesejados.<\/td>\n      <\/tr>\n      <tr>\n        <td data-label=\"Estrat\u00e9gia\"><span class=\"badge\">Higiene bucal rigorosa<\/span><\/td>\n        <td data-label=\"Como ajuda\">Escova\u00e7\u00f5es cuidadosas removem res\u00edduos que alteram o gosto.<\/td>\n      <\/tr>\n    <\/tbody>\n  <\/table>\n\n  <p style=\"margin-top:14px; color:#6b7280; font-size:.9rem;\">\n    \ud83d\udca1 <strong>Dica:<\/strong> Pequenas mudan\u00e7as nos h\u00e1bitos di\u00e1rios podem melhorar significativamente a percep\u00e7\u00e3o do paladar.\n  <\/p>\n<\/div>\n\n\n\n\n<h2 class=\"wp-block-heading\">Quais temperos ajudam a tornar as refei\u00e7\u00f5es mais saborosas?<\/h2>\n\n\n\n<p>Intensificar o aroma dos pratos pode auxiliar o c\u00e9rebro a identificar sabores atrav\u00e9s do olfato, compensando a falha gustativa tempor\u00e1ria. Ervas frescas como alecrim e manjeric\u00e3o, al\u00e9m de especiarias como or\u00e9gano e c\u00farcuma, enriquecem a experi\u00eancia sensorial e podem aumentar a aceita\u00e7\u00e3o alimentar.<\/p>\n\n\n\n<p>Estudos sugerem que evitar o excesso de sal e preferir marinadas c\u00edtricas pode melhorar a aceita\u00e7\u00e3o de prote\u00ednas, como carnes e peixes, e enriquecer nutricionalmente os pratos. Testar diferentes combina\u00e7\u00f5es de ervas, azeite e frutas c\u00edtricas ajuda a descobrir quais sabores s\u00e3o melhor tolerados em cada fase do tratamento.<\/p>\n\n\n<div class=\"wp-block-image\">\n<figure class=\"aligncenter size-large\"><img decoding=\"async\" width=\"1024\" height=\"576\" src=\"https:\/\/www.correiobraziliense.com.br\/cbradar\/wp-content\/uploads\/2026\/02\/gosto-metalico_1771678197230-1024x576.jpg\" alt=\"\" class=\"wp-image-197316\" srcset=\"https:\/\/www.correiobraziliense.com.br\/cbradar\/wp-content\/uploads\/2026\/02\/gosto-metalico_1771678197230-1024x576.jpg 1024w, https:\/\/www.correiobraziliense.com.br\/cbradar\/wp-content\/uploads\/2026\/02\/gosto-metalico_1771678197230-300x169.jpg 300w, https:\/\/www.correiobraziliense.com.br\/cbradar\/wp-content\/uploads\/2026\/02\/gosto-metalico_1771678197230-768x432.jpg 768w, https:\/\/www.correiobraziliense.com.br\/cbradar\/wp-content\/uploads\/2026\/02\/gosto-metalico_1771678197230-750x422.jpg 750w, https:\/\/www.correiobraziliense.com.br\/cbradar\/wp-content\/uploads\/2026\/02\/gosto-metalico_1771678197230-1140x641.jpg 1140w, https:\/\/www.correiobraziliense.com.br\/cbradar\/wp-content\/uploads\/2026\/02\/gosto-metalico_1771678197230.jpg 1280w\" sizes=\"(max-width: 1024px) 100vw, 1024px\" \/><figcaption class=\"wp-element-caption\">Tratamentos modernos podem reduzir suor excessivo e melhorar qualidade de vida &#8211; Cr\u00e9ditos: depositphotos.com \/ VGeorgiev<\/figcaption><\/figure><\/div>\n\n\n<h2 class=\"wp-block-heading\">Como garantir a boa nutri\u00e7\u00e3o durante o tratamento<\/h2>\n\n\n\n<p>Quando o sabor n\u00e3o colabora, \u00e9 essencial focar na textura e na temperatura dos alimentos para assegurar a ingest\u00e3o adequada de nutrientes. Alimentos frios ou em temperatura ambiente s\u00e3o, em geral, mais bem aceitos e podem causar menos n\u00e1usea e desconforto.<\/p>\n\n\n\n<p>Fracionar as refei\u00e7\u00f5es em por\u00e7\u00f5es menores e optar por texturas variadas, como crocantes e cremosas, pode tornar as refei\u00e7\u00f5es mais agrad\u00e1veis. Abaixo, algumas sugest\u00f5es pr\u00e1ticas que ajudam a manter uma boa nutri\u00e7\u00e3o mesmo com o paladar alterado:<\/p>\n\n\n\n<ol class=\"wp-block-list\">\n<li><strong>Frios:<\/strong>\u00a0Sorvetes e shakes s\u00e3o op\u00e7\u00f5es convidativas.<\/li>\n\n\n\n<li><strong>Texturas:<\/strong>\u00a0Varie entre crocantes e cremosos.<\/li>\n\n\n\n<li><strong>Fra\u00e7\u00e3o:<\/strong>\u00a0Pequenas e frequentes por\u00e7\u00f5es s\u00e3o ideais.<\/li>\n\n\n\n<li><strong>Prote\u00ednas:<\/strong>\u00a0Prefira ovos e queijos suaves.<\/li>\n<\/ol>\n\n\n\n<p>A experimenta\u00e7\u00e3o \u00e9 fundamental para encontrar o que melhor se adapta ao paladar alterado, mantendo uma rela\u00e7\u00e3o saud\u00e1vel com a comida. Manter a comunica\u00e7\u00e3o aberta com a equipe m\u00e9dica e com o nutricionista para ajustar as estrat\u00e9gias conforme necess\u00e1rio \u00e9 crucial, focando sempre no conforto e na recupera\u00e7\u00e3o plena do paciente.<\/p>\n\n\n<a href=\"https:\/\/www.instagram.com\/dra.annaluisabf\/\" target=\"_blank\" rel=\"noopener\" style=\"text-decoration: none; color: inherit;\">\n    <span style=\"display: inline-block; border: 1px solid #ccc; border-radius: 10px; padding: 15px; max-width: 550px; font-family: sans-serif; box-shadow: 0 2px 5px rgba(0,0,0,0.1); width: 100%;\">\n\n      <!-- T\u00edtulo -->\n      <span style=\"display: block; margin: 0 0 15px 0; font-weight: bold; color: #2c3e50; text-align: center;\">\n        Entre em contato:\n      <\/span>\n\n      <!-- Linha do perfil -->\n      <span style=\"display: flex; align-items: center; gap: 15px;\">\n        <img decoding=\"async\"\n          src=\"https:\/\/www.correiobraziliense.com.br\/cbradar\/wp-content\/uploads\/2025\/08\/dra_anna_luisa.jpeg\"\n          alt=\"Foto da Dra. Anna Lu\u00edsa\"\n          style=\"border-radius: 50%; width: 80px; height: 80px; object-fit: cover;\"\n        \/>\n        <span style=\"display: flex; flex-direction: column;\">\n          <span style=\"font-size: 18px; font-weight: 700; color: #2c3e50;\">Dra. Anna Lu\u00edsa Barbosa Fernandes<\/span>\n          <span style=\"color: #555;\">CRM-GO 33.271<\/span>\n        <\/span>\n      <\/span>\n\n      <!-- Redes -->\n      <span style=\"display: flex; align-items: center; gap: 10px; margin-top: 12px;\">\n        <img decoding=\"async\" src=\"https:\/\/cdn-icons-png.flaticon.com\/24\/1384\/1384063.png\" alt=\"Instagram\" width=\"24\" height=\"24\" \/>\n        <span style=\"text-decoration: underline; color: #2c3e50;\">@dra.annaluisabf<\/span>\n      <\/span>\n\n    <\/span>\n  <\/a>","protected":false},"excerpt":{"rendered":"<p>Enfrentar o tratamento de quimioterapia e radioterapia j\u00e1 \u00e9 um grande desafio, e a sensa\u00e7\u00e3o de que as refei\u00e7\u00f5es favoritas perderam o sabor ou ganharam um Gosto Met\u00e1lico pode tornar a experi\u00eancia ainda mais dif\u00edcil. Essa altera\u00e7\u00e3o, conhecida como disgeusia, afeta diretamente o prazer de comer e a ingest\u00e3o de nutrientes essenciais para a recupera\u00e7\u00e3o, [&hellip;]<\/p>\n","protected":false},"author":14,"featured_media":197319,"comment_status":"open","ping_status":"open","sticky":false,"template":"","format":"standard","meta":{"_yoast_wpseo_focuskw":"Gosto Met\u00e1lico","_yoast_wpseo_title":"","_yoast_wpseo_metadesc":"Suor excessivo pode indicar hiperidrose ou altera\u00e7\u00f5es hormonais. Descubra causas e op\u00e7\u00f5es de tratamento eficazes.","jnews-multi-image_gallery":[],"jnews_single_post":{"format":"standard"},"jnews_primary_category":[],"jnews_social_meta":[],"jnews_override_counter":[],"footnotes":""},"categories":[4404],"post_tag":[120,247,1318],"class_list":["post-197304","post","type-post","status-publish","format-standard","has-post-thumbnail","hentry","category-saude","tag-bem-estar","tag-qualidade-de-vida","tag-saude-2"],"yoast_head":"<!-- This site is optimized with the Yoast SEO plugin v24.6 - https:\/\/yoast.com\/wordpress\/plugins\/seo\/ -->\n<title>Suor excessivo pode indicar dist\u00farbio hormonal e afetar autoestima - Correio Braziliense - Radar<\/title>\n<meta name=\"description\" content=\"Suor excessivo pode indicar hiperidrose ou altera\u00e7\u00f5es hormonais. Descubra causas e op\u00e7\u00f5es de tratamento eficazes.\" \/>\n<meta name=\"robots\" content=\"index, follow, max-snippet:-1, max-image-preview:large, max-video-preview:-1\" \/>\n<link rel=\"canonical\" href=\"https:\/\/www.correiobraziliense.com.br\/cbradar\/suor-excessivo-pode-indicar-disturbio-hormonal-e-afetar-autoestima\/\" \/>\n<meta property=\"og:locale\" content=\"pt_BR\" \/>\n<meta property=\"og:type\" content=\"article\" \/>\n<meta property=\"og:title\" content=\"Suor excessivo pode indicar dist\u00farbio hormonal e afetar autoestima - Correio Braziliense - Radar\" \/>\n<meta property=\"og:description\" content=\"Suor excessivo pode indicar hiperidrose ou altera\u00e7\u00f5es hormonais. Descubra causas e op\u00e7\u00f5es de tratamento eficazes.\" \/>\n<meta property=\"og:url\" content=\"https:\/\/www.correiobraziliense.com.br\/cbradar\/suor-excessivo-pode-indicar-disturbio-hormonal-e-afetar-autoestima\/\" \/>\n<meta property=\"og:site_name\" content=\"Correio Braziliense - Radar\" \/>\n<meta property=\"article:published_time\" content=\"2026-02-23T20:15:00+00:00\" \/>\n<meta property=\"og:image\" content=\"https:\/\/www.correiobraziliense.com.br\/cbradar\/wp-content\/uploads\/2026\/02\/gosto-metalico_1771679016192.jpg\" \/>\n\t<meta property=\"og:image:width\" content=\"1280\" \/>\n\t<meta property=\"og:image:height\" content=\"720\" \/>\n\t<meta property=\"og:image:type\" content=\"image\/jpeg\" \/>\n<meta name=\"author\" content=\"guilherme_saude\" \/>\n<meta name=\"twitter:card\" content=\"summary_large_image\" \/>\n<meta name=\"twitter:label1\" content=\"Escrito por\" \/>\n\t<meta name=\"twitter:data1\" content=\"guilherme_saude\" \/>\n\t<meta name=\"twitter:label2\" content=\"Est. tempo de leitura\" \/>\n\t<meta name=\"twitter:data2\" content=\"5 minutos\" \/>\n<!-- \/ Yoast SEO plugin. -->","yoast_head_json":{"title":"Suor excessivo pode indicar dist\u00farbio hormonal e afetar autoestima - Correio Braziliense - Radar","description":"Suor excessivo pode indicar hiperidrose ou altera\u00e7\u00f5es hormonais. Descubra causas e op\u00e7\u00f5es de tratamento eficazes.","robots":{"index":"index","follow":"follow","max-snippet":"max-snippet:-1","max-image-preview":"max-image-preview:large","max-video-preview":"max-video-preview:-1"},"canonical":"https:\/\/www.correiobraziliense.com.br\/cbradar\/suor-excessivo-pode-indicar-disturbio-hormonal-e-afetar-autoestima\/","og_locale":"pt_BR","og_type":"article","og_title":"Suor excessivo pode indicar dist\u00farbio hormonal e afetar autoestima - Correio Braziliense - Radar","og_description":"Suor excessivo pode indicar hiperidrose ou altera\u00e7\u00f5es hormonais. Descubra causas e op\u00e7\u00f5es de tratamento eficazes.","og_url":"https:\/\/www.correiobraziliense.com.br\/cbradar\/suor-excessivo-pode-indicar-disturbio-hormonal-e-afetar-autoestima\/","og_site_name":"Correio Braziliense - Radar","article_published_time":"2026-02-23T20:15:00+00:00","og_image":[{"width":1280,"height":720,"url":"https:\/\/www.correiobraziliense.com.br\/cbradar\/wp-content\/uploads\/2026\/02\/gosto-metalico_1771679016192.jpg","type":"image\/jpeg"}],"author":"guilherme_saude","twitter_card":"summary_large_image","twitter_misc":{"Escrito por":"guilherme_saude","Est. tempo de leitura":"5 minutos"},"schema":{"@context":"https:\/\/schema.org","@graph":[{"@type":"WebPage","@id":"https:\/\/www.correiobraziliense.com.br\/cbradar\/suor-excessivo-pode-indicar-disturbio-hormonal-e-afetar-autoestima\/","url":"https:\/\/www.correiobraziliense.com.br\/cbradar\/suor-excessivo-pode-indicar-disturbio-hormonal-e-afetar-autoestima\/","name":"Suor excessivo pode indicar dist\u00farbio hormonal e afetar autoestima - Correio Braziliense - Radar","isPartOf":{"@id":"https:\/\/www.correiobraziliense.com.br\/cbradar\/#website"},"primaryImageOfPage":{"@id":"https:\/\/www.correiobraziliense.com.br\/cbradar\/suor-excessivo-pode-indicar-disturbio-hormonal-e-afetar-autoestima\/#primaryimage"},"image":{"@id":"https:\/\/www.correiobraziliense.com.br\/cbradar\/suor-excessivo-pode-indicar-disturbio-hormonal-e-afetar-autoestima\/#primaryimage"},"thumbnailUrl":"https:\/\/www.correiobraziliense.com.br\/cbradar\/wp-content\/uploads\/2026\/02\/gosto-metalico_1771679016192.jpg","datePublished":"2026-02-23T20:15:00+00:00","author":{"@id":"https:\/\/www.correiobraziliense.com.br\/cbradar\/#\/schema\/person\/5aa4bf3c8fa699c267933611de12978b"},"description":"Suor excessivo pode indicar hiperidrose ou altera\u00e7\u00f5es hormonais. Descubra causas e op\u00e7\u00f5es de tratamento eficazes.","breadcrumb":{"@id":"https:\/\/www.correiobraziliense.com.br\/cbradar\/suor-excessivo-pode-indicar-disturbio-hormonal-e-afetar-autoestima\/#breadcrumb"},"inLanguage":"pt-BR","potentialAction":[{"@type":"ReadAction","target":["https:\/\/www.correiobraziliense.com.br\/cbradar\/suor-excessivo-pode-indicar-disturbio-hormonal-e-afetar-autoestima\/"]}]},{"@type":"ImageObject","inLanguage":"pt-BR","@id":"https:\/\/www.correiobraziliense.com.br\/cbradar\/suor-excessivo-pode-indicar-disturbio-hormonal-e-afetar-autoestima\/#primaryimage","url":"https:\/\/www.correiobraziliense.com.br\/cbradar\/wp-content\/uploads\/2026\/02\/gosto-metalico_1771679016192.jpg","contentUrl":"https:\/\/www.correiobraziliense.com.br\/cbradar\/wp-content\/uploads\/2026\/02\/gosto-metalico_1771679016192.jpg","width":1280,"height":720,"caption":"Suor s\u00fabito com dor no peito pode indicar risco card\u00edaco oculto - Cr\u00e9ditos: depositphotos.com \/ VGeorgiev"},{"@type":"BreadcrumbList","@id":"https:\/\/www.correiobraziliense.com.br\/cbradar\/suor-excessivo-pode-indicar-disturbio-hormonal-e-afetar-autoestima\/#breadcrumb","itemListElement":[{"@type":"ListItem","position":1,"name":"In\u00edcio","item":"https:\/\/www.correiobraziliense.com.br\/cbradar\/"},{"@type":"ListItem","position":2,"name":"Suor excessivo pode indicar dist\u00farbio hormonal e afetar autoestima"}]},{"@type":"WebSite","@id":"https:\/\/www.correiobraziliense.com.br\/cbradar\/#website","url":"https:\/\/www.correiobraziliense.com.br\/cbradar\/","name":"Correio Braziliense - Radar","description":"Acompanhe as \u00faltimas not\u00edcias e fique bem informado sobre tudo o que acontece no Brasil e no mundo.","potentialAction":[{"@type":"SearchAction","target":{"@type":"EntryPoint","urlTemplate":"https:\/\/www.correiobraziliense.com.br\/cbradar\/?s={search_term_string}"},"query-input":{"@type":"PropertyValueSpecification","valueRequired":true,"valueName":"search_term_string"}}],"inLanguage":"pt-BR"},{"@type":"Person","@id":"https:\/\/www.correiobraziliense.com.br\/cbradar\/#\/schema\/person\/5aa4bf3c8fa699c267933611de12978b","name":"guilherme_saude","image":{"@type":"ImageObject","inLanguage":"pt-BR","@id":"https:\/\/www.correiobraziliense.com.br\/cbradar\/#\/schema\/person\/image\/","url":"https:\/\/secure.gravatar.com\/avatar\/df9adfb835d344bc0af109d41756253f?s=96&d=mm&r=g","contentUrl":"https:\/\/secure.gravatar.com\/avatar\/df9adfb835d344bc0af109d41756253f?s=96&d=mm&r=g","caption":"guilherme_saude"},"url":"https:\/\/www.correiobraziliense.com.br\/cbradar\/author\/guilherme_saude\/"}]}},"_links":{"self":[{"href":"https:\/\/www.correiobraziliense.com.br\/cbradar\/wp-json\/wp\/v2\/posts\/197304","targetHints":{"allow":["GET"]}}],"collection":[{"href":"https:\/\/www.correiobraziliense.com.br\/cbradar\/wp-json\/wp\/v2\/posts"}],"about":[{"href":"https:\/\/www.correiobraziliense.com.br\/cbradar\/wp-json\/wp\/v2\/types\/post"}],"author":[{"embeddable":true,"href":"https:\/\/www.correiobraziliense.com.br\/cbradar\/wp-json\/wp\/v2\/users\/14"}],"replies":[{"embeddable":true,"href":"https:\/\/www.correiobraziliense.com.br\/cbradar\/wp-json\/wp\/v2\/comments?post=197304"}],"version-history":[{"count":1,"href":"https:\/\/www.correiobraziliense.com.br\/cbradar\/wp-json\/wp\/v2\/posts\/197304\/revisions"}],"predecessor-version":[{"id":197322,"href":"https:\/\/www.correiobraziliense.com.br\/cbradar\/wp-json\/wp\/v2\/posts\/197304\/revisions\/197322"}],"wp:featuredmedia":[{"embeddable":true,"href":"https:\/\/www.correiobraziliense.com.br\/cbradar\/wp-json\/wp\/v2\/media\/197319"}],"wp:attachment":[{"href":"https:\/\/www.correiobraziliense.com.br\/cbradar\/wp-json\/wp\/v2\/media?parent=197304"}],"wp:term":[{"taxonomy":"category","embeddable":true,"href":"https:\/\/www.correiobraziliense.com.br\/cbradar\/wp-json\/wp\/v2\/categories?post=197304"},{"taxonomy":"post_tag","embeddable":true,"href":"https:\/\/www.correiobraziliense.com.br\/cbradar\/wp-json\/wp\/v2\/post_tag?post=197304"}],"curies":[{"name":"wp","href":"https:\/\/api.w.org\/{rel}","templated":true}]}}