{"id":197324,"date":"2026-02-23T20:25:00","date_gmt":"2026-02-23T23:25:00","guid":{"rendered":"https:\/\/www.correiobraziliense.com.br\/cbradar\/?p=197324"},"modified":"2026-02-21T20:36:55","modified_gmt":"2026-02-21T23:36:55","slug":"vitamina-c-nos-sucos-pode-melhorar-elasticidade-e-brilho-da-pele","status":"publish","type":"post","link":"https:\/\/www.correiobraziliense.com.br\/cbradar\/vitamina-c-nos-sucos-pode-melhorar-elasticidade-e-brilho-da-pele\/","title":{"rendered":"Vitamina C nos sucos pode melhorar elasticidade e brilho da pele"},"content":{"rendered":"\n<p>Cuidar da pele \u00e9 uma preocupa\u00e7\u00e3o comum, mas muitas vezes os esfor\u00e7os se concentram apenas em produtos t\u00f3picos, como cremes e s\u00e9runs; no entanto, a nutri\u00e7\u00e3o tamb\u00e9m desempenha um papel significativo na manuten\u00e7\u00e3o de uma pele radiante e firme, e os <strong>Sucos Naturais<\/strong> podem ser poderosos aliados ao fornecer antioxidantes que combatem o envelhecimento precoce de dentro para fora.<\/p>\n\n\n\n<h2 class=\"wp-block-heading\">Por que os sucos naturais contribuem para a sa\u00fade da pele?<\/h2>\n\n\n\n<p>A ingest\u00e3o de sucos ricos em antioxidantes ajuda a combater os radicais livres, respons\u00e1veis pela degrada\u00e7\u00e3o de col\u00e1geno e elastina, prote\u00ednas essenciais para a elasticidade da pele. A vitamina C, presente em muitas frutas, auxilia na regenera\u00e7\u00e3o celular e na prote\u00e7\u00e3o contra danos causados pelos raios UV.<\/p>\n\n\n\n<p>Estudos cient\u00edficos mostram que, quando ingerida, a vitamina C \u00e9 rapidamente absorvida pelo organismo, promovendo benef\u00edcios vis\u00edveis na pele. Al\u00e9m disso, combina\u00e7\u00f5es de diferentes frutas e hortali\u00e7as ampliam o espectro de nutrientes, favorecendo uma pele mais uniforme, vi\u00e7osa e resistente \u00e0s agress\u00f5es di\u00e1rias.<\/p>\n\n\n\n<p>Para compreender melhor quais s\u00e3o os 5 alimentos que ajudam a manter a pele firme e hidratada, assista ao v\u00eddeo a seguir, no qual a <strong>nutricionista Patr\u00edcia Leite<\/strong> explica o assunto de forma clara e did\u00e1tica no canal <strong>Nutricionista Patr\u00edcia Leite<\/strong>.<\/p>\n\n\n\n<iframe loading=\"lazy\" width=\"1396\" height=\"785\" src=\"https:\/\/www.youtube.com\/embed\/G2EP7KY1cz8\" title=\"5 ALIMENTOS para ter uma PELE FIRME e HIDRATADA\" frameborder=\"0\" allow=\"accelerometer; autoplay; clipboard-write; encrypted-media; gyroscope; picture-in-picture; web-share\" referrerpolicy=\"strict-origin-when-cross-origin\" allowfullscreen><\/iframe>\n\n\n\n<h2 class=\"wp-block-heading\">Quais componentes fazem um suco ter propriedades rejuvenescedoras?<\/h2>\n\n\n\n<p>Os fitoqu\u00edmicos presentes nos ingredientes dos sucos exercem um papel essencial na <a href=\"https:\/\/www.correiobraziliense.com.br\/cbradar\/dra-najla-smaili-os-sinais-silenciosos-do-cancer-de-colo-do-utero\/\" target=\"_blank\" rel=\"noreferrer noopener\">sa\u00fade <\/a>da pele e na preven\u00e7\u00e3o do envelhecimento precoce. Compostos como licopeno, betacaroteno e polifen\u00f3is atuam em sinergia para fortalecer a barreira cut\u00e2nea e reduzir o impacto da polui\u00e7\u00e3o e da radia\u00e7\u00e3o solar.<\/p>\n\n\n\n<p>Essas subst\u00e2ncias tamb\u00e9m contribuem para a hidrata\u00e7\u00e3o da pele, melhorando textura e vi\u00e7o. Al\u00e9m disso, ajudam a modular processos inflamat\u00f3rios, o que pode reduzir vermelhid\u00f5es, ressecamento e sensibilidade, favorecendo uma apar\u00eancia mais jovem e uniforme.<\/p>\n\n\n<div class=\"wp-block-image\">\n<figure class=\"aligncenter size-large\"><img decoding=\"async\" width=\"1024\" height=\"576\" src=\"https:\/\/www.correiobraziliense.com.br\/cbradar\/wp-content\/uploads\/2025\/08\/VITAMINA-C_1755894715996-1024x576.jpg\" alt=\"\" class=\"wp-image-91220\" srcset=\"https:\/\/www.correiobraziliense.com.br\/cbradar\/wp-content\/uploads\/2025\/08\/VITAMINA-C_1755894715996-1024x576.jpg 1024w, https:\/\/www.correiobraziliense.com.br\/cbradar\/wp-content\/uploads\/2025\/08\/VITAMINA-C_1755894715996-300x169.jpg 300w, https:\/\/www.correiobraziliense.com.br\/cbradar\/wp-content\/uploads\/2025\/08\/VITAMINA-C_1755894715996-768x432.jpg 768w, https:\/\/www.correiobraziliense.com.br\/cbradar\/wp-content\/uploads\/2025\/08\/VITAMINA-C_1755894715996-750x422.jpg 750w, https:\/\/www.correiobraziliense.com.br\/cbradar\/wp-content\/uploads\/2025\/08\/VITAMINA-C_1755894715996-1140x641.jpg 1140w, https:\/\/www.correiobraziliense.com.br\/cbradar\/wp-content\/uploads\/2025\/08\/VITAMINA-C_1755894715996.jpg 1280w\" sizes=\"(max-width: 1024px) 100vw, 1024px\" \/><figcaption class=\"wp-element-caption\">O erro comum ao preparar sucos que reduz efeito rejuvenescedor &#8211; Cr\u00e9ditos: depositphotos.com \/ VadimVasenin<\/figcaption><\/figure><\/div>\n\n\n<h2 class=\"wp-block-heading\">Quais s\u00e3o os sucos mais indicados para manter a pele bonita e saud\u00e1vel?<\/h2>\n\n\n\n<p>Para obter o m\u00e1ximo benef\u00edcio, \u00e9 essencial diversificar os ingredientes utilizados nos sucos ao longo da semana. O suco de cenoura com laranja \u00e9 rico em betacaroteno, que o corpo converte em vitamina A, essencial para a renova\u00e7\u00e3o e reparo celular da pele.<\/p>\n\n\n\n<p>J\u00e1 o suco de frutas vermelhas, como mirtilos e morangos, cont\u00e9m antocianinas que protegem a derme e promovem a sa\u00fade vascular. Isso favorece a oxigena\u00e7\u00e3o dos tecidos, melhora o tom da pele e auxilia na preven\u00e7\u00e3o de manchas e sinais de fadiga.<\/p>\n\n\n\n<ul class=\"wp-block-list\">\n<li><strong>Suco Verde de Couve e Ma\u00e7\u00e3:<\/strong>\u00a0Cont\u00e9m clorofila e vitamina C, que auxiliam na firmeza e s\u00edntese de col\u00e1geno.<\/li>\n\n\n\n<li><strong>Suco de Melancia com Gengibre:<\/strong>\u00a0Fonte de licopeno e agentes anti-inflamat\u00f3rios, reduz incha\u00e7o e promove a clareza da pele.<\/li>\n\n\n\n<li><strong>Suco de Tomate:<\/strong>\u00a0Rico em antioxidantes que combatem o envelhecimento solar.<\/li>\n\n\n\n<li><strong>Suco de Uva Integral:<\/strong>\u00a0O resveratrol presente na casca \u00e9 um potente defensor contra o envelhecimento precoce.<\/li>\n\n\n\n<li><strong>Suco de Rom\u00e3:<\/strong>\u00a0Prolonga a vida das c\u00e9lulas que produzem col\u00e1geno, mantendo a pele firme.<\/li>\n<\/ul>\n\n\n\n<h2 class=\"wp-block-heading\">Como incluir esses sucos na rotina di\u00e1ria de forma equilibrada?<\/h2>\n\n\n\n<p>Para potencializar o efeito rejuvenescedor, o suco deve ser consumido logo ap\u00f3s o preparo, evitando a oxida\u00e7\u00e3o dos nutrientes mais sens\u00edveis. Manter as fibras no suco ajuda a controlar o \u00edndice glic\u00eamico, favorece o tr\u00e2nsito intestinal e reduz a chance de inflama\u00e7\u00f5es cut\u00e2neas, como acne.<\/p>\n\n\n\n<p>Sucos sem a\u00e7\u00facar evitam a glica\u00e7\u00e3o, processo que acelera a forma\u00e7\u00e3o de rugas e flacidez. Ingredientes como sementes, \u00e1gua de coco e gengibre contribuem para a hidrata\u00e7\u00e3o, a maciez e o controle de processos inflamat\u00f3rios, tornando a rotina de cuidados mais completa.<\/p>\n\n\n\n<h2 class=\"wp-block-heading\">Como o consumo de sucos pode retardar o envelhecimento da pele?<\/h2>\n\n\n\n<p>O consumo regular desses sucos naturais funciona como uma poupan\u00e7a de beleza, preservando a estrutura e a integridade da pele ao longo dos anos. Os polifen\u00f3is encontrados em frutas ajudam a inibir enzimas que destroem a matriz extracelular, mantendo a firmeza e a elasticidade.<\/p>\n\n\n\n<p>Os antioxidantes garantem maior prote\u00e7\u00e3o contra danos oxidativos, contribuindo para uma pele mais lisa e uniforme. Quando aliados a uma dieta balanceada, boa hidrata\u00e7\u00e3o, prote\u00e7\u00e3o solar e sono adequado, esses sucos integram uma abordagem hol\u00edstica que melhora a apar\u00eancia da pele e o bem-estar geral.<\/p>\n\n\n<a href=\"https:\/\/www.instagram.com\/dra.annaluisabf\/\" target=\"_blank\" rel=\"noopener\" style=\"text-decoration: none; color: inherit;\">\n    <span style=\"display: inline-block; border: 1px solid #ccc; border-radius: 10px; padding: 15px; max-width: 550px; font-family: sans-serif; box-shadow: 0 2px 5px rgba(0,0,0,0.1); width: 100%;\">\n\n      <!-- T\u00edtulo -->\n      <span style=\"display: block; margin: 0 0 15px 0; font-weight: bold; color: #2c3e50; text-align: center;\">\n        Entre em contato:\n      <\/span>\n\n      <!-- Linha do perfil -->\n      <span style=\"display: flex; align-items: center; gap: 15px;\">\n        <img decoding=\"async\"\n          src=\"https:\/\/www.correiobraziliense.com.br\/cbradar\/wp-content\/uploads\/2025\/08\/dra_anna_luisa.jpeg\"\n          alt=\"Foto da Dra. Anna Lu\u00edsa\"\n          style=\"border-radius: 50%; width: 80px; height: 80px; object-fit: cover;\"\n        \/>\n        <span style=\"display: flex; flex-direction: column;\">\n          <span style=\"font-size: 18px; font-weight: 700; color: #2c3e50;\">Dra. Anna Lu\u00edsa Barbosa Fernandes<\/span>\n          <span style=\"color: #555;\">CRM-GO 33.271<\/span>\n        <\/span>\n      <\/span>\n\n      <!-- Redes -->\n      <span style=\"display: flex; align-items: center; gap: 10px; margin-top: 12px;\">\n        <img decoding=\"async\" src=\"https:\/\/cdn-icons-png.flaticon.com\/24\/1384\/1384063.png\" alt=\"Instagram\" width=\"24\" height=\"24\" \/>\n        <span style=\"text-decoration: underline; color: #2c3e50;\">@dra.annaluisabf<\/span>\n      <\/span>\n\n    <\/span>\n  <\/a>","protected":false},"excerpt":{"rendered":"<p>Cuidar da pele \u00e9 uma preocupa\u00e7\u00e3o comum, mas muitas vezes os esfor\u00e7os se concentram apenas em produtos t\u00f3picos, como cremes e s\u00e9runs; no entanto, a nutri\u00e7\u00e3o tamb\u00e9m desempenha um papel significativo na manuten\u00e7\u00e3o de uma pele radiante e firme, e os Sucos Naturais podem ser poderosos aliados ao fornecer antioxidantes que combatem o envelhecimento precoce [&hellip;]<\/p>\n","protected":false},"author":14,"featured_media":91216,"comment_status":"open","ping_status":"open","sticky":false,"template":"","format":"standard","meta":{"_yoast_wpseo_focuskw":"Sucos Naturais","_yoast_wpseo_title":"","_yoast_wpseo_metadesc":"Sucos naturais ricos em antioxidantes podem estimular col\u00e1geno e reduzir sinais do envelhecimento. Veja quais incluir.","jnews-multi-image_gallery":[],"jnews_single_post":{"format":"standard"},"jnews_primary_category":[],"jnews_social_meta":[],"jnews_override_counter":[],"footnotes":""},"categories":[4404],"post_tag":[120,247,565],"class_list":["post-197324","post","type-post","status-publish","format-standard","has-post-thumbnail","hentry","category-saude","tag-bem-estar","tag-qualidade-de-vida","tag-saude"],"yoast_head":"<!-- This site is optimized with the Yoast SEO plugin v24.6 - https:\/\/yoast.com\/wordpress\/plugins\/seo\/ -->\n<title>Vitamina C nos sucos pode melhorar elasticidade e brilho da pele - Correio Braziliense - Radar<\/title>\n<meta name=\"description\" content=\"Sucos naturais ricos em antioxidantes podem estimular col\u00e1geno e reduzir sinais do envelhecimento. Veja quais incluir.\" \/>\n<meta name=\"robots\" content=\"index, follow, max-snippet:-1, max-image-preview:large, max-video-preview:-1\" \/>\n<link rel=\"canonical\" href=\"https:\/\/www.correiobraziliense.com.br\/cbradar\/vitamina-c-nos-sucos-pode-melhorar-elasticidade-e-brilho-da-pele\/\" \/>\n<meta property=\"og:locale\" content=\"pt_BR\" \/>\n<meta property=\"og:type\" content=\"article\" \/>\n<meta property=\"og:title\" content=\"Vitamina C nos sucos pode melhorar elasticidade e brilho da pele - Correio Braziliense - Radar\" \/>\n<meta property=\"og:description\" content=\"Sucos naturais ricos em antioxidantes podem estimular col\u00e1geno e reduzir sinais do envelhecimento. Veja quais incluir.\" \/>\n<meta property=\"og:url\" content=\"https:\/\/www.correiobraziliense.com.br\/cbradar\/vitamina-c-nos-sucos-pode-melhorar-elasticidade-e-brilho-da-pele\/\" \/>\n<meta property=\"og:site_name\" content=\"Correio Braziliense - Radar\" \/>\n<meta property=\"article:published_time\" content=\"2026-02-23T23:25:00+00:00\" \/>\n<meta property=\"og:image\" content=\"https:\/\/www.correiobraziliense.com.br\/cbradar\/wp-content\/uploads\/2025\/08\/VITAMINA-C_1755894673038.jpg\" \/>\n\t<meta property=\"og:image:width\" content=\"1280\" \/>\n\t<meta property=\"og:image:height\" content=\"720\" \/>\n\t<meta property=\"og:image:type\" content=\"image\/jpeg\" \/>\n<meta name=\"author\" content=\"guilherme_saude\" \/>\n<meta name=\"twitter:card\" content=\"summary_large_image\" \/>\n<meta name=\"twitter:label1\" content=\"Escrito por\" \/>\n\t<meta name=\"twitter:data1\" content=\"guilherme_saude\" \/>\n\t<meta name=\"twitter:label2\" content=\"Est. tempo de leitura\" \/>\n\t<meta name=\"twitter:data2\" content=\"5 minutos\" \/>\n<!-- \/ Yoast SEO plugin. -->","yoast_head_json":{"title":"Vitamina C nos sucos pode melhorar elasticidade e brilho da pele - Correio Braziliense - Radar","description":"Sucos naturais ricos em antioxidantes podem estimular col\u00e1geno e reduzir sinais do envelhecimento. Veja quais incluir.","robots":{"index":"index","follow":"follow","max-snippet":"max-snippet:-1","max-image-preview":"max-image-preview:large","max-video-preview":"max-video-preview:-1"},"canonical":"https:\/\/www.correiobraziliense.com.br\/cbradar\/vitamina-c-nos-sucos-pode-melhorar-elasticidade-e-brilho-da-pele\/","og_locale":"pt_BR","og_type":"article","og_title":"Vitamina C nos sucos pode melhorar elasticidade e brilho da pele - Correio Braziliense - Radar","og_description":"Sucos naturais ricos em antioxidantes podem estimular col\u00e1geno e reduzir sinais do envelhecimento. Veja quais incluir.","og_url":"https:\/\/www.correiobraziliense.com.br\/cbradar\/vitamina-c-nos-sucos-pode-melhorar-elasticidade-e-brilho-da-pele\/","og_site_name":"Correio Braziliense - Radar","article_published_time":"2026-02-23T23:25:00+00:00","og_image":[{"width":1280,"height":720,"url":"https:\/\/www.correiobraziliense.com.br\/cbradar\/wp-content\/uploads\/2025\/08\/VITAMINA-C_1755894673038.jpg","type":"image\/jpeg"}],"author":"guilherme_saude","twitter_card":"summary_large_image","twitter_misc":{"Escrito por":"guilherme_saude","Est. tempo de leitura":"5 minutos"},"schema":{"@context":"https:\/\/schema.org","@graph":[{"@type":"WebPage","@id":"https:\/\/www.correiobraziliense.com.br\/cbradar\/vitamina-c-nos-sucos-pode-melhorar-elasticidade-e-brilho-da-pele\/","url":"https:\/\/www.correiobraziliense.com.br\/cbradar\/vitamina-c-nos-sucos-pode-melhorar-elasticidade-e-brilho-da-pele\/","name":"Vitamina C nos sucos pode melhorar elasticidade e brilho da pele - Correio Braziliense - Radar","isPartOf":{"@id":"https:\/\/www.correiobraziliense.com.br\/cbradar\/#website"},"primaryImageOfPage":{"@id":"https:\/\/www.correiobraziliense.com.br\/cbradar\/vitamina-c-nos-sucos-pode-melhorar-elasticidade-e-brilho-da-pele\/#primaryimage"},"image":{"@id":"https:\/\/www.correiobraziliense.com.br\/cbradar\/vitamina-c-nos-sucos-pode-melhorar-elasticidade-e-brilho-da-pele\/#primaryimage"},"thumbnailUrl":"https:\/\/www.correiobraziliense.com.br\/cbradar\/wp-content\/uploads\/2025\/08\/VITAMINA-C_1755894673038.jpg","datePublished":"2026-02-23T23:25:00+00:00","author":{"@id":"https:\/\/www.correiobraziliense.com.br\/cbradar\/#\/schema\/person\/5aa4bf3c8fa699c267933611de12978b"},"description":"Sucos naturais ricos em antioxidantes podem estimular col\u00e1geno e reduzir sinais do envelhecimento. Veja quais incluir.","breadcrumb":{"@id":"https:\/\/www.correiobraziliense.com.br\/cbradar\/vitamina-c-nos-sucos-pode-melhorar-elasticidade-e-brilho-da-pele\/#breadcrumb"},"inLanguage":"pt-BR","potentialAction":[{"@type":"ReadAction","target":["https:\/\/www.correiobraziliense.com.br\/cbradar\/vitamina-c-nos-sucos-pode-melhorar-elasticidade-e-brilho-da-pele\/"]}]},{"@type":"ImageObject","inLanguage":"pt-BR","@id":"https:\/\/www.correiobraziliense.com.br\/cbradar\/vitamina-c-nos-sucos-pode-melhorar-elasticidade-e-brilho-da-pele\/#primaryimage","url":"https:\/\/www.correiobraziliense.com.br\/cbradar\/wp-content\/uploads\/2025\/08\/VITAMINA-C_1755894673038.jpg","contentUrl":"https:\/\/www.correiobraziliense.com.br\/cbradar\/wp-content\/uploads\/2025\/08\/VITAMINA-C_1755894673038.jpg","width":1280,"height":720,"caption":"Vitamina C - Cr\u00e9ditos: depositphotos.com \/ VadimVasenin"},{"@type":"BreadcrumbList","@id":"https:\/\/www.correiobraziliense.com.br\/cbradar\/vitamina-c-nos-sucos-pode-melhorar-elasticidade-e-brilho-da-pele\/#breadcrumb","itemListElement":[{"@type":"ListItem","position":1,"name":"In\u00edcio","item":"https:\/\/www.correiobraziliense.com.br\/cbradar\/"},{"@type":"ListItem","position":2,"name":"Vitamina C nos sucos pode melhorar elasticidade e brilho da pele"}]},{"@type":"WebSite","@id":"https:\/\/www.correiobraziliense.com.br\/cbradar\/#website","url":"https:\/\/www.correiobraziliense.com.br\/cbradar\/","name":"Correio Braziliense - Radar","description":"Acompanhe as \u00faltimas not\u00edcias e fique bem informado sobre tudo o que acontece no Brasil e no mundo.","potentialAction":[{"@type":"SearchAction","target":{"@type":"EntryPoint","urlTemplate":"https:\/\/www.correiobraziliense.com.br\/cbradar\/?s={search_term_string}"},"query-input":{"@type":"PropertyValueSpecification","valueRequired":true,"valueName":"search_term_string"}}],"inLanguage":"pt-BR"},{"@type":"Person","@id":"https:\/\/www.correiobraziliense.com.br\/cbradar\/#\/schema\/person\/5aa4bf3c8fa699c267933611de12978b","name":"guilherme_saude","image":{"@type":"ImageObject","inLanguage":"pt-BR","@id":"https:\/\/www.correiobraziliense.com.br\/cbradar\/#\/schema\/person\/image\/","url":"https:\/\/secure.gravatar.com\/avatar\/df9adfb835d344bc0af109d41756253f?s=96&d=mm&r=g","contentUrl":"https:\/\/secure.gravatar.com\/avatar\/df9adfb835d344bc0af109d41756253f?s=96&d=mm&r=g","caption":"guilherme_saude"},"url":"https:\/\/www.correiobraziliense.com.br\/cbradar\/author\/guilherme_saude\/"}]}},"_links":{"self":[{"href":"https:\/\/www.correiobraziliense.com.br\/cbradar\/wp-json\/wp\/v2\/posts\/197324","targetHints":{"allow":["GET"]}}],"collection":[{"href":"https:\/\/www.correiobraziliense.com.br\/cbradar\/wp-json\/wp\/v2\/posts"}],"about":[{"href":"https:\/\/www.correiobraziliense.com.br\/cbradar\/wp-json\/wp\/v2\/types\/post"}],"author":[{"embeddable":true,"href":"https:\/\/www.correiobraziliense.com.br\/cbradar\/wp-json\/wp\/v2\/users\/14"}],"replies":[{"embeddable":true,"href":"https:\/\/www.correiobraziliense.com.br\/cbradar\/wp-json\/wp\/v2\/comments?post=197324"}],"version-history":[{"count":1,"href":"https:\/\/www.correiobraziliense.com.br\/cbradar\/wp-json\/wp\/v2\/posts\/197324\/revisions"}],"predecessor-version":[{"id":197327,"href":"https:\/\/www.correiobraziliense.com.br\/cbradar\/wp-json\/wp\/v2\/posts\/197324\/revisions\/197327"}],"wp:featuredmedia":[{"embeddable":true,"href":"https:\/\/www.correiobraziliense.com.br\/cbradar\/wp-json\/wp\/v2\/media\/91216"}],"wp:attachment":[{"href":"https:\/\/www.correiobraziliense.com.br\/cbradar\/wp-json\/wp\/v2\/media?parent=197324"}],"wp:term":[{"taxonomy":"category","embeddable":true,"href":"https:\/\/www.correiobraziliense.com.br\/cbradar\/wp-json\/wp\/v2\/categories?post=197324"},{"taxonomy":"post_tag","embeddable":true,"href":"https:\/\/www.correiobraziliense.com.br\/cbradar\/wp-json\/wp\/v2\/post_tag?post=197324"}],"curies":[{"name":"wp","href":"https:\/\/api.w.org\/{rel}","templated":true}]}}