{"id":197329,"date":"2026-02-23T18:25:00","date_gmt":"2026-02-23T21:25:00","guid":{"rendered":"https:\/\/www.correiobraziliense.com.br\/cbradar\/?p=197329"},"modified":"2026-02-21T10:14:59","modified_gmt":"2026-02-21T13:14:59","slug":"estresse-oxidativo-pode-acelerar-envelhecimento-e-enfraquecer-imunidade","status":"publish","type":"post","link":"https:\/\/www.correiobraziliense.com.br\/cbradar\/estresse-oxidativo-pode-acelerar-envelhecimento-e-enfraquecer-imunidade\/","title":{"rendered":"Estresse oxidativo pode acelerar envelhecimento e enfraquecer imunidade"},"content":{"rendered":"\n<p>O <strong>Estresse Oxidativo<\/strong>, um termo muitas vezes desconhecido, pode ter significativos impactos na sa\u00fade e bem-estar das pessoas. Quando o corpo humano mostra sinais de cansa\u00e7o persistente, pele sem vitalidade ou imunidade baixa, isso pode ser um indicativo de que as c\u00e9lulas est\u00e3o travando uma batalha invis\u00edvel. Nesse contexto, os antioxidantes emergem como elementos essenciais que protegem o organismo contra os danos causados por radicais livres, ajudando a evitar o envelhecimento precoce e a prevenir diversas doen\u00e7as cr\u00f4nicas.<\/p>\n\n\n\n<h2 class=\"wp-block-heading\">Qual a import\u00e2ncia dos antioxidantes para o corpo humano?<\/h2>\n\n\n\n<p>Os antioxidantes desempenham um papel vital na preven\u00e7\u00e3o de doen\u00e7as inflamat\u00f3rias e degenerativas, ajudando a impedir o \u201cenferrujamento\u201d das c\u00e9lulas. Com isso, contribuem para a melhoria da sa\u00fade cardiovascular e para a prote\u00e7\u00e3o das fun\u00e7\u00f5es cerebrais, reduzindo o risco de danos celulares de longo prazo.<\/p>\n\n\n\n<p>Esses compostos tamb\u00e9m s\u00e3o fundamentais na regenera\u00e7\u00e3o da pele e no fortalecimento do sistema imunol\u00f3gico, funcionando como uma barreira contra agressores externos. Elementos como licopeno e resveratrol ajudam a manter a elasticidade das art\u00e9rias, reduzindo o risco de doen\u00e7as como infartos e outras complica\u00e7\u00f5es cardiovasculares.<\/p>\n\n\n\n<iframe loading=\"lazy\" width=\"1396\" height=\"785\" src=\"https:\/\/www.youtube.com\/embed\/-OOv0Sj3T9g\" title=\"Antioxidantes: o Segredo para uma Sa\u00fade Radiante!\" frameborder=\"0\" allow=\"accelerometer; autoplay; clipboard-write; encrypted-media; gyroscope; picture-in-picture; web-share\" referrerpolicy=\"strict-origin-when-cross-origin\" allowfullscreen><\/iframe>\n\n\n\n<h2 class=\"wp-block-heading\">Existem diferentes tipos de antioxidantes no organismo?<\/h2>\n\n\n\n<p>Os antioxidantes podem ser divididos em duas categorias principais: os que o corpo produz naturalmente e os que precisam ser ingeridos por meio da alimenta\u00e7\u00e3o. Cada tipo possui afinidades espec\u00edficas, atuando na prote\u00e7\u00e3o de determinados \u00f3rg\u00e3os ou sistemas do corpo, como c\u00e9rebro, pele, cora\u00e7\u00e3o e sistema imunol\u00f3gico.<\/p>\n\n\n\n<p>Entre os antioxidantes mais conhecidos e estudados, destacam-se nutrientes que atuam de forma sin\u00e9rgica, potencializando a defesa celular contra os radicais livres e auxiliando na repara\u00e7\u00e3o de danos j\u00e1 instalados. Alguns exemplos importantes incluem:<\/p>\n\n\n\n<style>\n  .make-wrap{\n    max-width: 760px;\n    margin: 26px auto;\n    padding: 18px;\n    border-radius: 18px;\n    background: linear-gradient(135deg,#fff7fb 0%,#f6f2ff 100%);\n    border: 1px solid #f7d4ea;\n    box-shadow: 0 8px 20px rgba(236,72,153,.12);\n    font-family: system-ui, -apple-system, Segoe UI, Roboto, Helvetica, Arial, sans-serif;\n  }\n\n  .make-title{\n    display:flex; \n    align-items:center; \n    gap:10px;\n    margin:0 0 12px 4px;\n    font-size:1.2rem; \n    font-weight:900; \n    color:#9d174d;\n  }\n\n  .make-table{\n    width:100%;\n    border-collapse:separate;\n    border-spacing:0;\n    overflow:hidden;\n    border-radius:16px;\n    border:1px solid #f7d4ea;\n    background:#fff;\n    font-size:.92rem;\n  }\n\n  .make-table thead th{\n    background:linear-gradient(90deg,#fde7f3 0%,#f8e9ff 100%);\n    padding:12px;\n    color:#7a1e63;\n    font-weight:800;\n    text-align:left;\n    border-bottom:1px solid #f7d4ea;\n  }\n\n  .make-table tbody td{\n    padding:12px;\n    color:#374151;\n    vertical-align:top;\n    border-bottom:1px dashed #f7d4ea;\n  }\n\n  .make-table tbody tr:nth-child(odd){\n    background:#fffaff;\n  }\n\n  .price{\n    display:inline-flex;\n    align-items:center;\n    background:#fff7ed;\n    color:#b45309;\n    padding:6px 10px;\n    border-radius:10px;\n    border:1px solid #fed7aa;\n    font-weight:700;\n    white-space:nowrap;\n  }\n\n  .badge{\n    display:inline-block;\n    background:#fde7f3;\n    color:#c026d3;\n    border:1px solid #fecdd3;\n    padding:4px 10px;\n    border-radius:999px;\n    font-weight:700;\n    font-size:.78rem;\n  }\n\n  @media (max-width:720px){\n    .make-table thead{display:none}\n    .make-table, .make-table tbody, .make-table tr, .make-table td{\n      display:block; \n      width:100%;\n    }\n    .make-table tr{\n      margin-bottom:12px;\n      border:1px solid #f7d4ea;\n      border-radius:14px;\n      overflow:hidden;\n      background:#fff;\n    }\n    .make-table td[data-label]:before{\n      content:attr(data-label);\n      display:block;\n      font-weight:800;\n      color:#7a1e63;\n      margin-bottom:4px;\n    }\n    .make-table tbody td:last-child{border-bottom:none}\n  }\n<\/style>\n\n<div class=\"make-wrap\">\n  <h3 class=\"make-title\">\ud83e\udd5d\u2728 Principais Compostos Antioxidantes<\/h3>\n\n  <table class=\"make-table\">\n    <thead>\n      <tr>\n        <th>Categoria<\/th>\n        <th>Exemplos e benef\u00edcios<\/th>\n      <\/tr>\n    <\/thead>\n    <tbody>\n      <tr>\n        <td data-label=\"Categoria\"><span class=\"badge\">Vitaminas<\/span><\/td>\n        <td data-label=\"Exemplos e benef\u00edcios\">Vitamina C e E, essenciais para a sa\u00fade da pele e do sistema imunol\u00f3gico.<\/td>\n      <\/tr>\n      <tr>\n        <td data-label=\"Categoria\"><span class=\"badge\">Carotenoides<\/span><\/td>\n        <td data-label=\"Exemplos e benef\u00edcios\">Betacaroteno e licopeno, conhecidos por suas propriedades que protegem as c\u00e9lulas.<\/td>\n      <\/tr>\n      <tr>\n        <td data-label=\"Categoria\"><span class=\"badge\">Polifen\u00f3is<\/span><\/td>\n        <td data-label=\"Exemplos e benef\u00edcios\">Encontrados no ch\u00e1 verde e uvas, reconhecidos por suas poderosas a\u00e7\u00f5es anti-inflamat\u00f3rias.<\/td>\n      <\/tr>\n      <tr>\n        <td data-label=\"Categoria\"><span class=\"badge\">Minerais<\/span><\/td>\n        <td data-label=\"Exemplos e benef\u00edcios\">Sel\u00eanio e zinco, que auxiliam na a\u00e7\u00e3o de enzimas antioxidantes.<\/td>\n      <\/tr>\n      <tr>\n        <td data-label=\"Categoria\"><span class=\"badge\">Flavonoides<\/span><\/td>\n        <td data-label=\"Exemplos e benef\u00edcios\">Presentes em frutas c\u00edtricas, ajudam na prote\u00e7\u00e3o do sistema circulat\u00f3rio.<\/td>\n      <\/tr>\n    <\/tbody>\n  <\/table>\n\n  <p style=\"margin-top:14px; color:#6b7280; font-size:.9rem;\">\n    \ud83d\udca1 <strong>Dica:<\/strong> Uma alimenta\u00e7\u00e3o variada e colorida costuma garantir a ingest\u00e3o equilibrada desses antioxidantes.\n  <\/p>\n<\/div>\n\n\n\n\n<h2 class=\"wp-block-heading\">Quais alimentos naturalmente ricos em antioxidantes?<\/h2>\n\n\n\n<p>Integrar antioxidantes na alimenta\u00e7\u00e3o di\u00e1ria pode ser mais f\u00e1cil do que se imagina, bastando priorizar alimentos frescos e minimamente processados. Itens com cores vibrantes costumam concentrar mais fitonutrientes ben\u00e9ficos, que atuam em diferentes partes do organismo e complementam-se entre si.<\/p>\n\n\n\n<p>Ao montar o prato, vale buscar variedade de cores e texturas, combinando frutas, verduras, oleaginosas e especiarias. Dessa forma, aumenta-se a oferta de agentes protetores, favorecendo a sa\u00fade geral e contribuindo para a preven\u00e7\u00e3o de doen\u00e7as cr\u00f4nicas ao longo da vida.<\/p>\n\n\n\n<ul class=\"wp-block-list\">\n<li><strong>Frutas vermelhas:<\/strong>\u00a0Como mirtilo, amora e morango, ricas em antocianinas.<\/li>\n\n\n\n<li><strong>Frutas c\u00edtricas:<\/strong>\u00a0Como laranja e lim\u00e3o, importantes fontes de vitamina C.<\/li>\n\n\n\n<li><strong>Verduras de cor verde escuro:<\/strong>\u00a0Como br\u00f3colis e espinafre, que oferecem lute\u00edna.<\/li>\n\n\n\n<li><strong>Oleaginosas:<\/strong>\u00a0Como castanhas e nozes, ricas em vitamina E e gorduras saud\u00e1veis.<\/li>\n\n\n\n<li><strong>Especiarias:<\/strong>\u00a0Como c\u00farcuma e canela, que possuem compostos fen\u00f3licos antioxidantes.<\/li>\n<\/ul>\n\n\n\n<h2 class=\"wp-block-heading\">Como adotar uma dieta rica em antioxidantes no dia a dia?<\/h2>\n\n\n\n<p>Incluir antioxidantes na dieta n\u00e3o exige mudan\u00e7as dr\u00e1sticas, mas sim escolhas mais conscientes, priorizando alimentos nutritivos no lugar de ultraprocessados. Pequenas trocas, como optar por suco de uva integral em vez de refrigerante ou adicionar um punhado de nozes ao lanche, j\u00e1 refor\u00e7am a prote\u00e7\u00e3o celular.<\/p>\n\n\n\n<p>Os benef\u00edcios s\u00e3o maiores quando os nutrientes s\u00e3o consumidos em conjunto, por meio de alimentos inteiros, nos quais a intera\u00e7\u00e3o entre vitaminas, minerais e compostos bioativos potencializa seus efeitos. A orienta\u00e7\u00e3o de um nutricionista pode ajudar a personalizar o plano alimentar, considerando necessidades individuais, rotina e poss\u00edveis condi\u00e7\u00f5es de sa\u00fade.<\/p>\n\n\n<a href=\"https:\/\/www.instagram.com\/dra.annaluisabf\/\" target=\"_blank\" rel=\"noopener\" style=\"text-decoration: none; color: inherit;\">\n    <span style=\"display: inline-block; border: 1px solid #ccc; border-radius: 10px; padding: 15px; max-width: 550px; font-family: sans-serif; box-shadow: 0 2px 5px rgba(0,0,0,0.1); width: 100%;\">\n\n      <!-- T\u00edtulo -->\n      <span style=\"display: block; margin: 0 0 15px 0; font-weight: bold; color: #2c3e50; text-align: center;\">\n        Entre em contato:\n      <\/span>\n\n      <!-- Linha do perfil -->\n      <span style=\"display: flex; align-items: center; gap: 15px;\">\n        <img decoding=\"async\"\n          src=\"https:\/\/www.correiobraziliense.com.br\/cbradar\/wp-content\/uploads\/2025\/08\/dra_anna_luisa.jpeg\"\n          alt=\"Foto da Dra. Anna Lu\u00edsa\"\n          style=\"border-radius: 50%; width: 80px; height: 80px; object-fit: cover;\"\n        \/>\n        <span style=\"display: flex; flex-direction: column;\">\n          <span style=\"font-size: 18px; font-weight: 700; color: #2c3e50;\">Dra. Anna Lu\u00edsa Barbosa Fernandes<\/span>\n          <span style=\"color: #555;\">CRM-GO 33.271<\/span>\n        <\/span>\n      <\/span>\n\n      <!-- Redes -->\n      <span style=\"display: flex; align-items: center; gap: 10px; margin-top: 12px;\">\n        <img decoding=\"async\" src=\"https:\/\/cdn-icons-png.flaticon.com\/24\/1384\/1384063.png\" alt=\"Instagram\" width=\"24\" height=\"24\" \/>\n        <span style=\"text-decoration: underline; color: #2c3e50;\">@dra.annaluisabf<\/span>\n      <\/span>\n\n    <\/span>\n  <\/a>","protected":false},"excerpt":{"rendered":"<p>O Estresse Oxidativo, um termo muitas vezes desconhecido, pode ter significativos impactos na sa\u00fade e bem-estar das pessoas. Quando o corpo humano mostra sinais de cansa\u00e7o persistente, pele sem vitalidade ou imunidade baixa, isso pode ser um indicativo de que as c\u00e9lulas est\u00e3o travando uma batalha invis\u00edvel. Nesse contexto, os antioxidantes emergem como elementos essenciais [&hellip;]<\/p>\n","protected":false},"author":14,"featured_media":197331,"comment_status":"open","ping_status":"open","sticky":false,"template":"","format":"standard","meta":{"_yoast_wpseo_focuskw":"Estresse Oxidativo","_yoast_wpseo_title":"","_yoast_wpseo_metadesc":"Antioxidantes combatem estresse oxidativo e protegem cora\u00e7\u00e3o e pele. Descubra alimentos que fortalecem suas defesas.","jnews-multi-image_gallery":[],"jnews_single_post":{"format":"standard"},"jnews_primary_category":[],"jnews_social_meta":[],"jnews_override_counter":[],"footnotes":""},"categories":[4404],"post_tag":[120,247,1318],"class_list":["post-197329","post","type-post","status-publish","format-standard","has-post-thumbnail","hentry","category-saude","tag-bem-estar","tag-qualidade-de-vida","tag-saude-2"],"yoast_head":"<!-- This site is optimized with the Yoast SEO plugin v24.6 - https:\/\/yoast.com\/wordpress\/plugins\/seo\/ -->\n<title>Estresse oxidativo pode acelerar envelhecimento e enfraquecer imunidade - Correio Braziliense - Radar<\/title>\n<meta name=\"description\" content=\"Antioxidantes combatem estresse oxidativo e protegem cora\u00e7\u00e3o e pele. Descubra alimentos que fortalecem suas defesas.\" \/>\n<meta name=\"robots\" content=\"index, follow, max-snippet:-1, max-image-preview:large, max-video-preview:-1\" \/>\n<link rel=\"canonical\" href=\"https:\/\/www.correiobraziliense.com.br\/cbradar\/estresse-oxidativo-pode-acelerar-envelhecimento-e-enfraquecer-imunidade\/\" \/>\n<meta property=\"og:locale\" content=\"pt_BR\" \/>\n<meta property=\"og:type\" content=\"article\" \/>\n<meta property=\"og:title\" content=\"Estresse oxidativo pode acelerar envelhecimento e enfraquecer imunidade - Correio Braziliense - Radar\" \/>\n<meta property=\"og:description\" content=\"Antioxidantes combatem estresse oxidativo e protegem cora\u00e7\u00e3o e pele. Descubra alimentos que fortalecem suas defesas.\" \/>\n<meta property=\"og:url\" content=\"https:\/\/www.correiobraziliense.com.br\/cbradar\/estresse-oxidativo-pode-acelerar-envelhecimento-e-enfraquecer-imunidade\/\" \/>\n<meta property=\"og:site_name\" content=\"Correio Braziliense - Radar\" \/>\n<meta property=\"article:published_time\" content=\"2026-02-23T21:25:00+00:00\" \/>\n<meta property=\"og:image\" content=\"https:\/\/www.correiobraziliense.com.br\/cbradar\/wp-content\/uploads\/2026\/02\/antioxidantes-_1771679672149.jpg\" \/>\n\t<meta property=\"og:image:width\" content=\"1280\" \/>\n\t<meta property=\"og:image:height\" content=\"720\" \/>\n\t<meta property=\"og:image:type\" content=\"image\/jpeg\" \/>\n<meta name=\"author\" content=\"guilherme_saude\" \/>\n<meta name=\"twitter:card\" content=\"summary_large_image\" \/>\n<meta name=\"twitter:label1\" content=\"Escrito por\" \/>\n\t<meta name=\"twitter:data1\" content=\"guilherme_saude\" \/>\n\t<meta name=\"twitter:label2\" content=\"Est. tempo de leitura\" \/>\n\t<meta name=\"twitter:data2\" content=\"4 minutos\" \/>\n<!-- \/ Yoast SEO plugin. -->","yoast_head_json":{"title":"Estresse oxidativo pode acelerar envelhecimento e enfraquecer imunidade - Correio Braziliense - Radar","description":"Antioxidantes combatem estresse oxidativo e protegem cora\u00e7\u00e3o e pele. Descubra alimentos que fortalecem suas defesas.","robots":{"index":"index","follow":"follow","max-snippet":"max-snippet:-1","max-image-preview":"max-image-preview:large","max-video-preview":"max-video-preview:-1"},"canonical":"https:\/\/www.correiobraziliense.com.br\/cbradar\/estresse-oxidativo-pode-acelerar-envelhecimento-e-enfraquecer-imunidade\/","og_locale":"pt_BR","og_type":"article","og_title":"Estresse oxidativo pode acelerar envelhecimento e enfraquecer imunidade - Correio Braziliense - Radar","og_description":"Antioxidantes combatem estresse oxidativo e protegem cora\u00e7\u00e3o e pele. Descubra alimentos que fortalecem suas defesas.","og_url":"https:\/\/www.correiobraziliense.com.br\/cbradar\/estresse-oxidativo-pode-acelerar-envelhecimento-e-enfraquecer-imunidade\/","og_site_name":"Correio Braziliense - Radar","article_published_time":"2026-02-23T21:25:00+00:00","og_image":[{"width":1280,"height":720,"url":"https:\/\/www.correiobraziliense.com.br\/cbradar\/wp-content\/uploads\/2026\/02\/antioxidantes-_1771679672149.jpg","type":"image\/jpeg"}],"author":"guilherme_saude","twitter_card":"summary_large_image","twitter_misc":{"Escrito por":"guilherme_saude","Est. tempo de leitura":"4 minutos"},"schema":{"@context":"https:\/\/schema.org","@graph":[{"@type":"WebPage","@id":"https:\/\/www.correiobraziliense.com.br\/cbradar\/estresse-oxidativo-pode-acelerar-envelhecimento-e-enfraquecer-imunidade\/","url":"https:\/\/www.correiobraziliense.com.br\/cbradar\/estresse-oxidativo-pode-acelerar-envelhecimento-e-enfraquecer-imunidade\/","name":"Estresse oxidativo pode acelerar envelhecimento e enfraquecer imunidade - Correio Braziliense - Radar","isPartOf":{"@id":"https:\/\/www.correiobraziliense.com.br\/cbradar\/#website"},"primaryImageOfPage":{"@id":"https:\/\/www.correiobraziliense.com.br\/cbradar\/estresse-oxidativo-pode-acelerar-envelhecimento-e-enfraquecer-imunidade\/#primaryimage"},"image":{"@id":"https:\/\/www.correiobraziliense.com.br\/cbradar\/estresse-oxidativo-pode-acelerar-envelhecimento-e-enfraquecer-imunidade\/#primaryimage"},"thumbnailUrl":"https:\/\/www.correiobraziliense.com.br\/cbradar\/wp-content\/uploads\/2026\/02\/antioxidantes-_1771679672149.jpg","datePublished":"2026-02-23T21:25:00+00:00","author":{"@id":"https:\/\/www.correiobraziliense.com.br\/cbradar\/#\/schema\/person\/5aa4bf3c8fa699c267933611de12978b"},"description":"Antioxidantes combatem estresse oxidativo e protegem cora\u00e7\u00e3o e pele. Descubra alimentos que fortalecem suas defesas.","breadcrumb":{"@id":"https:\/\/www.correiobraziliense.com.br\/cbradar\/estresse-oxidativo-pode-acelerar-envelhecimento-e-enfraquecer-imunidade\/#breadcrumb"},"inLanguage":"pt-BR","potentialAction":[{"@type":"ReadAction","target":["https:\/\/www.correiobraziliense.com.br\/cbradar\/estresse-oxidativo-pode-acelerar-envelhecimento-e-enfraquecer-imunidade\/"]}]},{"@type":"ImageObject","inLanguage":"pt-BR","@id":"https:\/\/www.correiobraziliense.com.br\/cbradar\/estresse-oxidativo-pode-acelerar-envelhecimento-e-enfraquecer-imunidade\/#primaryimage","url":"https:\/\/www.correiobraziliense.com.br\/cbradar\/wp-content\/uploads\/2026\/02\/antioxidantes-_1771679672149.jpg","contentUrl":"https:\/\/www.correiobraziliense.com.br\/cbradar\/wp-content\/uploads\/2026\/02\/antioxidantes-_1771679672149.jpg","width":1280,"height":720,"caption":"O erro alimentar que aumenta radicais livres e acelera envelhecimento - Cr\u00e9ditos: depositphotos.com \/ VikaKhalabuzar"},{"@type":"BreadcrumbList","@id":"https:\/\/www.correiobraziliense.com.br\/cbradar\/estresse-oxidativo-pode-acelerar-envelhecimento-e-enfraquecer-imunidade\/#breadcrumb","itemListElement":[{"@type":"ListItem","position":1,"name":"In\u00edcio","item":"https:\/\/www.correiobraziliense.com.br\/cbradar\/"},{"@type":"ListItem","position":2,"name":"Estresse oxidativo pode acelerar envelhecimento e enfraquecer imunidade"}]},{"@type":"WebSite","@id":"https:\/\/www.correiobraziliense.com.br\/cbradar\/#website","url":"https:\/\/www.correiobraziliense.com.br\/cbradar\/","name":"Correio Braziliense - Radar","description":"Acompanhe as \u00faltimas not\u00edcias e fique bem informado sobre tudo o que acontece no Brasil e no mundo.","potentialAction":[{"@type":"SearchAction","target":{"@type":"EntryPoint","urlTemplate":"https:\/\/www.correiobraziliense.com.br\/cbradar\/?s={search_term_string}"},"query-input":{"@type":"PropertyValueSpecification","valueRequired":true,"valueName":"search_term_string"}}],"inLanguage":"pt-BR"},{"@type":"Person","@id":"https:\/\/www.correiobraziliense.com.br\/cbradar\/#\/schema\/person\/5aa4bf3c8fa699c267933611de12978b","name":"guilherme_saude","image":{"@type":"ImageObject","inLanguage":"pt-BR","@id":"https:\/\/www.correiobraziliense.com.br\/cbradar\/#\/schema\/person\/image\/","url":"https:\/\/secure.gravatar.com\/avatar\/df9adfb835d344bc0af109d41756253f?s=96&d=mm&r=g","contentUrl":"https:\/\/secure.gravatar.com\/avatar\/df9adfb835d344bc0af109d41756253f?s=96&d=mm&r=g","caption":"guilherme_saude"},"url":"https:\/\/www.correiobraziliense.com.br\/cbradar\/author\/guilherme_saude\/"}]}},"_links":{"self":[{"href":"https:\/\/www.correiobraziliense.com.br\/cbradar\/wp-json\/wp\/v2\/posts\/197329","targetHints":{"allow":["GET"]}}],"collection":[{"href":"https:\/\/www.correiobraziliense.com.br\/cbradar\/wp-json\/wp\/v2\/posts"}],"about":[{"href":"https:\/\/www.correiobraziliense.com.br\/cbradar\/wp-json\/wp\/v2\/types\/post"}],"author":[{"embeddable":true,"href":"https:\/\/www.correiobraziliense.com.br\/cbradar\/wp-json\/wp\/v2\/users\/14"}],"replies":[{"embeddable":true,"href":"https:\/\/www.correiobraziliense.com.br\/cbradar\/wp-json\/wp\/v2\/comments?post=197329"}],"version-history":[{"count":1,"href":"https:\/\/www.correiobraziliense.com.br\/cbradar\/wp-json\/wp\/v2\/posts\/197329\/revisions"}],"predecessor-version":[{"id":197332,"href":"https:\/\/www.correiobraziliense.com.br\/cbradar\/wp-json\/wp\/v2\/posts\/197329\/revisions\/197332"}],"wp:featuredmedia":[{"embeddable":true,"href":"https:\/\/www.correiobraziliense.com.br\/cbradar\/wp-json\/wp\/v2\/media\/197331"}],"wp:attachment":[{"href":"https:\/\/www.correiobraziliense.com.br\/cbradar\/wp-json\/wp\/v2\/media?parent=197329"}],"wp:term":[{"taxonomy":"category","embeddable":true,"href":"https:\/\/www.correiobraziliense.com.br\/cbradar\/wp-json\/wp\/v2\/categories?post=197329"},{"taxonomy":"post_tag","embeddable":true,"href":"https:\/\/www.correiobraziliense.com.br\/cbradar\/wp-json\/wp\/v2\/post_tag?post=197329"}],"curies":[{"name":"wp","href":"https:\/\/api.w.org\/{rel}","templated":true}]}}