{"id":197554,"date":"2026-02-21T19:15:00","date_gmt":"2026-02-21T22:15:00","guid":{"rendered":"https:\/\/www.correiobraziliense.com.br\/cbradar\/?p=197554"},"modified":"2026-02-21T18:44:06","modified_gmt":"2026-02-21T21:44:06","slug":"a-quarta-cidade-mais-antiga-do-brasil-guarda-o-primeiro-cristo-redentor-do-pais-e-uma-praca-unica-nas-americas","status":"publish","type":"post","link":"https:\/\/www.correiobraziliense.com.br\/cbradar\/a-quarta-cidade-mais-antiga-do-brasil-guarda-o-primeiro-cristo-redentor-do-pais-e-uma-praca-unica-nas-americas\/","title":{"rendered":"A quarta cidade mais antiga do Brasil guarda o primeiro Cristo Redentor do pa\u00eds e uma pra\u00e7a \u00fanica nas Am\u00e9ricas"},"content":{"rendered":"\n<p>Ruas de pedra, fachadas coloniais e o sil\u00eancio de quem entra numa igreja do s\u00e9culo XVII recebem o visitante que sobe a ladeira at\u00e9 o centro hist\u00f3rico de <strong>S\u00e3o Crist\u00f3v\u00e3o<\/strong>, a 25 km de <strong>Aracaju<\/strong>. Fundada em <strong>1590<\/strong>, a cidade m\u00e3e de <strong>Sergipe<\/strong> foi a primeira capital do estado e carrega mais de quatro s\u00e9culos de hist\u00f3ria em cada esquina.<\/p>\n\n\n\n<h2 class=\"wp-block-heading\">A pra\u00e7a que uniu dois imp\u00e9rios no tra\u00e7ado colonial<\/h2>\n\n\n\n<p>A <strong>Pra\u00e7a S\u00e3o Francisco<\/strong> \u00e9 o cora\u00e7\u00e3o da cidade e o motivo pelo qual S\u00e3o Crist\u00f3v\u00e3o aparece na lista da <strong>Organiza\u00e7\u00e3o das Na\u00e7\u00f5es Unidas para a Educa\u00e7\u00e3o, a Ci\u00eancia e a Cultura (<a href=\"https:\/\/whc.unesco.org\/en\/list\/1272\" target=\"_blank\" rel=\"noreferrer noopener\">UNESCO<\/a>)<\/strong>. Desde <strong>2010<\/strong>, a pra\u00e7a \u00e9 reconhecida como Patrim\u00f4nio Mundial Cultural, sendo o primeiro s\u00edtio sergipano a receber a chancela.<\/p>\n\n\n\n<p>O que torna essa pra\u00e7a rara \u00e9 o tra\u00e7ado. Constru\u00edda entre os s\u00e9culos XVI e XVII, ela segue as Ordena\u00e7\u00f5es Filipinas, um c\u00f3digo urbano espanhol aplicado durante a Uni\u00e3o Ib\u00e9rica (1580-1640). O resultado \u00e9 uma fus\u00e3o entre o modelo de Plaza Mayor hisp\u00e2nica e o padr\u00e3o urbano portugu\u00eas. Segundo o <strong>Instituto do Patrim\u00f4nio Hist\u00f3rico e Art\u00edstico Nacional (<a href=\"https:\/\/www.gov.br\/iphan\/pt-br\/assuntos\/noticias\/praca-sao-francisco-em-sao-cristovao-se-celebra-15-anos-como-patrimonio-mundial-cultural\" target=\"_blank\" rel=\"noreferrer noopener\">IPHAN<\/a>)<\/strong>, n\u00e3o existe outro exemplar dessa combina\u00e7\u00e3o no Brasil.<\/p>\n\n\n<div class=\"wp-block-image\">\n<figure class=\"aligncenter size-large\"><img decoding=\"async\" width=\"1024\" height=\"576\" src=\"https:\/\/www.correiobraziliense.com.br\/cbradar\/wp-content\/uploads\/2025\/12\/Design-sem-nome-56-1024x576.png\" alt=\"A 4\u00aa cidade mais antiga do Brasil, fundada em 1590, chama aten\u00e7\u00e3o por causar uma aut\u00eantica viagem no tempo\" class=\"wp-image-158311\" srcset=\"https:\/\/www.correiobraziliense.com.br\/cbradar\/wp-content\/uploads\/2025\/12\/Design-sem-nome-56-1024x576.png 1024w, https:\/\/www.correiobraziliense.com.br\/cbradar\/wp-content\/uploads\/2025\/12\/Design-sem-nome-56-300x169.png 300w, https:\/\/www.correiobraziliense.com.br\/cbradar\/wp-content\/uploads\/2025\/12\/Design-sem-nome-56-768x432.png 768w, https:\/\/www.correiobraziliense.com.br\/cbradar\/wp-content\/uploads\/2025\/12\/Design-sem-nome-56-750x422.png 750w, https:\/\/www.correiobraziliense.com.br\/cbradar\/wp-content\/uploads\/2025\/12\/Design-sem-nome-56-1140x641.png 1140w, https:\/\/www.correiobraziliense.com.br\/cbradar\/wp-content\/uploads\/2025\/12\/Design-sem-nome-56.png 1280w\" sizes=\"(max-width: 1024px) 100vw, 1024px\" \/><figcaption class=\"wp-element-caption\">S\u00e3o Crist\u00f3v\u00e3o encanta ao combinar religiosidade, patrim\u00f4nio hist\u00f3rico e sabores t\u00edpicos, oferecendo aos visitantes uma experi\u00eancia cultural completa em Sergipe. \/\/ Cr\u00e9ditos: Wikipedia<\/figcaption><\/figure><\/div>\n\n\n<h2 class=\"wp-block-heading\">O que visitar no centro hist\u00f3rico da cidade m\u00e3e de Sergipe?<\/h2>\n\n\n\n<p>O centro hist\u00f3rico concentra as atra\u00e7\u00f5es em poucas quadras, todas acess\u00edveis a p\u00e9. Meio dia \u00e9 suficiente para percorrer os principais pontos, mas o ritmo lento da cidade convida a ficar mais.<\/p>\n\n\n\n<ul class=\"wp-block-list\">\n<li><strong>Igreja e Convento de S\u00e3o Francisco<\/strong>: conjunto do s\u00e9culo XVII com detalhes em madeira e ouro. Abriga o Museu de Arte Sacra, com mais de 500 pe\u00e7as dos s\u00e9culos XVII ao XX.<\/li>\n\n\n\n<li><strong>Museu Hist\u00f3rico de Sergipe<\/strong>: funciona no antigo Pal\u00e1cio Provincial, onde <strong>Dom Pedro II<\/strong> se hospedou em 1860. Restaurado e reaberto em 2025.<\/li>\n\n\n\n<li><strong>Cristo Redentor<\/strong>: inaugurado em <strong>1926<\/strong>, cinco anos antes do monumento do <strong>Rio de Janeiro<\/strong>. Fica no alto do morro S\u00e3o Gon\u00e7alo, a 90 metros, com vista panor\u00e2mica da cidade.<\/li>\n\n\n\n<li><strong>Conjunto do Carmo<\/strong>: abriga o Memorial de <strong>Irm\u00e3 Dulce<\/strong>, primeira santa brasileira, que iniciou sua vida religiosa neste convento.<\/li>\n\n\n\n<li><strong>Igreja Nossa Senhora do Ros\u00e1rio dos Homens Pretos<\/strong>: fundada em 1746 pela irmandade dos homens negros escravizados. Arquitetura simples que guarda hist\u00f3ria de resist\u00eancia.<\/li>\n<\/ul>\n\n\n\n<p><strong>Visite S\u00e3o Crist\u00f3v\u00e3o, a quarta cidade mais antiga do Brasil e primeira capital de Sergipe.<\/strong> O v\u00eddeo \u00e9 do canal <strong>Boa Sorte Viajante<\/strong>, com<strong> 240 mil inscritos<\/strong>, e apresenta o centro hist\u00f3rico, a queijadinha tradicional e o roteiro de Irm\u00e3 Dulce.<\/p>\n\n\n\n<figure class=\"wp-block-embed is-type-video is-provider-youtube wp-block-embed-youtube wp-embed-aspect-16-9 wp-has-aspect-ratio\"><div class=\"wp-block-embed__wrapper\">\n<div class=\"jeg_video_container jeg_video_content\"><iframe loading=\"lazy\" title=\"4\u00aa cidade mais antiga do Brasil, S\u00e3o Crist\u00f3v\u00e3o foi a primeira capital de Sergipe!\" width=\"500\" height=\"281\" src=\"https:\/\/www.youtube.com\/embed\/2nWwu6eT2s4?feature=oembed\" frameborder=\"0\" allow=\"accelerometer; autoplay; clipboard-write; encrypted-media; gyroscope; picture-in-picture; web-share\" referrerpolicy=\"strict-origin-when-cross-origin\" allowfullscreen><\/iframe><\/div>\n<\/div><\/figure>\n\n\n\n<h2 class=\"wp-block-heading\">Doces centen\u00e1rios com receita guardada a sete chaves<\/h2>\n\n\n\n<p>A gastronomia de S\u00e3o Crist\u00f3v\u00e3o gira em torno da do\u00e7aria tradicional, com receitas que atravessam gera\u00e7\u00f5es. Tr\u00eas iguarias s\u00e3o parada obrigat\u00f3ria para quem visita a cidade hist\u00f3rica.<\/p>\n\n\n\n<ul class=\"wp-block-list\">\n<li><strong>Queijada<\/strong>: apesar do nome, n\u00e3o leva queijo. Criada por pessoas escravizadas que substitu\u00edram o ingrediente por coco, abundante na regi\u00e3o. \u00c9 <strong>Patrim\u00f4nio Cultural Imaterial de Sergipe<\/strong>. A <strong>Casa da Queijada<\/strong>, na Pra\u00e7a da Matriz, mant\u00e9m a receita h\u00e1 quatro gera\u00e7\u00f5es.<\/li>\n\n\n\n<li><strong>Bricelet<\/strong>: biscoito fino e crocante de origem su\u00ed\u00e7a, trazido por freiras beneditinas. Leva farinha de trigo, ovos e suco de laranja. A receita original \u00e9 guardada em segredo.<\/li>\n\n\n\n<li><strong>Beij\u00fa<\/strong>: heran\u00e7a ind\u00edgena feita com farinha de tapioca e coco, vendido na Casa do Beij\u00fa.<\/li>\n<\/ul>\n\n\n<div class=\"wp-block-image\">\n<figure class=\"aligncenter size-large\"><img decoding=\"async\" width=\"1024\" height=\"576\" src=\"https:\/\/www.correiobraziliense.com.br\/cbradar\/wp-content\/uploads\/2025\/12\/Design-sem-nome-57-1024x576.png\" alt=\"\" class=\"wp-image-158314\" srcset=\"https:\/\/www.correiobraziliense.com.br\/cbradar\/wp-content\/uploads\/2025\/12\/Design-sem-nome-57-1024x576.png 1024w, https:\/\/www.correiobraziliense.com.br\/cbradar\/wp-content\/uploads\/2025\/12\/Design-sem-nome-57-300x169.png 300w, https:\/\/www.correiobraziliense.com.br\/cbradar\/wp-content\/uploads\/2025\/12\/Design-sem-nome-57-768x432.png 768w, https:\/\/www.correiobraziliense.com.br\/cbradar\/wp-content\/uploads\/2025\/12\/Design-sem-nome-57-750x422.png 750w, https:\/\/www.correiobraziliense.com.br\/cbradar\/wp-content\/uploads\/2025\/12\/Design-sem-nome-57-1140x641.png 1140w, https:\/\/www.correiobraziliense.com.br\/cbradar\/wp-content\/uploads\/2025\/12\/Design-sem-nome-57.png 1280w\" sizes=\"(max-width: 1024px) 100vw, 1024px\" \/><figcaption class=\"wp-element-caption\">S\u00e3o Crist\u00f3v\u00e3o \u00e9 conhecida como \u201cCidade M\u00e3e de Sergipe\u201d, por ter sido ber\u00e7o pol\u00edtico e administrativo do estado, com forte legado religioso e cultural preservado. \/\/ Cr\u00e9ditos: YouTube @ViajandotodoobrasilBr<\/figcaption><\/figure><\/div>\n\n\n<p><strong>Leia tamb\u00e9m:<a href=\"https:\/\/www.correiobraziliense.com.br\/cbradar\/nem-cafe-nem-energetico-esse-fruto-ajuda-a-manter-energia-estavel-e-disposicao-o-dia-todo\/\" target=\"_blank\" rel=\"noreferrer noopener\">Nem caf\u00e9 nem, energ\u00e9tico: esse fruto ajuda a manter energia est\u00e1vel e disposi\u00e7\u00e3o o dia todo.<\/a><\/strong><\/p>\n\n\n\n<h2 class=\"wp-block-heading\">Qual \u00e9 o melhor per\u00edodo para visitar a cidade hist\u00f3rica?<\/h2>\n\n\n\n<p>O clima tropical mant\u00e9m o calor durante o ano inteiro. As chuvas se concentram no meio do ano, mas raramente atrapalham os passeios pelo centro, j\u00e1 que as manh\u00e3s costumam ser abertas.<\/p>\n\n\n\n<div class=\"google-auto-ads-ignore\" style=\"font-family: 'Segoe UI', Roboto, Helvetica, Arial, sans-serif; max-width: 1100px; margin: 20px auto; display: flex; flex-wrap: wrap; gap: 20px; justify-content: center;\">\n\n  <div style=\"flex: 1 1 250px; background: #ffffff; border-radius: 16px; border: 1px solid #bae6fd; box-shadow: 0 4px 20px rgba(14, 165, 233, 0.08); overflow: hidden; display: flex; flex-direction: column;\">\n    <div style=\"background: #f0f9ff; padding: 15px; border-bottom: 1px solid #e0f2fe; display: flex; align-items: center; gap: 10px;\">\n      <div style=\"background: #0284c7; padding: 6px; border-radius: 8px; display: flex;\">\n        <svg width=\"18\" height=\"18\" viewBox=\"0 0 24 24\" fill=\"none\" stroke=\"#ffffff\" stroke-width=\"2.5\" stroke-linecap=\"round\" stroke-linejoin=\"round\"><circle cx=\"12\" cy=\"12\" r=\"5\"\/><line x1=\"12\" y1=\"1\" x2=\"12\" y2=\"3\"\/><line x1=\"12\" y1=\"21\" x2=\"12\" y2=\"23\"\/><line x1=\"4.22\" y1=\"4.22\" x2=\"5.64\" y2=\"5.64\"\/><line x1=\"18.36\" y1=\"18.36\" x2=\"19.78\" y2=\"19.78\"\/><line x1=\"1\" y1=\"12\" x2=\"3\" y2=\"12\"\/><line x1=\"21\" y1=\"12\" x2=\"23\" y2=\"12\"\/><line x1=\"4.22\" y1=\"19.78\" x2=\"5.64\" y2=\"18.36\"\/><line x1=\"18.36\" y1=\"5.64\" x2=\"19.78\" y2=\"4.22\"\/><\/svg>\n      <\/div>\n      <span style=\"font-size: 0.9rem; font-weight: 800; color: #0c4a6e; letter-spacing: 0.05em;\">VER\u00c3O<\/span>\n    <\/div>\n    \n    <div style=\"padding: 20px; flex-grow: 1; display: flex; flex-direction: column; gap: 15px;\">\n      <div style=\"text-align: center;\">\n        <div style=\"font-size: 0.85rem; font-weight: 700; color: #0369a1; text-transform: uppercase;\">Dezembro &#8211; Fevereiro<\/div>\n        <div style=\"font-size: 1.6rem; font-weight: 900; color: #0284c7;\">24\u00b0C a 32\u00b0C<\/div>\n      <\/div>\n      <div style=\"background: #f0f9ff; padding: 8px; border-radius: 8px; text-align: center; color: #0369a1; font-size: 0.75rem; font-weight: 800;\">\u2600\ufe0f CHUVA BAIXA<\/div>\n      <div style=\"color: #475569; font-size: 0.9rem; line-height: 1.4; text-align: center;\">\n        Aproveite o sol para explorar o <strong style=\"color: #0284c7;\">centro hist\u00f3rico<\/strong> e subir ao mirante do Cristo para uma vista panor\u00e2mica inesquec\u00edvel.\n      <\/div>\n    <\/div>\n  <\/div>\n\n  <div style=\"flex: 1 1 250px; background: #ffffff; border-radius: 16px; border: 1px solid #bae6fd; box-shadow: 0 4px 20px rgba(14, 165, 233, 0.08); overflow: hidden; display: flex; flex-direction: column;\">\n    <div style=\"background: #f0f9ff; padding: 15px; border-bottom: 1px solid #e0f2fe; display: flex; align-items: center; gap: 10px;\">\n      <div style=\"background: #0284c7; padding: 6px; border-radius: 8px; display: flex;\">\n        <svg width=\"18\" height=\"18\" viewBox=\"0 0 24 24\" fill=\"none\" stroke=\"#ffffff\" stroke-width=\"2.5\" stroke-linecap=\"round\" stroke-linejoin=\"round\"><path d=\"M4 19.5A2.5 2.5 0 0 1 6.5 17H20\"\/><path d=\"M6.5 2H20v20H6.5A2.5 2.5 0 0 1 4 19.5v-15A2.5 2.5 0 0 1 6.5 2z\"\/><\/svg>\n      <\/div>\n      <span style=\"font-size: 0.9rem; font-weight: 800; color: #0c4a6e; letter-spacing: 0.05em;\">OUTONO<\/span>\n    <\/div>\n    \n    <div style=\"padding: 20px; flex-grow: 1; display: flex; flex-direction: column; gap: 15px;\">\n      <div style=\"text-align: center;\">\n        <div style=\"font-size: 0.85rem; font-weight: 700; color: #0369a1; text-transform: uppercase;\">Mar\u00e7o &#8211; Maio<\/div>\n        <div style=\"font-size: 1.6rem; font-weight: 900; color: #0284c7;\">23\u00b0C a 30\u00b0C<\/div>\n      <\/div>\n      <div style=\"background: #f0f9ff; padding: 8px; border-radius: 8px; text-align: center; color: #0369a1; font-size: 0.75rem; font-weight: 800;\">\ud83c\udf27\ufe0f CHUVA ALTA<\/div>\n      <div style=\"color: #475569; font-size: 0.9rem; line-height: 1.4; text-align: center;\">\n        \u00c9poca de chuvas, ideal para um roteiro cultural pelos <strong style=\"color: #0284c7;\">museus e igrejas<\/strong> seculares, como o Museu de Arte Sacra.\n      <\/div>\n    <\/div>\n  <\/div>\n\n  <div style=\"flex: 1 1 250px; background: #ffffff; border-radius: 16px; border: 1px solid #bae6fd; box-shadow: 0 4px 20px rgba(14, 165, 233, 0.08); overflow: hidden; display: flex; flex-direction: column;\">\n    <div style=\"background: #f0f9ff; padding: 15px; border-bottom: 1px solid #e0f2fe; display: flex; align-items: center; gap: 10px;\">\n      <div style=\"background: #0284c7; padding: 6px; border-radius: 8px; display: flex;\">\n        <svg width=\"18\" height=\"18\" viewBox=\"0 0 24 24\" fill=\"none\" stroke=\"#ffffff\" stroke-width=\"2.5\" stroke-linecap=\"round\" stroke-linejoin=\"round\"><path d=\"M3 2v7c0 1.1.9 2 2 2h4a2 2 0 0 0 2-2V2\"\/><path d=\"M7 2v20\"\/><path d=\"M21 15V2v0a5 5 0 0 0-5 5v6c0 1.1.9 2 2 2h3Zm0 0v7\"\/><\/svg>\n      <\/div>\n      <span style=\"font-size: 0.9rem; font-weight: 800; color: #0c4a6e; letter-spacing: 0.05em;\">INVERNO<\/span>\n    <\/div>\n    \n    <div style=\"padding: 20px; flex-grow: 1; display: flex; flex-direction: column; gap: 15px;\">\n      <div style=\"text-align: center;\">\n        <div style=\"font-size: 0.85rem; font-weight: 700; color: #0369a1; text-transform: uppercase;\">Junho &#8211; Agosto<\/div>\n        <div style=\"font-size: 1.6rem; font-weight: 900; color: #0284c7;\">22\u00b0C a 28\u00b0C<\/div>\n      <\/div>\n      <div style=\"background: #f0f9ff; padding: 8px; border-radius: 8px; text-align: center; color: #0369a1; font-size: 0.75rem; font-weight: 800;\">\ud83c\udf27\ufe0f CHUVA ALTA<\/div>\n      <div style=\"color: #475569; font-size: 0.9rem; line-height: 1.4; text-align: center;\">\n        Refugie-se na <strong style=\"color: #0284c7;\">Casa da Queijada<\/strong> para provar o doce t\u00edpico e visite os ateli\u00eas de artesanato local.\n      <\/div>\n    <\/div>\n  <\/div>\n\n  <div style=\"flex: 1 1 250px; background: #ffffff; border-radius: 16px; border: 1px solid #bae6fd; box-shadow: 0 4px 20px rgba(14, 165, 233, 0.08); overflow: hidden; display: flex; flex-direction: column;\">\n    <div style=\"background: #f0f9ff; padding: 15px; border-bottom: 1px solid #e0f2fe; display: flex; align-items: center; gap: 10px;\">\n      <div style=\"background: #0284c7; padding: 6px; border-radius: 8px; display: flex;\">\n        <svg width=\"18\" height=\"18\" viewBox=\"0 0 24 24\" fill=\"none\" stroke=\"#ffffff\" stroke-width=\"2.5\" stroke-linecap=\"round\" stroke-linejoin=\"round\"><circle cx=\"12\" cy=\"12\" r=\"10\"\/><path d=\"M8 14s1.5 2 4 2 4-2 4-2\"\/><line x1=\"9\" y1=\"9\" x2=\"9.01\" y2=\"9\"\/><line x1=\"15\" y1=\"9\" x2=\"15.01\" y2=\"9\"\/><\/svg>\n      <\/div>\n      <span style=\"font-size: 0.9rem; font-weight: 800; color: #0c4a6e; letter-spacing: 0.05em;\">PRIMAVERA<\/span>\n    <\/div>\n    \n    <div style=\"padding: 20px; flex-grow: 1; display: flex; flex-direction: column; gap: 15px;\">\n      <div style=\"text-align: center;\">\n        <div style=\"font-size: 0.85rem; font-weight: 700; color: #0369a1; text-transform: uppercase;\">Setembro &#8211; Novembro<\/div>\n        <div style=\"font-size: 1.6rem; font-weight: 900; color: #0284c7;\">23\u00b0C a 31\u00b0C<\/div>\n      <\/div>\n      <div style=\"background: #f0f9ff; padding: 8px; border-radius: 8px; text-align: center; color: #0369a1; font-size: 0.75rem; font-weight: 800;\">\u2600\ufe0f CHUVA BAIXA<\/div>\n      <div style=\"color: #475569; font-size: 0.9rem; line-height: 1.4; text-align: center;\">\n        O auge da cidade! Novembro recebe o <strong style=\"color: #0284c7;\">FASC<\/strong>, um dos maiores festivais de arte e cultura do pa\u00eds, com a pra\u00e7a lotada.\n      <\/div>\n    <\/div>\n  <\/div>\n\n<\/div>\n\n\n\n<p><em>Temperaturas aproximadas com base no <a href=\"https:\/\/www.climatempo.com.br\/previsao-do-tempo\/cidade\/1463\/saocristovao-se\" target=\"_blank\" rel=\"noreferrer noopener\"><strong>Climatempo<\/strong><\/a>. Condi\u00e7\u00f5es podem variar. Consulte a previs\u00e3o antes de viajar.<\/em><\/p>\n\n\n\n<h2 class=\"wp-block-heading\">Um festival com mais de 50 anos transforma as ruas em palco<\/h2>\n\n\n\n<p>Em novembro, S\u00e3o Crist\u00f3v\u00e3o recebe o <strong>Festival de Artes de S\u00e3o Crist\u00f3v\u00e3o (FASC)<\/strong>, criado em 1972 pela <strong>Universidade Federal de Sergipe (UFS)<\/strong>. O evento re\u00fane m\u00fasica, teatro, cinema, literatura e folclore nos palcos espalhados pelo centro hist\u00f3rico. Artistas como Gilberto Gil, Daniela Mercury, Emicida e Liniker j\u00e1 passaram pelos palcos do festival. A 40\u00aa edi\u00e7\u00e3o, em 2025, atraiu cerca de 60 mil pessoas por dia com entrada gratuita. O FASC \u00e9 reconhecido como <strong>Bem de Interesse Cultural de Sergipe<\/strong> desde 2023.<\/p>\n\n\n<div class=\"wp-block-image\">\n<figure class=\"aligncenter size-large\"><img decoding=\"async\" width=\"1024\" height=\"576\" src=\"https:\/\/www.correiobraziliense.com.br\/cbradar\/wp-content\/uploads\/2025\/12\/Design-sem-nome-55-1024x576.png\" alt=\"A 4\u00aa cidade mais antiga do Brasil, fundada em 1590, chama aten\u00e7\u00e3o por causar uma aut\u00eantica viagem no tempo\" class=\"wp-image-158312\" srcset=\"https:\/\/www.correiobraziliense.com.br\/cbradar\/wp-content\/uploads\/2025\/12\/Design-sem-nome-55-1024x576.png 1024w, https:\/\/www.correiobraziliense.com.br\/cbradar\/wp-content\/uploads\/2025\/12\/Design-sem-nome-55-300x169.png 300w, https:\/\/www.correiobraziliense.com.br\/cbradar\/wp-content\/uploads\/2025\/12\/Design-sem-nome-55-768x432.png 768w, https:\/\/www.correiobraziliense.com.br\/cbradar\/wp-content\/uploads\/2025\/12\/Design-sem-nome-55-750x422.png 750w, https:\/\/www.correiobraziliense.com.br\/cbradar\/wp-content\/uploads\/2025\/12\/Design-sem-nome-55-1140x641.png 1140w, https:\/\/www.correiobraziliense.com.br\/cbradar\/wp-content\/uploads\/2025\/12\/Design-sem-nome-55.png 1280w\" sizes=\"(max-width: 1024px) 100vw, 1024px\" \/><figcaption class=\"wp-element-caption\">S\u00e3o Crist\u00f3v\u00e3o encanta com ruas de pedra, casario colonial e a Pra\u00e7a S\u00e3o Francisco, onde o tempo parece ter parado em meio a igrejas, museus e serenidade. \/\/ Cr\u00e9ditos: Wikip\u00e9dia<\/figcaption><\/figure><\/div>\n\n\n<h2 class=\"wp-block-heading\">Como chegar \u00e0 primeira capital sergipana?<\/h2>\n\n\n\n<p><strong>S\u00e3o Crist\u00f3v\u00e3o fica a 25 km de Aracaju<\/strong>, cerca de 30 minutos de carro pela rodovia estadual. Uma corrida de aplicativo a partir da Orla de Atalaia custa em torno de R$ 40. \u00d4nibus partem da rodovi\u00e1ria de Aracaju com frequ\u00eancia ao longo do dia. O Aeroporto Santa Maria, em Aracaju, recebe voos diretos de S\u00e3o Paulo, Bras\u00edlia e Salvador.<\/p>\n\n\n\n<h2 class=\"wp-block-heading\">Suba a ladeira e conhe\u00e7a onde Sergipe nasceu<\/h2>\n\n\n\n<p>S\u00e3o Crist\u00f3v\u00e3o oferece em poucas quadras o que muitas cidades hist\u00f3ricas brasileiras levam dias para mostrar: igrejas seculares, a \u00fanica pra\u00e7a ib\u00e9rica das Am\u00e9ricas, o Cristo mais antigo do pa\u00eds e doces com receitas de mais de 200 anos. Tudo a meia hora da capital.<\/p>\n\n\n\n<p>Voc\u00ea precisa subir a ladeira de S\u00e3o Crist\u00f3v\u00e3o e sentir o peso da hist\u00f3ria em cada pedra do cal\u00e7amento, com o cheiro de queijada saindo da janela e o sino da Matriz marcando a tarde.<\/p>\n","protected":false},"excerpt":{"rendered":"<p>Ruas de pedra, fachadas coloniais e o sil\u00eancio de quem entra numa igreja do s\u00e9culo XVII recebem o visitante que sobe a ladeira at\u00e9 o centro hist\u00f3rico de S\u00e3o Crist\u00f3v\u00e3o, a 25 km de Aracaju. Fundada em 1590, a cidade m\u00e3e de Sergipe foi a primeira capital do estado e carrega mais de quatro s\u00e9culos [&hellip;]<\/p>\n","protected":false},"author":8,"featured_media":197564,"comment_status":"open","ping_status":"open","sticky":false,"template":"","format":"standard","meta":{"_yoast_wpseo_focuskw":"cidade mais antiga do Brasil","_yoast_wpseo_title":"","_yoast_wpseo_metadesc":"Com s\u00e9culos de hist\u00f3ria, a quarta cidade mais antiga do Brasil preserva o primeiro Cristo Redentor e uma pra\u00e7a singular nas Am\u00e9ricas.","jnews-multi-image_gallery":[],"jnews_single_post":{"format":"standard"},"jnews_primary_category":[],"jnews_social_meta":[],"jnews_override_counter":[],"footnotes":""},"categories":[108,111],"post_tag":[12948,12947],"class_list":["post-197554","post","type-post","status-publish","format-standard","has-post-thumbnail","hentry","category-cidades","category-turismo","tag-sao-cristovao","tag-sergipe"],"yoast_head":"<!-- This site is optimized with the Yoast SEO plugin v24.6 - https:\/\/yoast.com\/wordpress\/plugins\/seo\/ -->\n<title>A quarta cidade mais antiga do Brasil guarda o primeiro Cristo Redentor do pa\u00eds e uma pra\u00e7a \u00fanica nas Am\u00e9ricas - Correio Braziliense - Radar<\/title>\n<meta name=\"description\" content=\"Com s\u00e9culos de hist\u00f3ria, a quarta cidade mais antiga do Brasil preserva o primeiro Cristo Redentor e uma pra\u00e7a singular nas Am\u00e9ricas.\" \/>\n<meta name=\"robots\" content=\"index, follow, max-snippet:-1, max-image-preview:large, max-video-preview:-1\" \/>\n<link rel=\"canonical\" href=\"https:\/\/www.correiobraziliense.com.br\/cbradar\/a-quarta-cidade-mais-antiga-do-brasil-guarda-o-primeiro-cristo-redentor-do-pais-e-uma-praca-unica-nas-americas\/\" \/>\n<meta property=\"og:locale\" content=\"pt_BR\" \/>\n<meta property=\"og:type\" content=\"article\" \/>\n<meta property=\"og:title\" content=\"A quarta cidade mais antiga do Brasil guarda o primeiro Cristo Redentor do pa\u00eds e uma pra\u00e7a \u00fanica nas Am\u00e9ricas - Correio Braziliense - Radar\" \/>\n<meta property=\"og:description\" content=\"Com s\u00e9culos de hist\u00f3ria, a quarta cidade mais antiga do Brasil preserva o primeiro Cristo Redentor e uma pra\u00e7a singular nas Am\u00e9ricas.\" \/>\n<meta property=\"og:url\" content=\"https:\/\/www.correiobraziliense.com.br\/cbradar\/a-quarta-cidade-mais-antiga-do-brasil-guarda-o-primeiro-cristo-redentor-do-pais-e-uma-praca-unica-nas-americas\/\" \/>\n<meta property=\"og:site_name\" content=\"Correio Braziliense - Radar\" \/>\n<meta property=\"article:published_time\" content=\"2026-02-21T22:15:00+00:00\" \/>\n<meta property=\"og:image\" content=\"https:\/\/www.correiobraziliense.com.br\/cbradar\/wp-content\/uploads\/2026\/02\/aaa-2026-02-21T184314.648.png\" \/>\n\t<meta property=\"og:image:width\" content=\"1280\" \/>\n\t<meta property=\"og:image:height\" content=\"720\" \/>\n\t<meta property=\"og:image:type\" content=\"image\/png\" \/>\n<meta name=\"author\" content=\"Maura Pereira\" \/>\n<meta name=\"twitter:card\" content=\"summary_large_image\" \/>\n<meta name=\"twitter:label1\" content=\"Escrito por\" \/>\n\t<meta name=\"twitter:data1\" content=\"Maura Pereira\" \/>\n\t<meta name=\"twitter:label2\" content=\"Est. tempo de leitura\" \/>\n\t<meta name=\"twitter:data2\" content=\"7 minutos\" \/>\n<!-- \/ Yoast SEO plugin. -->","yoast_head_json":{"title":"A quarta cidade mais antiga do Brasil guarda o primeiro Cristo Redentor do pa\u00eds e uma pra\u00e7a \u00fanica nas Am\u00e9ricas - Correio Braziliense - Radar","description":"Com s\u00e9culos de hist\u00f3ria, a quarta cidade mais antiga do Brasil preserva o primeiro Cristo Redentor e uma pra\u00e7a singular nas Am\u00e9ricas.","robots":{"index":"index","follow":"follow","max-snippet":"max-snippet:-1","max-image-preview":"max-image-preview:large","max-video-preview":"max-video-preview:-1"},"canonical":"https:\/\/www.correiobraziliense.com.br\/cbradar\/a-quarta-cidade-mais-antiga-do-brasil-guarda-o-primeiro-cristo-redentor-do-pais-e-uma-praca-unica-nas-americas\/","og_locale":"pt_BR","og_type":"article","og_title":"A quarta cidade mais antiga do Brasil guarda o primeiro Cristo Redentor do pa\u00eds e uma pra\u00e7a \u00fanica nas Am\u00e9ricas - Correio Braziliense - Radar","og_description":"Com s\u00e9culos de hist\u00f3ria, a quarta cidade mais antiga do Brasil preserva o primeiro Cristo Redentor e uma pra\u00e7a singular nas Am\u00e9ricas.","og_url":"https:\/\/www.correiobraziliense.com.br\/cbradar\/a-quarta-cidade-mais-antiga-do-brasil-guarda-o-primeiro-cristo-redentor-do-pais-e-uma-praca-unica-nas-americas\/","og_site_name":"Correio Braziliense - Radar","article_published_time":"2026-02-21T22:15:00+00:00","og_image":[{"width":1280,"height":720,"url":"https:\/\/www.correiobraziliense.com.br\/cbradar\/wp-content\/uploads\/2026\/02\/aaa-2026-02-21T184314.648.png","type":"image\/png"}],"author":"Maura Pereira","twitter_card":"summary_large_image","twitter_misc":{"Escrito por":"Maura Pereira","Est. tempo de leitura":"7 minutos"},"schema":{"@context":"https:\/\/schema.org","@graph":[{"@type":"WebPage","@id":"https:\/\/www.correiobraziliense.com.br\/cbradar\/a-quarta-cidade-mais-antiga-do-brasil-guarda-o-primeiro-cristo-redentor-do-pais-e-uma-praca-unica-nas-americas\/","url":"https:\/\/www.correiobraziliense.com.br\/cbradar\/a-quarta-cidade-mais-antiga-do-brasil-guarda-o-primeiro-cristo-redentor-do-pais-e-uma-praca-unica-nas-americas\/","name":"A quarta cidade mais antiga do Brasil guarda o primeiro Cristo Redentor do pa\u00eds e uma pra\u00e7a \u00fanica nas Am\u00e9ricas - Correio Braziliense - Radar","isPartOf":{"@id":"https:\/\/www.correiobraziliense.com.br\/cbradar\/#website"},"primaryImageOfPage":{"@id":"https:\/\/www.correiobraziliense.com.br\/cbradar\/a-quarta-cidade-mais-antiga-do-brasil-guarda-o-primeiro-cristo-redentor-do-pais-e-uma-praca-unica-nas-americas\/#primaryimage"},"image":{"@id":"https:\/\/www.correiobraziliense.com.br\/cbradar\/a-quarta-cidade-mais-antiga-do-brasil-guarda-o-primeiro-cristo-redentor-do-pais-e-uma-praca-unica-nas-americas\/#primaryimage"},"thumbnailUrl":"https:\/\/www.correiobraziliense.com.br\/cbradar\/wp-content\/uploads\/2026\/02\/aaa-2026-02-21T184314.648.png","datePublished":"2026-02-21T22:15:00+00:00","author":{"@id":"https:\/\/www.correiobraziliense.com.br\/cbradar\/#\/schema\/person\/4053c651a9bfc785afc6f4cbc9032fd3"},"description":"Com s\u00e9culos de hist\u00f3ria, a quarta cidade mais antiga do Brasil preserva o primeiro Cristo Redentor e uma pra\u00e7a singular nas Am\u00e9ricas.","breadcrumb":{"@id":"https:\/\/www.correiobraziliense.com.br\/cbradar\/a-quarta-cidade-mais-antiga-do-brasil-guarda-o-primeiro-cristo-redentor-do-pais-e-uma-praca-unica-nas-americas\/#breadcrumb"},"inLanguage":"pt-BR","potentialAction":[{"@type":"ReadAction","target":["https:\/\/www.correiobraziliense.com.br\/cbradar\/a-quarta-cidade-mais-antiga-do-brasil-guarda-o-primeiro-cristo-redentor-do-pais-e-uma-praca-unica-nas-americas\/"]}]},{"@type":"ImageObject","inLanguage":"pt-BR","@id":"https:\/\/www.correiobraziliense.com.br\/cbradar\/a-quarta-cidade-mais-antiga-do-brasil-guarda-o-primeiro-cristo-redentor-do-pais-e-uma-praca-unica-nas-americas\/#primaryimage","url":"https:\/\/www.correiobraziliense.com.br\/cbradar\/wp-content\/uploads\/2026\/02\/aaa-2026-02-21T184314.648.png","contentUrl":"https:\/\/www.correiobraziliense.com.br\/cbradar\/wp-content\/uploads\/2026\/02\/aaa-2026-02-21T184314.648.png","width":1280,"height":720,"caption":"O centro hist\u00f3rico concentra as atra\u00e7\u00f5es em poucas quadras, todas acess\u00edveis a p\u00e9. \/ Imagem ilustrativa"},{"@type":"BreadcrumbList","@id":"https:\/\/www.correiobraziliense.com.br\/cbradar\/a-quarta-cidade-mais-antiga-do-brasil-guarda-o-primeiro-cristo-redentor-do-pais-e-uma-praca-unica-nas-americas\/#breadcrumb","itemListElement":[{"@type":"ListItem","position":1,"name":"In\u00edcio","item":"https:\/\/www.correiobraziliense.com.br\/cbradar\/"},{"@type":"ListItem","position":2,"name":"A quarta cidade mais antiga do Brasil guarda o primeiro Cristo Redentor do pa\u00eds e uma pra\u00e7a \u00fanica nas Am\u00e9ricas"}]},{"@type":"WebSite","@id":"https:\/\/www.correiobraziliense.com.br\/cbradar\/#website","url":"https:\/\/www.correiobraziliense.com.br\/cbradar\/","name":"Correio Braziliense - Radar","description":"Acompanhe as \u00faltimas not\u00edcias e fique bem informado sobre tudo o que acontece no Brasil e no mundo.","potentialAction":[{"@type":"SearchAction","target":{"@type":"EntryPoint","urlTemplate":"https:\/\/www.correiobraziliense.com.br\/cbradar\/?s={search_term_string}"},"query-input":{"@type":"PropertyValueSpecification","valueRequired":true,"valueName":"search_term_string"}}],"inLanguage":"pt-BR"},{"@type":"Person","@id":"https:\/\/www.correiobraziliense.com.br\/cbradar\/#\/schema\/person\/4053c651a9bfc785afc6f4cbc9032fd3","name":"Maura Pereira","image":{"@type":"ImageObject","inLanguage":"pt-BR","@id":"https:\/\/www.correiobraziliense.com.br\/cbradar\/#\/schema\/person\/image\/","url":"https:\/\/secure.gravatar.com\/avatar\/3effd6bdadfa447f15089c7f7144eaa6?s=96&d=mm&r=g","contentUrl":"https:\/\/secure.gravatar.com\/avatar\/3effd6bdadfa447f15089c7f7144eaa6?s=96&d=mm&r=g","caption":"Maura Pereira"},"sameAs":["https:\/\/www.correiobraziliense.com.br\/"],"url":"https:\/\/www.correiobraziliense.com.br\/cbradar\/author\/mauramyth\/"}]}},"_links":{"self":[{"href":"https:\/\/www.correiobraziliense.com.br\/cbradar\/wp-json\/wp\/v2\/posts\/197554","targetHints":{"allow":["GET"]}}],"collection":[{"href":"https:\/\/www.correiobraziliense.com.br\/cbradar\/wp-json\/wp\/v2\/posts"}],"about":[{"href":"https:\/\/www.correiobraziliense.com.br\/cbradar\/wp-json\/wp\/v2\/types\/post"}],"author":[{"embeddable":true,"href":"https:\/\/www.correiobraziliense.com.br\/cbradar\/wp-json\/wp\/v2\/users\/8"}],"replies":[{"embeddable":true,"href":"https:\/\/www.correiobraziliense.com.br\/cbradar\/wp-json\/wp\/v2\/comments?post=197554"}],"version-history":[{"count":7,"href":"https:\/\/www.correiobraziliense.com.br\/cbradar\/wp-json\/wp\/v2\/posts\/197554\/revisions"}],"predecessor-version":[{"id":197563,"href":"https:\/\/www.correiobraziliense.com.br\/cbradar\/wp-json\/wp\/v2\/posts\/197554\/revisions\/197563"}],"wp:featuredmedia":[{"embeddable":true,"href":"https:\/\/www.correiobraziliense.com.br\/cbradar\/wp-json\/wp\/v2\/media\/197564"}],"wp:attachment":[{"href":"https:\/\/www.correiobraziliense.com.br\/cbradar\/wp-json\/wp\/v2\/media?parent=197554"}],"wp:term":[{"taxonomy":"category","embeddable":true,"href":"https:\/\/www.correiobraziliense.com.br\/cbradar\/wp-json\/wp\/v2\/categories?post=197554"},{"taxonomy":"post_tag","embeddable":true,"href":"https:\/\/www.correiobraziliense.com.br\/cbradar\/wp-json\/wp\/v2\/post_tag?post=197554"}],"curies":[{"name":"wp","href":"https:\/\/api.w.org\/{rel}","templated":true}]}}