{"id":19775,"date":"2025-04-07T15:10:00","date_gmt":"2025-04-07T18:10:00","guid":{"rendered":"https:\/\/www.correiobraziliense.com.br\/cbradar\/?p=19775"},"modified":"2025-04-05T17:47:51","modified_gmt":"2025-04-05T20:47:51","slug":"conheca-todos-os-usos-e-beneficios-naturais-da-salvia","status":"publish","type":"post","link":"https:\/\/www.correiobraziliense.com.br\/cbradar\/conheca-todos-os-usos-e-beneficios-naturais-da-salvia\/","title":{"rendered":"Conhe\u00e7a todos os usos e benef\u00edcios naturais da s\u00e1lvia"},"content":{"rendered":"\n<p>A <a href=\"https:\/\/pt.wikipedia.org\/wiki\/Salvia\" target=\"_blank\" rel=\"noreferrer noopener\"><strong>s\u00e1lvia<\/strong> <\/a>\u00e9 uma planta arom\u00e1tica e medicinal que tem conquistado cada vez mais espa\u00e7o nos lares e jardins de quem busca bem-estar e sa\u00fade de forma natural no <strong><a href=\"https:\/\/www.correiobraziliense.com.br\/cbradar\/um-lugar-com-cavernas-incriveis-e-lagos-subterraneos-no-brasil\/\">Brasil<\/a><\/strong>. Com um aroma marcante e propriedades surpreendentes, ela se destaca tanto na culin\u00e1ria quanto na medicina alternativa. Seja para aliviar sintomas de doen\u00e7as ou simplesmente para perfumar o ambiente, essa erva milenar tem muito a oferecer.<\/p>\n\n\n\n<p>Neste artigo, vamos explorar tudo o que voc\u00ea precisa saber sobre a <strong>s\u00e1lvia<\/strong>: desde os <strong>benef\u00edcios para a sa\u00fade<\/strong>, at\u00e9 <strong>dicas pr\u00e1ticas de cultivo<\/strong> e <strong>cuidados essenciais<\/strong>. Se voc\u00ea busca uma planta vers\u00e1til, bonita e cheia de utilidades, continue a leitura e descubra por que a <strong>s\u00e1lvia<\/strong> pode ser a escolha ideal para o seu espa\u00e7o verde.<\/p>\n\n\n\n<h2 class=\"wp-block-heading\">Quais s\u00e3o os benef\u00edcios da s\u00e1lvia para a sa\u00fade?<\/h2>\n\n\n\n<p>Os benef\u00edcios da <strong>s\u00e1lvia<\/strong> para a sa\u00fade s\u00e3o amplamente reconhecidos e valorizados desde a Antiguidade. Rica em antioxidantes, ela ajuda a combater os <strong>radicais livres<\/strong>, prevenindo o envelhecimento precoce e auxiliando na prote\u00e7\u00e3o contra doen\u00e7as degenerativas. Al\u00e9m disso, estudos apontam que a <strong>s\u00e1lvia<\/strong> pode contribuir para a <strong>melhora da mem\u00f3ria e da concentra\u00e7\u00e3o<\/strong>, sendo uma excelente aliada do c\u00e9rebro.<\/p>\n\n\n\n<p>Outro destaque est\u00e1 em seu potencial anti-inflamat\u00f3rio e antibacteriano, que pode ser \u00fatil no al\u00edvio de dores de garganta, inflama\u00e7\u00f5es bucais e problemas respirat\u00f3rios leves. Consumida como ch\u00e1 ou usada em forma de \u00f3leo essencial, a <strong>s\u00e1lvia<\/strong> oferece benef\u00edcios terap\u00eauticos que promovem equil\u00edbrio e qualidade de vida.<\/p>\n\n\n<div class=\"wp-block-image\">\n<figure class=\"aligncenter size-large\"><img decoding=\"async\" width=\"1024\" height=\"576\" src=\"https:\/\/www.correiobraziliense.com.br\/cbradar\/wp-content\/uploads\/2025\/04\/salvia_1743885721303-1024x576.jpg\" alt=\"\" class=\"wp-image-19790\" srcset=\"https:\/\/www.correiobraziliense.com.br\/cbradar\/wp-content\/uploads\/2025\/04\/salvia_1743885721303-1024x576.jpg 1024w, https:\/\/www.correiobraziliense.com.br\/cbradar\/wp-content\/uploads\/2025\/04\/salvia_1743885721303-300x169.jpg 300w, https:\/\/www.correiobraziliense.com.br\/cbradar\/wp-content\/uploads\/2025\/04\/salvia_1743885721303-768x432.jpg 768w, https:\/\/www.correiobraziliense.com.br\/cbradar\/wp-content\/uploads\/2025\/04\/salvia_1743885721303-750x422.jpg 750w, https:\/\/www.correiobraziliense.com.br\/cbradar\/wp-content\/uploads\/2025\/04\/salvia_1743885721303-1140x641.jpg 1140w, https:\/\/www.correiobraziliense.com.br\/cbradar\/wp-content\/uploads\/2025\/04\/salvia_1743885721303.jpg 1280w\" sizes=\"(max-width: 1024px) 100vw, 1024px\" \/><figcaption class=\"wp-element-caption\">Cr\u00e9ditos: depositphotos.com \/ fortyforks<\/figcaption><\/figure><\/div>\n\n\n<h2 class=\"wp-block-heading\">A s\u00e1lvia combate doen\u00e7as com efic\u00e1cia?<\/h2>\n\n\n\n<p>Muitos estudos cient\u00edficos e relatos populares apontam que a <strong>s\u00e1lvia<\/strong> tem propriedades que ajudam no combate a diversas doen\u00e7as. Por ser rica em compostos bioativos, como flavonoides, \u00e1cidos fen\u00f3licos e \u00f3leos essenciais, a planta apresenta potencial para aliviar sintomas de gripes, resfriados, dores de cabe\u00e7a e problemas digestivos.<\/p>\n\n\n\n<p>Em tratamentos naturais, a infus\u00e3o tem sido usada para aliviar c\u00f3licas menstruais, reduzir ondas de calor na menopausa e at\u00e9 como coadjuvante em casos leves de depress\u00e3o e ansiedade. No entanto, \u00e9 importante lembrar que, apesar dos in\u00fameros benef\u00edcios, seu uso medicinal deve sempre ser feito com orienta\u00e7\u00e3o de um profissional da sa\u00fade.<\/p>\n\n\n\n<h2 class=\"wp-block-heading\">A s\u00e1lvia pode fazer parte da sua rotina de bem-estar?<\/h2>\n\n\n\n<p>Sim, incluir a <strong>s\u00e1lvia<\/strong> na rotina pode ser uma escolha inteligente para quem busca h\u00e1bitos mais saud\u00e1veis e sustent\u00e1veis. Al\u00e9m de suas propriedades medicinais, ela pode ser usada como ch\u00e1 calmante antes de dormir, como tempero para refei\u00e7\u00f5es leves ou at\u00e9 mesmo em banhos relaxantes e aromatizadores naturais.<\/p>\n\n\n\n<p>A versatilidade permite que ela esteja presente em diferentes momentos do dia, promovendo sa\u00fade, conforto e equil\u00edbrio emocional. Com seu perfume caracter\u00edstico e seus benef\u00edcios amplamente reconhecidos, a <strong>s\u00e1lvia<\/strong> se firma como uma planta poderosa e acess\u00edvel para todos que desejam uma vida mais conectada \u00e0 natureza.<\/p>\n\n\n\n<h2 class=\"wp-block-heading\">Quais os outros benef\u00edcios da planta?<\/h2>\n\n\n\n<p>Sim, a <strong>s\u00e1lvia<\/strong> vai al\u00e9m dos benef\u00edcios medicinais. Na culin\u00e1ria, ela \u00e9 utilizada como tempero em carnes, massas e molhos, adicionando um sabor marcante e sofisticado \u00e0s receitas. Seu aroma forte tamb\u00e9m a torna \u00fatil como repelente natural de insetos, ajudando a manter o ambiente mais agrad\u00e1vel e livre de pragas.<\/p>\n\n\n\n<p>Al\u00e9m disso, \u00e9 uma planta de f\u00e1cil cultivo, o que a torna perfeita para quem est\u00e1 come\u00e7ando no mundo da jardinagem. Com sua beleza e resist\u00eancia, ela pode decorar jardins, varandas e at\u00e9 mesmo interiores, trazendo um toque de natureza e aconchego ao ambiente dom\u00e9stico.<\/p>\n\n\n\n<h2 class=\"wp-block-heading\">Quais s\u00e3o os requisitos para plant\u00e1-la em casa?<\/h2>\n\n\n\n<p>Plantar <strong>s\u00e1lvia<\/strong> em casa \u00e9 simples e prazeroso, desde que sejam seguidas algumas orienta\u00e7\u00f5es b\u00e1sicas. Ela se adapta bem a climas quentes e ensolarados, sendo ideal que receba ao menos <strong>4 a 6 horas de luz solar direta<\/strong> por dia. O solo deve ser bem drenado, f\u00e9rtil e ligeiramente alcalino, o que evita o ac\u00famulo de \u00e1gua e o apodrecimento das ra\u00edzes.<\/p>\n\n\n\n<p>\u00c9 poss\u00edvel cultivar tanto em vasos quanto diretamente no solo do jardim. Em vasos, \u00e9 fundamental garantir furos na base para a drenagem adequada da \u00e1gua. A germina\u00e7\u00e3o das sementes leva em torno de <strong>2 a 3 semanas<\/strong>, mas tamb\u00e9m \u00e9 poss\u00edvel iniciar o cultivo por mudas, o que acelera o processo de crescimento.<\/p>\n\n\n\n<h2 class=\"wp-block-heading\">Como cuidar da s\u00e1lvia?<\/h2>\n\n\n\n<p>Os cuidados com a <strong>s\u00e1lvia<\/strong> s\u00e3o simples, mas essenciais para que ela se mantenha saud\u00e1vel e produtiva. As regas devem ser moderadas: a planta prefere solos levemente secos a encharcados. Regue apenas quando o solo estiver seco ao toque, especialmente nos meses mais frios do ano. Em regi\u00f5es mais quentes, aumente a frequ\u00eancia sem exageros.<\/p>\n\n\n\n<p>A poda regular \u00e9 importante para estimular o crescimento de novos ramos e evitar que a <strong>s\u00e1lvia<\/strong> flores\u00e7a cedo demais, o que pode afetar o sabor de suas folhas. Outra dica importante \u00e9 proteg\u00ea-la de geadas e ventos fortes, principalmente em locais de clima mais rigoroso. Com esses cuidados b\u00e1sicos, sua <strong>s\u00e1lvia<\/strong> ter\u00e1 vida longa e produtiva.<\/p>\n\n\n\n<h2 class=\"wp-block-heading\">Perguntas frequentes (FAQ)<\/h2>\n\n\n\n<p><strong>1. A s\u00e1lvia pode ser consumida todos os dias?<\/strong><br>Sim, pode ser consumida diariamente, principalmente na forma de ch\u00e1, desde que em quantidades moderadas. O ideal \u00e9 n\u00e3o ultrapassar <strong>2 x\u00edcaras por dia<\/strong>.<\/p>\n\n\n\n<p><strong>2. Gestantes podem consumir s\u00e1lvia?<\/strong><br>O consumo de <strong>s\u00e1lvia<\/strong> por gestantes n\u00e3o \u00e9 recomendado sem orienta\u00e7\u00e3o m\u00e9dica, pois alguns compostos podem estimular contra\u00e7\u00f5es uterinas.<\/p>\n\n\n\n<p><strong>3. Como armazenar a s\u00e1lvia depois da colheita?<\/strong><br>Ap\u00f3s a colheita, as folhas podem ser secas \u00e0 sombra e guardadas em potes herm\u00e9ticos, em local fresco e seco, para conservar o aroma e as propriedades medicinais.<\/p>\n\n\n\n<p><strong>4. A s\u00e1lvia serve como repelente natural?<\/strong><br>Sim, o aroma forte da <strong>s\u00e1lvia<\/strong> ajuda a afastar mosquitos e outros insetos, sendo uma excelente op\u00e7\u00e3o de <strong>repelente natural<\/strong> para ambientes internos e externos.<\/p>\n\n\n\n<p><strong>5. Qual \u00e9 o melhor hor\u00e1rio para regar?<\/strong><br>A melhor hora para regar a <strong>s\u00e1lvia<\/strong> \u00e9 no in\u00edcio da manh\u00e3 ou ao final da tarde, quando o sol est\u00e1 mais fraco, evitando a evapora\u00e7\u00e3o r\u00e1pida da \u00e1gua.<\/p>\n","protected":false},"excerpt":{"rendered":"<p>A s\u00e1lvia \u00e9 uma planta arom\u00e1tica e medicinal que tem conquistado cada vez mais espa\u00e7o nos lares e jardins de quem busca bem-estar e sa\u00fade de forma natural no Brasil. Com um aroma marcante e propriedades surpreendentes, ela se destaca tanto na culin\u00e1ria quanto na medicina alternativa. Seja para aliviar sintomas de doen\u00e7as ou simplesmente [&hellip;]<\/p>\n","protected":false},"author":8,"featured_media":19789,"comment_status":"open","ping_status":"open","sticky":false,"template":"","format":"standard","meta":{"_yoast_wpseo_focuskw":"s\u00e1lvia","_yoast_wpseo_title":"","_yoast_wpseo_metadesc":"Descubra todos os usos e benef\u00edcios naturais da s\u00e1lvia, uma planta poderosa para a sa\u00fade, bem-estar e equil\u00edbrio do organismo.","jnews-multi-image_gallery":[],"jnews_single_post":{"format":"standard"},"jnews_primary_category":[],"jnews_social_meta":[],"jnews_override_counter":[],"footnotes":""},"categories":[119,136],"post_tag":[137,2932,565],"class_list":["post-19775","post","type-post","status-publish","format-standard","has-post-thumbnail","hentry","category-bem-estar","category-jardinagem","tag-como-plantar","tag-salvia","tag-saude"],"yoast_head":"<!-- This site is optimized with the Yoast SEO plugin v24.6 - https:\/\/yoast.com\/wordpress\/plugins\/seo\/ -->\n<title>Conhe\u00e7a todos os usos e benef\u00edcios naturais da s\u00e1lvia - Correio Braziliense - Radar<\/title>\n<meta name=\"description\" content=\"Descubra todos os usos e benef\u00edcios naturais da s\u00e1lvia, uma planta poderosa para a sa\u00fade, bem-estar e equil\u00edbrio do organismo.\" \/>\n<meta name=\"robots\" content=\"index, follow, max-snippet:-1, max-image-preview:large, max-video-preview:-1\" \/>\n<link rel=\"canonical\" href=\"https:\/\/www.correiobraziliense.com.br\/cbradar\/conheca-todos-os-usos-e-beneficios-naturais-da-salvia\/\" \/>\n<meta property=\"og:locale\" content=\"pt_BR\" \/>\n<meta property=\"og:type\" content=\"article\" \/>\n<meta property=\"og:title\" content=\"Conhe\u00e7a todos os usos e benef\u00edcios naturais da s\u00e1lvia - Correio Braziliense - Radar\" \/>\n<meta property=\"og:description\" content=\"Descubra todos os usos e benef\u00edcios naturais da s\u00e1lvia, uma planta poderosa para a sa\u00fade, bem-estar e equil\u00edbrio do organismo.\" \/>\n<meta property=\"og:url\" content=\"https:\/\/www.correiobraziliense.com.br\/cbradar\/conheca-todos-os-usos-e-beneficios-naturais-da-salvia\/\" \/>\n<meta property=\"og:site_name\" content=\"Correio Braziliense - Radar\" \/>\n<meta property=\"article:published_time\" content=\"2025-04-07T18:10:00+00:00\" \/>\n<meta property=\"og:image\" content=\"https:\/\/www.correiobraziliense.com.br\/cbradar\/wp-content\/uploads\/2025\/04\/salvia_1743885699072.jpg\" \/>\n\t<meta property=\"og:image:width\" content=\"1280\" \/>\n\t<meta property=\"og:image:height\" content=\"720\" \/>\n\t<meta property=\"og:image:type\" content=\"image\/jpeg\" \/>\n<meta name=\"author\" content=\"Maura Pereira\" \/>\n<meta name=\"twitter:card\" content=\"summary_large_image\" \/>\n<meta name=\"twitter:label1\" content=\"Escrito por\" \/>\n\t<meta name=\"twitter:data1\" content=\"Maura Pereira\" \/>\n\t<meta name=\"twitter:label2\" content=\"Est. tempo de leitura\" \/>\n\t<meta name=\"twitter:data2\" content=\"6 minutos\" \/>\n<!-- \/ Yoast SEO plugin. -->","yoast_head_json":{"title":"Conhe\u00e7a todos os usos e benef\u00edcios naturais da s\u00e1lvia - Correio Braziliense - Radar","description":"Descubra todos os usos e benef\u00edcios naturais da s\u00e1lvia, uma planta poderosa para a sa\u00fade, bem-estar e equil\u00edbrio do organismo.","robots":{"index":"index","follow":"follow","max-snippet":"max-snippet:-1","max-image-preview":"max-image-preview:large","max-video-preview":"max-video-preview:-1"},"canonical":"https:\/\/www.correiobraziliense.com.br\/cbradar\/conheca-todos-os-usos-e-beneficios-naturais-da-salvia\/","og_locale":"pt_BR","og_type":"article","og_title":"Conhe\u00e7a todos os usos e benef\u00edcios naturais da s\u00e1lvia - Correio Braziliense - Radar","og_description":"Descubra todos os usos e benef\u00edcios naturais da s\u00e1lvia, uma planta poderosa para a sa\u00fade, bem-estar e equil\u00edbrio do organismo.","og_url":"https:\/\/www.correiobraziliense.com.br\/cbradar\/conheca-todos-os-usos-e-beneficios-naturais-da-salvia\/","og_site_name":"Correio Braziliense - Radar","article_published_time":"2025-04-07T18:10:00+00:00","og_image":[{"width":1280,"height":720,"url":"https:\/\/www.correiobraziliense.com.br\/cbradar\/wp-content\/uploads\/2025\/04\/salvia_1743885699072.jpg","type":"image\/jpeg"}],"author":"Maura Pereira","twitter_card":"summary_large_image","twitter_misc":{"Escrito por":"Maura Pereira","Est. tempo de leitura":"6 minutos"},"schema":{"@context":"https:\/\/schema.org","@graph":[{"@type":"WebPage","@id":"https:\/\/www.correiobraziliense.com.br\/cbradar\/conheca-todos-os-usos-e-beneficios-naturais-da-salvia\/","url":"https:\/\/www.correiobraziliense.com.br\/cbradar\/conheca-todos-os-usos-e-beneficios-naturais-da-salvia\/","name":"Conhe\u00e7a todos os usos e benef\u00edcios naturais da s\u00e1lvia - Correio Braziliense - Radar","isPartOf":{"@id":"https:\/\/www.correiobraziliense.com.br\/cbradar\/#website"},"primaryImageOfPage":{"@id":"https:\/\/www.correiobraziliense.com.br\/cbradar\/conheca-todos-os-usos-e-beneficios-naturais-da-salvia\/#primaryimage"},"image":{"@id":"https:\/\/www.correiobraziliense.com.br\/cbradar\/conheca-todos-os-usos-e-beneficios-naturais-da-salvia\/#primaryimage"},"thumbnailUrl":"https:\/\/www.correiobraziliense.com.br\/cbradar\/wp-content\/uploads\/2025\/04\/salvia_1743885699072.jpg","datePublished":"2025-04-07T18:10:00+00:00","author":{"@id":"https:\/\/www.correiobraziliense.com.br\/cbradar\/#\/schema\/person\/4053c651a9bfc785afc6f4cbc9032fd3"},"description":"Descubra todos os usos e benef\u00edcios naturais da s\u00e1lvia, uma planta poderosa para a sa\u00fade, bem-estar e equil\u00edbrio do organismo.","breadcrumb":{"@id":"https:\/\/www.correiobraziliense.com.br\/cbradar\/conheca-todos-os-usos-e-beneficios-naturais-da-salvia\/#breadcrumb"},"inLanguage":"pt-BR","potentialAction":[{"@type":"ReadAction","target":["https:\/\/www.correiobraziliense.com.br\/cbradar\/conheca-todos-os-usos-e-beneficios-naturais-da-salvia\/"]}]},{"@type":"ImageObject","inLanguage":"pt-BR","@id":"https:\/\/www.correiobraziliense.com.br\/cbradar\/conheca-todos-os-usos-e-beneficios-naturais-da-salvia\/#primaryimage","url":"https:\/\/www.correiobraziliense.com.br\/cbradar\/wp-content\/uploads\/2025\/04\/salvia_1743885699072.jpg","contentUrl":"https:\/\/www.correiobraziliense.com.br\/cbradar\/wp-content\/uploads\/2025\/04\/salvia_1743885699072.jpg","width":1280,"height":720,"caption":"S\u00e1lvia \/\/ Cr\u00e9ditos: depositphotos.com \/ Ordasiphoto"},{"@type":"BreadcrumbList","@id":"https:\/\/www.correiobraziliense.com.br\/cbradar\/conheca-todos-os-usos-e-beneficios-naturais-da-salvia\/#breadcrumb","itemListElement":[{"@type":"ListItem","position":1,"name":"In\u00edcio","item":"https:\/\/www.correiobraziliense.com.br\/cbradar\/"},{"@type":"ListItem","position":2,"name":"Conhe\u00e7a todos os usos e benef\u00edcios naturais da s\u00e1lvia"}]},{"@type":"WebSite","@id":"https:\/\/www.correiobraziliense.com.br\/cbradar\/#website","url":"https:\/\/www.correiobraziliense.com.br\/cbradar\/","name":"Correio Braziliense - Radar","description":"Acompanhe as \u00faltimas not\u00edcias e fique bem informado sobre tudo o que acontece no Brasil e no mundo.","potentialAction":[{"@type":"SearchAction","target":{"@type":"EntryPoint","urlTemplate":"https:\/\/www.correiobraziliense.com.br\/cbradar\/?s={search_term_string}"},"query-input":{"@type":"PropertyValueSpecification","valueRequired":true,"valueName":"search_term_string"}}],"inLanguage":"pt-BR"},{"@type":"Person","@id":"https:\/\/www.correiobraziliense.com.br\/cbradar\/#\/schema\/person\/4053c651a9bfc785afc6f4cbc9032fd3","name":"Maura Pereira","image":{"@type":"ImageObject","inLanguage":"pt-BR","@id":"https:\/\/www.correiobraziliense.com.br\/cbradar\/#\/schema\/person\/image\/","url":"https:\/\/secure.gravatar.com\/avatar\/3effd6bdadfa447f15089c7f7144eaa6?s=96&d=mm&r=g","contentUrl":"https:\/\/secure.gravatar.com\/avatar\/3effd6bdadfa447f15089c7f7144eaa6?s=96&d=mm&r=g","caption":"Maura Pereira"},"sameAs":["https:\/\/www.correiobraziliense.com.br\/"],"url":"https:\/\/www.correiobraziliense.com.br\/cbradar\/author\/mauramyth\/"}]}},"_links":{"self":[{"href":"https:\/\/www.correiobraziliense.com.br\/cbradar\/wp-json\/wp\/v2\/posts\/19775","targetHints":{"allow":["GET"]}}],"collection":[{"href":"https:\/\/www.correiobraziliense.com.br\/cbradar\/wp-json\/wp\/v2\/posts"}],"about":[{"href":"https:\/\/www.correiobraziliense.com.br\/cbradar\/wp-json\/wp\/v2\/types\/post"}],"author":[{"embeddable":true,"href":"https:\/\/www.correiobraziliense.com.br\/cbradar\/wp-json\/wp\/v2\/users\/8"}],"replies":[{"embeddable":true,"href":"https:\/\/www.correiobraziliense.com.br\/cbradar\/wp-json\/wp\/v2\/comments?post=19775"}],"version-history":[{"count":9,"href":"https:\/\/www.correiobraziliense.com.br\/cbradar\/wp-json\/wp\/v2\/posts\/19775\/revisions"}],"predecessor-version":[{"id":19794,"href":"https:\/\/www.correiobraziliense.com.br\/cbradar\/wp-json\/wp\/v2\/posts\/19775\/revisions\/19794"}],"wp:featuredmedia":[{"embeddable":true,"href":"https:\/\/www.correiobraziliense.com.br\/cbradar\/wp-json\/wp\/v2\/media\/19789"}],"wp:attachment":[{"href":"https:\/\/www.correiobraziliense.com.br\/cbradar\/wp-json\/wp\/v2\/media?parent=19775"}],"wp:term":[{"taxonomy":"category","embeddable":true,"href":"https:\/\/www.correiobraziliense.com.br\/cbradar\/wp-json\/wp\/v2\/categories?post=19775"},{"taxonomy":"post_tag","embeddable":true,"href":"https:\/\/www.correiobraziliense.com.br\/cbradar\/wp-json\/wp\/v2\/post_tag?post=19775"}],"curies":[{"name":"wp","href":"https:\/\/api.w.org\/{rel}","templated":true}]}}