{"id":198036,"date":"2026-02-24T10:25:00","date_gmt":"2026-02-24T13:25:00","guid":{"rendered":"https:\/\/www.correiobraziliense.com.br\/cbradar\/?p=198036"},"modified":"2026-02-23T11:14:59","modified_gmt":"2026-02-23T14:14:59","slug":"no-coracao-do-brasil-a-cidade-do-futuro-planejada-se-destaca-pela-lideranca-em-inovacao-e-alta-qualidade-de-vida","status":"publish","type":"post","link":"https:\/\/www.correiobraziliense.com.br\/cbradar\/no-coracao-do-brasil-a-cidade-do-futuro-planejada-se-destaca-pela-lideranca-em-inovacao-e-alta-qualidade-de-vida\/","title":{"rendered":"No cora\u00e7\u00e3o do Brasil, a &#8220;Cidade do Futuro&#8221; planejada se destaca pela lideran\u00e7a em inova\u00e7\u00e3o e alta qualidade de vida"},"content":{"rendered":"\n<p><strong>Bras\u00edlia<\/strong>, conhecida como &#8220;Capital Federal&#8221; ou &#8220;Cidade do Futuro&#8221;, \u00e9 o centro das decis\u00f5es pol\u00edticas do pa\u00eds. Inaugurada em <strong>1960<\/strong>, a cidade monumental impressiona por sua arquitetura \u00fanica e pelo c\u00e9u amplo, oferecendo uma qualidade de vida diferenciada no cora\u00e7\u00e3o do Cerrado.<\/p>\n\n\n\n<h2 class=\"wp-block-heading\">Como Bras\u00edlia se tornou Patrim\u00f4nio Cultural da Humanidade?<\/h2>\n\n\n\n<p>A cidade \u00e9 mundialmente reconhecida por ser a maior \u00e1rea tombada do mundo, t\u00edtulo concedido pela UNESCO em 1987. O projeto urban\u00edstico de L\u00facio Costa e a arquitetura de Oscar Niemeyer transformaram o Planalto Central em uma galeria a c\u00e9u aberto, onde cada superquadra foi pensada para integrar moradia e bem-estar.<\/p>\n\n\n\n<p>A preserva\u00e7\u00e3o desse legado \u00e9 monitorada pelo <strong>Instituto do Patrim\u00f4nio Hist\u00f3rico e Art\u00edstico Nacional (<a href=\"http:\/\/portal.iphan.gov.br\/pagina\/detalhes\/307\" target=\"_blank\" rel=\"noreferrer noopener\">IPHAN<\/a>)<\/strong>, garantindo que a escala buc\u00f3lica e monumental da capital permane\u00e7a intacta. Viver aqui \u00e9 habitar um marco da arquitetura moderna, onde o planejamento urbano privilegia \u00e1reas verdes e espa\u00e7os amplos.<\/p>\n\n\n<div class=\"wp-block-image\">\n<figure class=\"aligncenter size-large\"><img decoding=\"async\" width=\"1024\" height=\"576\" src=\"https:\/\/www.correiobraziliense.com.br\/cbradar\/wp-content\/uploads\/2025\/06\/Brasilia_1748894839036-1024x576.jpg\" alt=\"No cora\u00e7\u00e3o do Brasil, essa cidade planejada se destaca pela lideran\u00e7a em inova\u00e7\u00e3o e alta qualidade de vida\" class=\"wp-image-47181\" srcset=\"https:\/\/www.correiobraziliense.com.br\/cbradar\/wp-content\/uploads\/2025\/06\/Brasilia_1748894839036-1024x576.jpg 1024w, https:\/\/www.correiobraziliense.com.br\/cbradar\/wp-content\/uploads\/2025\/06\/Brasilia_1748894839036-300x169.jpg 300w, https:\/\/www.correiobraziliense.com.br\/cbradar\/wp-content\/uploads\/2025\/06\/Brasilia_1748894839036-768x432.jpg 768w, https:\/\/www.correiobraziliense.com.br\/cbradar\/wp-content\/uploads\/2025\/06\/Brasilia_1748894839036-750x422.jpg 750w, https:\/\/www.correiobraziliense.com.br\/cbradar\/wp-content\/uploads\/2025\/06\/Brasilia_1748894839036-1140x641.jpg 1140w, https:\/\/www.correiobraziliense.com.br\/cbradar\/wp-content\/uploads\/2025\/06\/Brasilia_1748894839036.jpg 1280w\" sizes=\"(max-width: 1024px) 100vw, 1024px\" \/><figcaption class=\"wp-element-caption\">Bras\u00edlia oferece equil\u00edbrio entre trabalho, lazer e natureza, atraindo fam\u00edlias e profissionais de todo o pa\u00eds. \/\/ Cr\u00e9ditos: depositphotos.com \/ rmnunes<\/figcaption><\/figure><\/div>\n\n\n<h2 class=\"wp-block-heading\">Por que morar em Bras\u00edlia atrai novos residentes?<\/h2>\n\n\n\n<p>Dados do <strong>Instituto Brasileiro de Geografia e Estat\u00edstica (<a href=\"https:\/\/cidades.ibge.gov.br\/brasil\/df\/brasilia\/panorama\" target=\"_blank\" rel=\"noreferrer noopener\">IBGE<\/a>) <\/strong>apontam um IDH de <strong>0,824<\/strong>, considerado muito alto. Esse \u00edndice reflete a excel\u00eancia dos servi\u00e7os p\u00fablicos e a alta renda per capita da popula\u00e7\u00e3o, impulsionada pelo funcionalismo p\u00fablico e por um setor de servi\u00e7os sofisticado.<\/p>\n\n\n\n<p>A capital possui uma das maiores taxas de escolariza\u00e7\u00e3o do pa\u00eds, com 98,96% de crian\u00e7as e jovens na escola. A presen\u00e7a da Universidade de Bras\u00edlia (UnB), refer\u00eancia em ensino e pesquisa, atrai estudantes e acad\u00eamicos de todo o Brasil, criando um ambiente intelectualmente vibrante.<\/p>\n\n\n\n<p><strong>Explore a arquitetura futurista e os segredos da capital planejada do Brasil. <\/strong>O v\u00eddeo \u00e9 do canal<strong> Coisas do Mundo<\/strong>, que conta com mais de <strong>120 mil inscritos<\/strong>, e apresenta Bras\u00edlia, destacando o Eixo Monumental, o Lago Parano\u00e1, a hist\u00f3ria de sua constru\u00e7\u00e3o em tempo recorde e as curiosidades das superquadras residenciais:<\/p>\n\n\n\n<figure class=\"wp-block-embed aligncenter is-type-video is-provider-youtube wp-block-embed-youtube wp-embed-aspect-16-9 wp-has-aspect-ratio\"><div class=\"wp-block-embed__wrapper\">\n<div class=\"jeg_video_container jeg_video_content\"><iframe loading=\"lazy\" title=\"BRAS\u00cdLIA, DF - A cidade que n\u00e3o \u00e9 cidade no Estado que n\u00e3o \u00e9 Estado\" width=\"500\" height=\"281\" src=\"https:\/\/www.youtube.com\/embed\/0VedA_PHRPE?feature=oembed\" frameborder=\"0\" allow=\"accelerometer; autoplay; clipboard-write; encrypted-media; gyroscope; picture-in-picture; web-share\" referrerpolicy=\"strict-origin-when-cross-origin\" allowfullscreen><\/iframe><\/div>\n<\/div><\/figure>\n\n\n\n<h2 class=\"wp-block-heading\">Qual a popula\u00e7\u00e3o de Bras\u00edlia?<\/h2>\n\n\n\n<p><strong>Bras\u00edlia<\/strong> registra <strong>2,81 milh\u00f5es de habitantes<\/strong>, sendo a terceira cidade mais populosa do Brasil. O Distrito Federal ocupa uma \u00e1rea territorial de <strong>5.760 km\u00b2<\/strong>, apresentando uma densidade demogr\u00e1fica de 489 habitantes por km\u00b2.<\/p>\n\n\n\n<p>Apesar do grande n\u00famero de residentes, a sensa\u00e7\u00e3o de espa\u00e7o \u00e9 garantida pelo urbanismo das asas Sul e Norte. A cidade atrai migrantes de todas as regi\u00f5es, resultando em uma diversidade cultural que se reflete na gastronomia e nos costumes locais.<\/p>\n\n\n<div class=\"wp-block-image\">\n<figure class=\"aligncenter size-large\"><img decoding=\"async\" width=\"1024\" height=\"576\" src=\"https:\/\/www.correiobraziliense.com.br\/cbradar\/wp-content\/uploads\/2025\/06\/Brasilia_1748894829645-1024x576.jpg\" alt=\"A cidade no Brasil planejada que virou refer\u00eancia em viver bem com lideran\u00e7a em inova\u00e7\u00e3o e qualidade de vida no cora\u00e7\u00e3o do pa\u00eds\" class=\"wp-image-47182\" srcset=\"https:\/\/www.correiobraziliense.com.br\/cbradar\/wp-content\/uploads\/2025\/06\/Brasilia_1748894829645-1024x576.jpg 1024w, https:\/\/www.correiobraziliense.com.br\/cbradar\/wp-content\/uploads\/2025\/06\/Brasilia_1748894829645-300x169.jpg 300w, https:\/\/www.correiobraziliense.com.br\/cbradar\/wp-content\/uploads\/2025\/06\/Brasilia_1748894829645-768x432.jpg 768w, https:\/\/www.correiobraziliense.com.br\/cbradar\/wp-content\/uploads\/2025\/06\/Brasilia_1748894829645-750x422.jpg 750w, https:\/\/www.correiobraziliense.com.br\/cbradar\/wp-content\/uploads\/2025\/06\/Brasilia_1748894829645-1140x641.jpg 1140w, https:\/\/www.correiobraziliense.com.br\/cbradar\/wp-content\/uploads\/2025\/06\/Brasilia_1748894829645.jpg 1280w\" sizes=\"(max-width: 1024px) 100vw, 1024px\" \/><figcaption class=\"wp-element-caption\">Bras\u00edlia une qualidade de vida, cultura e modernidade em um cen\u00e1rio de harmonia e inova\u00e7\u00e3o. \/\/ Cr\u00e9ditos: depositphotos.com \/ Eduardo1304<\/figcaption><\/figure><\/div>\n\n\n<h2 class=\"wp-block-heading\">O que fazer no cotidiano de Bras\u00edlia?<\/h2>\n\n\n\n<p><strong>O dia a dia do brasiliense \u00e9 marcado pelo esporte ao ar livre e pela ocupa\u00e7\u00e3o dos espa\u00e7os p\u00fablicos. <\/strong>A cidade possui um dos maiores parques urbanos do mundo e uma orla movimentada \u00e0s margens do Lago Parano\u00e1.<\/p>\n\n\n\n<ul class=\"wp-block-list\">\n<li><strong>Parque da Cidade Sarah Kubitschek<\/strong>: ideal para corridas, piqueniques e eventos culturais.<\/li>\n\n\n\n<li><strong>Eix\u00e3o do Lazer<\/strong>: a principal via da cidade fecha para carros aos domingos e vira parque.<\/li>\n\n\n\n<li><strong>Pont\u00e3o do Lago Sul<\/strong>: centro de gastronomia e lazer com vista para o lago.<\/li>\n\n\n\n<li><strong>Centro Cultural Banco do Brasil (CCBB)<\/strong>: exposi\u00e7\u00f5es internacionais e ampla \u00e1rea verde.<\/li>\n\n\n\n<li><strong>Torre de TV<\/strong>: feira de artesanato e mirante com vista panor\u00e2mica do Eixo Monumental.<\/li>\n<\/ul>\n\n\n\n<p><strong>Leia tamb\u00e9m: <a href=\"https:\/\/www.correiobraziliense.com.br\/cbradar\/uma-gigante-pedra-do-dedo-de-deus-nas-montanhas-fluminenses-esta-se-tornando-a-paisagem-favorita-de-quem-busca-refugio-na-serra\/\" target=\"_blank\" rel=\"noreferrer noopener\">Uma gigante pedra do &#8220;Dedo de Deus&#8221; nas montanhas fluminenses est\u00e1 se tornando a paisagem favorita de quem busca ref\u00fagio na serra.<\/a><\/strong><\/p>\n\n\n\n<h2 class=\"wp-block-heading\">Como \u00e9 o clima durante o ano em Bras\u00edlia?<\/h2>\n\n\n\n<p><strong>A cidade apresenta clima tropical de altitude, marcado por duas esta\u00e7\u00f5es bem definidas: uma seca e outra chuvosa. <\/strong>A altitude de <strong>1.172 metros<\/strong> garante noites amenas mesmo nos dias quentes. A temperatura mais baixa registrada foi de <strong>1,6\u00b0C<\/strong> em julho de 1975, enquanto a seca exige hidrata\u00e7\u00e3o constante.<\/p>\n\n\n\n<div class=\"google-auto-ads-ignore\" style=\"font-family: 'Segoe UI', Roboto, Helvetica, Arial, sans-serif; max-width: 1100px; margin: 20px auto; display: flex; flex-wrap: wrap; gap: 20px; justify-content: center;\">\n\n  <div style=\"flex: 1 1 250px; background: #ffffff; border-radius: 16px; border: 1px solid #bae6fd; box-shadow: 0 4px 20px rgba(14, 165, 233, 0.08); overflow: hidden; display: flex; flex-direction: column;\">\n    <div style=\"background: #f0f9ff; padding: 15px; border-bottom: 1px solid #e0f2fe; display: flex; align-items: center; gap: 10px;\">\n      <div style=\"background: #0284c7; padding: 6px; border-radius: 8px; display: flex;\">\n        <svg width=\"18\" height=\"18\" viewBox=\"0 0 24 24\" fill=\"none\" stroke=\"#ffffff\" stroke-width=\"2.5\" stroke-linecap=\"round\" stroke-linejoin=\"round\"><path d=\"M20 17.58A5 5 0 0 0 18 8h-1.26A8 8 0 1 0 4 16.25\"\/><line x1=\"8\" y1=\"16\" x2=\"8.01\" y2=\"16\"\/><line x1=\"12\" y1=\"18\" x2=\"12.01\" y2=\"18\"\/><line x1=\"16\" y1=\"16\" x2=\"16.01\" y2=\"16\"\/><\/svg>\n      <\/div>\n      <span style=\"font-size: 0.9rem; font-weight: 800; color: #0c4a6e; letter-spacing: 0.05em;\">VER\u00c3O<\/span>\n    <\/div>\n    \n    <div style=\"padding: 20px; flex-grow: 1; display: flex; flex-direction: column; gap: 15px;\">\n      <div style=\"text-align: center;\">\n        <div style=\"font-size: 0.85rem; font-weight: 700; color: #0369a1; text-transform: uppercase;\">Janeiro &#8211; Mar\u00e7o<\/div>\n        <div style=\"font-size: 1.6rem; font-weight: 900; color: #0284c7;\">19\u00b0C a 27\u00b0C<\/div>\n      <\/div>\n      <div style=\"background: #f0f9ff; padding: 8px; border-radius: 8px; text-align: center; color: #0369a1; font-size: 0.75rem; font-weight: 800;\">\ud83c\udf27\ufe0f \u00c9POCA DAS CHUVAS<\/div>\n      <div style=\"color: #475569; font-size: 0.9rem; line-height: 1.4; text-align: center;\">\n        As chuvas frequentes pedem ambientes fechados. A melhor pedida s\u00e3o as <strong style=\"color: #0284c7;\">visitas a shoppings e museus<\/strong>, como o CCBB ou o Museu Nacional, para curtir a cultura sem se molhar.\n      <\/div>\n    <\/div>\n  <\/div>\n\n  <div style=\"flex: 1 1 250px; background: #ffffff; border-radius: 16px; border: 1px solid #bae6fd; box-shadow: 0 4px 20px rgba(14, 165, 233, 0.08); overflow: hidden; display: flex; flex-direction: column;\">\n    <div style=\"background: #f0f9ff; padding: 15px; border-bottom: 1px solid #e0f2fe; display: flex; align-items: center; gap: 10px;\">\n      <div style=\"background: #0284c7; padding: 6px; border-radius: 8px; display: flex;\">\n        <svg width=\"18\" height=\"18\" viewBox=\"0 0 24 24\" fill=\"none\" stroke=\"#ffffff\" stroke-width=\"2.5\" stroke-linecap=\"round\" stroke-linejoin=\"round\"><path d=\"M23 19a2 2 0 0 1-2 2H3a2 2 0 0 1-2-2V8a2 2 0 0 1 2-2h4l2-3h6l2 3h4a2 2 0 0 1 2 2z\"\/><circle cx=\"12\" cy=\"13\" r=\"4\"\/><\/svg>\n      <\/div>\n      <span style=\"font-size: 0.9rem; font-weight: 800; color: #0c4a6e; letter-spacing: 0.05em;\">OUTONO<\/span>\n    <\/div>\n    \n    <div style=\"padding: 20px; flex-grow: 1; display: flex; flex-direction: column; gap: 15px;\">\n      <div style=\"text-align: center;\">\n        <div style=\"font-size: 0.85rem; font-weight: 700; color: #0369a1; text-transform: uppercase;\">Abril &#8211; Junho<\/div>\n        <div style=\"font-size: 1.6rem; font-weight: 900; color: #0284c7;\">13\u00b0C a 25\u00b0C<\/div>\n      <\/div>\n      <div style=\"background: #f0f9ff; padding: 8px; border-radius: 8px; text-align: center; color: #0369a1; font-size: 0.75rem; font-weight: 800;\">\u2728 A MELHOR \u00c9POCA<\/div>\n      <div style=\"color: #475569; font-size: 0.9rem; line-height: 1.4; text-align: center;\">\n        \u00c9 o momento de <strong style=\"color: #0284c7;\">ver o c\u00e9u azul<\/strong> mais famoso do Brasil. O tempo fica ideal para atividades ao ar livre, piqueniques no Eix\u00e3o ou uma caminhada pela Esplanada.\n      <\/div>\n    <\/div>\n  <\/div>\n\n  <div style=\"flex: 1 1 250px; background: #ffffff; border-radius: 16px; border: 1px solid #bae6fd; box-shadow: 0 4px 20px rgba(14, 165, 233, 0.08); overflow: hidden; display: flex; flex-direction: column;\">\n    <div style=\"background: #f0f9ff; padding: 15px; border-bottom: 1px solid #e0f2fe; display: flex; align-items: center; gap: 10px;\">\n      <div style=\"background: #0284c7; padding: 6px; border-radius: 8px; display: flex;\">\n        <svg width=\"18\" height=\"18\" viewBox=\"0 0 24 24\" fill=\"none\" stroke=\"#ffffff\" stroke-width=\"2.5\" stroke-linecap=\"round\" stroke-linejoin=\"round\"><path d=\"M12 2v20M5 12l7 7 7-7\"\/><\/svg>\n      <\/div>\n      <span style=\"font-size: 0.9rem; font-weight: 800; color: #0c4a6e; letter-spacing: 0.05em;\">INVERNO<\/span>\n    <\/div>\n    \n    <div style=\"padding: 20px; flex-grow: 1; display: flex; flex-direction: column; gap: 15px;\">\n      <div style=\"text-align: center;\">\n        <div style=\"font-size: 0.85rem; font-weight: 700; color: #0369a1; text-transform: uppercase;\">Julho &#8211; Setembro<\/div>\n        <div style=\"font-size: 1.6rem; font-weight: 900; color: #0284c7;\">12\u00b0C a 28\u00b0C<\/div>\n      <\/div>\n      <div style=\"background: #f0f9ff; padding: 8px; border-radius: 8px; text-align: center; color: #0369a1; font-size: 0.75rem; font-weight: 800;\">\ud83c\udf35 SECA EXTREMA<\/div>\n      <div style=\"color: #475569; font-size: 0.9rem; line-height: 1.4; text-align: center;\">\n        Foco na hidrata\u00e7\u00e3o! Fa\u00e7a <strong style=\"color: #0284c7;\">caminhadas no parque cedo<\/strong> e n\u00e3o esque\u00e7a o <strong style=\"color: #0284c7;\">umidificador<\/strong>. \u00c9 a \u00e9poca do p\u00f4r do sol mais alaranjado da vida.\n      <\/div>\n    <\/div>\n  <\/div>\n\n  <div style=\"flex: 1 1 250px; background: #ffffff; border-radius: 16px; border: 1px solid #bae6fd; box-shadow: 0 4px 20px rgba(14, 165, 233, 0.08); overflow: hidden; display: flex; flex-direction: column;\">\n    <div style=\"background: #f0f9ff; padding: 15px; border-bottom: 1px solid #e0f2fe; display: flex; align-items: center; gap: 10px;\">\n      <div style=\"background: #0284c7; padding: 6px; border-radius: 8px; display: flex;\">\n        <svg width=\"18\" height=\"18\" viewBox=\"0 0 24 24\" fill=\"none\" stroke=\"#ffffff\" stroke-width=\"2.5\" stroke-linecap=\"round\" stroke-linejoin=\"round\"><path d=\"M12 7.5a4.5 4.5 0 1 1 4.5 4.5M12 7.5A4.5 4.5 0 1 0 7.5 12M12 7.5V21m-4.5-9L12 21l4.5-9\"\/><\/svg>\n      <\/div>\n      <span style=\"font-size: 0.9rem; font-weight: 800; color: #0c4a6e; letter-spacing: 0.05em;\">PRIMAVERA<\/span>\n    <\/div>\n    \n    <div style=\"padding: 20px; flex-grow: 1; display: flex; flex-direction: column; gap: 15px;\">\n      <div style=\"text-align: center;\">\n        <div style=\"font-size: 0.85rem; font-weight: 700; color: #0369a1; text-transform: uppercase;\">Outubro &#8211; Dezembro<\/div>\n        <div style=\"font-size: 1.6rem; font-weight: 900; color: #0284c7;\">18\u00b0C a 28\u00b0C<\/div>\n      <\/div>\n      <div style=\"background: #f0f9ff; padding: 8px; border-radius: 8px; text-align: center; color: #0369a1; font-size: 0.75rem; font-weight: 800;\">\ud83c\udf31 O RECOME\u00c7O<\/div>\n      <div style=\"color: #475569; font-size: 0.9rem; line-height: 1.4; text-align: center;\">\n        A cidade renasce. Com o <strong style=\"color: #0284c7;\">retorno das chuvas<\/strong>, a poeira baixa e o <strong style=\"color: #0284c7;\">verde da cidade<\/strong> volta com tudo, transformando o Plano Piloto em um grande jardim.\n      <\/div>\n    <\/div>\n  <\/div>\n\n<\/div>\n\n\n\n<p><em>Baseado em dados clim\u00e1ticos aproximados aos do <strong><a href=\"https:\/\/www.climatempo.com.br\/climatologia\/61\/brasilia-df\" target=\"_blank\" rel=\"noreferrer noopener\">Climatempo<\/a>.<\/strong><\/em><\/p>\n\n\n\n<h2 class=\"wp-block-heading\">Os motivos para viver em Bras\u00edlia<\/h2>\n\n\n\n<p><strong>Escolher Bras\u00edlia \u00e9 optar por uma qualidade de vida singular, onde o tempo rende mais e a natureza est\u00e1 integrada \u00e0 rotina. <\/strong>A &#8220;Cidade do Futuro&#8221; continua sendo um exemplo de planejamento que prioriza o horizonte livre e o bem-estar.<\/p>\n\n\n\n<ul class=\"wp-block-list\">\n<li>Seguran\u00e7a e organiza\u00e7\u00e3o urbana superior \u00e0 m\u00e9dia nacional.<\/li>\n\n\n\n<li>Renda per capita elevada e estabilidade econ\u00f4mica.<\/li>\n\n\n\n<li>Vasta oferta cultural e \u00e1reas de lazer gratuitas.<\/li>\n<\/ul>\n\n\n\n<p>Se voc\u00ea busca uma metr\u00f3pole que respira modernidade e oferece espa\u00e7o para viver bem, Bras\u00edlia \u00e9 o seu destino.<\/p>\n","protected":false},"excerpt":{"rendered":"<p>Bras\u00edlia, conhecida como &#8220;Capital Federal&#8221; ou &#8220;Cidade do Futuro&#8221;, \u00e9 o centro das decis\u00f5es pol\u00edticas do pa\u00eds. Inaugurada em 1960, a cidade monumental impressiona por sua arquitetura \u00fanica e pelo c\u00e9u amplo, oferecendo uma qualidade de vida diferenciada no cora\u00e7\u00e3o do Cerrado. Como Bras\u00edlia se tornou Patrim\u00f4nio Cultural da Humanidade? A cidade \u00e9 mundialmente reconhecida [&hellip;]<\/p>\n","protected":false},"author":8,"featured_media":198160,"comment_status":"open","ping_status":"open","sticky":false,"template":"","format":"standard","meta":{"_yoast_wpseo_focuskw":"Cidade do Futuro","_yoast_wpseo_title":"","_yoast_wpseo_metadesc":"Apelidada de \u201cCidade do Futuro\u201d, a cidade re\u00fane expans\u00e3o organizada e desempenho que chama aten\u00e7\u00e3o no Brasil.","jnews-multi-image_gallery":[],"jnews_single_post":{"format":"standard"},"jnews_primary_category":[],"jnews_social_meta":[],"jnews_override_counter":[],"footnotes":""},"categories":[108,111],"post_tag":[225,15491,12546],"class_list":["post-198036","post","type-post","status-publish","format-standard","has-post-thumbnail","hentry","category-cidades","category-turismo","tag-brasil","tag-brasilia-3","tag-capital-federal"],"yoast_head":"<!-- This site is optimized with the Yoast SEO plugin v24.6 - https:\/\/yoast.com\/wordpress\/plugins\/seo\/ -->\n<title>No cora\u00e7\u00e3o do Brasil, a &quot;Cidade do Futuro&quot; planejada se destaca pela lideran\u00e7a em inova\u00e7\u00e3o e alta qualidade de vida - Correio Braziliense - Radar<\/title>\n<meta name=\"description\" content=\"Apelidada de \u201cCidade do Futuro\u201d, a cidade re\u00fane expans\u00e3o organizada e desempenho que chama aten\u00e7\u00e3o no Brasil.\" \/>\n<meta name=\"robots\" content=\"index, follow, max-snippet:-1, max-image-preview:large, max-video-preview:-1\" \/>\n<link rel=\"canonical\" href=\"https:\/\/www.correiobraziliense.com.br\/cbradar\/no-coracao-do-brasil-a-cidade-do-futuro-planejada-se-destaca-pela-lideranca-em-inovacao-e-alta-qualidade-de-vida\/\" \/>\n<meta property=\"og:locale\" content=\"pt_BR\" \/>\n<meta property=\"og:type\" content=\"article\" \/>\n<meta property=\"og:title\" content=\"No cora\u00e7\u00e3o do Brasil, a &quot;Cidade do Futuro&quot; planejada se destaca pela lideran\u00e7a em inova\u00e7\u00e3o e alta qualidade de vida - Correio Braziliense - Radar\" \/>\n<meta property=\"og:description\" content=\"Apelidada de \u201cCidade do Futuro\u201d, a cidade re\u00fane expans\u00e3o organizada e desempenho que chama aten\u00e7\u00e3o no Brasil.\" \/>\n<meta property=\"og:url\" content=\"https:\/\/www.correiobraziliense.com.br\/cbradar\/no-coracao-do-brasil-a-cidade-do-futuro-planejada-se-destaca-pela-lideranca-em-inovacao-e-alta-qualidade-de-vida\/\" \/>\n<meta property=\"og:site_name\" content=\"Correio Braziliense - Radar\" \/>\n<meta property=\"article:published_time\" content=\"2026-02-24T13:25:00+00:00\" \/>\n<meta property=\"og:image\" content=\"https:\/\/www.correiobraziliense.com.br\/cbradar\/wp-content\/uploads\/2026\/02\/aaa-81.png\" \/>\n\t<meta property=\"og:image:width\" content=\"1280\" \/>\n\t<meta property=\"og:image:height\" content=\"720\" \/>\n\t<meta property=\"og:image:type\" content=\"image\/png\" \/>\n<meta name=\"author\" content=\"Maura Pereira\" \/>\n<meta name=\"twitter:card\" content=\"summary_large_image\" \/>\n<meta name=\"twitter:label1\" content=\"Escrito por\" \/>\n\t<meta name=\"twitter:data1\" content=\"Maura Pereira\" \/>\n\t<meta name=\"twitter:label2\" content=\"Est. tempo de leitura\" \/>\n\t<meta name=\"twitter:data2\" content=\"6 minutos\" \/>\n<!-- \/ Yoast SEO plugin. -->","yoast_head_json":{"title":"No cora\u00e7\u00e3o do Brasil, a \"Cidade do Futuro\" planejada se destaca pela lideran\u00e7a em inova\u00e7\u00e3o e alta qualidade de vida - Correio Braziliense - Radar","description":"Apelidada de \u201cCidade do Futuro\u201d, a cidade re\u00fane expans\u00e3o organizada e desempenho que chama aten\u00e7\u00e3o no Brasil.","robots":{"index":"index","follow":"follow","max-snippet":"max-snippet:-1","max-image-preview":"max-image-preview:large","max-video-preview":"max-video-preview:-1"},"canonical":"https:\/\/www.correiobraziliense.com.br\/cbradar\/no-coracao-do-brasil-a-cidade-do-futuro-planejada-se-destaca-pela-lideranca-em-inovacao-e-alta-qualidade-de-vida\/","og_locale":"pt_BR","og_type":"article","og_title":"No cora\u00e7\u00e3o do Brasil, a \"Cidade do Futuro\" planejada se destaca pela lideran\u00e7a em inova\u00e7\u00e3o e alta qualidade de vida - Correio Braziliense - Radar","og_description":"Apelidada de \u201cCidade do Futuro\u201d, a cidade re\u00fane expans\u00e3o organizada e desempenho que chama aten\u00e7\u00e3o no Brasil.","og_url":"https:\/\/www.correiobraziliense.com.br\/cbradar\/no-coracao-do-brasil-a-cidade-do-futuro-planejada-se-destaca-pela-lideranca-em-inovacao-e-alta-qualidade-de-vida\/","og_site_name":"Correio Braziliense - Radar","article_published_time":"2026-02-24T13:25:00+00:00","og_image":[{"width":1280,"height":720,"url":"https:\/\/www.correiobraziliense.com.br\/cbradar\/wp-content\/uploads\/2026\/02\/aaa-81.png","type":"image\/png"}],"author":"Maura Pereira","twitter_card":"summary_large_image","twitter_misc":{"Escrito por":"Maura Pereira","Est. tempo de leitura":"6 minutos"},"schema":{"@context":"https:\/\/schema.org","@graph":[{"@type":"WebPage","@id":"https:\/\/www.correiobraziliense.com.br\/cbradar\/no-coracao-do-brasil-a-cidade-do-futuro-planejada-se-destaca-pela-lideranca-em-inovacao-e-alta-qualidade-de-vida\/","url":"https:\/\/www.correiobraziliense.com.br\/cbradar\/no-coracao-do-brasil-a-cidade-do-futuro-planejada-se-destaca-pela-lideranca-em-inovacao-e-alta-qualidade-de-vida\/","name":"No cora\u00e7\u00e3o do Brasil, a \"Cidade do Futuro\" planejada se destaca pela lideran\u00e7a em inova\u00e7\u00e3o e alta qualidade de vida - Correio Braziliense - Radar","isPartOf":{"@id":"https:\/\/www.correiobraziliense.com.br\/cbradar\/#website"},"primaryImageOfPage":{"@id":"https:\/\/www.correiobraziliense.com.br\/cbradar\/no-coracao-do-brasil-a-cidade-do-futuro-planejada-se-destaca-pela-lideranca-em-inovacao-e-alta-qualidade-de-vida\/#primaryimage"},"image":{"@id":"https:\/\/www.correiobraziliense.com.br\/cbradar\/no-coracao-do-brasil-a-cidade-do-futuro-planejada-se-destaca-pela-lideranca-em-inovacao-e-alta-qualidade-de-vida\/#primaryimage"},"thumbnailUrl":"https:\/\/www.correiobraziliense.com.br\/cbradar\/wp-content\/uploads\/2026\/02\/aaa-81.png","datePublished":"2026-02-24T13:25:00+00:00","author":{"@id":"https:\/\/www.correiobraziliense.com.br\/cbradar\/#\/schema\/person\/4053c651a9bfc785afc6f4cbc9032fd3"},"description":"Apelidada de \u201cCidade do Futuro\u201d, a cidade re\u00fane expans\u00e3o organizada e desempenho que chama aten\u00e7\u00e3o no Brasil.","breadcrumb":{"@id":"https:\/\/www.correiobraziliense.com.br\/cbradar\/no-coracao-do-brasil-a-cidade-do-futuro-planejada-se-destaca-pela-lideranca-em-inovacao-e-alta-qualidade-de-vida\/#breadcrumb"},"inLanguage":"pt-BR","potentialAction":[{"@type":"ReadAction","target":["https:\/\/www.correiobraziliense.com.br\/cbradar\/no-coracao-do-brasil-a-cidade-do-futuro-planejada-se-destaca-pela-lideranca-em-inovacao-e-alta-qualidade-de-vida\/"]}]},{"@type":"ImageObject","inLanguage":"pt-BR","@id":"https:\/\/www.correiobraziliense.com.br\/cbradar\/no-coracao-do-brasil-a-cidade-do-futuro-planejada-se-destaca-pela-lideranca-em-inovacao-e-alta-qualidade-de-vida\/#primaryimage","url":"https:\/\/www.correiobraziliense.com.br\/cbradar\/wp-content\/uploads\/2026\/02\/aaa-81.png","contentUrl":"https:\/\/www.correiobraziliense.com.br\/cbradar\/wp-content\/uploads\/2026\/02\/aaa-81.png","width":1280,"height":720,"caption":"A cidade \u00e9 mundialmente reconhecida por ser a maior \u00e1rea tombada do mundo, t\u00edtulo concedido pela UNESCO em 1987. \/ Imagem ilustrativa"},{"@type":"BreadcrumbList","@id":"https:\/\/www.correiobraziliense.com.br\/cbradar\/no-coracao-do-brasil-a-cidade-do-futuro-planejada-se-destaca-pela-lideranca-em-inovacao-e-alta-qualidade-de-vida\/#breadcrumb","itemListElement":[{"@type":"ListItem","position":1,"name":"In\u00edcio","item":"https:\/\/www.correiobraziliense.com.br\/cbradar\/"},{"@type":"ListItem","position":2,"name":"No cora\u00e7\u00e3o do Brasil, a &#8220;Cidade do Futuro&#8221; planejada se destaca pela lideran\u00e7a em inova\u00e7\u00e3o e alta qualidade de vida"}]},{"@type":"WebSite","@id":"https:\/\/www.correiobraziliense.com.br\/cbradar\/#website","url":"https:\/\/www.correiobraziliense.com.br\/cbradar\/","name":"Correio Braziliense - Radar","description":"Acompanhe as \u00faltimas not\u00edcias e fique bem informado sobre tudo o que acontece no Brasil e no mundo.","potentialAction":[{"@type":"SearchAction","target":{"@type":"EntryPoint","urlTemplate":"https:\/\/www.correiobraziliense.com.br\/cbradar\/?s={search_term_string}"},"query-input":{"@type":"PropertyValueSpecification","valueRequired":true,"valueName":"search_term_string"}}],"inLanguage":"pt-BR"},{"@type":"Person","@id":"https:\/\/www.correiobraziliense.com.br\/cbradar\/#\/schema\/person\/4053c651a9bfc785afc6f4cbc9032fd3","name":"Maura Pereira","image":{"@type":"ImageObject","inLanguage":"pt-BR","@id":"https:\/\/www.correiobraziliense.com.br\/cbradar\/#\/schema\/person\/image\/","url":"https:\/\/secure.gravatar.com\/avatar\/3effd6bdadfa447f15089c7f7144eaa6?s=96&d=mm&r=g","contentUrl":"https:\/\/secure.gravatar.com\/avatar\/3effd6bdadfa447f15089c7f7144eaa6?s=96&d=mm&r=g","caption":"Maura Pereira"},"sameAs":["https:\/\/www.correiobraziliense.com.br\/"],"url":"https:\/\/www.correiobraziliense.com.br\/cbradar\/author\/mauramyth\/"}]}},"_links":{"self":[{"href":"https:\/\/www.correiobraziliense.com.br\/cbradar\/wp-json\/wp\/v2\/posts\/198036","targetHints":{"allow":["GET"]}}],"collection":[{"href":"https:\/\/www.correiobraziliense.com.br\/cbradar\/wp-json\/wp\/v2\/posts"}],"about":[{"href":"https:\/\/www.correiobraziliense.com.br\/cbradar\/wp-json\/wp\/v2\/types\/post"}],"author":[{"embeddable":true,"href":"https:\/\/www.correiobraziliense.com.br\/cbradar\/wp-json\/wp\/v2\/users\/8"}],"replies":[{"embeddable":true,"href":"https:\/\/www.correiobraziliense.com.br\/cbradar\/wp-json\/wp\/v2\/comments?post=198036"}],"version-history":[{"count":10,"href":"https:\/\/www.correiobraziliense.com.br\/cbradar\/wp-json\/wp\/v2\/posts\/198036\/revisions"}],"predecessor-version":[{"id":198157,"href":"https:\/\/www.correiobraziliense.com.br\/cbradar\/wp-json\/wp\/v2\/posts\/198036\/revisions\/198157"}],"wp:featuredmedia":[{"embeddable":true,"href":"https:\/\/www.correiobraziliense.com.br\/cbradar\/wp-json\/wp\/v2\/media\/198160"}],"wp:attachment":[{"href":"https:\/\/www.correiobraziliense.com.br\/cbradar\/wp-json\/wp\/v2\/media?parent=198036"}],"wp:term":[{"taxonomy":"category","embeddable":true,"href":"https:\/\/www.correiobraziliense.com.br\/cbradar\/wp-json\/wp\/v2\/categories?post=198036"},{"taxonomy":"post_tag","embeddable":true,"href":"https:\/\/www.correiobraziliense.com.br\/cbradar\/wp-json\/wp\/v2\/post_tag?post=198036"}],"curies":[{"name":"wp","href":"https:\/\/api.w.org\/{rel}","templated":true}]}}