{"id":198232,"date":"2026-02-23T18:55:00","date_gmt":"2026-02-23T21:55:00","guid":{"rendered":"https:\/\/www.correiobraziliense.com.br\/cbradar\/?p=198232"},"modified":"2026-02-23T13:13:05","modified_gmt":"2026-02-23T16:13:05","slug":"a-psicologia-sugere-que-pessoas-que-tomam-banho-a-noite-em-vez-de-pela-manha-frequentemente-exibem-estes-7-tracos-de-personalidade-inesperados","status":"publish","type":"post","link":"https:\/\/www.correiobraziliense.com.br\/cbradar\/a-psicologia-sugere-que-pessoas-que-tomam-banho-a-noite-em-vez-de-pela-manha-frequentemente-exibem-estes-7-tracos-de-personalidade-inesperados\/","title":{"rendered":"A psicologia sugere que pessoas que tomam banho \u00e0 noite, em vez de pela manh\u00e3, frequentemente exibem estes 7 tra\u00e7os de personalidade inesperados"},"content":{"rendered":"\n<p>O simples h\u00e1bito de <strong>tomar banho \u00e0 noite<\/strong> pode revelar muito mais do que uma prefer\u00eancia de rotina. Dentro da <strong>psicologia comportamental<\/strong>, os <strong>padr\u00f5es de h\u00e1bito<\/strong> e o <strong>cronotipo<\/strong> ajudam a explicar por que algumas pessoas se sentem mais <strong>produtivas<\/strong> e <strong>equilibradas<\/strong> no per\u00edodo noturno. Quando observamos pessoas que escolhem o banho antes de dormir, surgem <strong>tra\u00e7os de personalidade inesperados<\/strong> que impactam diretamente suas <strong>rela\u00e7\u00f5es<\/strong>, <strong>decis\u00f5es<\/strong> e <strong>desempenho social<\/strong>.<\/p>\n\n\n\n<h2 class=\"wp-block-heading\">Como a psicologia comportamental explica o h\u00e1bito de tomar banho \u00e0 noite?<\/h2>\n\n\n\n<p>A <strong><a href=\"https:\/\/pt.wikipedia.org\/wiki\/Psicologia_comportamental\" target=\"_blank\" rel=\"noreferrer noopener\">psicologia comportamental <\/a><\/strong>entende que nossos h\u00e1bitos di\u00e1rios s\u00e3o reflexo direto da nossa <strong>estrutura emocional<\/strong> e <strong>cognitiva<\/strong>. O momento do banho, especialmente \u00e0 noite, est\u00e1 associado a <strong>rituais de encerramento<\/strong> do dia, <strong>autorregula\u00e7\u00e3o emocional<\/strong> e <strong>organiza\u00e7\u00e3o mental<\/strong>.<\/p>\n\n\n\n<p>Pessoas com esse padr\u00e3o tendem a utilizar o banho como um mecanismo de <strong>transi\u00e7\u00e3o psicol\u00f3gica<\/strong>. Esse comportamento indica <strong>autoconsci\u00eancia<\/strong>, necessidade de <strong>controle<\/strong> sobre o ambiente e valoriza\u00e7\u00e3o de <strong>rotinas estruturadas<\/strong> que promovem sensa\u00e7\u00e3o de <strong>seguran\u00e7a<\/strong>.<\/p>\n\n\n\n<p>Ao analisar <strong>padr\u00f5es de h\u00e1bito<\/strong> e <strong>cronotipo<\/strong>, alguns <strong>tra\u00e7os de personalidade<\/strong> aparecem com frequ\u00eancia nesse perfil:<\/p>\n\n\n\n<ul class=\"wp-block-list\">\n<li><strong>Maior tend\u00eancia \u00e0 introspec\u00e7\u00e3o<\/strong> e reflex\u00e3o noturna<\/li>\n\n\n\n<li>Busca por <strong>controle emocional<\/strong> antes do descanso<\/li>\n\n\n\n<li><strong>Organiza\u00e7\u00e3o mental<\/strong> voltada ao planejamento do dia seguinte<\/li>\n\n\n\n<li>Prefer\u00eancia por <strong>ambientes calmos<\/strong> e menos est\u00edmulos externos<\/li>\n\n\n\n<li><strong>Sensibilidade elevada<\/strong> ao estresse acumulado<\/li>\n\n\n\n<li>Capacidade de criar <strong>rituais pessoais consistentes<\/strong><\/li>\n\n\n\n<li>Valoriza\u00e7\u00e3o do <strong>autocuidado<\/strong> como estrat\u00e9gia de <strong>equil\u00edbrio social<\/strong><\/li>\n<\/ul>\n\n\n\n<h2 class=\"wp-block-heading\">O cronotipo influencia na personalidade e nas rela\u00e7\u00f5es sociais?<\/h2>\n\n\n\n<p>O <strong>cronotipo<\/strong>, conceito amplamente estudado na <strong>psicologia comportamental<\/strong>, define se uma pessoa tem maior <strong><a href=\"https:\/\/www.correiobraziliense.com.br\/cbradar\/7-habitos-que-vao-te-fazer-acordar-com-mais-disposicao-de-manha\/\" target=\"_blank\" rel=\"noreferrer noopener\">disposi\u00e7\u00e3o pela manh\u00e3<\/a><\/strong> ou \u00e0 noite. Quem prefere atividades noturnas, incluindo o banho, costuma apresentar maior <strong>energia cognitiva<\/strong> no fim do dia.<\/p>\n\n\n\n<p>Esse padr\u00e3o influencia diretamente o comportamento em <strong>grupos<\/strong>, ambientes <strong>profissionais<\/strong> e rela\u00e7\u00f5es <strong>interpessoais<\/strong>. Pessoas de perfil noturno tendem a ser mais <strong>anal\u00edticas<\/strong>, <strong>criativas<\/strong> e <strong>emocionalmente profundas<\/strong> em conversas significativas.<\/p>\n\n\n\n<p>Dentro do contexto social, esse <strong>cronotipo<\/strong> pode gerar comportamentos espec\u00edficos que se refletem na forma de se relacionar:<\/p>\n\n\n\n<ul class=\"wp-block-list\">\n<li>Prefer\u00eancia por encontros mais <strong>reservados<\/strong> e conversas <strong>profundas<\/strong><\/li>\n\n\n\n<li><strong>Maior produtividade<\/strong> em tarefas criativas no per\u00edodo noturno<\/li>\n\n\n\n<li>Necessidade de <strong>tempo sozinho<\/strong> para reorganiza\u00e7\u00e3o emocional<\/li>\n\n\n\n<li><strong>Menor toler\u00e2ncia<\/strong> a ambientes ca\u00f3ticos pela manh\u00e3<\/li>\n\n\n\n<li>Ritmo social mais alinhado com atividades no <strong>fim do dia<\/strong><\/li>\n<\/ul>\n\n\n\n<figure class=\"wp-block-image size-large\"><img decoding=\"async\" width=\"1024\" height=\"576\" src=\"https:\/\/www.correiobraziliense.com.br\/cbradar\/wp-content\/uploads\/2026\/02\/Copia-de-Copia-de-Mural-marrom-2026-02-23T115901.995-1024x576.jpg\" alt=\"A psicologia sugere que pessoas que tomam banho \u00e0 noite, em vez de pela manh\u00e3, frequentemente exibem estes 7 tra\u00e7os de personalidade inesperados\" class=\"wp-image-198265\" srcset=\"https:\/\/www.correiobraziliense.com.br\/cbradar\/wp-content\/uploads\/2026\/02\/Copia-de-Copia-de-Mural-marrom-2026-02-23T115901.995-1024x576.jpg 1024w, https:\/\/www.correiobraziliense.com.br\/cbradar\/wp-content\/uploads\/2026\/02\/Copia-de-Copia-de-Mural-marrom-2026-02-23T115901.995-300x169.jpg 300w, https:\/\/www.correiobraziliense.com.br\/cbradar\/wp-content\/uploads\/2026\/02\/Copia-de-Copia-de-Mural-marrom-2026-02-23T115901.995-768x432.jpg 768w, https:\/\/www.correiobraziliense.com.br\/cbradar\/wp-content\/uploads\/2026\/02\/Copia-de-Copia-de-Mural-marrom-2026-02-23T115901.995-750x422.jpg 750w, https:\/\/www.correiobraziliense.com.br\/cbradar\/wp-content\/uploads\/2026\/02\/Copia-de-Copia-de-Mural-marrom-2026-02-23T115901.995-1140x641.jpg 1140w, https:\/\/www.correiobraziliense.com.br\/cbradar\/wp-content\/uploads\/2026\/02\/Copia-de-Copia-de-Mural-marrom-2026-02-23T115901.995.jpg 1280w\" sizes=\"(max-width: 1024px) 100vw, 1024px\" \/><figcaption class=\"wp-element-caption\">H\u00e1bitos di\u00e1rios refletem padr\u00f5es cognitivos e emocionais<\/figcaption><\/figure>\n\n\n\n<h2 class=\"wp-block-heading\">Tomar banho \u00e0 noite est\u00e1 ligado \u00e0 necessidade de controle emocional?<\/h2>\n\n\n\n<p>Para muitas pessoas, o <strong>banho noturno<\/strong> funciona como um <strong>ritual psicol\u00f3gico<\/strong> de encerramento. Ele simboliza a limpeza simb\u00f3lica das <strong>tens\u00f5es sociais<\/strong> acumuladas ao longo do dia, fortalecendo a sensa\u00e7\u00e3o de <strong>estabilidade emocional<\/strong>.<\/p>\n\n\n\n<p>Na perspectiva da <strong>psicologia comportamental<\/strong>, rituais repetitivos oferecem <strong>previsibilidade<\/strong>. Isso \u00e9 especialmente relevante para indiv\u00edduos que valorizam <strong>organiza\u00e7\u00e3o<\/strong>, <strong>planejamento<\/strong> e <strong>clareza mental<\/strong> antes do descanso.<\/p>\n\n\n\n<p>Esse comportamento costuma estar associado a tra\u00e7os como <strong>responsabilidade elevada<\/strong> e busca por <strong>equil\u00edbrio interno<\/strong>. Pessoas com esse perfil tendem a evitar <strong>conflitos desnecess\u00e1rios<\/strong> e priorizam <strong>ambientes estruturados<\/strong>, tanto em casa quanto no trabalho.<\/p>\n\n\n\n<h2 class=\"wp-block-heading\">Quais impactos sociais esse h\u00e1bito pode gerar a longo prazo?<\/h2>\n\n\n\n<p>Pequenos h\u00e1bitos moldam grandes aspectos da <strong>personalidade<\/strong>. O <strong>banho noturno<\/strong>, quando consistente, refor\u00e7a padr\u00f5es de <strong>autocuidado<\/strong> e <strong>disciplina<\/strong>, caracter\u00edsticas altamente valorizadas em ambientes sociais e <strong>profissionais<\/strong>.<\/p>\n\n\n\n<p>Com o tempo, essa rotina pode fortalecer a capacidade de <strong>autorregula\u00e7\u00e3o<\/strong>, melhorar a <strong>qualidade do sono<\/strong> e ampliar a <strong>estabilidade emocional<\/strong>. Isso impacta diretamente a forma como a pessoa se <strong>comunica<\/strong>, toma <strong>decis\u00f5es<\/strong> e constr\u00f3i <strong>v\u00ednculos<\/strong>.<\/p>\n\n\n\n<p>Embora pare\u00e7a um detalhe simples, a escolha do hor\u00e1rio do banho revela <strong>padr\u00f5es comportamentais profundos<\/strong>. Dentro da <strong>psicologia comportamental<\/strong>, entender esses sinais ajuda a compreender melhor como h\u00e1bitos di\u00e1rios moldam <strong>tra\u00e7os de personalidade<\/strong> e influenciam a <strong>din\u00e2mica social<\/strong> de cada indiv\u00edduo.<\/p>\n","protected":false},"excerpt":{"rendered":"<p>O simples h\u00e1bito de tomar banho \u00e0 noite pode revelar muito mais do que uma prefer\u00eancia de rotina. Dentro da psicologia comportamental, os padr\u00f5es de h\u00e1bito e o cronotipo ajudam a explicar por que algumas pessoas se sentem mais produtivas e equilibradas no per\u00edodo noturno. Quando observamos pessoas que escolhem o banho antes de dormir, [&hellip;]<\/p>\n","protected":false},"author":22,"featured_media":198264,"comment_status":"open","ping_status":"open","sticky":false,"template":"","format":"standard","meta":{"_yoast_wpseo_focuskw":"tomar banho \u00e0 noite","_yoast_wpseo_title":"","_yoast_wpseo_metadesc":"Saiba o que o h\u00e1bito de tomar banho \u00e0 noite revela sobre personalidade, cronotipo, autocontrole emocional e comportamento social.","jnews-multi-image_gallery":[],"jnews_single_post":{"format":"standard"},"jnews_primary_category":[],"jnews_social_meta":[],"jnews_override_counter":[],"footnotes":""},"categories":[140],"post_tag":[15103,15503,1625,10010],"class_list":["post-198232","post","type-post","status-publish","format-standard","has-post-thumbnail","hentry","category-entretenimento","tag-autocontrole-emocional","tag-banho-noturno","tag-cronotipo","tag-psicologia-comportamental"],"yoast_head":"<!-- This site is optimized with the Yoast SEO plugin v24.6 - https:\/\/yoast.com\/wordpress\/plugins\/seo\/ -->\n<title>A psicologia sugere que pessoas que tomam banho \u00e0 noite, em vez de pela manh\u00e3, frequentemente exibem estes 7 tra\u00e7os de personalidade inesperados - Correio Braziliense - Radar<\/title>\n<meta name=\"description\" content=\"Saiba o que o h\u00e1bito de tomar banho \u00e0 noite revela sobre personalidade, cronotipo, autocontrole emocional e comportamento social.\" \/>\n<meta name=\"robots\" content=\"index, follow, max-snippet:-1, max-image-preview:large, max-video-preview:-1\" \/>\n<link rel=\"canonical\" href=\"https:\/\/www.correiobraziliense.com.br\/cbradar\/a-psicologia-sugere-que-pessoas-que-tomam-banho-a-noite-em-vez-de-pela-manha-frequentemente-exibem-estes-7-tracos-de-personalidade-inesperados\/\" \/>\n<meta property=\"og:locale\" content=\"pt_BR\" \/>\n<meta property=\"og:type\" content=\"article\" \/>\n<meta property=\"og:title\" content=\"A psicologia sugere que pessoas que tomam banho \u00e0 noite, em vez de pela manh\u00e3, frequentemente exibem estes 7 tra\u00e7os de personalidade inesperados - Correio Braziliense - Radar\" \/>\n<meta property=\"og:description\" content=\"Saiba o que o h\u00e1bito de tomar banho \u00e0 noite revela sobre personalidade, cronotipo, autocontrole emocional e comportamento social.\" \/>\n<meta property=\"og:url\" content=\"https:\/\/www.correiobraziliense.com.br\/cbradar\/a-psicologia-sugere-que-pessoas-que-tomam-banho-a-noite-em-vez-de-pela-manha-frequentemente-exibem-estes-7-tracos-de-personalidade-inesperados\/\" \/>\n<meta property=\"og:site_name\" content=\"Correio Braziliense - Radar\" \/>\n<meta property=\"article:published_time\" content=\"2026-02-23T21:55:00+00:00\" \/>\n<meta property=\"og:image\" content=\"https:\/\/www.correiobraziliense.com.br\/cbradar\/wp-content\/uploads\/2026\/02\/Copia-de-Copia-de-Mural-marrom-2026-02-23T130734.970.jpg\" \/>\n\t<meta property=\"og:image:width\" content=\"1280\" \/>\n\t<meta property=\"og:image:height\" content=\"720\" \/>\n\t<meta property=\"og:image:type\" content=\"image\/jpeg\" \/>\n<meta name=\"author\" content=\"Elis Souza\" \/>\n<meta name=\"twitter:card\" content=\"summary_large_image\" \/>\n<meta name=\"twitter:label1\" content=\"Escrito por\" \/>\n\t<meta name=\"twitter:data1\" content=\"Elis Souza\" \/>\n\t<meta name=\"twitter:label2\" content=\"Est. tempo de leitura\" \/>\n\t<meta name=\"twitter:data2\" content=\"4 minutos\" \/>\n<!-- \/ Yoast SEO plugin. -->","yoast_head_json":{"title":"A psicologia sugere que pessoas que tomam banho \u00e0 noite, em vez de pela manh\u00e3, frequentemente exibem estes 7 tra\u00e7os de personalidade inesperados - Correio Braziliense - Radar","description":"Saiba o que o h\u00e1bito de tomar banho \u00e0 noite revela sobre personalidade, cronotipo, autocontrole emocional e comportamento social.","robots":{"index":"index","follow":"follow","max-snippet":"max-snippet:-1","max-image-preview":"max-image-preview:large","max-video-preview":"max-video-preview:-1"},"canonical":"https:\/\/www.correiobraziliense.com.br\/cbradar\/a-psicologia-sugere-que-pessoas-que-tomam-banho-a-noite-em-vez-de-pela-manha-frequentemente-exibem-estes-7-tracos-de-personalidade-inesperados\/","og_locale":"pt_BR","og_type":"article","og_title":"A psicologia sugere que pessoas que tomam banho \u00e0 noite, em vez de pela manh\u00e3, frequentemente exibem estes 7 tra\u00e7os de personalidade inesperados - Correio Braziliense - Radar","og_description":"Saiba o que o h\u00e1bito de tomar banho \u00e0 noite revela sobre personalidade, cronotipo, autocontrole emocional e comportamento social.","og_url":"https:\/\/www.correiobraziliense.com.br\/cbradar\/a-psicologia-sugere-que-pessoas-que-tomam-banho-a-noite-em-vez-de-pela-manha-frequentemente-exibem-estes-7-tracos-de-personalidade-inesperados\/","og_site_name":"Correio Braziliense - Radar","article_published_time":"2026-02-23T21:55:00+00:00","og_image":[{"width":1280,"height":720,"url":"https:\/\/www.correiobraziliense.com.br\/cbradar\/wp-content\/uploads\/2026\/02\/Copia-de-Copia-de-Mural-marrom-2026-02-23T130734.970.jpg","type":"image\/jpeg"}],"author":"Elis Souza","twitter_card":"summary_large_image","twitter_misc":{"Escrito por":"Elis Souza","Est. tempo de leitura":"4 minutos"},"schema":{"@context":"https:\/\/schema.org","@graph":[{"@type":"WebPage","@id":"https:\/\/www.correiobraziliense.com.br\/cbradar\/a-psicologia-sugere-que-pessoas-que-tomam-banho-a-noite-em-vez-de-pela-manha-frequentemente-exibem-estes-7-tracos-de-personalidade-inesperados\/","url":"https:\/\/www.correiobraziliense.com.br\/cbradar\/a-psicologia-sugere-que-pessoas-que-tomam-banho-a-noite-em-vez-de-pela-manha-frequentemente-exibem-estes-7-tracos-de-personalidade-inesperados\/","name":"A psicologia sugere que pessoas que tomam banho \u00e0 noite, em vez de pela manh\u00e3, frequentemente exibem estes 7 tra\u00e7os de personalidade inesperados - Correio Braziliense - Radar","isPartOf":{"@id":"https:\/\/www.correiobraziliense.com.br\/cbradar\/#website"},"primaryImageOfPage":{"@id":"https:\/\/www.correiobraziliense.com.br\/cbradar\/a-psicologia-sugere-que-pessoas-que-tomam-banho-a-noite-em-vez-de-pela-manha-frequentemente-exibem-estes-7-tracos-de-personalidade-inesperados\/#primaryimage"},"image":{"@id":"https:\/\/www.correiobraziliense.com.br\/cbradar\/a-psicologia-sugere-que-pessoas-que-tomam-banho-a-noite-em-vez-de-pela-manha-frequentemente-exibem-estes-7-tracos-de-personalidade-inesperados\/#primaryimage"},"thumbnailUrl":"https:\/\/www.correiobraziliense.com.br\/cbradar\/wp-content\/uploads\/2026\/02\/Copia-de-Copia-de-Mural-marrom-2026-02-23T130734.970.jpg","datePublished":"2026-02-23T21:55:00+00:00","author":{"@id":"https:\/\/www.correiobraziliense.com.br\/cbradar\/#\/schema\/person\/acff6ab5a6472cd6db16190f7212d166"},"description":"Saiba o que o h\u00e1bito de tomar banho \u00e0 noite revela sobre personalidade, cronotipo, autocontrole emocional e comportamento social.","breadcrumb":{"@id":"https:\/\/www.correiobraziliense.com.br\/cbradar\/a-psicologia-sugere-que-pessoas-que-tomam-banho-a-noite-em-vez-de-pela-manha-frequentemente-exibem-estes-7-tracos-de-personalidade-inesperados\/#breadcrumb"},"inLanguage":"pt-BR","potentialAction":[{"@type":"ReadAction","target":["https:\/\/www.correiobraziliense.com.br\/cbradar\/a-psicologia-sugere-que-pessoas-que-tomam-banho-a-noite-em-vez-de-pela-manha-frequentemente-exibem-estes-7-tracos-de-personalidade-inesperados\/"]}]},{"@type":"ImageObject","inLanguage":"pt-BR","@id":"https:\/\/www.correiobraziliense.com.br\/cbradar\/a-psicologia-sugere-que-pessoas-que-tomam-banho-a-noite-em-vez-de-pela-manha-frequentemente-exibem-estes-7-tracos-de-personalidade-inesperados\/#primaryimage","url":"https:\/\/www.correiobraziliense.com.br\/cbradar\/wp-content\/uploads\/2026\/02\/Copia-de-Copia-de-Mural-marrom-2026-02-23T130734.970.jpg","contentUrl":"https:\/\/www.correiobraziliense.com.br\/cbradar\/wp-content\/uploads\/2026\/02\/Copia-de-Copia-de-Mural-marrom-2026-02-23T130734.970.jpg","width":1280,"height":720,"caption":"O banho noturno pode funcionar como ritual psicol\u00f3gico de encerramento do dia"},{"@type":"BreadcrumbList","@id":"https:\/\/www.correiobraziliense.com.br\/cbradar\/a-psicologia-sugere-que-pessoas-que-tomam-banho-a-noite-em-vez-de-pela-manha-frequentemente-exibem-estes-7-tracos-de-personalidade-inesperados\/#breadcrumb","itemListElement":[{"@type":"ListItem","position":1,"name":"In\u00edcio","item":"https:\/\/www.correiobraziliense.com.br\/cbradar\/"},{"@type":"ListItem","position":2,"name":"A psicologia sugere que pessoas que tomam banho \u00e0 noite, em vez de pela manh\u00e3, frequentemente exibem estes 7 tra\u00e7os de personalidade inesperados"}]},{"@type":"WebSite","@id":"https:\/\/www.correiobraziliense.com.br\/cbradar\/#website","url":"https:\/\/www.correiobraziliense.com.br\/cbradar\/","name":"Correio Braziliense - Radar","description":"Acompanhe as \u00faltimas not\u00edcias e fique bem informado sobre tudo o que acontece no Brasil e no mundo.","potentialAction":[{"@type":"SearchAction","target":{"@type":"EntryPoint","urlTemplate":"https:\/\/www.correiobraziliense.com.br\/cbradar\/?s={search_term_string}"},"query-input":{"@type":"PropertyValueSpecification","valueRequired":true,"valueName":"search_term_string"}}],"inLanguage":"pt-BR"},{"@type":"Person","@id":"https:\/\/www.correiobraziliense.com.br\/cbradar\/#\/schema\/person\/acff6ab5a6472cd6db16190f7212d166","name":"Elis Souza","image":{"@type":"ImageObject","inLanguage":"pt-BR","@id":"https:\/\/www.correiobraziliense.com.br\/cbradar\/#\/schema\/person\/image\/","url":"https:\/\/secure.gravatar.com\/avatar\/1dc86c254cebb74d9c8a14da612c52db?s=96&d=mm&r=g","contentUrl":"https:\/\/secure.gravatar.com\/avatar\/1dc86c254cebb74d9c8a14da612c52db?s=96&d=mm&r=g","caption":"Elis Souza"},"sameAs":["https:\/\/www.correiobraziliense.com.br\/cbradar\/"],"url":"https:\/\/www.correiobraziliense.com.br\/cbradar\/author\/elis-souza\/"}]}},"_links":{"self":[{"href":"https:\/\/www.correiobraziliense.com.br\/cbradar\/wp-json\/wp\/v2\/posts\/198232","targetHints":{"allow":["GET"]}}],"collection":[{"href":"https:\/\/www.correiobraziliense.com.br\/cbradar\/wp-json\/wp\/v2\/posts"}],"about":[{"href":"https:\/\/www.correiobraziliense.com.br\/cbradar\/wp-json\/wp\/v2\/types\/post"}],"author":[{"embeddable":true,"href":"https:\/\/www.correiobraziliense.com.br\/cbradar\/wp-json\/wp\/v2\/users\/22"}],"replies":[{"embeddable":true,"href":"https:\/\/www.correiobraziliense.com.br\/cbradar\/wp-json\/wp\/v2\/comments?post=198232"}],"version-history":[{"count":1,"href":"https:\/\/www.correiobraziliense.com.br\/cbradar\/wp-json\/wp\/v2\/posts\/198232\/revisions"}],"predecessor-version":[{"id":198270,"href":"https:\/\/www.correiobraziliense.com.br\/cbradar\/wp-json\/wp\/v2\/posts\/198232\/revisions\/198270"}],"wp:featuredmedia":[{"embeddable":true,"href":"https:\/\/www.correiobraziliense.com.br\/cbradar\/wp-json\/wp\/v2\/media\/198264"}],"wp:attachment":[{"href":"https:\/\/www.correiobraziliense.com.br\/cbradar\/wp-json\/wp\/v2\/media?parent=198232"}],"wp:term":[{"taxonomy":"category","embeddable":true,"href":"https:\/\/www.correiobraziliense.com.br\/cbradar\/wp-json\/wp\/v2\/categories?post=198232"},{"taxonomy":"post_tag","embeddable":true,"href":"https:\/\/www.correiobraziliense.com.br\/cbradar\/wp-json\/wp\/v2\/post_tag?post=198232"}],"curies":[{"name":"wp","href":"https:\/\/api.w.org\/{rel}","templated":true}]}}