{"id":198302,"date":"2026-02-24T21:05:00","date_gmt":"2026-02-25T00:05:00","guid":{"rendered":"https:\/\/www.correiobraziliense.com.br\/cbradar\/?p=198302"},"modified":"2026-02-23T21:00:58","modified_gmt":"2026-02-24T00:00:58","slug":"refugio-de-ar-puro-e-sossego-a-perola-do-vale-fica-a-apenas-80-km-da-capital-paulista","status":"publish","type":"post","link":"https:\/\/www.correiobraziliense.com.br\/cbradar\/refugio-de-ar-puro-e-sossego-a-perola-do-vale-fica-a-apenas-80-km-da-capital-paulista\/","title":{"rendered":"Ref\u00fagio de ar puro e sossego, a &#8220;P\u00e9rola do Vale&#8221; fica a apenas 80 km da capital paulista"},"content":{"rendered":"\n<p><strong>Guararema<\/strong>, situada a apenas 80 km da capital paulista, \u00e9 um ref\u00fagio de tranquilidade no cora\u00e7\u00e3o do Vale do Para\u00edba. Conhecida como a &#8220;P\u00e9rola do Vale&#8221;, a cidade se destaca por abrigar trechos preservados da Mata Atl\u00e2ntica e por ser um dos poucos locais onde o Rio Para\u00edba do Sul flui limpo e calmo, integrando uma infraestrutura tur\u00edstica charmosa com a simplicidade do interior.<\/p>\n\n\n\n<h2 class=\"wp-block-heading\">O que faz desta cidade um cen\u00e1rio de cinema?<\/h2>\n\n\n\n<p><strong>Guararema<\/strong> preserva uma atmosfera buc\u00f3lica que remete aos tempos do Brasil Col\u00f4nia, protegendo marcos arquitet\u00f4nicos seculares. Fundada oficialmente em <strong>1652<\/strong>, a cidade cresceu ao redor da hist\u00f3rica Freguesia da Escada, onde est\u00e1 localizada a Igreja de Nossa Senhora da Escada, que abriga a \u00fanica imagem de S\u00e3o Longuinho no pa\u00eds e \u00e9 tombada pelo<strong> Instituto do Patrim\u00f4nio Hist\u00f3rico e Art\u00edstico Nacional (<a href=\"http:\/\/portal.iphan.gov.br\/pagina\/detalhes\/369\" target=\"_blank\" rel=\"noreferrer noopener\">IPHAN<\/a>).<\/strong><\/p>\n\n\n\n<p>A cidade se transformou em um exemplo de gest\u00e3o tur\u00edstica, revitalizando antigas esta\u00e7\u00f5es ferrovi\u00e1rias e criando parques que dialogam com o rio. O capricho na manuten\u00e7\u00e3o urbana e a valoriza\u00e7\u00e3o da mem\u00f3ria ferrovi\u00e1ria tornam o destino um cen\u00e1rio perfeito para produ\u00e7\u00f5es audiovisuais e para quem busca uma viagem no tempo com conforto.<\/p>\n\n\n<div class=\"wp-block-image\">\n<figure class=\"aligncenter size-large\"><img decoding=\"async\" width=\"1024\" height=\"576\" src=\"https:\/\/www.correiobraziliense.com.br\/cbradar\/wp-content\/uploads\/2025\/12\/Design-sem-nome-96-1-1024x576.png\" alt=\"A &quot;P\u00e9rola do Vale&quot; de S\u00e3o Paulo \u00e9 surpreendentemente tranquila e une qualidade de vida com ar puro\" class=\"wp-image-158816\" srcset=\"https:\/\/www.correiobraziliense.com.br\/cbradar\/wp-content\/uploads\/2025\/12\/Design-sem-nome-96-1-1024x576.png 1024w, https:\/\/www.correiobraziliense.com.br\/cbradar\/wp-content\/uploads\/2025\/12\/Design-sem-nome-96-1-300x169.png 300w, https:\/\/www.correiobraziliense.com.br\/cbradar\/wp-content\/uploads\/2025\/12\/Design-sem-nome-96-1-768x432.png 768w, https:\/\/www.correiobraziliense.com.br\/cbradar\/wp-content\/uploads\/2025\/12\/Design-sem-nome-96-1-750x422.png 750w, https:\/\/www.correiobraziliense.com.br\/cbradar\/wp-content\/uploads\/2025\/12\/Design-sem-nome-96-1-1140x641.png 1140w, https:\/\/www.correiobraziliense.com.br\/cbradar\/wp-content\/uploads\/2025\/12\/Design-sem-nome-96-1.png 1280w\" sizes=\"(max-width: 1024px) 100vw, 1024px\" \/><figcaption class=\"wp-element-caption\">Curta passeios leves de caiaque no Para\u00edba em Guararema-SP, ref\u00fagio gostoso com pra\u00e7as charmosas e brisa tranquila. \/\/ Cr\u00e9ditos: Wikip\u00e9dia<\/figcaption><\/figure><\/div>\n\n\n<h2 class=\"wp-block-heading\">Onde encontrar as melhores vistas e passeios?<\/h2>\n\n\n\n<p><strong>O roteiro local \u00e9 diversificado, agradando tanto quem busca relaxar \u00e0 beira do rio quanto quem prefere trilhas e vistas panor\u00e2micas<\/strong>. A organiza\u00e7\u00e3o dos atrativos permite visitar os principais pontos em um final de semana, com acessibilidade e sinaliza\u00e7\u00e3o tur\u00edstica impec\u00e1vel.<\/p>\n\n\n\n<ul class=\"wp-block-list\">\n<li><strong>Recanto do Am\u00e9rico (Pau D&#8217;Alho)<\/strong>: O cart\u00e3o-postal da cidade, com pontes p\u00eanseis e decks sobre o Rio Para\u00edba do Sul.<\/li>\n\n\n\n<li><strong>Parque da Pedra Montada<\/strong>: Trilha suave que leva a uma curiosa sobreposi\u00e7\u00e3o natural de pedras gigantes.<\/li>\n\n\n\n<li><strong>Esta\u00e7\u00e3o Ferrovi\u00e1ria de Guararema<\/strong>: Pr\u00e9dio hist\u00f3rico restaurado de onde parte o passeio de Maria Fuma\u00e7a.<\/li>\n\n\n\n<li><strong>Ilha Grande<\/strong>: Uma ilha no meio do rio transformada em parque com trilhas e playground.<\/li>\n\n\n\n<li><strong>Mirante de Guararema<\/strong>: Estrutura moderna com elevador e vista 360\u00ba da cidade e da serra.<\/li>\n\n\n\n<li><strong>Igreja de Nossa Senhora da Escada<\/strong>: Templo de arquitetura barroca constru\u00eddo pelos jesu\u00edtas.<\/li>\n<\/ul>\n\n\n\n<p><strong>O charme de uma das cidades tur\u00edsticas mais acolhedoras do interior paulista. <\/strong>O v\u00eddeo \u00e9 do canal <strong>De fora em Juiz de Fora<\/strong>, que conta com mais de<strong> 120 mil inscritos<\/strong>, e apresenta Guararema, destacando o passeio de Maria Fuma\u00e7a, a charmosa Vila de Lu\u00eds Carlos e as belezas naturais do Recanto do Am\u00e9rico:<\/p>\n\n\n\n<figure class=\"wp-block-embed aligncenter is-type-video is-provider-youtube wp-block-embed-youtube wp-embed-aspect-16-9 wp-has-aspect-ratio\"><div class=\"wp-block-embed__wrapper\">\n<div class=\"jeg_video_container jeg_video_content\"><iframe loading=\"lazy\" title=\"CONHE\u00c7A GUARAREMA SP: Cidade Tur\u00edstica de S\u00c3O PAULO - com Tati Marmon\" width=\"500\" height=\"281\" src=\"https:\/\/www.youtube.com\/embed\/hdQCfMlRzTA?feature=oembed\" frameborder=\"0\" allow=\"accelerometer; autoplay; clipboard-write; encrypted-media; gyroscope; picture-in-picture; web-share\" referrerpolicy=\"strict-origin-when-cross-origin\" allowfullscreen><\/iframe><\/div>\n<\/div><\/figure>\n\n\n\n<h2 class=\"wp-block-heading\">Quais sabores marcam o Vale do Para\u00edba?<\/h2>\n\n\n\n<p>A gastronomia de <strong>Guararema<\/strong> \u00e9 um forte atrativo, misturando a culin\u00e1ria caipira tradicional com bistr\u00f4s contempor\u00e2neos. Os restaurantes \u00e0 beira do rio oferecem peixes frescos e a famosa galinhada, enquanto o bairro de Lu\u00eds Carlos, uma vila cenogr\u00e1fica restaurada, concentra caf\u00e9s e sorveterias artesanais.<\/p>\n\n\n\n<p>N\u00e3o deixe de provar os doces locais e os produtos derivados de orqu\u00eddeas, flor s\u00edmbolo da cidade. As padarias artesanais e emp\u00f3rios vendem queijos, cacha\u00e7as e o &#8220;Biscoito do Amor&#8221;, uma quitanda t\u00edpica que faz sucesso entre os turistas que caminham pelo cal\u00e7ad\u00e3o.<\/p>\n\n\n<div class=\"wp-block-image\">\n<figure class=\"aligncenter size-large\"><img decoding=\"async\" width=\"1024\" height=\"576\" src=\"https:\/\/www.correiobraziliense.com.br\/cbradar\/wp-content\/uploads\/2025\/12\/Design-sem-nome-97-1024x576.png\" alt=\"Pouca gente imagina, mas a \u201cCidade das Orqu\u00eddeas\u201d em S\u00e3o Paulo virou ref\u00fagio de ar puro e sossego\" class=\"wp-image-158817\" srcset=\"https:\/\/www.correiobraziliense.com.br\/cbradar\/wp-content\/uploads\/2025\/12\/Design-sem-nome-97-1024x576.png 1024w, https:\/\/www.correiobraziliense.com.br\/cbradar\/wp-content\/uploads\/2025\/12\/Design-sem-nome-97-300x169.png 300w, https:\/\/www.correiobraziliense.com.br\/cbradar\/wp-content\/uploads\/2025\/12\/Design-sem-nome-97-768x432.png 768w, https:\/\/www.correiobraziliense.com.br\/cbradar\/wp-content\/uploads\/2025\/12\/Design-sem-nome-97-750x422.png 750w, https:\/\/www.correiobraziliense.com.br\/cbradar\/wp-content\/uploads\/2025\/12\/Design-sem-nome-97-1140x641.png 1140w, https:\/\/www.correiobraziliense.com.br\/cbradar\/wp-content\/uploads\/2025\/12\/Design-sem-nome-97.png 1280w\" sizes=\"(max-width: 1024px) 100vw, 1024px\" \/><figcaption class=\"wp-element-caption\"> Guararema-SP oferece roteiros familiares com parques acess\u00edveis e fazendas hist\u00f3ricas para experi\u00eancias sustent\u00e1veis. \/\/ Cr\u00e9ditos: Wikip\u00e9dia<\/figcaption><\/figure><\/div>\n\n\n<p><strong>Leia tamb\u00e9m: <a href=\"https:\/\/www.correiobraziliense.com.br\/cbradar\/uma-pequena-italia-no-interior-do-sul-com-apenas-2-600-moradores-preserva-sua-cultura-intocada-e-recebe-turistas-com-hospitalidade\/\" target=\"_blank\" rel=\"noreferrer noopener\">Uma pequena It\u00e1lia no interior do Sul com apenas 2.600 moradores preserva sua cultura intocada e recebe turistas com hospitalidade.<\/a><\/strong><\/p>\n\n\n\n<h2 class=\"wp-block-heading\">Quando as luzes e as flores dominam a paisagem?<\/h2>\n\n\n\n<p><strong>O clima \u00e9 agrad\u00e1vel o ano todo, mas o inverno e o final de ano s\u00e3o momentos especiais.<\/strong> A altitude de <strong>585 metros<\/strong> garante noites frescas e neblinas matinais charmosas. A temperatura mais baixa registrada na regi\u00e3o do Alto Tiet\u00ea foi de aproximadamente <strong>1\u00b0C<\/strong> em invernos rigorosos como o de 2021, convidando para vinhos e lareiras.<\/p>\n\n\n\n<div class=\"google-auto-ads-ignore\" style=\"font-family: 'Segoe UI', Roboto, Helvetica, Arial, sans-serif; max-width: 1100px; margin: 20px auto; display: flex; flex-wrap: wrap; gap: 20px; justify-content: center;\">\n\n  <div style=\"flex: 1 1 250px; background: #ffffff; border-radius: 16px; border: 1px solid #bae6fd; box-shadow: 0 4px 20px rgba(14, 165, 233, 0.08); overflow: hidden; display: flex; flex-direction: column;\">\n    <div style=\"background: #f0f9ff; padding: 15px; border-bottom: 1px solid #e0f2fe; display: flex; align-items: center; gap: 10px;\">\n      <div style=\"background: #0284c7; padding: 6px; border-radius: 8px; display: flex;\">\n        <svg width=\"18\" height=\"18\" viewBox=\"0 0 24 24\" fill=\"none\" stroke=\"#ffffff\" stroke-width=\"2.5\" stroke-linecap=\"round\" stroke-linejoin=\"round\"><circle cx=\"12\" cy=\"12\" r=\"5\"\/><line x1=\"12\" y1=\"1\" x2=\"12\" y2=\"3\"\/><line x1=\"12\" y1=\"21\" x2=\"12\" y2=\"23\"\/><line x1=\"4.22\" y1=\"4.22\" x2=\"5.64\" y2=\"5.64\"\/><line x1=\"18.36\" y1=\"18.36\" x2=\"19.78\" y2=\"19.78\"\/><line x1=\"1\" y1=\"12\" x2=\"3\" y2=\"12\"\/><line x1=\"21\" y1=\"12\" x2=\"23\" y2=\"12\"\/><line x1=\"4.22\" y1=\"19.78\" x2=\"5.64\" y2=\"18.36\"\/><line x1=\"18.36\" y1=\"5.64\" x2=\"19.78\" y2=\"4.22\"\/><\/svg>\n      <\/div>\n      <span style=\"font-size: 0.9rem; font-weight: 800; color: #0c4a6e; letter-spacing: 0.05em;\">VER\u00c3O<\/span>\n    <\/div>\n    \n    <div style=\"padding: 20px; flex-grow: 1; display: flex; flex-direction: column; gap: 15px;\">\n      <div style=\"text-align: center;\">\n        <div style=\"font-size: 0.85rem; font-weight: 700; color: #0369a1; text-transform: uppercase;\">Janeiro &#8211; Mar\u00e7o<\/div>\n        <div style=\"font-size: 1.6rem; font-weight: 900; color: #0284c7;\">20\u00b0C a 30\u00b0C<\/div>\n      <\/div>\n      <div style=\"background: #f0f9ff; padding: 8px; border-radius: 8px; text-align: center; color: #0369a1; font-size: 0.75rem; font-weight: 800;\">\u2600\ufe0f LAZER FLUVIAL<\/div>\n      <div style=\"color: #475569; font-size: 0.9rem; line-height: 1.4; text-align: center;\">\n        Per\u00edodo de calor ideal para <strong style=\"color: #0284c7;\">passeios nos parques fluviais<\/strong> \u00e0 beira do Rio Para\u00edba. No fim de tarde, a parada \u00e9 obrigat\u00f3ria para os <strong style=\"color: #0284c7;\">sorvetes em Lu\u00eds Carlos<\/strong>.\n      <\/div>\n    <\/div>\n  <\/div>\n\n  <div style=\"flex: 1 1 250px; background: #ffffff; border-radius: 16px; border: 1px solid #bae6fd; box-shadow: 0 4px 20px rgba(14, 165, 233, 0.08); overflow: hidden; display: flex; flex-direction: column;\">\n    <div style=\"background: #f0f9ff; padding: 15px; border-bottom: 1px solid #e0f2fe; display: flex; align-items: center; gap: 10px;\">\n      <div style=\"background: #0284c7; padding: 6px; border-radius: 8px; display: flex;\">\n        <svg width=\"18\" height=\"18\" viewBox=\"0 0 24 24\" fill=\"none\" stroke=\"#ffffff\" stroke-width=\"2.5\" stroke-linecap=\"round\" stroke-linejoin=\"round\"><rect x=\"2\" y=\"9\" width=\"20\" height=\"8\" rx=\"2\"\/><path d=\"M6 17v2\"\/><path d=\"M18 17v2\"\/><path d=\"M4 9V7a2 2 0 0 1 2-2h12a2 2 0 0 1 2 2v2\"\/><path d=\"M12 9V5\"\/><\/svg>\n      <\/div>\n      <span style=\"font-size: 0.9rem; font-weight: 800; color: #0c4a6e; letter-spacing: 0.05em;\">OUTONO<\/span>\n    <\/div>\n    \n    <div style=\"padding: 20px; flex-grow: 1; display: flex; flex-direction: column; gap: 15px;\">\n      <div style=\"text-align: center;\">\n        <div style=\"font-size: 0.85rem; font-weight: 700; color: #0369a1; text-transform: uppercase;\">Abril &#8211; Junho<\/div>\n        <div style=\"font-size: 1.6rem; font-weight: 900; color: #0284c7;\">15\u00b0C a 25\u00b0C<\/div>\n      <\/div>\n      <div style=\"background: #f0f9ff; padding: 8px; border-radius: 8px; text-align: center; color: #0369a1; font-size: 0.75rem; font-weight: 800;\">\ud83c\udf42 CLIMA AMENO<\/div>\n      <div style=\"color: #475569; font-size: 0.9rem; line-height: 1.4; text-align: center;\">\n        A temperatura fica perfeita para o cl\u00e1ssico <strong style=\"color: #0284c7;\">passeio de Maria Fuma\u00e7a<\/strong>. Aproveite as <strong style=\"color: #0284c7;\">feiras livres<\/strong> e o charme da arquitetura hist\u00f3rica da Vila de Lu\u00eds Carlos.\n      <\/div>\n    <\/div>\n  <\/div>\n\n  <div style=\"flex: 1 1 250px; background: #ffffff; border-radius: 16px; border: 1px solid #bae6fd; box-shadow: 0 4px 20px rgba(14, 165, 233, 0.08); overflow: hidden; display: flex; flex-direction: column;\">\n    <div style=\"background: #f0f9ff; padding: 15px; border-bottom: 1px solid #e0f2fe; display: flex; align-items: center; gap: 10px;\">\n      <div style=\"background: #0284c7; padding: 6px; border-radius: 8px; display: flex;\">\n        <svg width=\"18\" height=\"18\" viewBox=\"0 0 24 24\" fill=\"none\" stroke=\"#ffffff\" stroke-width=\"2.5\" stroke-linecap=\"round\" stroke-linejoin=\"round\"><path d=\"M12 2l3.09 6.26L22 9.27l-5 4.87 1.18 6.88L12 17.77l-6.18 3.25L7 14.14 2 9.27l6.91-1.01L12 2z\"\/><\/svg>\n      <\/div>\n      <span style=\"font-size: 0.9rem; font-weight: 800; color: #0c4a6e; letter-spacing: 0.05em;\">INVERNO<\/span>\n    <\/div>\n    \n    <div style=\"padding: 20px; flex-grow: 1; display: flex; flex-direction: column; gap: 15px;\">\n      <div style=\"text-align: center;\">\n        <div style=\"font-size: 0.85rem; font-weight: 700; color: #0369a1; text-transform: uppercase;\">Julho &#8211; Setembro<\/div>\n        <div style=\"font-size: 1.6rem; font-weight: 900; color: #0284c7;\">10\u00b0C a 24\u00b0C<\/div>\n      <\/div>\n      <div style=\"background: #f0f9ff; padding: 8px; border-radius: 8px; text-align: center; color: #0369a1; font-size: 0.75rem; font-weight: 800;\">\u2744\ufe0f IP\u00caS E SABORES<\/div>\n      <div style=\"color: #475569; font-size: 0.9rem; line-height: 1.4; text-align: center;\">\n        \u00c9poca da bel\u00edssima <strong style=\"color: #0284c7;\">florada dos ip\u00eas<\/strong> que colorem a cidade. O frio convida para os <strong style=\"color: #0284c7;\">festivais gastron\u00f4micos de inverno<\/strong>, com fondues e pratos t\u00edpicos.\n      <\/div>\n    <\/div>\n  <\/div>\n\n  <div style=\"flex: 1 1 250px; background: #ffffff; border-radius: 16px; border: 1px solid #bae6fd; box-shadow: 0 4px 20px rgba(14, 165, 233, 0.08); overflow: hidden; display: flex; flex-direction: column;\">\n    <div style=\"background: #f0f9ff; padding: 15px; border-bottom: 1px solid #e0f2fe; display: flex; align-items: center; gap: 10px;\">\n      <div style=\"background: #0284c7; padding: 6px; border-radius: 8px; display: flex;\">\n        <svg width=\"18\" height=\"18\" viewBox=\"0 0 24 24\" fill=\"none\" stroke=\"#ffffff\" stroke-width=\"2.5\" stroke-linecap=\"round\" stroke-linejoin=\"round\"><path d=\"m12 3-1.912 5.813a2 2 0 0 1-1.275 1.275L3 12l5.813 1.912a2 2 0 0 1 1.275 1.275L12 21l1.912-5.813a2 2 0 0 1 1.275-1.275L21 12l-5.813-1.912a2 2 0 0 1-1.275-1.275L12 3Z\"\/><\/svg>\n      <\/div>\n      <span style=\"font-size: 0.9rem; font-weight: 800; color: #0c4a6e; letter-spacing: 0.05em;\">PRIMAVERA<\/span>\n    <\/div>\n    \n    <div style=\"padding: 20px; flex-grow: 1; display: flex; flex-direction: column; gap: 15px;\">\n      <div style=\"text-align: center;\">\n        <div style=\"font-size: 0.85rem; font-weight: 700; color: #0369a1; text-transform: uppercase;\">Outubro &#8211; Dezembro<\/div>\n        <div style=\"font-size: 1.6rem; font-weight: 900; color: #0284c7;\">18\u00b0C a 28\u00b0C<\/div>\n      <\/div>\n      <div style=\"background: #f0f9ff; padding: 8px; border-radius: 8px; text-align: center; color: #0369a1; font-size: 0.75rem; font-weight: 800;\">\u2728 CIDADE LUZ<\/div>\n      <div style=\"color: #475569; font-size: 0.9rem; line-height: 1.4; text-align: center;\">\n        O auge tur\u00edstico da cidade! A <strong style=\"color: #0284c7;\">Guararema Cidade Luz<\/strong> transforma as ruas com decora\u00e7\u00f5es de Natal imperd\u00edveis e um clima de magia que encanta todas as idades.\n      <\/div>\n    <\/div>\n  <\/div>\n\n<\/div>\n\n\n\n<p><em>Baseado em dados clim\u00e1ticos aproximados aos do <strong><a href=\"https:\/\/www.climatempo.com.br\/previsao-do-tempo\/cidade\/2313\/guararema-sp\" target=\"_blank\" rel=\"noreferrer noopener\">Climatempo<\/a>.<\/strong><\/em><\/p>\n\n\n\n<h2 class=\"wp-block-heading\">Qual o caminho para este ref\u00fagio?<\/h2>\n\n\n\n<p><strong>Guararema<\/strong> possui acesso facilitado pelas melhores rodovias do pa\u00eds. Saindo de S\u00e3o Paulo, o trajeto \u00e9 feito pelo sistema Ayrton Senna\/Carvalho Pinto (SP-070) ou pela Rodovia Presidente Dutra (BR-116), levando cerca de uma hora de viagem em pista duplicada e segura.<\/p>\n\n\n\n<p>A cidade n\u00e3o conta com aeroporto pr\u00f3prio, sendo o Aeroporto Internacional de Guarulhos (GRU) a op\u00e7\u00e3o mais pr\u00f3xima, a cerca de 50 minutos de carro. O centro da cidade e os principais atrativos possuem estacionamentos, mas caminhar pelas \u00e1reas centrais \u00e9 a melhor forma de sentir o clima acolhedor do munic\u00edpio.<\/p>\n\n\n\n<h2 class=\"wp-block-heading\">Guararema merece sua visita<\/h2>\n\n\n\n<p><strong>O destino prova que \u00e9 poss\u00edvel encontrar paz, seguran\u00e7a e beleza natural a poucos quil\u00f4metros de uma metr\u00f3pole.<\/strong> A &#8220;Cidade Natal&#8221; brilha n\u00e3o apenas pelas luzes de fim de ano, mas pelo cuidado constante com sua hist\u00f3ria e meio ambiente.<\/p>\n\n\n\n<ul class=\"wp-block-list\">\n<li>Encante-se com a arquitetura da Vila de Lu\u00eds Carlos.<\/li>\n\n\n\n<li>Relaxe ouvindo o som das \u00e1guas no Recanto do Am\u00e9rico.<\/li>\n\n\n\n<li>Vivencie a f\u00e9 e a hist\u00f3ria na Freguesia da Escada.<\/li>\n<\/ul>\n\n\n\n<p>A P\u00e9rola do Vale est\u00e1 pronta para receber voc\u00ea com hospitalidade e paisagens inesquec\u00edveis!<\/p>\n","protected":false},"excerpt":{"rendered":"<p>Guararema, situada a apenas 80 km da capital paulista, \u00e9 um ref\u00fagio de tranquilidade no cora\u00e7\u00e3o do Vale do Para\u00edba. Conhecida como a &#8220;P\u00e9rola do Vale&#8221;, a cidade se destaca por abrigar trechos preservados da Mata Atl\u00e2ntica e por ser um dos poucos locais onde o Rio Para\u00edba do Sul flui limpo e calmo, integrando [&hellip;]<\/p>\n","protected":false},"author":8,"featured_media":194028,"comment_status":"open","ping_status":"open","sticky":false,"template":"","format":"standard","meta":{"_yoast_wpseo_focuskw":"P\u00e9rola do Vale","_yoast_wpseo_title":"","_yoast_wpseo_metadesc":"No interior paulista, cidade apelidada de \u201cP\u00e9rola do Vale\u201d atrai quem busca bem-estar a poucos quil\u00f4metros da capital.","jnews-multi-image_gallery":[],"jnews_single_post":{"format":"standard"},"jnews_primary_category":[],"jnews_social_meta":[],"jnews_override_counter":[],"footnotes":""},"categories":[108,111],"post_tag":[12979,278],"class_list":["post-198302","post","type-post","status-publish","format-standard","has-post-thumbnail","hentry","category-cidades","category-turismo","tag-guararema","tag-sao-paulo"],"yoast_head":"<!-- This site is optimized with the Yoast SEO plugin v24.6 - https:\/\/yoast.com\/wordpress\/plugins\/seo\/ -->\n<title>Ref\u00fagio de ar puro e sossego, a &quot;P\u00e9rola do Vale&quot; fica a apenas 80 km da capital paulista - Correio Braziliense - Radar<\/title>\n<meta name=\"description\" content=\"No interior paulista, cidade apelidada de \u201cP\u00e9rola do Vale\u201d atrai quem busca bem-estar a poucos quil\u00f4metros da capital.\" \/>\n<meta name=\"robots\" content=\"index, follow, max-snippet:-1, max-image-preview:large, max-video-preview:-1\" \/>\n<link rel=\"canonical\" href=\"https:\/\/www.correiobraziliense.com.br\/cbradar\/refugio-de-ar-puro-e-sossego-a-perola-do-vale-fica-a-apenas-80-km-da-capital-paulista\/\" \/>\n<meta property=\"og:locale\" content=\"pt_BR\" \/>\n<meta property=\"og:type\" content=\"article\" \/>\n<meta property=\"og:title\" content=\"Ref\u00fagio de ar puro e sossego, a &quot;P\u00e9rola do Vale&quot; fica a apenas 80 km da capital paulista - Correio Braziliense - Radar\" \/>\n<meta property=\"og:description\" content=\"No interior paulista, cidade apelidada de \u201cP\u00e9rola do Vale\u201d atrai quem busca bem-estar a poucos quil\u00f4metros da capital.\" \/>\n<meta property=\"og:url\" content=\"https:\/\/www.correiobraziliense.com.br\/cbradar\/refugio-de-ar-puro-e-sossego-a-perola-do-vale-fica-a-apenas-80-km-da-capital-paulista\/\" \/>\n<meta property=\"og:site_name\" content=\"Correio Braziliense - Radar\" \/>\n<meta property=\"article:published_time\" content=\"2026-02-25T00:05:00+00:00\" \/>\n<meta property=\"og:image\" content=\"https:\/\/www.correiobraziliense.com.br\/cbradar\/wp-content\/uploads\/2026\/02\/aaa-2026-02-15T045222.146.png\" \/>\n\t<meta property=\"og:image:width\" content=\"1280\" \/>\n\t<meta property=\"og:image:height\" content=\"720\" \/>\n\t<meta property=\"og:image:type\" content=\"image\/png\" \/>\n<meta name=\"author\" content=\"Maura Pereira\" \/>\n<meta name=\"twitter:card\" content=\"summary_large_image\" \/>\n<meta name=\"twitter:label1\" content=\"Escrito por\" \/>\n\t<meta name=\"twitter:data1\" content=\"Maura Pereira\" \/>\n\t<meta name=\"twitter:label2\" content=\"Est. tempo de leitura\" \/>\n\t<meta name=\"twitter:data2\" content=\"6 minutos\" \/>\n<!-- \/ Yoast SEO plugin. -->","yoast_head_json":{"title":"Ref\u00fagio de ar puro e sossego, a \"P\u00e9rola do Vale\" fica a apenas 80 km da capital paulista - Correio Braziliense - Radar","description":"No interior paulista, cidade apelidada de \u201cP\u00e9rola do Vale\u201d atrai quem busca bem-estar a poucos quil\u00f4metros da capital.","robots":{"index":"index","follow":"follow","max-snippet":"max-snippet:-1","max-image-preview":"max-image-preview:large","max-video-preview":"max-video-preview:-1"},"canonical":"https:\/\/www.correiobraziliense.com.br\/cbradar\/refugio-de-ar-puro-e-sossego-a-perola-do-vale-fica-a-apenas-80-km-da-capital-paulista\/","og_locale":"pt_BR","og_type":"article","og_title":"Ref\u00fagio de ar puro e sossego, a \"P\u00e9rola do Vale\" fica a apenas 80 km da capital paulista - Correio Braziliense - Radar","og_description":"No interior paulista, cidade apelidada de \u201cP\u00e9rola do Vale\u201d atrai quem busca bem-estar a poucos quil\u00f4metros da capital.","og_url":"https:\/\/www.correiobraziliense.com.br\/cbradar\/refugio-de-ar-puro-e-sossego-a-perola-do-vale-fica-a-apenas-80-km-da-capital-paulista\/","og_site_name":"Correio Braziliense - Radar","article_published_time":"2026-02-25T00:05:00+00:00","og_image":[{"width":1280,"height":720,"url":"https:\/\/www.correiobraziliense.com.br\/cbradar\/wp-content\/uploads\/2026\/02\/aaa-2026-02-15T045222.146.png","type":"image\/png"}],"author":"Maura Pereira","twitter_card":"summary_large_image","twitter_misc":{"Escrito por":"Maura Pereira","Est. tempo de leitura":"6 minutos"},"schema":{"@context":"https:\/\/schema.org","@graph":[{"@type":"WebPage","@id":"https:\/\/www.correiobraziliense.com.br\/cbradar\/refugio-de-ar-puro-e-sossego-a-perola-do-vale-fica-a-apenas-80-km-da-capital-paulista\/","url":"https:\/\/www.correiobraziliense.com.br\/cbradar\/refugio-de-ar-puro-e-sossego-a-perola-do-vale-fica-a-apenas-80-km-da-capital-paulista\/","name":"Ref\u00fagio de ar puro e sossego, a \"P\u00e9rola do Vale\" fica a apenas 80 km da capital paulista - Correio Braziliense - Radar","isPartOf":{"@id":"https:\/\/www.correiobraziliense.com.br\/cbradar\/#website"},"primaryImageOfPage":{"@id":"https:\/\/www.correiobraziliense.com.br\/cbradar\/refugio-de-ar-puro-e-sossego-a-perola-do-vale-fica-a-apenas-80-km-da-capital-paulista\/#primaryimage"},"image":{"@id":"https:\/\/www.correiobraziliense.com.br\/cbradar\/refugio-de-ar-puro-e-sossego-a-perola-do-vale-fica-a-apenas-80-km-da-capital-paulista\/#primaryimage"},"thumbnailUrl":"https:\/\/www.correiobraziliense.com.br\/cbradar\/wp-content\/uploads\/2026\/02\/aaa-2026-02-15T045222.146.png","datePublished":"2026-02-25T00:05:00+00:00","author":{"@id":"https:\/\/www.correiobraziliense.com.br\/cbradar\/#\/schema\/person\/4053c651a9bfc785afc6f4cbc9032fd3"},"description":"No interior paulista, cidade apelidada de \u201cP\u00e9rola do Vale\u201d atrai quem busca bem-estar a poucos quil\u00f4metros da capital.","breadcrumb":{"@id":"https:\/\/www.correiobraziliense.com.br\/cbradar\/refugio-de-ar-puro-e-sossego-a-perola-do-vale-fica-a-apenas-80-km-da-capital-paulista\/#breadcrumb"},"inLanguage":"pt-BR","potentialAction":[{"@type":"ReadAction","target":["https:\/\/www.correiobraziliense.com.br\/cbradar\/refugio-de-ar-puro-e-sossego-a-perola-do-vale-fica-a-apenas-80-km-da-capital-paulista\/"]}]},{"@type":"ImageObject","inLanguage":"pt-BR","@id":"https:\/\/www.correiobraziliense.com.br\/cbradar\/refugio-de-ar-puro-e-sossego-a-perola-do-vale-fica-a-apenas-80-km-da-capital-paulista\/#primaryimage","url":"https:\/\/www.correiobraziliense.com.br\/cbradar\/wp-content\/uploads\/2026\/02\/aaa-2026-02-15T045222.146.png","contentUrl":"https:\/\/www.correiobraziliense.com.br\/cbradar\/wp-content\/uploads\/2026\/02\/aaa-2026-02-15T045222.146.png","width":1280,"height":720,"caption":"Guararema-SP oferece roteiros familiares com parques acess\u00edveis e fazendas hist\u00f3ricas para experi\u00eancias sustent\u00e1veis. \/ Imagem ilustrativa"},{"@type":"BreadcrumbList","@id":"https:\/\/www.correiobraziliense.com.br\/cbradar\/refugio-de-ar-puro-e-sossego-a-perola-do-vale-fica-a-apenas-80-km-da-capital-paulista\/#breadcrumb","itemListElement":[{"@type":"ListItem","position":1,"name":"In\u00edcio","item":"https:\/\/www.correiobraziliense.com.br\/cbradar\/"},{"@type":"ListItem","position":2,"name":"Ref\u00fagio de ar puro e sossego, a &#8220;P\u00e9rola do Vale&#8221; fica a apenas 80 km da capital paulista"}]},{"@type":"WebSite","@id":"https:\/\/www.correiobraziliense.com.br\/cbradar\/#website","url":"https:\/\/www.correiobraziliense.com.br\/cbradar\/","name":"Correio Braziliense - Radar","description":"Acompanhe as \u00faltimas not\u00edcias e fique bem informado sobre tudo o que acontece no Brasil e no mundo.","potentialAction":[{"@type":"SearchAction","target":{"@type":"EntryPoint","urlTemplate":"https:\/\/www.correiobraziliense.com.br\/cbradar\/?s={search_term_string}"},"query-input":{"@type":"PropertyValueSpecification","valueRequired":true,"valueName":"search_term_string"}}],"inLanguage":"pt-BR"},{"@type":"Person","@id":"https:\/\/www.correiobraziliense.com.br\/cbradar\/#\/schema\/person\/4053c651a9bfc785afc6f4cbc9032fd3","name":"Maura Pereira","image":{"@type":"ImageObject","inLanguage":"pt-BR","@id":"https:\/\/www.correiobraziliense.com.br\/cbradar\/#\/schema\/person\/image\/","url":"https:\/\/secure.gravatar.com\/avatar\/3effd6bdadfa447f15089c7f7144eaa6?s=96&d=mm&r=g","contentUrl":"https:\/\/secure.gravatar.com\/avatar\/3effd6bdadfa447f15089c7f7144eaa6?s=96&d=mm&r=g","caption":"Maura Pereira"},"sameAs":["https:\/\/www.correiobraziliense.com.br\/"],"url":"https:\/\/www.correiobraziliense.com.br\/cbradar\/author\/mauramyth\/"}]}},"_links":{"self":[{"href":"https:\/\/www.correiobraziliense.com.br\/cbradar\/wp-json\/wp\/v2\/posts\/198302","targetHints":{"allow":["GET"]}}],"collection":[{"href":"https:\/\/www.correiobraziliense.com.br\/cbradar\/wp-json\/wp\/v2\/posts"}],"about":[{"href":"https:\/\/www.correiobraziliense.com.br\/cbradar\/wp-json\/wp\/v2\/types\/post"}],"author":[{"embeddable":true,"href":"https:\/\/www.correiobraziliense.com.br\/cbradar\/wp-json\/wp\/v2\/users\/8"}],"replies":[{"embeddable":true,"href":"https:\/\/www.correiobraziliense.com.br\/cbradar\/wp-json\/wp\/v2\/comments?post=198302"}],"version-history":[{"count":12,"href":"https:\/\/www.correiobraziliense.com.br\/cbradar\/wp-json\/wp\/v2\/posts\/198302\/revisions"}],"predecessor-version":[{"id":198537,"href":"https:\/\/www.correiobraziliense.com.br\/cbradar\/wp-json\/wp\/v2\/posts\/198302\/revisions\/198537"}],"wp:featuredmedia":[{"embeddable":true,"href":"https:\/\/www.correiobraziliense.com.br\/cbradar\/wp-json\/wp\/v2\/media\/194028"}],"wp:attachment":[{"href":"https:\/\/www.correiobraziliense.com.br\/cbradar\/wp-json\/wp\/v2\/media?parent=198302"}],"wp:term":[{"taxonomy":"category","embeddable":true,"href":"https:\/\/www.correiobraziliense.com.br\/cbradar\/wp-json\/wp\/v2\/categories?post=198302"},{"taxonomy":"post_tag","embeddable":true,"href":"https:\/\/www.correiobraziliense.com.br\/cbradar\/wp-json\/wp\/v2\/post_tag?post=198302"}],"curies":[{"name":"wp","href":"https:\/\/api.w.org\/{rel}","templated":true}]}}