{"id":198392,"date":"2026-02-24T07:45:00","date_gmt":"2026-02-24T10:45:00","guid":{"rendered":"https:\/\/www.correiobraziliense.com.br\/cbradar\/?p=198392"},"modified":"2026-02-23T15:41:02","modified_gmt":"2026-02-23T18:41:02","slug":"endometriose-pode-causar-dor-intensa-e-comprometer-fertilidade-feminina","status":"publish","type":"post","link":"https:\/\/www.correiobraziliense.com.br\/cbradar\/endometriose-pode-causar-dor-intensa-e-comprometer-fertilidade-feminina\/","title":{"rendered":"Endometriose pode causar dor intensa e comprometer fertilidade feminina"},"content":{"rendered":"\n<p>A <strong>Endometriose <\/strong>\u00e9 uma condi\u00e7\u00e3o ginecol\u00f3gica cr\u00f4nica em que um tecido semelhante ao endom\u00e9trio cresce fora do \u00fatero, podendo afetar \u00f3rg\u00e3os adjacentes, gerar inflama\u00e7\u00e3o, dor intensa e impactar a qualidade de vida de mulheres em idade reprodutiva.<\/p>\n\n\n\n<h2 class=\"wp-block-heading\">Como a endometriose se manifesta e qual sua frequ\u00eancia?<\/h2>\n\n\n\n<p>Estima-se que aproximadamente 10% das mulheres em idade f\u00e9rtil tenham endometriose, segundo a Organiza\u00e7\u00e3o Mundial da Sa\u00fade (OMS). O tecido ect\u00f3pico responde aos horm\u00f4nios do ciclo menstrual, sangra sem ter por onde escoar e pode levar \u00e0 forma\u00e7\u00e3o de ader\u00eancias e cicatrizes.<\/p>\n\n\n\n<p>Al\u00e9m da dor, a doen\u00e7a est\u00e1 associada a inflama\u00e7\u00e3o cr\u00f4nica, altera\u00e7\u00f5es anat\u00f4micas p\u00e9lvicas e, em alguns casos, comprometimento da fertilidade. O diagn\u00f3stico costuma ser tardio, pois muitos sintomas s\u00e3o confundidos com c\u00f3licas \u201cnormais\u201d ou outros problemas ginecol\u00f3gicos.<\/p>\n\n\n\n<p>Para compreender melhor o que \u00e9 a endometriose e quais s\u00e3o seus principais impactos na sa\u00fade da mulher, assista ao v\u00eddeo a seguir, no qual o <strong>Dr. Drauzio Varella<\/strong> explica o assunto de forma clara e did\u00e1tica no canal <strong>Drauzio Varella<\/strong>.<\/p>\n\n\n\n<iframe loading=\"lazy\" width=\"1396\" height=\"785\" src=\"https:\/\/www.youtube.com\/embed\/P5G-ouo8T6o\" title=\"Endometriose | Drauzio Comenta #38\" frameborder=\"0\" allow=\"accelerometer; autoplay; clipboard-write; encrypted-media; gyroscope; picture-in-picture; web-share\" referrerpolicy=\"strict-origin-when-cross-origin\" allowfullscreen><\/iframe>\n\n\n\n<h2 class=\"wp-block-heading\">Quais s\u00e3o os principais sintomas da endometriose?<\/h2>\n\n\n\n<p>O sintoma mais caracter\u00edstico da endometriose \u00e9 a c\u00f3lica menstrual intensa (dismenorreia), muitas vezes incapacitante. Tamb\u00e9m podem surgir dor p\u00e9lvica cr\u00f4nica, dor durante as rela\u00e7\u00f5es sexuais e dificuldade para engravidar, que frequentemente leva \u00e0 investiga\u00e7\u00e3o da doen\u00e7a.<\/p>\n\n\n\n<p>Esses sinais podem piorar ao longo do tempo, afetando estudos, trabalho, sono e vida social. Al\u00e9m disso, alguns sintomas gerais, como cansa\u00e7o extremo e mal-estar, est\u00e3o diretamente relacionados ao processo inflamat\u00f3rio cont\u00ednuo.<\/p>\n\n\n\n<ul class=\"wp-block-list\">\n<li><strong>Dor p\u00e9lvica cr\u00f4nica:<\/strong>\u00a0Desconforto que persiste por mais de seis meses e pode ocorrer fora do per\u00edodo menstrual.<\/li>\n\n\n\n<li><strong>Dor durante o contato \u00edntimo:<\/strong>\u00a0Sensa\u00e7\u00e3o de press\u00e3o ou pontadas profundas durante ou ap\u00f3s a rela\u00e7\u00e3o sexual.<\/li>\n\n\n\n<li><strong>Infertilidade:<\/strong>\u00a0Dificuldade para engravidar, sendo uma das consequ\u00eancias mais s\u00e9rias da doen\u00e7a.<\/li>\n\n\n\n<li><strong>Fadiga extrema:<\/strong>\u00a0Estado constante de cansa\u00e7o relacionado \u00e0 inflama\u00e7\u00e3o cont\u00ednua causada pela endometriose.<\/li>\n<\/ul>\n\n\n\n<h2 class=\"wp-block-heading\">Como a endometriose pode afetar o intestino?<\/h2>\n\n\n\n<p>Quando o tecido semelhante ao endom\u00e9trio se aloja no intestino, os sintomas podem lembrar a s\u00edndrome do intestino irrit\u00e1vel. Durante o ciclo menstrual, tornam-se mais evidentes a dor ao evacuar, o incha\u00e7o abdominal intenso (conhecido como \u201cendobelly\u201d) e, em alguns casos, o sangramento retal.<\/p>\n\n\n\n<p>Tamb\u00e9m podem ocorrer altern\u00e2ncia entre diarreia e constipa\u00e7\u00e3o, geralmente seguindo um padr\u00e3o c\u00edclico relacionado \u00e0s varia\u00e7\u00f5es hormonais. Esses sinais digestivos podem atrasar o diagn\u00f3stico, pois muitas vezes s\u00e3o atribu\u00eddos inicialmente a doen\u00e7as exclusivamente intestinais.<\/p>\n\n\n\n<!-- \ud83c\udf3f Tabela: \ud83e\ude7a Endometriose Intestinal \u2013 Principais Sinais e Sintomas -->\n\n<div class=\"endometriose-table\" role=\"region\" aria-labelledby=\"endometriose-caption\">\n  <style>\n    .endometriose-table{\n      --bg: #fff1f2;\n      --text: #881337;\n      --muted: #9f1239;\n      --border: #fecdd3;\n      --primary: #be123c;\n      --primary-bg: #ffe4e6;\n      --highlight: #fff7f8;\n      --radius: 16px;\n      --shadow: 0 8px 22px rgba(190,18,60,.08);\n      margin:1rem 0 2rem; background:var(--bg);\n      border:1px solid var(--border); border-radius:var(--radius);\n      box-shadow:var(--shadow); overflow:hidden;\n      font-family:\"Poppins\",sans-serif; font-size:.97rem;\n    }\n    .endometriose-table .header{\n      padding:1rem 1.25rem; border-bottom:1px solid var(--border);\n      background:linear-gradient(90deg,var(--highlight) 0%,var(--primary-bg) 100%);\n    }\n    .endometriose-table .header h3{ margin:0; font-size:1.25rem; font-weight:700; color:var(--text); }\n    .endometriose-table .header p{ margin:.35rem 0 0; font-size:.95rem; color:var(--muted); }\n    .endometriose-table .table-wrap{ overflow-x:auto; -webkit-overflow-scrolling:touch; scrollbar-width:thin; }\n    .endometriose-table table{ width:100%; border-collapse:separate; border-spacing:0; min-width:700px; }\n    .endometriose-table thead th{\n      text-align:left; font-weight:700; color:var(--text);\n      background:var(--primary-bg); padding:.9rem 1rem; border-bottom:2px solid var(--border);\n    }\n    .endometriose-table tbody td{\n      padding:1rem; border-bottom:1px solid var(--border);\n      vertical-align:top; color:var(--text); background:#fff; line-height:1.5;\n    }\n    .endometriose-table tbody tr:nth-child(odd) td{ background:var(--highlight); }\n    .endometriose-table tbody tr:hover td{ background:color-mix(in oklab, var(--primary-bg) 70%, white); transition:all .25s ease-in-out; }\n    .endometriose-table .name{ font-weight:700; font-size:1rem; color:var(--text); }\n    .endometriose-table .desc{ color:var(--muted); }\n    .endometriose-table .price{\n      display:inline-block; background:color-mix(in oklab, var(--primary) 10%, white);\n      color:var(--primary); border:1px solid var(--border); border-radius:999px;\n      padding:.35rem .7rem; font-weight:700; font-size:.9rem; margin-top:.3rem;\n    }\n    @media (max-width:640px){ .endometriose-table table{ min-width:600px; } .endometriose-table .header h3{ font-size:1.1rem; } }\n  <\/style>\n\n  <div class=\"header\">\n    <h3 id=\"endometriose-caption\">\ud83e\ude7a Endometriose Intestinal \u2013 Principais Sinais e Sintomas<\/h3>\n    <p>Manifesta\u00e7\u00f5es digestivas que podem se intensificar durante o ciclo menstrual.<\/p>\n  <\/div>\n\n  <div class=\"table-wrap\" tabindex=\"0\" aria-label=\"\ud83e\ude7a Endometriose Intestinal \u2013 Principais Sinais e Sintomas\">\n    <table>\n      <thead>\n        <tr>\n          <th>Sintoma<\/th>\n          <th>Descri\u00e7\u00e3o<\/th>\n        <\/tr>\n      <\/thead>\n      <tbody>\n        <tr>\n          <td><span class=\"name\">Dor ao evacuar<\/span><\/td>\n          <td class=\"desc\">Desconforto ou dor intensa durante a evacua\u00e7\u00e3o, que tende a se acentuar no per\u00edodo menstrual devido \u00e0 a\u00e7\u00e3o hormonal sobre o tecido semelhante ao endom\u00e9trio presente no intestino.<\/td>\n        <\/tr>\n        <tr>\n          <td><span class=\"name\">Incha\u00e7o abdominal intenso (\u201cendobelly\u201d)<\/span><\/td>\n          <td class=\"desc\">Distens\u00e3o abdominal significativa, frequentemente associada ao ciclo menstrual, causando sensa\u00e7\u00e3o de peso e aumento vis\u00edvel do volume abdominal.<\/td>\n        <\/tr>\n        <tr>\n          <td><span class=\"name\">Sangramento retal<\/span><\/td>\n          <td class=\"desc\">Em alguns casos, pode ocorrer sangramento pelo reto durante o per\u00edodo menstrual, relacionado \u00e0 presen\u00e7a de les\u00f5es endometri\u00f3ticas no intestino.<\/td>\n        <\/tr>\n        <tr>\n          <td><span class=\"name\">Altern\u00e2ncia entre diarreia e constipa\u00e7\u00e3o<\/span><\/td>\n          <td class=\"desc\">Mudan\u00e7as no h\u00e1bito intestinal que seguem um padr\u00e3o c\u00edclico, acompanhando as varia\u00e7\u00f5es hormonais ao longo do ciclo menstrual.<\/td>\n        <\/tr>\n        <tr>\n          <td><span class=\"name\">Atraso no diagn\u00f3stico<\/span><\/td>\n          <td class=\"desc\">Os sintomas digestivos podem ser confundidos com condi\u00e7\u00f5es exclusivamente intestinais, como a s\u00edndrome do intestino irrit\u00e1vel, o que pode retardar o diagn\u00f3stico correto.<\/td>\n        <\/tr>\n      <\/tbody>\n    <\/table>\n  <\/div>\n<\/div>\n\n\n\n\n<h2 class=\"wp-block-heading\">De que forma a endometriose pode causar problemas urin\u00e1rios?<\/h2>\n\n\n\n<p>A endometriose pode afetar o sistema urin\u00e1rio, especialmente a bexiga, por meio de les\u00f5es que infiltram sua parede. Isso pode gerar sintomas semelhantes aos de infec\u00e7\u00e3o urin\u00e1ria, como dor ao urinar e urg\u00eancia miccional em determinados per\u00edodos do ciclo, mesmo sem presen\u00e7a de bact\u00e9rias.<\/p>\n\n\n\n<p>Em situa\u00e7\u00f5es mais graves, pode haver sangue na urina durante a menstrua\u00e7\u00e3o, servindo como sinal de alerta. Exames como ultrassonografia p\u00e9lvica especializada e resson\u00e2ncia magn\u00e9tica s\u00e3o importantes para investigar a presen\u00e7a de focos de endometriose na bexiga e vias urin\u00e1rias.<\/p>\n\n\n\n<h2 class=\"wp-block-heading\">Quando e como procurar ajuda m\u00e9dica para endometriose?<\/h2>\n\n\n\n<p>Reconhecer precocemente os sintomas da endometriose \u00e9 essencial para um diagn\u00f3stico mais r\u00e1pido e redu\u00e7\u00e3o de complica\u00e7\u00f5es. A normaliza\u00e7\u00e3o da dor menstrual faz com que muitas mulheres levem anos para buscar ajuda, atrasando tratamentos que podem preservar a fertilidade e melhorar o bem-estar.<\/p>\n\n\n\n<p>O tratamento costuma ser individualizado e pode incluir medicamentos hormonais para bloquear ou modular o ciclo menstrual, analg\u00e9sicos e, em alguns casos, cirurgia por laparoscopia para remover o tecido afetado. Consultar um ginecologista com experi\u00eancia em endometriose \u00e9 fundamental para definir a melhor estrat\u00e9gia terap\u00eautica para cada caso.<\/p>\n\n\n<a href=\"https:\/\/www.instagram.com\/dra.annaluisabf\/\" target=\"_blank\" rel=\"noopener\" style=\"text-decoration: none; color: inherit;\">\n    <span style=\"display: inline-block; border: 1px solid #ccc; border-radius: 10px; padding: 15px; max-width: 550px; font-family: sans-serif; box-shadow: 0 2px 5px rgba(0,0,0,0.1); width: 100%;\">\n\n      <!-- T\u00edtulo -->\n      <span style=\"display: block; margin: 0 0 15px 0; font-weight: bold; color: #2c3e50; text-align: center;\">\n        Entre em contato:\n      <\/span>\n\n      <!-- Linha do perfil -->\n      <span style=\"display: flex; align-items: center; gap: 15px;\">\n        <img decoding=\"async\"\n          src=\"https:\/\/www.correiobraziliense.com.br\/cbradar\/wp-content\/uploads\/2025\/08\/dra_anna_luisa.jpeg\"\n          alt=\"Foto da Dra. Anna Lu\u00edsa\"\n          style=\"border-radius: 50%; width: 80px; height: 80px; object-fit: cover;\"\n        \/>\n        <span style=\"display: flex; flex-direction: column;\">\n          <span style=\"font-size: 18px; font-weight: 700; color: #2c3e50;\">Dra. Anna Lu\u00edsa Barbosa Fernandes<\/span>\n          <span style=\"color: #555;\">CRM-GO 33.271<\/span>\n        <\/span>\n      <\/span>\n\n      <!-- Redes -->\n      <span style=\"display: flex; align-items: center; gap: 10px; margin-top: 12px;\">\n        <img decoding=\"async\" src=\"https:\/\/cdn-icons-png.flaticon.com\/24\/1384\/1384063.png\" alt=\"Instagram\" width=\"24\" height=\"24\" \/>\n        <span style=\"text-decoration: underline; color: #2c3e50;\">@dra.annaluisabf<\/span>\n      <\/span>\n\n    <\/span>\n  <\/a>","protected":false},"excerpt":{"rendered":"<p>A Endometriose \u00e9 uma condi\u00e7\u00e3o ginecol\u00f3gica cr\u00f4nica em que um tecido semelhante ao endom\u00e9trio cresce fora do \u00fatero, podendo afetar \u00f3rg\u00e3os adjacentes, gerar inflama\u00e7\u00e3o, dor intensa e impactar a qualidade de vida de mulheres em idade reprodutiva. Como a endometriose se manifesta e qual sua frequ\u00eancia? Estima-se que aproximadamente 10% das mulheres em idade f\u00e9rtil [&hellip;]<\/p>\n","protected":false},"author":14,"featured_media":183511,"comment_status":"open","ping_status":"open","sticky":false,"template":"","format":"standard","meta":{"_yoast_wpseo_focuskw":"Endometriose","_yoast_wpseo_title":"","_yoast_wpseo_metadesc":"Endometriose pode causar dor p\u00e9lvica intensa e infertilidade. Descubra sinais de alerta e quando buscar ajuda.","jnews-multi-image_gallery":[],"jnews_single_post":{"format":"standard"},"jnews_primary_category":[],"jnews_social_meta":[],"jnews_override_counter":[],"footnotes":""},"categories":[4404],"post_tag":[120,247,1318],"class_list":["post-198392","post","type-post","status-publish","format-standard","has-post-thumbnail","hentry","category-saude","tag-bem-estar","tag-qualidade-de-vida","tag-saude-2"],"yoast_head":"<!-- This site is optimized with the Yoast SEO plugin v24.6 - https:\/\/yoast.com\/wordpress\/plugins\/seo\/ -->\n<title>Endometriose pode causar dor intensa e comprometer fertilidade feminina - Correio Braziliense - Radar<\/title>\n<meta name=\"description\" content=\"Endometriose pode causar dor p\u00e9lvica intensa e infertilidade. Descubra sinais de alerta e quando buscar ajuda.\" \/>\n<meta name=\"robots\" content=\"index, follow, max-snippet:-1, max-image-preview:large, max-video-preview:-1\" \/>\n<link rel=\"canonical\" href=\"https:\/\/www.correiobraziliense.com.br\/cbradar\/endometriose-pode-causar-dor-intensa-e-comprometer-fertilidade-feminina\/\" \/>\n<meta property=\"og:locale\" content=\"pt_BR\" \/>\n<meta property=\"og:type\" content=\"article\" \/>\n<meta property=\"og:title\" content=\"Endometriose pode causar dor intensa e comprometer fertilidade feminina - Correio Braziliense - Radar\" \/>\n<meta property=\"og:description\" content=\"Endometriose pode causar dor p\u00e9lvica intensa e infertilidade. Descubra sinais de alerta e quando buscar ajuda.\" \/>\n<meta property=\"og:url\" content=\"https:\/\/www.correiobraziliense.com.br\/cbradar\/endometriose-pode-causar-dor-intensa-e-comprometer-fertilidade-feminina\/\" \/>\n<meta property=\"og:site_name\" content=\"Correio Braziliense - Radar\" \/>\n<meta property=\"article:published_time\" content=\"2026-02-24T10:45:00+00:00\" \/>\n<meta property=\"og:image\" content=\"https:\/\/www.correiobraziliense.com.br\/cbradar\/wp-content\/uploads\/2026\/01\/Endometriose_1769635218401.jpg\" \/>\n\t<meta property=\"og:image:width\" content=\"1280\" \/>\n\t<meta property=\"og:image:height\" content=\"720\" \/>\n\t<meta property=\"og:image:type\" content=\"image\/jpeg\" \/>\n<meta name=\"author\" content=\"guilherme_saude\" \/>\n<meta name=\"twitter:card\" content=\"summary_large_image\" \/>\n<meta name=\"twitter:label1\" content=\"Escrito por\" \/>\n\t<meta name=\"twitter:data1\" content=\"guilherme_saude\" \/>\n\t<meta name=\"twitter:label2\" content=\"Est. tempo de leitura\" \/>\n\t<meta name=\"twitter:data2\" content=\"5 minutos\" \/>\n<!-- \/ Yoast SEO plugin. -->","yoast_head_json":{"title":"Endometriose pode causar dor intensa e comprometer fertilidade feminina - Correio Braziliense - Radar","description":"Endometriose pode causar dor p\u00e9lvica intensa e infertilidade. Descubra sinais de alerta e quando buscar ajuda.","robots":{"index":"index","follow":"follow","max-snippet":"max-snippet:-1","max-image-preview":"max-image-preview:large","max-video-preview":"max-video-preview:-1"},"canonical":"https:\/\/www.correiobraziliense.com.br\/cbradar\/endometriose-pode-causar-dor-intensa-e-comprometer-fertilidade-feminina\/","og_locale":"pt_BR","og_type":"article","og_title":"Endometriose pode causar dor intensa e comprometer fertilidade feminina - Correio Braziliense - Radar","og_description":"Endometriose pode causar dor p\u00e9lvica intensa e infertilidade. Descubra sinais de alerta e quando buscar ajuda.","og_url":"https:\/\/www.correiobraziliense.com.br\/cbradar\/endometriose-pode-causar-dor-intensa-e-comprometer-fertilidade-feminina\/","og_site_name":"Correio Braziliense - Radar","article_published_time":"2026-02-24T10:45:00+00:00","og_image":[{"width":1280,"height":720,"url":"https:\/\/www.correiobraziliense.com.br\/cbradar\/wp-content\/uploads\/2026\/01\/Endometriose_1769635218401.jpg","type":"image\/jpeg"}],"author":"guilherme_saude","twitter_card":"summary_large_image","twitter_misc":{"Escrito por":"guilherme_saude","Est. tempo de leitura":"5 minutos"},"schema":{"@context":"https:\/\/schema.org","@graph":[{"@type":"WebPage","@id":"https:\/\/www.correiobraziliense.com.br\/cbradar\/endometriose-pode-causar-dor-intensa-e-comprometer-fertilidade-feminina\/","url":"https:\/\/www.correiobraziliense.com.br\/cbradar\/endometriose-pode-causar-dor-intensa-e-comprometer-fertilidade-feminina\/","name":"Endometriose pode causar dor intensa e comprometer fertilidade feminina - Correio Braziliense - Radar","isPartOf":{"@id":"https:\/\/www.correiobraziliense.com.br\/cbradar\/#website"},"primaryImageOfPage":{"@id":"https:\/\/www.correiobraziliense.com.br\/cbradar\/endometriose-pode-causar-dor-intensa-e-comprometer-fertilidade-feminina\/#primaryimage"},"image":{"@id":"https:\/\/www.correiobraziliense.com.br\/cbradar\/endometriose-pode-causar-dor-intensa-e-comprometer-fertilidade-feminina\/#primaryimage"},"thumbnailUrl":"https:\/\/www.correiobraziliense.com.br\/cbradar\/wp-content\/uploads\/2026\/01\/Endometriose_1769635218401.jpg","datePublished":"2026-02-24T10:45:00+00:00","author":{"@id":"https:\/\/www.correiobraziliense.com.br\/cbradar\/#\/schema\/person\/5aa4bf3c8fa699c267933611de12978b"},"description":"Endometriose pode causar dor p\u00e9lvica intensa e infertilidade. Descubra sinais de alerta e quando buscar ajuda.","breadcrumb":{"@id":"https:\/\/www.correiobraziliense.com.br\/cbradar\/endometriose-pode-causar-dor-intensa-e-comprometer-fertilidade-feminina\/#breadcrumb"},"inLanguage":"pt-BR","potentialAction":[{"@type":"ReadAction","target":["https:\/\/www.correiobraziliense.com.br\/cbradar\/endometriose-pode-causar-dor-intensa-e-comprometer-fertilidade-feminina\/"]}]},{"@type":"ImageObject","inLanguage":"pt-BR","@id":"https:\/\/www.correiobraziliense.com.br\/cbradar\/endometriose-pode-causar-dor-intensa-e-comprometer-fertilidade-feminina\/#primaryimage","url":"https:\/\/www.correiobraziliense.com.br\/cbradar\/wp-content\/uploads\/2026\/01\/Endometriose_1769635218401.jpg","contentUrl":"https:\/\/www.correiobraziliense.com.br\/cbradar\/wp-content\/uploads\/2026\/01\/Endometriose_1769635218401.jpg","width":1280,"height":720,"caption":"O sintoma mais ignorado da endometriose que vai al\u00e9m da c\u00f3lica - Cr\u00e9ditos: depositphotos.com \/ JoPanuwatD"},{"@type":"BreadcrumbList","@id":"https:\/\/www.correiobraziliense.com.br\/cbradar\/endometriose-pode-causar-dor-intensa-e-comprometer-fertilidade-feminina\/#breadcrumb","itemListElement":[{"@type":"ListItem","position":1,"name":"In\u00edcio","item":"https:\/\/www.correiobraziliense.com.br\/cbradar\/"},{"@type":"ListItem","position":2,"name":"Endometriose pode causar dor intensa e comprometer fertilidade feminina"}]},{"@type":"WebSite","@id":"https:\/\/www.correiobraziliense.com.br\/cbradar\/#website","url":"https:\/\/www.correiobraziliense.com.br\/cbradar\/","name":"Correio Braziliense - Radar","description":"Acompanhe as \u00faltimas not\u00edcias e fique bem informado sobre tudo o que acontece no Brasil e no mundo.","potentialAction":[{"@type":"SearchAction","target":{"@type":"EntryPoint","urlTemplate":"https:\/\/www.correiobraziliense.com.br\/cbradar\/?s={search_term_string}"},"query-input":{"@type":"PropertyValueSpecification","valueRequired":true,"valueName":"search_term_string"}}],"inLanguage":"pt-BR"},{"@type":"Person","@id":"https:\/\/www.correiobraziliense.com.br\/cbradar\/#\/schema\/person\/5aa4bf3c8fa699c267933611de12978b","name":"guilherme_saude","image":{"@type":"ImageObject","inLanguage":"pt-BR","@id":"https:\/\/www.correiobraziliense.com.br\/cbradar\/#\/schema\/person\/image\/","url":"https:\/\/secure.gravatar.com\/avatar\/df9adfb835d344bc0af109d41756253f?s=96&d=mm&r=g","contentUrl":"https:\/\/secure.gravatar.com\/avatar\/df9adfb835d344bc0af109d41756253f?s=96&d=mm&r=g","caption":"guilherme_saude"},"url":"https:\/\/www.correiobraziliense.com.br\/cbradar\/author\/guilherme_saude\/"}]}},"_links":{"self":[{"href":"https:\/\/www.correiobraziliense.com.br\/cbradar\/wp-json\/wp\/v2\/posts\/198392","targetHints":{"allow":["GET"]}}],"collection":[{"href":"https:\/\/www.correiobraziliense.com.br\/cbradar\/wp-json\/wp\/v2\/posts"}],"about":[{"href":"https:\/\/www.correiobraziliense.com.br\/cbradar\/wp-json\/wp\/v2\/types\/post"}],"author":[{"embeddable":true,"href":"https:\/\/www.correiobraziliense.com.br\/cbradar\/wp-json\/wp\/v2\/users\/14"}],"replies":[{"embeddable":true,"href":"https:\/\/www.correiobraziliense.com.br\/cbradar\/wp-json\/wp\/v2\/comments?post=198392"}],"version-history":[{"count":1,"href":"https:\/\/www.correiobraziliense.com.br\/cbradar\/wp-json\/wp\/v2\/posts\/198392\/revisions"}],"predecessor-version":[{"id":198414,"href":"https:\/\/www.correiobraziliense.com.br\/cbradar\/wp-json\/wp\/v2\/posts\/198392\/revisions\/198414"}],"wp:featuredmedia":[{"embeddable":true,"href":"https:\/\/www.correiobraziliense.com.br\/cbradar\/wp-json\/wp\/v2\/media\/183511"}],"wp:attachment":[{"href":"https:\/\/www.correiobraziliense.com.br\/cbradar\/wp-json\/wp\/v2\/media?parent=198392"}],"wp:term":[{"taxonomy":"category","embeddable":true,"href":"https:\/\/www.correiobraziliense.com.br\/cbradar\/wp-json\/wp\/v2\/categories?post=198392"},{"taxonomy":"post_tag","embeddable":true,"href":"https:\/\/www.correiobraziliense.com.br\/cbradar\/wp-json\/wp\/v2\/post_tag?post=198392"}],"curies":[{"name":"wp","href":"https:\/\/api.w.org\/{rel}","templated":true}]}}