{"id":198498,"date":"2026-03-02T08:15:00","date_gmt":"2026-03-02T11:15:00","guid":{"rendered":"https:\/\/www.correiobraziliense.com.br\/cbradar\/?p=198498"},"modified":"2026-03-01T21:21:51","modified_gmt":"2026-03-02T00:21:51","slug":"5-expressoes-que-usamos-todo-dia-e-tem-origens-extremamente-sombrias","status":"publish","type":"post","link":"https:\/\/www.correiobraziliense.com.br\/cbradar\/5-expressoes-que-usamos-todo-dia-e-tem-origens-extremamente-sombrias\/","title":{"rendered":"5 express\u00f5es que usamos todo dia e t\u00eam origens extremamente sombrias"},"content":{"rendered":"\n<p>Muitas express\u00f5es comuns do cotidiano carregam hist\u00f3rias antigas que pouca gente imagina. Frases repetidas automaticamente podem ter surgido em contextos violentos, m\u00e9dicos ou sociais bastante sombrios. Entender a origem dessas falas ajuda a ampliar a percep\u00e7\u00e3o sobre a linguagem e mostra como costumes lingu\u00edsticos atravessam gera\u00e7\u00f5es mesmo quando seu significado original se perde.<\/p>\n\n\n\n<h2 class=\"wp-block-heading\">Por que express\u00f5es comuns podem ter origens sombrias<\/h2>\n\n\n\n<p>A linguagem evolui ao longo dos s\u00e9culos e muitas express\u00f5es permanecem mesmo quando o contexto original desaparece. Diversas frases populares nasceram em per\u00edodos marcados por guerras, puni\u00e7\u00f5es p\u00fablicas ou pr\u00e1ticas m\u00e9dicas rudimentares que eram comuns em outras \u00e9pocas.<\/p>\n\n\n\n<p>Com o tempo, o uso cotidiano suavizou o impacto dessas express\u00f5es, transformando termos pesados em falas aparentemente inocentes. Esse fen\u00f4meno lingu\u00edstico \u00e9 estudado por \u00e1reas como a <strong>etimologia<\/strong> e a <strong>lingu\u00edstica hist\u00f3rica<\/strong>, que analisam como <a href=\"https:\/\/www.correiobraziliense.com.br\/cbradar\/essas-5-palavras-parecem-normais-aqui-mas-causam-choque-em-portugal\/\" target=\"_blank\" rel=\"noreferrer noopener\">palavras <\/a>e frases mudam de sentido conforme a sociedade evolui.<\/p>\n\n\n\n<figure class=\"wp-block-image size-large\"><img decoding=\"async\" width=\"1024\" height=\"577\" src=\"https:\/\/www.correiobraziliense.com.br\/cbradar\/wp-content\/uploads\/2026\/02\/bater-as-botas-1024x577.png\" alt=\"5 express\u00f5es que usamos todo dia e t\u00eam origens extremamente sombrias\" class=\"wp-image-198507\" srcset=\"https:\/\/www.correiobraziliense.com.br\/cbradar\/wp-content\/uploads\/2026\/02\/bater-as-botas-1024x577.png 1024w, https:\/\/www.correiobraziliense.com.br\/cbradar\/wp-content\/uploads\/2026\/02\/bater-as-botas-300x169.png 300w, https:\/\/www.correiobraziliense.com.br\/cbradar\/wp-content\/uploads\/2026\/02\/bater-as-botas-768x433.png 768w, https:\/\/www.correiobraziliense.com.br\/cbradar\/wp-content\/uploads\/2026\/02\/bater-as-botas-750x422.png 750w, https:\/\/www.correiobraziliense.com.br\/cbradar\/wp-content\/uploads\/2026\/02\/bater-as-botas-1140x642.png 1140w, https:\/\/www.correiobraziliense.com.br\/cbradar\/wp-content\/uploads\/2026\/02\/bater-as-botas.png 1280w\" sizes=\"(max-width: 1024px) 100vw, 1024px\" \/><figcaption class=\"wp-element-caption\">Frases inocentes que escondem hist\u00f3rias pesadas<\/figcaption><\/figure>\n\n\n\n<h2 class=\"wp-block-heading\">O que estudos de linguagem revelam sobre essas origens<\/h2>\n\n\n\n<p>Pesquisas acad\u00eamicas mostram que muitas express\u00f5es populares sobrevivem por for\u00e7a do h\u00e1bito social, mesmo quando seu sentido original \u00e9 esquecido. Um <a href=\"https:\/\/www.lingref.com\/cpp\/hel-lex\/2012\/paper2835.pdf\" target=\"_blank\" rel=\"noreferrer noopener\">estudo de <strong>Stephen James Coffey<\/strong><\/a>, da <strong>Universidade de Pisa<\/strong> aponta que a mem\u00f3ria cultural preserva frases antigas porque elas se tornam autom\u00e1ticas no uso di\u00e1rio.<\/p>\n\n\n\n<p>Esses estudos indicam que a repeti\u00e7\u00e3o constante \u00e9 o principal fator de sobreviv\u00eancia dessas express\u00f5es. Quando uma frase se torna parte do vocabul\u00e1rio comum, ela continua sendo usada mesmo ap\u00f3s perder a liga\u00e7\u00e3o direta com o contexto hist\u00f3rico que a originou.<\/p>\n\n\n\n<h2 class=\"wp-block-heading\">Quais express\u00f5es do dia a dia t\u00eam hist\u00f3rias mais obscuras<\/h2>\n\n\n\n<p>Algumas frases populares surgiram em contextos bastante pesados e continuam sendo usadas sem reflex\u00e3o. Muitas pessoas repetem essas express\u00f5es por h\u00e1bito, sem imaginar que elas nasceram em per\u00edodos marcados por pr\u00e1ticas severas ou situa\u00e7\u00f5es de risco extremo.<\/p>\n\n\n\n<p>Veja exemplos frequentemente citados por estudiosos da linguagem:<\/p>\n\n\n\n<ul class=\"wp-block-list\">\n<li><strong>Bater as botas<\/strong><\/li>\n\n\n\n<li><strong>Virar o jogo<\/strong><\/li>\n\n\n\n<li><strong>Pagar o pato<\/strong><\/li>\n\n\n\n<li><strong>Dar com a l\u00edngua nos dentes<\/strong><\/li>\n\n\n\n<li><strong>Fazer vista grossa<\/strong><\/li>\n<\/ul>\n\n\n\n<h2 class=\"wp-block-heading\">Essas express\u00f5es ainda representam o significado original<\/h2>\n\n\n\n<p>Na maior parte dos casos, o sentido atual dessas frases mudou bastante ao longo do tempo. O uso moderno costuma ser figurado e distante do contexto hist\u00f3rico que deu origem \u00e0 express\u00e3o, o que reduz o impacto percebido no cotidiano.<\/p>\n\n\n\n<p>Mesmo assim, conhecer a origem ajuda a compreender como a linguagem reflete pr\u00e1ticas sociais antigas. Esse entendimento tamb\u00e9m contribui para um uso mais consciente das palavras, principalmente em contextos formais ou comunicacionais mais sens\u00edveis.<\/p>\n\n\n\n<p>Se voc\u00ea gosta de entender a origem e a evolu\u00e7\u00e3o das express\u00f5es do dia a dia, este v\u00eddeo do canal <strong>TV Evangelizar<\/strong>, com 2,76 milh\u00f5es de subscritores, foi escolhido especialmente para voc\u00ea. Ele mostra como os ditados populares mudaram ao longo do tempo e o que isso revela sobre a cultura.<\/p>\n\n\n\n<figure class=\"wp-block-embed is-type-video is-provider-youtube wp-block-embed-youtube wp-embed-aspect-16-9 wp-has-aspect-ratio\"><div class=\"wp-block-embed__wrapper\">\n<div class=\"jeg_video_container jeg_video_content\"><iframe loading=\"lazy\" title=\"Com o passar do tempo os ditados populares t\u00eam sofrido mudan\u00e7as em suas express\u00f5es e significados\" width=\"500\" height=\"281\" src=\"https:\/\/www.youtube.com\/embed\/l0TSVektyZU?feature=oembed\" frameborder=\"0\" allow=\"accelerometer; autoplay; clipboard-write; encrypted-media; gyroscope; picture-in-picture; web-share\" referrerpolicy=\"strict-origin-when-cross-origin\" allowfullscreen><\/iframe><\/div>\n<\/div><\/figure>\n\n\n\n<h2 class=\"wp-block-heading\">Vale a pena evitar ou substituir essas express\u00f5es<\/h2>\n\n\n\n<p>N\u00e3o existe uma regra que obrigue a evitar essas frases, j\u00e1 que elas fazem parte do portugu\u00eas cotidiano. No entanto, em ambientes profissionais ou acad\u00eamicos, optar por termos mais neutros pode tornar a comunica\u00e7\u00e3o mais clara e adequada.<\/p>\n\n\n\n<p>A escolha consciente do vocabul\u00e1rio demonstra aten\u00e7\u00e3o ao contexto e ao p\u00fablico. Avaliar quando usar express\u00f5es populares e quando preferir linguagem mais direta \u00e9 uma habilidade importante para quem busca comunica\u00e7\u00e3o eficiente e profissional.<\/p>\n","protected":false},"excerpt":{"rendered":"<p>Algumas frases do dia a dia escondem passados curiosos. Entenda o que est\u00e1 por tr\u00e1s dessas express\u00f5es populares<\/p>\n","protected":false},"author":23,"featured_media":198505,"comment_status":"open","ping_status":"open","sticky":false,"template":"","format":"standard","meta":{"_yoast_wpseo_focuskw":"Express\u00f5es populares","_yoast_wpseo_title":"","_yoast_wpseo_metadesc":"Algumas frases do dia a dia escondem passados curiosos. Entenda o que est\u00e1 por tr\u00e1s dessas express\u00f5es populares","jnews-multi-image_gallery":[],"jnews_single_post":{"format":"standard"},"jnews_primary_category":[],"jnews_social_meta":[],"jnews_override_counter":[],"footnotes":""},"categories":[112],"tags":[144,15524,11064],"class_list":["post-198498","post","type-post","status-publish","format-standard","has-post-thumbnail","hentry","category-curiosidades","tag-curiosidades","tag-expressoes-populares","tag-linguas"],"yoast_head":"<!-- This site is optimized with the Yoast SEO plugin v24.6 - https:\/\/yoast.com\/wordpress\/plugins\/seo\/ -->\n<title>5 express\u00f5es que usamos todo dia e t\u00eam origens extremamente sombrias - Correio Braziliense - Radar<\/title>\n<meta name=\"description\" content=\"Algumas frases do dia a dia escondem passados curiosos. Entenda o que est\u00e1 por tr\u00e1s dessas express\u00f5es populares\" \/>\n<meta name=\"robots\" content=\"index, follow, max-snippet:-1, max-image-preview:large, max-video-preview:-1\" \/>\n<link rel=\"canonical\" href=\"https:\/\/www.correiobraziliense.com.br\/cbradar\/5-expressoes-que-usamos-todo-dia-e-tem-origens-extremamente-sombrias\/\" \/>\n<meta property=\"og:locale\" content=\"pt_BR\" \/>\n<meta property=\"og:type\" content=\"article\" \/>\n<meta property=\"og:title\" content=\"5 express\u00f5es que usamos todo dia e t\u00eam origens extremamente sombrias - Correio Braziliense - Radar\" \/>\n<meta property=\"og:description\" content=\"Algumas frases do dia a dia escondem passados curiosos. Entenda o que est\u00e1 por tr\u00e1s dessas express\u00f5es populares\" \/>\n<meta property=\"og:url\" content=\"https:\/\/www.correiobraziliense.com.br\/cbradar\/5-expressoes-que-usamos-todo-dia-e-tem-origens-extremamente-sombrias\/\" \/>\n<meta property=\"og:site_name\" content=\"Correio Braziliense - Radar\" \/>\n<meta property=\"article:published_time\" content=\"2026-03-02T11:15:00+00:00\" \/>\n<meta property=\"og:image\" content=\"https:\/\/www.correiobraziliense.com.br\/cbradar\/wp-content\/uploads\/2026\/02\/Old-dictionary_1771886547199.jpg\" \/>\n\t<meta property=\"og:image:width\" content=\"1280\" \/>\n\t<meta property=\"og:image:height\" content=\"720\" \/>\n\t<meta property=\"og:image:type\" content=\"image\/jpeg\" \/>\n<meta name=\"author\" content=\"Nicolas Otto\" \/>\n<meta name=\"twitter:card\" content=\"summary_large_image\" \/>\n<meta name=\"twitter:label1\" content=\"Escrito por\" \/>\n\t<meta name=\"twitter:data1\" content=\"Nicolas Otto\" \/>\n\t<meta name=\"twitter:label2\" content=\"Est. tempo de leitura\" \/>\n\t<meta name=\"twitter:data2\" content=\"4 minutos\" \/>\n<!-- \/ Yoast SEO plugin. -->","yoast_head_json":{"title":"5 express\u00f5es que usamos todo dia e t\u00eam origens extremamente sombrias - Correio Braziliense - Radar","description":"Algumas frases do dia a dia escondem passados curiosos. Entenda o que est\u00e1 por tr\u00e1s dessas express\u00f5es populares","robots":{"index":"index","follow":"follow","max-snippet":"max-snippet:-1","max-image-preview":"max-image-preview:large","max-video-preview":"max-video-preview:-1"},"canonical":"https:\/\/www.correiobraziliense.com.br\/cbradar\/5-expressoes-que-usamos-todo-dia-e-tem-origens-extremamente-sombrias\/","og_locale":"pt_BR","og_type":"article","og_title":"5 express\u00f5es que usamos todo dia e t\u00eam origens extremamente sombrias - Correio Braziliense - Radar","og_description":"Algumas frases do dia a dia escondem passados curiosos. Entenda o que est\u00e1 por tr\u00e1s dessas express\u00f5es populares","og_url":"https:\/\/www.correiobraziliense.com.br\/cbradar\/5-expressoes-que-usamos-todo-dia-e-tem-origens-extremamente-sombrias\/","og_site_name":"Correio Braziliense - Radar","article_published_time":"2026-03-02T11:15:00+00:00","og_image":[{"width":1280,"height":720,"url":"https:\/\/www.correiobraziliense.com.br\/cbradar\/wp-content\/uploads\/2026\/02\/Old-dictionary_1771886547199.jpg","type":"image\/jpeg"}],"author":"Nicolas Otto","twitter_card":"summary_large_image","twitter_misc":{"Escrito por":"Nicolas Otto","Est. tempo de leitura":"4 minutos"},"schema":{"@context":"https:\/\/schema.org","@graph":[{"@type":"WebPage","@id":"https:\/\/www.correiobraziliense.com.br\/cbradar\/5-expressoes-que-usamos-todo-dia-e-tem-origens-extremamente-sombrias\/","url":"https:\/\/www.correiobraziliense.com.br\/cbradar\/5-expressoes-que-usamos-todo-dia-e-tem-origens-extremamente-sombrias\/","name":"5 express\u00f5es que usamos todo dia e t\u00eam origens extremamente sombrias - Correio Braziliense - Radar","isPartOf":{"@id":"https:\/\/www.correiobraziliense.com.br\/cbradar\/#website"},"primaryImageOfPage":{"@id":"https:\/\/www.correiobraziliense.com.br\/cbradar\/5-expressoes-que-usamos-todo-dia-e-tem-origens-extremamente-sombrias\/#primaryimage"},"image":{"@id":"https:\/\/www.correiobraziliense.com.br\/cbradar\/5-expressoes-que-usamos-todo-dia-e-tem-origens-extremamente-sombrias\/#primaryimage"},"thumbnailUrl":"https:\/\/www.correiobraziliense.com.br\/cbradar\/wp-content\/uploads\/2026\/02\/Old-dictionary_1771886547199.jpg","datePublished":"2026-03-02T11:15:00+00:00","author":{"@id":"https:\/\/www.correiobraziliense.com.br\/cbradar\/#\/schema\/person\/3221b250518e74ac52c442d1c1236aaa"},"description":"Algumas frases do dia a dia escondem passados curiosos. Entenda o que est\u00e1 por tr\u00e1s dessas express\u00f5es populares","breadcrumb":{"@id":"https:\/\/www.correiobraziliense.com.br\/cbradar\/5-expressoes-que-usamos-todo-dia-e-tem-origens-extremamente-sombrias\/#breadcrumb"},"inLanguage":"pt-BR","potentialAction":[{"@type":"ReadAction","target":["https:\/\/www.correiobraziliense.com.br\/cbradar\/5-expressoes-que-usamos-todo-dia-e-tem-origens-extremamente-sombrias\/"]}]},{"@type":"ImageObject","inLanguage":"pt-BR","@id":"https:\/\/www.correiobraziliense.com.br\/cbradar\/5-expressoes-que-usamos-todo-dia-e-tem-origens-extremamente-sombrias\/#primaryimage","url":"https:\/\/www.correiobraziliense.com.br\/cbradar\/wp-content\/uploads\/2026\/02\/Old-dictionary_1771886547199.jpg","contentUrl":"https:\/\/www.correiobraziliense.com.br\/cbradar\/wp-content\/uploads\/2026\/02\/Old-dictionary_1771886547199.jpg","width":1280,"height":720,"caption":"Frases inocentes que escondem hist\u00f3rias pesadas - Cr\u00e9ditos: depositphotos.com \/ sandipruel"},{"@type":"BreadcrumbList","@id":"https:\/\/www.correiobraziliense.com.br\/cbradar\/5-expressoes-que-usamos-todo-dia-e-tem-origens-extremamente-sombrias\/#breadcrumb","itemListElement":[{"@type":"ListItem","position":1,"name":"In\u00edcio","item":"https:\/\/www.correiobraziliense.com.br\/cbradar\/"},{"@type":"ListItem","position":2,"name":"5 express\u00f5es que usamos todo dia e t\u00eam origens extremamente sombrias"}]},{"@type":"WebSite","@id":"https:\/\/www.correiobraziliense.com.br\/cbradar\/#website","url":"https:\/\/www.correiobraziliense.com.br\/cbradar\/","name":"Correio Braziliense - Radar","description":"Acompanhe as \u00faltimas not\u00edcias e fique bem informado sobre tudo o que acontece no Brasil e no mundo.","potentialAction":[{"@type":"SearchAction","target":{"@type":"EntryPoint","urlTemplate":"https:\/\/www.correiobraziliense.com.br\/cbradar\/?s={search_term_string}"},"query-input":{"@type":"PropertyValueSpecification","valueRequired":true,"valueName":"search_term_string"}}],"inLanguage":"pt-BR"},{"@type":"Person","@id":"https:\/\/www.correiobraziliense.com.br\/cbradar\/#\/schema\/person\/3221b250518e74ac52c442d1c1236aaa","name":"Nicolas Otto","image":{"@type":"ImageObject","inLanguage":"pt-BR","@id":"https:\/\/www.correiobraziliense.com.br\/cbradar\/#\/schema\/person\/image\/","url":"https:\/\/secure.gravatar.com\/avatar\/05925f730d72f0ea0df144f236adfb18?s=96&d=mm&r=g","contentUrl":"https:\/\/secure.gravatar.com\/avatar\/05925f730d72f0ea0df144f236adfb18?s=96&d=mm&r=g","caption":"Nicolas Otto"},"sameAs":["https:\/\/www.correiobraziliense.com.br\/cbradar\/"],"url":"https:\/\/www.correiobraziliense.com.br\/cbradar\/author\/nicolas-otto\/"}]}},"_links":{"self":[{"href":"https:\/\/www.correiobraziliense.com.br\/cbradar\/wp-json\/wp\/v2\/posts\/198498","targetHints":{"allow":["GET"]}}],"collection":[{"href":"https:\/\/www.correiobraziliense.com.br\/cbradar\/wp-json\/wp\/v2\/posts"}],"about":[{"href":"https:\/\/www.correiobraziliense.com.br\/cbradar\/wp-json\/wp\/v2\/types\/post"}],"author":[{"embeddable":true,"href":"https:\/\/www.correiobraziliense.com.br\/cbradar\/wp-json\/wp\/v2\/users\/23"}],"replies":[{"embeddable":true,"href":"https:\/\/www.correiobraziliense.com.br\/cbradar\/wp-json\/wp\/v2\/comments?post=198498"}],"version-history":[{"count":1,"href":"https:\/\/www.correiobraziliense.com.br\/cbradar\/wp-json\/wp\/v2\/posts\/198498\/revisions"}],"predecessor-version":[{"id":198508,"href":"https:\/\/www.correiobraziliense.com.br\/cbradar\/wp-json\/wp\/v2\/posts\/198498\/revisions\/198508"}],"wp:featuredmedia":[{"embeddable":true,"href":"https:\/\/www.correiobraziliense.com.br\/cbradar\/wp-json\/wp\/v2\/media\/198505"}],"wp:attachment":[{"href":"https:\/\/www.correiobraziliense.com.br\/cbradar\/wp-json\/wp\/v2\/media?parent=198498"}],"wp:term":[{"taxonomy":"category","embeddable":true,"href":"https:\/\/www.correiobraziliense.com.br\/cbradar\/wp-json\/wp\/v2\/categories?post=198498"},{"taxonomy":"post_tag","embeddable":true,"href":"https:\/\/www.correiobraziliense.com.br\/cbradar\/wp-json\/wp\/v2\/tags?post=198498"}],"curies":[{"name":"wp","href":"https:\/\/api.w.org\/{rel}","templated":true}]}}