{"id":198684,"date":"2026-02-25T18:15:00","date_gmt":"2026-02-25T21:15:00","guid":{"rendered":"https:\/\/www.correiobraziliense.com.br\/cbradar\/?p=198684"},"modified":"2026-02-24T14:04:45","modified_gmt":"2026-02-24T17:04:45","slug":"expressoes-que-exigem-virgulas-na-frase-segundo-as-regras-gramaticais","status":"publish","type":"post","link":"https:\/\/www.correiobraziliense.com.br\/cbradar\/expressoes-que-exigem-virgulas-na-frase-segundo-as-regras-gramaticais\/","title":{"rendered":"Express\u00f5es que exigem v\u00edrgulas na frase segundo as regras gramaticais"},"content":{"rendered":"\n<p>O uso correto da pontua\u00e7\u00e3o \u00e9 o que garante o ritmo e a clareza de um texto, evitando interpreta\u00e7\u00f5es amb\u00edguas por parte do leitor. Algumas express\u00f5es funcionam como conectivos ou explica\u00e7\u00f5es intercaladas e, por regra gramatical, devem ser isoladas por v\u00edrgulas para manter a organiza\u00e7\u00e3o l\u00f3gica da frase e a fluidez da leitura.<\/p>\n\n\n\n<h2 class=\"wp-block-heading\">Por que certas express\u00f5es exigem o isolamento por v\u00edrgulas?<\/h2>\n\n\n\n<p>Express\u00f5es explicativas, corretivas ou continuativas servem para guiar o racioc\u00ednio do leitor sem alterar a estrutura principal da ora\u00e7\u00e3o. Quando essas palavras s\u00e3o inseridas no meio de uma frase, elas interrompem momentaneamente o fluxo sint\u00e1tico, exigindo a marca\u00e7\u00e3o gr\u00e1fica para indicar essa pausa necess\u00e1ria na fala e na escrita.<\/p>\n\n\n\n<p>A aus\u00eancia dessas v\u00edrgulas pode causar confus\u00e3o, fazendo com que o conectivo pare\u00e7a parte direta do sujeito ou do predicado. O uso das v\u00edrgulas sinaliza que aquele termo \u00e9 um acess\u00f3rio importante para a interpreta\u00e7\u00e3o, mas que n\u00e3o pertence ao n\u00facleo da frase. \u00c9 um detalhe que demonstra dom\u00ednio da norma culta brasileira.<\/p>\n\n\n\n<figure class=\"wp-block-image size-large\"><img decoding=\"async\" width=\"1024\" height=\"576\" src=\"https:\/\/www.correiobraziliense.com.br\/cbradar\/wp-content\/uploads\/2026\/02\/Gemini_Generated_Image_4idr0q4idr0q4idr-1-1-1024x576.png\" alt=\"Express\u00f5es que exigem v\u00edrgulas na frase segundo as regras gramaticais\" class=\"wp-image-198695\" srcset=\"https:\/\/www.correiobraziliense.com.br\/cbradar\/wp-content\/uploads\/2026\/02\/Gemini_Generated_Image_4idr0q4idr0q4idr-1-1-1024x576.png 1024w, https:\/\/www.correiobraziliense.com.br\/cbradar\/wp-content\/uploads\/2026\/02\/Gemini_Generated_Image_4idr0q4idr0q4idr-1-1-300x169.png 300w, https:\/\/www.correiobraziliense.com.br\/cbradar\/wp-content\/uploads\/2026\/02\/Gemini_Generated_Image_4idr0q4idr0q4idr-1-1-768x432.png 768w, https:\/\/www.correiobraziliense.com.br\/cbradar\/wp-content\/uploads\/2026\/02\/Gemini_Generated_Image_4idr0q4idr0q4idr-1-1-750x422.png 750w, https:\/\/www.correiobraziliense.com.br\/cbradar\/wp-content\/uploads\/2026\/02\/Gemini_Generated_Image_4idr0q4idr0q4idr-1-1-1140x641.png 1140w, https:\/\/www.correiobraziliense.com.br\/cbradar\/wp-content\/uploads\/2026\/02\/Gemini_Generated_Image_4idr0q4idr0q4idr-1-1.png 1280w\" sizes=\"(max-width: 1024px) 100vw, 1024px\" \/><figcaption class=\"wp-element-caption\">Uso da v\u00edrgula organiza express\u00f5es explicativas e evita ambiguidades<\/figcaption><\/figure>\n\n\n\n<h2 class=\"wp-block-heading\">Quais s\u00e3o as express\u00f5es explicativas mais comuns na escrita?<\/h2>\n\n\n\n<p>Existem termos espec\u00edficos que usamos diariamente para refor\u00e7ar uma ideia ou introduzir uma justificativa importante dentro de um par\u00e1grafo. Essas express\u00f5es devem estar sempre cercadas por v\u00edrgulas quando aparecem intercaladas no texto, garantindo que a explica\u00e7\u00e3o n\u00e3o se misture indevidamente com o restante da mensagem. Confira a lista abaixo:<\/p>\n\n\n\n<ul class=\"wp-block-list\">\n<li><strong>Isto \u00e9<\/strong>: Utilizada para esclarecer um termo anterior de forma direta.<\/li>\n\n\n\n<li><strong>Por exemplo<\/strong>: Introduz uma ilustra\u00e7\u00e3o pr\u00e1tica para facilitar o entendimento do leitor.<\/li>\n\n\n\n<li><strong>Ou seja<\/strong>: Serve para reexplicar uma ideia de maneira mais simples ou detalhada.<\/li>\n\n\n\n<li><strong>A saber<\/strong>: Indica uma enumera\u00e7\u00e3o ou especifica\u00e7\u00e3o necess\u00e1ria sobre o assunto tratado.<\/li>\n<\/ul>\n\n\n\n<h2 class=\"wp-block-heading\">Como pontuar corretamente as express\u00f5es de corre\u00e7\u00e3o ou refor\u00e7o?<\/h2>\n\n\n\n<p>Muitas vezes, iniciamos uma frase e percebemos a necessidade de ajustar o que foi dito ou enfatizar um ponto espec\u00edfico imediatamente. Essas express\u00f5es &#8220;retificadoras&#8221; ou &#8220;enf\u00e1ticas&#8221; precisam de destaque visual para que o leitor perceba a mudan\u00e7a de tom ou a corre\u00e7\u00e3o feita pelo autor. Confira a lista abaixo:<\/p>\n\n\n\n<ul class=\"wp-block-list\">\n<li><strong>Ali\u00e1s<\/strong>: Express\u00e3o cl\u00e1ssica de corre\u00e7\u00e3o ou acr\u00e9scimo de informa\u00e7\u00e3o relevante hoje.<\/li>\n\n\n\n<li><strong>Digo<\/strong>: Usada para corrigir um erro cometido na palavra imediatamente anterior.<\/li>\n\n\n\n<li><strong>Melhor dizendo<\/strong>: Substitui uma explica\u00e7\u00e3o por outra mais precisa e adequada tecnicamente.<\/li>\n\n\n\n<li><strong>Ou melhor<\/strong>: Oferece uma alternativa superior \u00e0 ideia que foi apresentada anteriormente.<\/li>\n<\/ul>\n\n\n\n<h2 class=\"wp-block-heading\">Quando os conectivos conclusivos devem ser isolados?<\/h2>\n\n\n\n<p>Conectivos que indicam conclus\u00e3o ou oposi\u00e7\u00e3o, como &#8220;portanto&#8221; ou &#8220;entretanto&#8221;, exigem v\u00edrgulas quando n\u00e3o iniciam a frase, mas aparecem deslocados para o meio dela. Esse deslocamento serve para dar \u00eanfase ao conectivo e criar uma pausa dram\u00e1tica que prepara o leitor para o fechamento do racioc\u00ednio apresentado.<\/p>\n\n\n\n<p>Se o conectivo estiver no in\u00edcio da frase, a v\u00edrgula vem logo ap\u00f3s ele; se estiver no meio, deve ficar entre duas v\u00edrgulas. Essa mobilidade exige aten\u00e7\u00e3o constante do redator para n\u00e3o quebrar a coes\u00e3o do par\u00e1grafo. O posicionamento correto dessas pausas \u00e9 o que diferencia um texto amador de uma reda\u00e7\u00e3o profissional.<\/p>\n\n\n\n<h2 class=\"wp-block-heading\">Como as express\u00f5es continuativas influenciam a fluidez?<\/h2>\n\n\n\n<p>Termos que indicam continuidade, como &#8220;al\u00e9m disso&#8221; ou &#8220;por outro lado&#8221;, ajudam a organizar a hierarquia das informa\u00e7\u00f5es em textos mais longos e complexos. Ao isolar essas express\u00f5es, o redator permite que o leitor processe a transi\u00e7\u00e3o entre um argumento e outro de forma mais natural e menos cansativa.<\/p>\n\n\n\n<p>O uso estrat\u00e9gico dessas pausas gramaticais evita que o texto se torne uma &#8220;massa de palavras&#8221; dif\u00edcil de digerir. Em blogs e redes sociais, essa t\u00e9cnica \u00e9 fundamental para manter o engajamento do p\u00fablico, que prefere textos escane\u00e1veis e bem pontuados. A v\u00edrgula \u00e9 a ferramenta de controle de velocidade da sua escrita.<\/p>\n\n\n\n<p>No v\u00eddeo abaixo do TikTok <strong><em>Gramaticacomjulia<\/em><\/strong>, que conta com mais de <strong><em>214 mil <\/em><\/strong>seguidores, ela ensina a forma correta de utilizar a v\u00edrgula em algumas express\u00f5es:<\/p>\n\n\n\n<blockquote class=\"tiktok-embed\" cite=\"https:\/\/www.tiktok.com\/@gramaticacomjulia\/video\/7174175653867179270\" data-video-id=\"7174175653867179270\" style=\"max-width: 605px;min-width: 325px;\" > <section> <a target=\"_blank\" title=\"@gramaticacomjulia\" href=\"https:\/\/www.tiktok.com\/@gramaticacomjulia?refer=embed\">@gramaticacomjulia<\/a> Caso tais express\u00f5es estejam intercadas (no meio da ora\u00e7\u00e3o). <a title=\"linguaportuguesa\" target=\"_blank\" href=\"https:\/\/www.tiktok.com\/tag\/linguaportuguesa?refer=embed\">#linguaportuguesa<\/a> <a title=\"auladeportugu\u00eas\" target=\"_blank\" href=\"https:\/\/www.tiktok.com\/tag\/auladeportugu%C3%AAs?refer=embed\">#auladeportugu\u00eas<\/a> <a title=\"duvidasfrequentesdeportugues\" target=\"_blank\" href=\"https:\/\/www.tiktok.com\/tag\/duvidasfrequentesdeportugues?refer=embed\">#duvidasfrequentesdeportugues<\/a> <a title=\"ortografia\" target=\"_blank\" href=\"https:\/\/www.tiktok.com\/tag\/ortografia?refer=embed\">#ortografia<\/a> <a title=\"portuguesfacil\" target=\"_blank\" href=\"https:\/\/www.tiktok.com\/tag\/portuguesfacil?refer=embed\">#portuguesfacil<\/a> <a title=\"gramatica\" target=\"_blank\" href=\"https:\/\/www.tiktok.com\/tag\/gramatica?refer=embed\">#gramatica<\/a> <a title=\"concurseiros\" target=\"_blank\" href=\"https:\/\/www.tiktok.com\/tag\/concurseiros?refer=embed\">#concurseiros<\/a> <a title=\"dicasdeportugues\" target=\"_blank\" href=\"https:\/\/www.tiktok.com\/tag\/dicasdeportugues?refer=embed\">#dicasdeportugues<\/a> <a title=\"redacao\" target=\"_blank\" href=\"https:\/\/www.tiktok.com\/tag\/redacao?refer=embed\">#redacao<\/a> <a title=\"usodavirgula\" target=\"_blank\" href=\"https:\/\/www.tiktok.com\/tag\/usodavirgula?refer=embed\">#usodavirgula<\/a> <a title=\"virgulado\" target=\"_blank\" href=\"https:\/\/www.tiktok.com\/tag\/virgulado?refer=embed\">#virgulado<\/a> <a target=\"_blank\" title=\"\u266c som original - Gram\u00e1tica com J\u00falia\" href=\"https:\/\/www.tiktok.com\/music\/som-original-7174175669880933126?refer=embed\">\u266c som original &#8211; Gram\u00e1tica com J\u00falia<\/a> <\/section> <\/blockquote> <script async src=\"https:\/\/www.tiktok.com\/embed.js\"><\/script>\n\n\n\n<p>Leia tamb\u00e9m: <a href=\"https:\/\/www.correiobraziliense.com.br\/cbradar\/por-que-o-brasileiro-adiciona-vogais-em-palavras-que-ja-existem\/\" target=\"_blank\" rel=\"noreferrer noopener\">Por que o brasileiro adiciona vogais em palavras que j\u00e1 existem?<\/a><\/p>\n\n\n\n<h2 class=\"wp-block-heading\">Onde encontrar a lista completa de regras de pontua\u00e7\u00e3o?<\/h2>\n\n\n\n<p>Para garantir que cada sinal de pontua\u00e7\u00e3o esteja em seu devido lugar, \u00e9 essencial consultar o formul\u00e1rio ortogr\u00e1fico oficial e os manuais de reda\u00e7\u00e3o das grandes institui\u00e7\u00f5es brasileiras. A padroniza\u00e7\u00e3o gramatical \u00e9 o que permite que a comunica\u00e7\u00e3o ocorra sem ru\u00eddos entre diferentes regi\u00f5es do pa\u00eds.<\/p>\n\n\n\n<p>Para conferir todas as regras de uso da v\u00edrgula e outras normas de escrita, acesse o portal da <strong><a href=\"https:\/\/www.academia.org.br\/nossa-lingua\/busca-no-vocabulario\" target=\"_blank\" rel=\"noreferrer noopener\">Academia Brasileira de Letras<\/a><\/strong> para sanar d\u00favidas lingu\u00edsticas em tempo real. Seguir as orienta\u00e7\u00f5es da ABL garante que seus textos e descri\u00e7\u00f5es de produtos tenham o m\u00e1ximo de credibilidade. Consultar fontes oficiais \u00e9 o segredo dos redatores de alto impacto.<\/p>\n","protected":false},"excerpt":{"rendered":"<p>O uso correto da pontua\u00e7\u00e3o \u00e9 o que garante o ritmo e a clareza de um texto, evitando interpreta\u00e7\u00f5es amb\u00edguas por parte do leitor. Algumas express\u00f5es funcionam como conectivos ou explica\u00e7\u00f5es intercaladas e, por regra gramatical, devem ser isoladas por v\u00edrgulas para manter a organiza\u00e7\u00e3o l\u00f3gica da frase e a fluidez da leitura. Por que [&hellip;]<\/p>\n","protected":false},"author":21,"featured_media":198694,"comment_status":"open","ping_status":"open","sticky":false,"template":"","format":"standard","meta":{"_yoast_wpseo_focuskw":"uso da v\u00edrgula em express\u00f5es","_yoast_wpseo_title":"","_yoast_wpseo_metadesc":"Como fazer o uso correto da v\u00edrgula em express\u00f5es explicativas, conclusivas e continuativas segundo a norma padr\u00e3o","jnews-multi-image_gallery":[],"jnews_single_post":{"format":"standard"},"jnews_primary_category":[],"jnews_social_meta":[],"jnews_override_counter":[],"footnotes":""},"categories":[112],"post_tag":[8712,10902,6081,15098],"class_list":["post-198684","post","type-post","status-publish","format-standard","has-post-thumbnail","hentry","category-curiosidades","tag-expressoes","tag-lingua-portuguesa","tag-portugues","tag-virgula"],"yoast_head":"<!-- This site is optimized with the Yoast SEO plugin v24.6 - https:\/\/yoast.com\/wordpress\/plugins\/seo\/ -->\n<title>Express\u00f5es que exigem v\u00edrgulas na frase segundo as regras gramaticais - Correio Braziliense - Radar<\/title>\n<meta name=\"description\" content=\"Como fazer o uso correto da v\u00edrgula em express\u00f5es explicativas, conclusivas e continuativas segundo a norma padr\u00e3o\" \/>\n<meta name=\"robots\" content=\"index, follow, max-snippet:-1, max-image-preview:large, max-video-preview:-1\" \/>\n<link rel=\"canonical\" href=\"https:\/\/www.correiobraziliense.com.br\/cbradar\/expressoes-que-exigem-virgulas-na-frase-segundo-as-regras-gramaticais\/\" \/>\n<meta property=\"og:locale\" content=\"pt_BR\" \/>\n<meta property=\"og:type\" content=\"article\" \/>\n<meta property=\"og:title\" content=\"Express\u00f5es que exigem v\u00edrgulas na frase segundo as regras gramaticais - Correio Braziliense - Radar\" \/>\n<meta property=\"og:description\" content=\"Como fazer o uso correto da v\u00edrgula em express\u00f5es explicativas, conclusivas e continuativas segundo a norma padr\u00e3o\" \/>\n<meta property=\"og:url\" content=\"https:\/\/www.correiobraziliense.com.br\/cbradar\/expressoes-que-exigem-virgulas-na-frase-segundo-as-regras-gramaticais\/\" \/>\n<meta property=\"og:site_name\" content=\"Correio Braziliense - Radar\" \/>\n<meta property=\"article:published_time\" content=\"2026-02-25T21:15:00+00:00\" \/>\n<meta property=\"og:image\" content=\"https:\/\/www.correiobraziliense.com.br\/cbradar\/wp-content\/uploads\/2026\/02\/Gemini_Generated_Image_8kpo918kpo918kpo-1-1.png\" \/>\n\t<meta property=\"og:image:width\" content=\"1280\" \/>\n\t<meta property=\"og:image:height\" content=\"720\" \/>\n\t<meta property=\"og:image:type\" content=\"image\/png\" \/>\n<meta name=\"author\" content=\"Patrick Silva\" \/>\n<meta name=\"twitter:card\" content=\"summary_large_image\" \/>\n<meta name=\"twitter:label1\" content=\"Escrito por\" \/>\n\t<meta name=\"twitter:data1\" content=\"Patrick Silva\" \/>\n\t<meta name=\"twitter:label2\" content=\"Est. tempo de leitura\" \/>\n\t<meta name=\"twitter:data2\" content=\"5 minutos\" \/>\n<!-- \/ Yoast SEO plugin. -->","yoast_head_json":{"title":"Express\u00f5es que exigem v\u00edrgulas na frase segundo as regras gramaticais - Correio Braziliense - Radar","description":"Como fazer o uso correto da v\u00edrgula em express\u00f5es explicativas, conclusivas e continuativas segundo a norma padr\u00e3o","robots":{"index":"index","follow":"follow","max-snippet":"max-snippet:-1","max-image-preview":"max-image-preview:large","max-video-preview":"max-video-preview:-1"},"canonical":"https:\/\/www.correiobraziliense.com.br\/cbradar\/expressoes-que-exigem-virgulas-na-frase-segundo-as-regras-gramaticais\/","og_locale":"pt_BR","og_type":"article","og_title":"Express\u00f5es que exigem v\u00edrgulas na frase segundo as regras gramaticais - Correio Braziliense - Radar","og_description":"Como fazer o uso correto da v\u00edrgula em express\u00f5es explicativas, conclusivas e continuativas segundo a norma padr\u00e3o","og_url":"https:\/\/www.correiobraziliense.com.br\/cbradar\/expressoes-que-exigem-virgulas-na-frase-segundo-as-regras-gramaticais\/","og_site_name":"Correio Braziliense - Radar","article_published_time":"2026-02-25T21:15:00+00:00","og_image":[{"width":1280,"height":720,"url":"https:\/\/www.correiobraziliense.com.br\/cbradar\/wp-content\/uploads\/2026\/02\/Gemini_Generated_Image_8kpo918kpo918kpo-1-1.png","type":"image\/png"}],"author":"Patrick Silva","twitter_card":"summary_large_image","twitter_misc":{"Escrito por":"Patrick Silva","Est. tempo de leitura":"5 minutos"},"schema":{"@context":"https:\/\/schema.org","@graph":[{"@type":"WebPage","@id":"https:\/\/www.correiobraziliense.com.br\/cbradar\/expressoes-que-exigem-virgulas-na-frase-segundo-as-regras-gramaticais\/","url":"https:\/\/www.correiobraziliense.com.br\/cbradar\/expressoes-que-exigem-virgulas-na-frase-segundo-as-regras-gramaticais\/","name":"Express\u00f5es que exigem v\u00edrgulas na frase segundo as regras gramaticais - Correio Braziliense - Radar","isPartOf":{"@id":"https:\/\/www.correiobraziliense.com.br\/cbradar\/#website"},"primaryImageOfPage":{"@id":"https:\/\/www.correiobraziliense.com.br\/cbradar\/expressoes-que-exigem-virgulas-na-frase-segundo-as-regras-gramaticais\/#primaryimage"},"image":{"@id":"https:\/\/www.correiobraziliense.com.br\/cbradar\/expressoes-que-exigem-virgulas-na-frase-segundo-as-regras-gramaticais\/#primaryimage"},"thumbnailUrl":"https:\/\/www.correiobraziliense.com.br\/cbradar\/wp-content\/uploads\/2026\/02\/Gemini_Generated_Image_8kpo918kpo918kpo-1-1.png","datePublished":"2026-02-25T21:15:00+00:00","author":{"@id":"https:\/\/www.correiobraziliense.com.br\/cbradar\/#\/schema\/person\/5440b72be9c7eb74f446c846479dc4da"},"description":"Como fazer o uso correto da v\u00edrgula em express\u00f5es explicativas, conclusivas e continuativas segundo a norma padr\u00e3o","breadcrumb":{"@id":"https:\/\/www.correiobraziliense.com.br\/cbradar\/expressoes-que-exigem-virgulas-na-frase-segundo-as-regras-gramaticais\/#breadcrumb"},"inLanguage":"pt-BR","potentialAction":[{"@type":"ReadAction","target":["https:\/\/www.correiobraziliense.com.br\/cbradar\/expressoes-que-exigem-virgulas-na-frase-segundo-as-regras-gramaticais\/"]}]},{"@type":"ImageObject","inLanguage":"pt-BR","@id":"https:\/\/www.correiobraziliense.com.br\/cbradar\/expressoes-que-exigem-virgulas-na-frase-segundo-as-regras-gramaticais\/#primaryimage","url":"https:\/\/www.correiobraziliense.com.br\/cbradar\/wp-content\/uploads\/2026\/02\/Gemini_Generated_Image_8kpo918kpo918kpo-1-1.png","contentUrl":"https:\/\/www.correiobraziliense.com.br\/cbradar\/wp-content\/uploads\/2026\/02\/Gemini_Generated_Image_8kpo918kpo918kpo-1-1.png","width":1280,"height":720,"caption":"Uso da v\u00edrgula organiza express\u00f5es explicativas e evita ambiguidades"},{"@type":"BreadcrumbList","@id":"https:\/\/www.correiobraziliense.com.br\/cbradar\/expressoes-que-exigem-virgulas-na-frase-segundo-as-regras-gramaticais\/#breadcrumb","itemListElement":[{"@type":"ListItem","position":1,"name":"In\u00edcio","item":"https:\/\/www.correiobraziliense.com.br\/cbradar\/"},{"@type":"ListItem","position":2,"name":"Express\u00f5es que exigem v\u00edrgulas na frase segundo as regras gramaticais"}]},{"@type":"WebSite","@id":"https:\/\/www.correiobraziliense.com.br\/cbradar\/#website","url":"https:\/\/www.correiobraziliense.com.br\/cbradar\/","name":"Correio Braziliense - Radar","description":"Acompanhe as \u00faltimas not\u00edcias e fique bem informado sobre tudo o que acontece no Brasil e no mundo.","potentialAction":[{"@type":"SearchAction","target":{"@type":"EntryPoint","urlTemplate":"https:\/\/www.correiobraziliense.com.br\/cbradar\/?s={search_term_string}"},"query-input":{"@type":"PropertyValueSpecification","valueRequired":true,"valueName":"search_term_string"}}],"inLanguage":"pt-BR"},{"@type":"Person","@id":"https:\/\/www.correiobraziliense.com.br\/cbradar\/#\/schema\/person\/5440b72be9c7eb74f446c846479dc4da","name":"Patrick Silva","image":{"@type":"ImageObject","inLanguage":"pt-BR","@id":"https:\/\/www.correiobraziliense.com.br\/cbradar\/#\/schema\/person\/image\/","url":"https:\/\/secure.gravatar.com\/avatar\/944109df296fc087785c9715fd5f80b2?s=96&d=mm&r=g","contentUrl":"https:\/\/secure.gravatar.com\/avatar\/944109df296fc087785c9715fd5f80b2?s=96&d=mm&r=g","caption":"Patrick Silva"},"sameAs":["https:\/\/www.correiobraziliense.com.br\/cbradar\/"],"url":"https:\/\/www.correiobraziliense.com.br\/cbradar\/author\/patrick-silva\/"}]}},"_links":{"self":[{"href":"https:\/\/www.correiobraziliense.com.br\/cbradar\/wp-json\/wp\/v2\/posts\/198684","targetHints":{"allow":["GET"]}}],"collection":[{"href":"https:\/\/www.correiobraziliense.com.br\/cbradar\/wp-json\/wp\/v2\/posts"}],"about":[{"href":"https:\/\/www.correiobraziliense.com.br\/cbradar\/wp-json\/wp\/v2\/types\/post"}],"author":[{"embeddable":true,"href":"https:\/\/www.correiobraziliense.com.br\/cbradar\/wp-json\/wp\/v2\/users\/21"}],"replies":[{"embeddable":true,"href":"https:\/\/www.correiobraziliense.com.br\/cbradar\/wp-json\/wp\/v2\/comments?post=198684"}],"version-history":[{"count":1,"href":"https:\/\/www.correiobraziliense.com.br\/cbradar\/wp-json\/wp\/v2\/posts\/198684\/revisions"}],"predecessor-version":[{"id":198697,"href":"https:\/\/www.correiobraziliense.com.br\/cbradar\/wp-json\/wp\/v2\/posts\/198684\/revisions\/198697"}],"wp:featuredmedia":[{"embeddable":true,"href":"https:\/\/www.correiobraziliense.com.br\/cbradar\/wp-json\/wp\/v2\/media\/198694"}],"wp:attachment":[{"href":"https:\/\/www.correiobraziliense.com.br\/cbradar\/wp-json\/wp\/v2\/media?parent=198684"}],"wp:term":[{"taxonomy":"category","embeddable":true,"href":"https:\/\/www.correiobraziliense.com.br\/cbradar\/wp-json\/wp\/v2\/categories?post=198684"},{"taxonomy":"post_tag","embeddable":true,"href":"https:\/\/www.correiobraziliense.com.br\/cbradar\/wp-json\/wp\/v2\/post_tag?post=198684"}],"curies":[{"name":"wp","href":"https:\/\/api.w.org\/{rel}","templated":true}]}}