{"id":19894,"date":"2025-04-07T16:30:00","date_gmt":"2025-04-07T19:30:00","guid":{"rendered":"https:\/\/www.correiobraziliense.com.br\/cbradar\/?p=19894"},"modified":"2025-04-05T20:26:18","modified_gmt":"2025-04-05T23:26:18","slug":"voce-sabe-qual-e-o-valor-do-imperio-de-lady-gaga","status":"publish","type":"post","link":"https:\/\/www.correiobraziliense.com.br\/cbradar\/voce-sabe-qual-e-o-valor-do-imperio-de-lady-gaga\/","title":{"rendered":"Voc\u00ea sabe qual \u00e9 o valor do imp\u00e9rio de Lady Gaga?"},"content":{"rendered":"\n<p>Poucas figuras do entretenimento mundial conseguiram unir talento, ousadia e versatilidade como <strong><a href=\"https:\/\/pt.wikipedia.org\/wiki\/Lady_Gaga\" target=\"_blank\" rel=\"noreferrer noopener\">Lady Gaga<\/a><\/strong>. \u00cdcone da m\u00fasica pop, atriz premiada e empreendedora de sucesso, ela se consolidou como uma das artistas mais influentes e multifacetadas do s\u00e9culo <strong>XXI<\/strong>. Ao longo dos anos, sua trajet\u00f3ria n\u00e3o apenas marcou gera\u00e7\u00f5es, mas tamb\u00e9m acumulou uma expressiva fortuna.<\/p>\n\n\n\n<p>Com uma carreira que ultrapassa os limites da m\u00fasica, <strong>Lady Gaga<\/strong> transformou sua arte em um verdadeiro imp\u00e9rio multim\u00eddia. De \u00e1lbuns recordistas a atua\u00e7\u00f5es aclamadas, passando por colabora\u00e7\u00f5es com grandes marcas e projetos sociais, a artista se destaca por sua habilidade de se reinventar e multiplicar suas fontes de renda.<\/p>\n\n\n\n<h2 class=\"wp-block-heading\">Qual a hist\u00f3ria de Lady Gaga?<\/h2>\n\n\n\n<p>Nascida como <strong>Stefani Joanne Angelina Germanotta<\/strong> em <strong>28 de mar\u00e7o de 1986<\/strong>, na cidade de <strong>Nova York<\/strong>, <strong>Lady Gaga<\/strong> cresceu em um lar de classe m\u00e9dia italo-americana. Desde jovem, demonstrou inclina\u00e7\u00e3o para a m\u00fasica e as artes perform\u00e1ticas, aprendendo a tocar piano ainda na inf\u00e2ncia e se apresentando em pe\u00e7as escolares e eventos locais.<\/p>\n\n\n\n<p>Apesar de ter iniciado seus estudos na renomada escola de arte <strong>Tisch School of the Arts<\/strong>, da <strong>Universidade de Nova York<\/strong>, ela abandonou o curso para se dedicar inteiramente \u00e0 m\u00fasica. A decis\u00e3o ousada foi o primeiro passo para sua ascens\u00e3o mete\u00f3rica na ind\u00fastria fonogr\u00e1fica global.<\/p>\n\n\n<div class=\"wp-block-image\">\n<figure class=\"aligncenter size-large\"><img decoding=\"async\" width=\"1024\" height=\"576\" src=\"https:\/\/www.correiobraziliense.com.br\/cbradar\/wp-content\/uploads\/2025\/02\/lady-gaga_1740191867944-1024x576.jpg\" alt=\"Cariocas em festa! Show de artista internacional em 2025 confirmado\" class=\"wp-image-4808\" srcset=\"https:\/\/www.correiobraziliense.com.br\/cbradar\/wp-content\/uploads\/2025\/02\/lady-gaga_1740191867944-1024x576.jpg 1024w, https:\/\/www.correiobraziliense.com.br\/cbradar\/wp-content\/uploads\/2025\/02\/lady-gaga_1740191867944-300x169.jpg 300w, https:\/\/www.correiobraziliense.com.br\/cbradar\/wp-content\/uploads\/2025\/02\/lady-gaga_1740191867944-768x432.jpg 768w, https:\/\/www.correiobraziliense.com.br\/cbradar\/wp-content\/uploads\/2025\/02\/lady-gaga_1740191867944-750x422.jpg 750w, https:\/\/www.correiobraziliense.com.br\/cbradar\/wp-content\/uploads\/2025\/02\/lady-gaga_1740191867944-1140x641.jpg 1140w, https:\/\/www.correiobraziliense.com.br\/cbradar\/wp-content\/uploads\/2025\/02\/lady-gaga_1740191867944.jpg 1280w\" sizes=\"(max-width: 1024px) 100vw, 1024px\" \/><figcaption class=\"wp-element-caption\">Lady Gaga \/\/ Cr\u00e9ditos: depositphotos.com \/ arp<\/figcaption><\/figure><\/div>\n\n\n<h2 class=\"wp-block-heading\">Como foi o in\u00edcio da carreira de Lady Gaga?<\/h2>\n\n\n\n<p>O in\u00edcio da carreira de <strong>Lady Gaga<\/strong> foi marcado por persist\u00eancia e inova\u00e7\u00e3o. Ela come\u00e7ou escrevendo can\u00e7\u00f5es para artistas como <strong>Britney Spears<\/strong>, <strong>Fergie<\/strong> e <strong>The Pussycat Dolls<\/strong>, antes de ganhar notoriedade com seu pr\u00f3prio material. Sua assinatura est\u00e9tica e sonora come\u00e7ou a chamar aten\u00e7\u00e3o em pequenos clubes de <strong>Nova York<\/strong>, onde se apresentava com figurinos ousados e performances teatrais.<\/p>\n\n\n\n<p>Em <strong>2008<\/strong>, lan\u00e7ou seu \u00e1lbum de estreia, <strong>The Fame<\/strong>, que rapidamente a colocou sob os holofotes. Com hits como <strong>&#8220;Just Dance&#8221;<\/strong> e <strong>&#8220;Poker Face&#8221;<\/strong>, a cantora conquistou as paradas de sucesso em v\u00e1rios pa\u00edses, se firmando como um novo fen\u00f4meno do pop. A partir da\u00ed, sua carreira passou a ser marcada por lan\u00e7amentos impactantes e turn\u00eas grandiosas.<\/p>\n\n\n\n<h2 class=\"wp-block-heading\">Quais seus maiores sucessos?<\/h2>\n\n\n\n<p>Os maiores sucessos de <strong>Lady Gaga<\/strong> abrangem tanto a m\u00fasica quanto o cinema. Na m\u00fasica, seus \u00e1lbuns <strong>The Fame<\/strong>, <strong>Born This Way<\/strong>, <strong>Artpop<\/strong>, <strong>Joanne<\/strong> e <strong>Chromatica<\/strong> renderam uma sequ\u00eancia de hits como <strong>&#8220;Bad Romance&#8221;<\/strong>, <strong>&#8220;Shallow&#8221;<\/strong>, <strong>&#8220;Alejandro&#8221;<\/strong>, <strong>&#8220;Applause&#8221;<\/strong> e <strong>&#8220;Rain on Me&#8221;<\/strong>. Al\u00e9m disso, ela se destacou por suas colabora\u00e7\u00f5es com artistas como <strong>Tony Bennett<\/strong>, com quem gravou dois \u00e1lbuns de jazz.<\/p>\n\n\n\n<p>No cinema, <strong>Lady Gaga<\/strong> surpreendeu com sua performance no filme <strong>Nasce uma Estrela<\/strong>, de <strong>2018<\/strong>, pelo qual recebeu aclama\u00e7\u00e3o da cr\u00edtica e o <strong>Oscar de Melhor Can\u00e7\u00e3o Original<\/strong>. Em seguida, atuou no longa <strong>Casa Gucci<\/strong>, de <strong>2021<\/strong>, consolidando-se como uma atriz vers\u00e1til e respeitada em <strong>Hollywood<\/strong>.<\/p>\n\n\n\n<h2 class=\"wp-block-heading\">Quais seus maiores pr\u00eamios e conquistas da carreira?<\/h2>\n\n\n\n<p>A trajet\u00f3ria de <strong>Lady Gaga<\/strong> \u00e9 marcada por uma impressionante cole\u00e7\u00e3o de pr\u00eamios. Ao longo da carreira, ela conquistou mais de <strong>300<\/strong> pr\u00eamios, incluindo <strong>13<\/strong> pr\u00eamios <strong>Grammy<\/strong>, <strong>2<\/strong> pr\u00eamios <strong>Globo de Ouro<\/strong> e um <strong><a href=\"https:\/\/www.correiobraziliense.com.br\/cbradar\/a-curiosa-fortuna-da-atriz-que-ja-conquistou-dois-oscars\/\" target=\"_blank\" rel=\"noreferrer noopener\">Oscar<\/a><\/strong>. Seu trabalho no \u00e1lbum <strong>The Fame<\/strong> rendeu o reconhecimento internacional, enquanto <strong>Shallow<\/strong>, trilha sonora de <strong>Nasce uma Estrela<\/strong>, foi consagrada com o <strong>Oscar<\/strong>, o <strong>BAFTA<\/strong> e o <strong>Critics&#8217; Choice Award<\/strong>.<\/p>\n\n\n\n<p>Al\u00e9m dos pr\u00eamios art\u00edsticos, <strong>Lady Gaga<\/strong> tamb\u00e9m foi homenageada por suas contribui\u00e7\u00f5es sociais e filantr\u00f3picas. Sua funda\u00e7\u00e3o, <strong>Born This Way Foundation<\/strong>, atua em causas relacionadas \u00e0 sa\u00fade mental e ao empoderamento da juventude, reafirmando seu compromisso com temas sociais relevantes.<\/p>\n\n\n\n<h2 class=\"wp-block-heading\">Lady Gaga j\u00e1 se envolveu em pol\u00eamicas?<\/h2>\n\n\n\n<p>Como toda grande estrela, <strong>Lady Gaga<\/strong> tamb\u00e9m se viu envolvida em algumas pol\u00eamicas. Durante o in\u00edcio da carreira, foi frequentemente criticada por seu estilo provocador e performances consideradas &#8220;extravagantes&#8221; ou &#8220;inapropriadas&#8221; por setores mais conservadores. Sua apresenta\u00e7\u00e3o no <strong>MTV Video Music Awards<\/strong>, onde usou um vestido feito de carne crua, gerou intenso debate e dividiu opini\u00f5es.<\/p>\n\n\n\n<p>Al\u00e9m disso, algumas declara\u00e7\u00f5es e posicionamentos pol\u00edticos da cantora tamb\u00e9m foram alvo de controv\u00e9rsias. No entanto, essas situa\u00e7\u00f5es n\u00e3o abalaram sua popularidade. Ao contr\u00e1rio, muitas vezes serviram para fortalecer sua imagem como artista aut\u00eantica e engajada, comprometida com a liberdade de express\u00e3o e os direitos humanos.<\/p>\n\n\n\n<h2 class=\"wp-block-heading\">Curiosidades<\/h2>\n\n\n\n<p><strong>1.<\/strong> O nome art\u00edstico <strong>Lady Gaga<\/strong> foi inspirado na m\u00fasica <strong>&#8220;Radio Ga Ga&#8221;<\/strong>, da banda <strong>Queen<\/strong>.<br><strong>2.<\/strong> Ela \u00e9 formada em piano cl\u00e1ssico e comp\u00f5e muitas de suas can\u00e7\u00f5es desde os <strong>13<\/strong> anos.<br><strong>3.<\/strong> J\u00e1 foi considerada a celebridade mais influente do mundo pela revista <strong>Forbes<\/strong>, em <strong>2011<\/strong>.<br><strong>4.<\/strong> Sofre de fibromialgia, condi\u00e7\u00e3o que afetou diversas turn\u00eas ao longo dos anos.<br><strong>5.<\/strong> Tornou-se a primeira mulher a ganhar um <strong>Oscar<\/strong>, um <strong>Grammy<\/strong>, um <strong>BAFTA<\/strong> e um <strong>Globo de Ouro<\/strong> no mesmo ano.<br><strong>6.<\/strong> Possui sua pr\u00f3pria linha de cosm\u00e9ticos, chamada <strong>Haus Labs<\/strong>, que \u00e9 sucesso de vendas.<br><strong>7.<\/strong> Atuou no seriado <strong>American Horror Story<\/strong>, vencendo o <strong>Globo de Ouro<\/strong> por sua performance.<br><strong>8.<\/strong> \u00c9 uma defensora ativa dos direitos LGBTQIA+, sendo \u00edcone para a comunidade.<br><strong>9.<\/strong> Participou da posse do presidente <strong>Joe Biden<\/strong>, cantando o hino nacional dos <strong>Estados Unidos<\/strong>.<br><strong>10.<\/strong> Foi considerada uma das <strong>100<\/strong> pessoas mais influentes do mundo pela revista <strong>Time<\/strong> diversas vezes.<\/p>\n\n\n\n<h2 class=\"wp-block-heading\">Qual o valor estimado da fortuna e fontes de renda do Lady Gaga?<\/h2>\n\n\n\n<p>A fortuna de <strong>Lady Gaga<\/strong> \u00e9 estimada em aproximadamente <strong>US$ 320 milh\u00f5es<\/strong>, segundo levantamentos de ve\u00edculos como <strong>Forbes<\/strong> e <strong>Celebrity Net Worth<\/strong>. Seu patrim\u00f4nio \u00e9 fruto de uma combina\u00e7\u00e3o estrat\u00e9gica entre m\u00fasica, cinema, moda, neg\u00f3cios e parcerias publicit\u00e1rias com grandes marcas.<\/p>\n\n\n\n<p>As fontes de renda de <strong>Lady Gaga<\/strong> incluem turn\u00eas mundiais com ingressos esgotados, vendas de \u00e1lbuns e streaming, contratos milion\u00e1rios com marcas como <strong>Versace<\/strong>, <strong>Dom P\u00e9rignon<\/strong> e <strong>Tiffany &amp; Co.<\/strong>, al\u00e9m de seus empreendimentos pr\u00f3prios como a <strong>Haus Labs<\/strong>. Seus trabalhos no cinema e em s\u00e9ries tamb\u00e9m contribu\u00edram significativamente para sua fortuna, consolidando-a como uma das artistas mais completas e rent\u00e1veis da atualidade.<\/p>\n","protected":false},"excerpt":{"rendered":"<p>Poucas figuras do entretenimento mundial conseguiram unir talento, ousadia e versatilidade como Lady Gaga. \u00cdcone da m\u00fasica pop, atriz premiada e empreendedora de sucesso, ela se consolidou como uma das artistas mais influentes e multifacetadas do s\u00e9culo XXI. Ao longo dos anos, sua trajet\u00f3ria n\u00e3o apenas marcou gera\u00e7\u00f5es, mas tamb\u00e9m acumulou uma expressiva fortuna. Com [&hellip;]<\/p>\n","protected":false},"author":8,"featured_media":4807,"comment_status":"open","ping_status":"open","sticky":false,"template":"","format":"standard","meta":{"jnews-multi-image_gallery":[],"jnews_single_post":{"format":"standard"},"jnews_primary_category":[],"jnews_social_meta":[],"jnews_override_counter":[],"footnotes":""},"categories":[128,169],"post_tag":[534,810],"class_list":["post-19894","post","type-post","status-publish","format-standard","has-post-thumbnail","hentry","category-economia","category-noticias","tag-fortunas","tag-lady-gaga"],"yoast_head":"<!-- This site is optimized with the Yoast SEO plugin v24.6 - https:\/\/yoast.com\/wordpress\/plugins\/seo\/ -->\n<title>Voc\u00ea sabe qual \u00e9 o valor do imp\u00e9rio de Lady Gaga? - Correio Braziliense - Radar<\/title>\n<meta name=\"description\" content=\"Descubra o valor do imp\u00e9rio de Lady Gaga e saiba como a estrela pop construiu sua fortuna com m\u00fasica, moda, cinema e neg\u00f3cios.\" \/>\n<meta name=\"robots\" content=\"index, follow, max-snippet:-1, max-image-preview:large, max-video-preview:-1\" \/>\n<link rel=\"canonical\" href=\"https:\/\/www.correiobraziliense.com.br\/cbradar\/voce-sabe-qual-e-o-valor-do-imperio-de-lady-gaga\/\" \/>\n<meta property=\"og:locale\" content=\"pt_BR\" \/>\n<meta property=\"og:type\" content=\"article\" \/>\n<meta property=\"og:title\" content=\"Voc\u00ea sabe qual \u00e9 o valor do imp\u00e9rio de Lady Gaga? - Correio Braziliense - Radar\" \/>\n<meta property=\"og:description\" content=\"Descubra o valor do imp\u00e9rio de Lady Gaga e saiba como a estrela pop construiu sua fortuna com m\u00fasica, moda, cinema e neg\u00f3cios.\" \/>\n<meta property=\"og:url\" content=\"https:\/\/www.correiobraziliense.com.br\/cbradar\/voce-sabe-qual-e-o-valor-do-imperio-de-lady-gaga\/\" \/>\n<meta property=\"og:site_name\" content=\"Correio Braziliense - Radar\" \/>\n<meta property=\"article:published_time\" content=\"2025-04-07T19:30:00+00:00\" \/>\n<meta property=\"og:image\" content=\"https:\/\/www.correiobraziliense.com.br\/cbradar\/wp-content\/uploads\/2025\/02\/lady-gaga_1740191810694.jpg\" \/>\n\t<meta property=\"og:image:width\" content=\"1279\" \/>\n\t<meta property=\"og:image:height\" content=\"720\" \/>\n\t<meta property=\"og:image:type\" content=\"image\/jpeg\" \/>\n<meta name=\"author\" content=\"Maura Pereira\" \/>\n<meta name=\"twitter:card\" content=\"summary_large_image\" \/>\n<meta name=\"twitter:label1\" content=\"Escrito por\" \/>\n\t<meta name=\"twitter:data1\" content=\"Maura Pereira\" \/>\n\t<meta name=\"twitter:label2\" content=\"Est. tempo de leitura\" \/>\n\t<meta name=\"twitter:data2\" content=\"6 minutos\" \/>\n<!-- \/ Yoast SEO plugin. -->","yoast_head_json":{"title":"Voc\u00ea sabe qual \u00e9 o valor do imp\u00e9rio de Lady Gaga? - Correio Braziliense - Radar","description":"Descubra o valor do imp\u00e9rio de Lady Gaga e saiba como a estrela pop construiu sua fortuna com m\u00fasica, moda, cinema e neg\u00f3cios.","robots":{"index":"index","follow":"follow","max-snippet":"max-snippet:-1","max-image-preview":"max-image-preview:large","max-video-preview":"max-video-preview:-1"},"canonical":"https:\/\/www.correiobraziliense.com.br\/cbradar\/voce-sabe-qual-e-o-valor-do-imperio-de-lady-gaga\/","og_locale":"pt_BR","og_type":"article","og_title":"Voc\u00ea sabe qual \u00e9 o valor do imp\u00e9rio de Lady Gaga? - Correio Braziliense - Radar","og_description":"Descubra o valor do imp\u00e9rio de Lady Gaga e saiba como a estrela pop construiu sua fortuna com m\u00fasica, moda, cinema e neg\u00f3cios.","og_url":"https:\/\/www.correiobraziliense.com.br\/cbradar\/voce-sabe-qual-e-o-valor-do-imperio-de-lady-gaga\/","og_site_name":"Correio Braziliense - Radar","article_published_time":"2025-04-07T19:30:00+00:00","og_image":[{"width":1279,"height":720,"url":"https:\/\/www.correiobraziliense.com.br\/cbradar\/wp-content\/uploads\/2025\/02\/lady-gaga_1740191810694.jpg","type":"image\/jpeg"}],"author":"Maura Pereira","twitter_card":"summary_large_image","twitter_misc":{"Escrito por":"Maura Pereira","Est. tempo de leitura":"6 minutos"},"schema":{"@context":"https:\/\/schema.org","@graph":[{"@type":"WebPage","@id":"https:\/\/www.correiobraziliense.com.br\/cbradar\/voce-sabe-qual-e-o-valor-do-imperio-de-lady-gaga\/","url":"https:\/\/www.correiobraziliense.com.br\/cbradar\/voce-sabe-qual-e-o-valor-do-imperio-de-lady-gaga\/","name":"Voc\u00ea sabe qual \u00e9 o valor do imp\u00e9rio de Lady Gaga? - Correio Braziliense - Radar","isPartOf":{"@id":"https:\/\/www.correiobraziliense.com.br\/cbradar\/#website"},"primaryImageOfPage":{"@id":"https:\/\/www.correiobraziliense.com.br\/cbradar\/voce-sabe-qual-e-o-valor-do-imperio-de-lady-gaga\/#primaryimage"},"image":{"@id":"https:\/\/www.correiobraziliense.com.br\/cbradar\/voce-sabe-qual-e-o-valor-do-imperio-de-lady-gaga\/#primaryimage"},"thumbnailUrl":"https:\/\/www.correiobraziliense.com.br\/cbradar\/wp-content\/uploads\/2025\/02\/lady-gaga_1740191810694.jpg","datePublished":"2025-04-07T19:30:00+00:00","author":{"@id":"https:\/\/www.correiobraziliense.com.br\/cbradar\/#\/schema\/person\/4053c651a9bfc785afc6f4cbc9032fd3"},"description":"Descubra o valor do imp\u00e9rio de Lady Gaga e saiba como a estrela pop construiu sua fortuna com m\u00fasica, moda, cinema e neg\u00f3cios.","breadcrumb":{"@id":"https:\/\/www.correiobraziliense.com.br\/cbradar\/voce-sabe-qual-e-o-valor-do-imperio-de-lady-gaga\/#breadcrumb"},"inLanguage":"pt-BR","potentialAction":[{"@type":"ReadAction","target":["https:\/\/www.correiobraziliense.com.br\/cbradar\/voce-sabe-qual-e-o-valor-do-imperio-de-lady-gaga\/"]}]},{"@type":"ImageObject","inLanguage":"pt-BR","@id":"https:\/\/www.correiobraziliense.com.br\/cbradar\/voce-sabe-qual-e-o-valor-do-imperio-de-lady-gaga\/#primaryimage","url":"https:\/\/www.correiobraziliense.com.br\/cbradar\/wp-content\/uploads\/2025\/02\/lady-gaga_1740191810694.jpg","contentUrl":"https:\/\/www.correiobraziliense.com.br\/cbradar\/wp-content\/uploads\/2025\/02\/lady-gaga_1740191810694.jpg","width":1279,"height":720},{"@type":"BreadcrumbList","@id":"https:\/\/www.correiobraziliense.com.br\/cbradar\/voce-sabe-qual-e-o-valor-do-imperio-de-lady-gaga\/#breadcrumb","itemListElement":[{"@type":"ListItem","position":1,"name":"In\u00edcio","item":"https:\/\/www.correiobraziliense.com.br\/cbradar\/"},{"@type":"ListItem","position":2,"name":"Voc\u00ea sabe qual \u00e9 o valor do imp\u00e9rio de Lady Gaga?"}]},{"@type":"WebSite","@id":"https:\/\/www.correiobraziliense.com.br\/cbradar\/#website","url":"https:\/\/www.correiobraziliense.com.br\/cbradar\/","name":"Correio Braziliense - Radar","description":"Acompanhe as \u00faltimas not\u00edcias e fique bem informado sobre tudo o que acontece no Brasil e no mundo.","potentialAction":[{"@type":"SearchAction","target":{"@type":"EntryPoint","urlTemplate":"https:\/\/www.correiobraziliense.com.br\/cbradar\/?s={search_term_string}"},"query-input":{"@type":"PropertyValueSpecification","valueRequired":true,"valueName":"search_term_string"}}],"inLanguage":"pt-BR"},{"@type":"Person","@id":"https:\/\/www.correiobraziliense.com.br\/cbradar\/#\/schema\/person\/4053c651a9bfc785afc6f4cbc9032fd3","name":"Maura Pereira","image":{"@type":"ImageObject","inLanguage":"pt-BR","@id":"https:\/\/www.correiobraziliense.com.br\/cbradar\/#\/schema\/person\/image\/","url":"https:\/\/secure.gravatar.com\/avatar\/3effd6bdadfa447f15089c7f7144eaa6?s=96&d=mm&r=g","contentUrl":"https:\/\/secure.gravatar.com\/avatar\/3effd6bdadfa447f15089c7f7144eaa6?s=96&d=mm&r=g","caption":"Maura Pereira"},"sameAs":["https:\/\/www.correiobraziliense.com.br\/"],"url":"https:\/\/www.correiobraziliense.com.br\/cbradar\/author\/mauramyth\/"}]}},"_links":{"self":[{"href":"https:\/\/www.correiobraziliense.com.br\/cbradar\/wp-json\/wp\/v2\/posts\/19894","targetHints":{"allow":["GET"]}}],"collection":[{"href":"https:\/\/www.correiobraziliense.com.br\/cbradar\/wp-json\/wp\/v2\/posts"}],"about":[{"href":"https:\/\/www.correiobraziliense.com.br\/cbradar\/wp-json\/wp\/v2\/types\/post"}],"author":[{"embeddable":true,"href":"https:\/\/www.correiobraziliense.com.br\/cbradar\/wp-json\/wp\/v2\/users\/8"}],"replies":[{"embeddable":true,"href":"https:\/\/www.correiobraziliense.com.br\/cbradar\/wp-json\/wp\/v2\/comments?post=19894"}],"version-history":[{"count":3,"href":"https:\/\/www.correiobraziliense.com.br\/cbradar\/wp-json\/wp\/v2\/posts\/19894\/revisions"}],"predecessor-version":[{"id":19919,"href":"https:\/\/www.correiobraziliense.com.br\/cbradar\/wp-json\/wp\/v2\/posts\/19894\/revisions\/19919"}],"wp:featuredmedia":[{"embeddable":true,"href":"https:\/\/www.correiobraziliense.com.br\/cbradar\/wp-json\/wp\/v2\/media\/4807"}],"wp:attachment":[{"href":"https:\/\/www.correiobraziliense.com.br\/cbradar\/wp-json\/wp\/v2\/media?parent=19894"}],"wp:term":[{"taxonomy":"category","embeddable":true,"href":"https:\/\/www.correiobraziliense.com.br\/cbradar\/wp-json\/wp\/v2\/categories?post=19894"},{"taxonomy":"post_tag","embeddable":true,"href":"https:\/\/www.correiobraziliense.com.br\/cbradar\/wp-json\/wp\/v2\/post_tag?post=19894"}],"curies":[{"name":"wp","href":"https:\/\/api.w.org\/{rel}","templated":true}]}}