{"id":199060,"date":"2026-02-26T22:35:10","date_gmt":"2026-02-27T01:35:10","guid":{"rendered":"https:\/\/www.correiobraziliense.com.br\/cbradar\/?p=199060"},"modified":"2026-02-25T19:59:35","modified_gmt":"2026-02-25T22:59:35","slug":"o-que-significa-sempre-chegar-atrasado-na-vida-e-no-trabalho","status":"publish","type":"post","link":"https:\/\/www.correiobraziliense.com.br\/cbradar\/o-que-significa-sempre-chegar-atrasado-na-vida-e-no-trabalho\/","title":{"rendered":"O que significa sempre chegar atrasado na vida e no trabalho?"},"content":{"rendered":"\n<p>Voc\u00ea j\u00e1 se pegou correndo, olhando o rel\u00f3gio e pensando \u201cn\u00e3o acredito que vou me atrasar de novo\u201d? Para muita gente, chegar <b>atrasado<\/b> n\u00e3o \u00e9 s\u00f3 um deslize pontual, mas um <b>h\u00e1bito<\/b> que come\u00e7a a incomodar, gerar culpa e at\u00e9 atritos com outras pessoas. Por isso, entender o que significa sempre chegar atrasado ajuda a perceber como esse <b>comportamento<\/b> se forma e como ele afeta a rotina, os relacionamentos e at\u00e9 a forma como voc\u00ea se v\u00ea.<\/p>\n\n\n\n<h2 class=\"wp-block-heading\">O que significa sempre chegar atrasado no dia a dia<\/h2>\n\n\n\n<p>No dia a dia, estar atrasado o tempo todo costuma mostrar um certo <b>descompasso<\/b> interno entre o que a pessoa quer fazer e o que realmente consegue. Ela at\u00e9 tem a inten\u00e7\u00e3o de chegar na hora, mas esbarra em obst\u00e1culos como subestimar o tempo de <b>deslocamento<\/b> ou deixar para se arrumar em cima da hora, o que refor\u00e7a um ciclo de <b>pressa<\/b> constante.<\/p>\n\n\n\n<p>Esse padr\u00e3o pode revelar dificuldade de <b>planejamento<\/b> e de estabelecer prioridades claras. Em alguns casos, a chamada \u201cpontualidade em atraso\u201d aparece junto com uma rotina <b>sobrecarregada<\/b>, muitas tarefas seguidas e quase nenhuma pausa, o que aumenta a chance de perder o hor\u00e1rio sem que isso seja algo proposital, trazendo mais <b>cansa\u00e7o<\/b> mental.<\/p>\n\n\n<div class=\"wp-block-image\">\n<figure class=\"aligncenter size-large\"><img decoding=\"async\" width=\"1024\" height=\"576\" src=\"https:\/\/www.correiobraziliense.com.br\/cbradar\/wp-content\/uploads\/2025\/12\/mosaico_1764848462534-1024x576.jpg\" alt=\"\" class=\"wp-image-149909\" srcset=\"https:\/\/www.correiobraziliense.com.br\/cbradar\/wp-content\/uploads\/2025\/12\/mosaico_1764848462534-1024x576.jpg 1024w, https:\/\/www.correiobraziliense.com.br\/cbradar\/wp-content\/uploads\/2025\/12\/mosaico_1764848462534-300x169.jpg 300w, https:\/\/www.correiobraziliense.com.br\/cbradar\/wp-content\/uploads\/2025\/12\/mosaico_1764848462534-768x432.jpg 768w, https:\/\/www.correiobraziliense.com.br\/cbradar\/wp-content\/uploads\/2025\/12\/mosaico_1764848462534-750x422.jpg 750w, https:\/\/www.correiobraziliense.com.br\/cbradar\/wp-content\/uploads\/2025\/12\/mosaico_1764848462534-1140x641.jpg 1140w, https:\/\/www.correiobraziliense.com.br\/cbradar\/wp-content\/uploads\/2025\/12\/mosaico_1764848462534.jpg 1280w\" sizes=\"(max-width: 1024px) 100vw, 1024px\" \/><figcaption class=\"wp-element-caption\">Quando algu\u00e9m sonha que est\u00e1 chegando atrasado, esse cen\u00e1rio costuma estar associado ao medo de n\u00e3o corresponder a expectativas &#8211; Cr\u00e9ditos: depositphotos.com \/ alphaspirit \/ Cr\u00e9ditos: depositphotos.com \/ Patryk_Kosmider<\/figcaption><\/figure><\/div>\n\n\n<p>Leia tamb\u00e9m:\u00a0<a href=\"https:\/\/www.correiobraziliense.com.br\/cbradar\/o-que-significa-quando-a-chama-do-fogao-fica-amarela-e-como-resolver-esse-problema\/\" target=\"_blank\" rel=\"noopener\">O que significa quando a chama do fog\u00e3o fica amarela e como resolver esse problema<\/a><\/p>\n\n\n\n<h2 class=\"wp-block-heading\">Chegar atrasado sempre \u00e9 falta de respeito<\/h2>\n\n\n\n<p>Para quem est\u00e1 esperando, atrasos frequentes podem soar como <b>desconsidera\u00e7\u00e3o<\/b> com o pr\u00f3prio tempo. Quando reuni\u00f5es, encontros ou eventos come\u00e7am mais tarde por causa de uma mesma pessoa, surge a sensa\u00e7\u00e3o de que ela acha o pr\u00f3prio <b>hor\u00e1rio<\/b> mais importante que o dos outros, mesmo que essa n\u00e3o seja sua real <b>inten\u00e7\u00e3o<\/b>.<\/p>\n\n\n\n<p>Com o tempo, esse h\u00e1bito pode abalar a <b>confian\u00e7a<\/b>. Em equipes de trabalho, atrasos repetidos prejudicam prazos e reuni\u00f5es. Em rela\u00e7\u00f5es pessoais, podem gerar <b>desgaste<\/b>, m\u00e1goas silenciosas e afastamento, criando um clima de desalinhamento em que um leva o combinado a s\u00e9rio e o outro parece n\u00e3o enxergar a mesma <b>urg\u00eancia<\/b>.<\/p>\n\n\n\n<h2 class=\"wp-block-heading\">Quais s\u00e3o as poss\u00edveis causas de sempre chegar atrasado<\/h2>\n\n\n\n<p>O h\u00e1bito de se atrasar quase nunca tem uma \u00fanica <b>causa<\/b>; geralmente \u00e9 uma mistura de h\u00e1bitos, emo\u00e7\u00f5es e contexto. Em muitos casos, a pessoa n\u00e3o \u00e9 \u201cdesleixada\u201d, mas aprendeu a viver sempre no limite do <b>rel\u00f3gio<\/b>, acreditando que \u201cd\u00e1 tempo\u201d para tudo at\u00e9 o \u00faltimo minuto, o que alimenta uma falsa sensa\u00e7\u00e3o de <b>controle<\/b> sobre o tempo.<\/p>\n\n\n\n<p>Ao longo do tempo, pequenas cren\u00e7as e rotinas v\u00e3o se somando e criam um padr\u00e3o dif\u00edcil de mudar sem aten\u00e7\u00e3o consciente e um pouco de <b>autoconhecimento<\/b>, especialmente quando h\u00e1 ansiedade, des\u00e2nimo ou procrastina\u00e7\u00e3o envolvidos no momento de sair de casa ou come\u00e7ar uma atividade. Em alguns casos, quest\u00f5es como <b>TDAH<\/b> ou quadros de <b>ansiedade<\/b> podem intensificar ainda mais essa dificuldade. Se voc\u00ea gosta de ouvir profissionais, separamos esse v\u00eddeo da <a href=\"https:\/\/www.youtube.com\/@inesrosangelapsicologa\" target=\"_blank\" rel=\"noreferrer noopener\">In\u00eas Rosangela &#8211; Psic\u00f3loga<\/a> falando com mais detalhes sobre esse tema:<\/p>\n\n\n\n<figure class=\"wp-block-embed is-type-video is-provider-youtube wp-block-embed-youtube wp-embed-aspect-16-9 wp-has-aspect-ratio\"><div class=\"wp-block-embed__wrapper\">\n<div class=\"jeg_video_container jeg_video_content\"><iframe loading=\"lazy\" title=\"Pessoas que sempre se atrasam nos compromissos...\" width=\"500\" height=\"281\" src=\"https:\/\/www.youtube.com\/embed\/3zwVlPaJNk4?feature=oembed\" frameborder=\"0\" allow=\"accelerometer; autoplay; clipboard-write; encrypted-media; gyroscope; picture-in-picture; web-share\" referrerpolicy=\"strict-origin-when-cross-origin\" allowfullscreen><\/iframe><\/div>\n<\/div><\/figure>\n\n\n\n<h2 class=\"wp-block-heading\">Quais atitudes podem ajudar a reduzir os atrasos frequentes<\/h2>\n\n\n\n<p>Quem reconhece em si o h\u00e1bito de sempre chegar atrasado pode come\u00e7ar com mudan\u00e7as simples, voltadas para tornar o dia mais leve e <b>previs\u00edvel<\/b>. Essas pequenas atitudes ajudam a criar uma nova rela\u00e7\u00e3o com o tempo, menos baseada em <b>correria<\/b> e mais em cuidado consigo e com os outros, fortalecendo um senso maior de <b>autonomia<\/b> sobre a rotina.<\/p>\n\n\n\n<ul class=\"wp-block-list\">\n<li><b>Antecipar<\/b> hor\u00e1rios: imaginar o compromisso 10 ou 15 minutos antes do real, criando uma <b>folga<\/b>. Essa margem reduz imprevistos e permite sair de casa com mais <b>tranquilidade<\/b>.<\/li>\n<\/ul>\n\n\n\n<h2 class=\"wp-block-heading\">Quando buscar ajuda profissional para lidar com os atrasos<\/h2>\n\n\n\n<p>Em algumas situa\u00e7\u00f5es, o atraso constante n\u00e3o \u00e9 s\u00f3 falta de costume ou desaten\u00e7\u00e3o, mas um sinal de algo mais <b>profundo<\/b>. Quando a pessoa sente muita ang\u00fastia, apatia, medo de ser <b>julgada<\/b> ou dificuldade at\u00e9 para levantar da cama, chegar atrasado vira apenas um dos sintomas de um cen\u00e1rio emocional mais <b>delicado<\/b>.<\/p>\n\n\n\n<p>Nesses casos, procurar um psic\u00f3logo ou outro profissional de <b>sa\u00fade<\/b> mental pode ajudar a entender melhor o que est\u00e1 por tr\u00e1s do comportamento. Com apoio adequado, \u00e9 poss\u00edvel construir estrat\u00e9gias personalizadas para lidar com o tempo, a <b>rotina<\/b> e as emo\u00e7\u00f5es de forma mais gentil e equilibrada, ampliando a sensa\u00e7\u00e3o de <b>seguran\u00e7a<\/b> interna.<\/p>\n","protected":false},"excerpt":{"rendered":"<p>Voc\u00ea j\u00e1 se pegou correndo, olhando o rel\u00f3gio e pensando \u201cn\u00e3o acredito que vou me atrasar de novo\u201d? Para muita gente, chegar atrasado n\u00e3o \u00e9 s\u00f3 um deslize pontual, mas um h\u00e1bito que come\u00e7a a incomodar, gerar culpa e at\u00e9 atritos com outras pessoas. Por isso, entender o que significa sempre chegar atrasado ajuda a [&hellip;]<\/p>\n","protected":false},"author":9,"featured_media":187252,"comment_status":"open","ping_status":"open","sticky":false,"template":"","format":"standard","meta":{"_yoast_wpseo_focuskw":"pessoa atrasada","_yoast_wpseo_title":"","_yoast_wpseo_metadesc":"Sempre se atrasa? Entenda os motivos por tr\u00e1s desse h\u00e1bito e como ele afeta sua rotina, relacionamentos e imagem pessoal.","jnews-multi-image_gallery":[],"jnews_single_post":{"format":"standard"},"jnews_primary_category":[],"jnews_social_meta":[],"jnews_override_counter":[],"footnotes":""},"categories":[112],"post_tag":[15555,11050,12276],"class_list":["post-199060","post","type-post","status-publish","format-standard","has-post-thumbnail","hentry","category-curiosidades","tag-chegar-sempre-atrasado","tag-atraso","tag-compromisso"],"yoast_head":"<!-- This site is optimized with the Yoast SEO plugin v24.6 - https:\/\/yoast.com\/wordpress\/plugins\/seo\/ -->\n<title>O que significa sempre chegar atrasado na vida e no trabalho? - Correio Braziliense - Radar<\/title>\n<meta name=\"description\" content=\"Sempre se atrasa? Entenda os motivos por tr\u00e1s desse h\u00e1bito e como ele afeta sua rotina, relacionamentos e imagem pessoal.\" \/>\n<meta name=\"robots\" content=\"index, follow, max-snippet:-1, max-image-preview:large, max-video-preview:-1\" \/>\n<link rel=\"canonical\" href=\"https:\/\/www.correiobraziliense.com.br\/cbradar\/o-que-significa-sempre-chegar-atrasado-na-vida-e-no-trabalho\/\" \/>\n<meta property=\"og:locale\" content=\"pt_BR\" \/>\n<meta property=\"og:type\" content=\"article\" \/>\n<meta property=\"og:title\" content=\"O que significa sempre chegar atrasado na vida e no trabalho? - Correio Braziliense - Radar\" \/>\n<meta property=\"og:description\" content=\"Sempre se atrasa? Entenda os motivos por tr\u00e1s desse h\u00e1bito e como ele afeta sua rotina, relacionamentos e imagem pessoal.\" \/>\n<meta property=\"og:url\" content=\"https:\/\/www.correiobraziliense.com.br\/cbradar\/o-que-significa-sempre-chegar-atrasado-na-vida-e-no-trabalho\/\" \/>\n<meta property=\"og:site_name\" content=\"Correio Braziliense - Radar\" \/>\n<meta property=\"article:published_time\" content=\"2026-02-27T01:35:10+00:00\" \/>\n<meta property=\"og:image\" content=\"https:\/\/www.correiobraziliense.com.br\/cbradar\/wp-content\/uploads\/2026\/02\/Gemini_Generated_Image_3k5s833k5s833k5s-1.png\" \/>\n\t<meta property=\"og:image:width\" content=\"1280\" \/>\n\t<meta property=\"og:image:height\" content=\"720\" \/>\n\t<meta property=\"og:image:type\" content=\"image\/png\" \/>\n<meta name=\"author\" content=\"Daniely Cardoso\" \/>\n<meta name=\"twitter:card\" content=\"summary_large_image\" \/>\n<meta name=\"twitter:label1\" content=\"Escrito por\" \/>\n\t<meta name=\"twitter:data1\" content=\"Daniely Cardoso\" \/>\n\t<meta name=\"twitter:label2\" content=\"Est. tempo de leitura\" \/>\n\t<meta name=\"twitter:data2\" content=\"5 minutos\" \/>\n<!-- \/ Yoast SEO plugin. -->","yoast_head_json":{"title":"O que significa sempre chegar atrasado na vida e no trabalho? - Correio Braziliense - Radar","description":"Sempre se atrasa? Entenda os motivos por tr\u00e1s desse h\u00e1bito e como ele afeta sua rotina, relacionamentos e imagem pessoal.","robots":{"index":"index","follow":"follow","max-snippet":"max-snippet:-1","max-image-preview":"max-image-preview:large","max-video-preview":"max-video-preview:-1"},"canonical":"https:\/\/www.correiobraziliense.com.br\/cbradar\/o-que-significa-sempre-chegar-atrasado-na-vida-e-no-trabalho\/","og_locale":"pt_BR","og_type":"article","og_title":"O que significa sempre chegar atrasado na vida e no trabalho? - Correio Braziliense - Radar","og_description":"Sempre se atrasa? Entenda os motivos por tr\u00e1s desse h\u00e1bito e como ele afeta sua rotina, relacionamentos e imagem pessoal.","og_url":"https:\/\/www.correiobraziliense.com.br\/cbradar\/o-que-significa-sempre-chegar-atrasado-na-vida-e-no-trabalho\/","og_site_name":"Correio Braziliense - Radar","article_published_time":"2026-02-27T01:35:10+00:00","og_image":[{"width":1280,"height":720,"url":"https:\/\/www.correiobraziliense.com.br\/cbradar\/wp-content\/uploads\/2026\/02\/Gemini_Generated_Image_3k5s833k5s833k5s-1.png","type":"image\/png"}],"author":"Daniely Cardoso","twitter_card":"summary_large_image","twitter_misc":{"Escrito por":"Daniely Cardoso","Est. tempo de leitura":"5 minutos"},"schema":{"@context":"https:\/\/schema.org","@graph":[{"@type":"WebPage","@id":"https:\/\/www.correiobraziliense.com.br\/cbradar\/o-que-significa-sempre-chegar-atrasado-na-vida-e-no-trabalho\/","url":"https:\/\/www.correiobraziliense.com.br\/cbradar\/o-que-significa-sempre-chegar-atrasado-na-vida-e-no-trabalho\/","name":"O que significa sempre chegar atrasado na vida e no trabalho? - Correio Braziliense - Radar","isPartOf":{"@id":"https:\/\/www.correiobraziliense.com.br\/cbradar\/#website"},"primaryImageOfPage":{"@id":"https:\/\/www.correiobraziliense.com.br\/cbradar\/o-que-significa-sempre-chegar-atrasado-na-vida-e-no-trabalho\/#primaryimage"},"image":{"@id":"https:\/\/www.correiobraziliense.com.br\/cbradar\/o-que-significa-sempre-chegar-atrasado-na-vida-e-no-trabalho\/#primaryimage"},"thumbnailUrl":"https:\/\/www.correiobraziliense.com.br\/cbradar\/wp-content\/uploads\/2026\/02\/Gemini_Generated_Image_3k5s833k5s833k5s-1.png","datePublished":"2026-02-27T01:35:10+00:00","author":{"@id":"https:\/\/www.correiobraziliense.com.br\/cbradar\/#\/schema\/person\/7356666e12ec0ee53f348ee5db227032"},"description":"Sempre se atrasa? Entenda os motivos por tr\u00e1s desse h\u00e1bito e como ele afeta sua rotina, relacionamentos e imagem pessoal.","breadcrumb":{"@id":"https:\/\/www.correiobraziliense.com.br\/cbradar\/o-que-significa-sempre-chegar-atrasado-na-vida-e-no-trabalho\/#breadcrumb"},"inLanguage":"pt-BR","potentialAction":[{"@type":"ReadAction","target":["https:\/\/www.correiobraziliense.com.br\/cbradar\/o-que-significa-sempre-chegar-atrasado-na-vida-e-no-trabalho\/"]}]},{"@type":"ImageObject","inLanguage":"pt-BR","@id":"https:\/\/www.correiobraziliense.com.br\/cbradar\/o-que-significa-sempre-chegar-atrasado-na-vida-e-no-trabalho\/#primaryimage","url":"https:\/\/www.correiobraziliense.com.br\/cbradar\/wp-content\/uploads\/2026\/02\/Gemini_Generated_Image_3k5s833k5s833k5s-1.png","contentUrl":"https:\/\/www.correiobraziliense.com.br\/cbradar\/wp-content\/uploads\/2026\/02\/Gemini_Generated_Image_3k5s833k5s833k5s-1.png","width":1280,"height":720,"caption":"No conv\u00edvio social, chegar atrasado com frequ\u00eancia \u00e9 interpretado como sinal de falta de respeito ou aten\u00e7\u00e3o aos compromissos assumidos"},{"@type":"BreadcrumbList","@id":"https:\/\/www.correiobraziliense.com.br\/cbradar\/o-que-significa-sempre-chegar-atrasado-na-vida-e-no-trabalho\/#breadcrumb","itemListElement":[{"@type":"ListItem","position":1,"name":"In\u00edcio","item":"https:\/\/www.correiobraziliense.com.br\/cbradar\/"},{"@type":"ListItem","position":2,"name":"O que significa sempre chegar atrasado na vida e no trabalho?"}]},{"@type":"WebSite","@id":"https:\/\/www.correiobraziliense.com.br\/cbradar\/#website","url":"https:\/\/www.correiobraziliense.com.br\/cbradar\/","name":"Correio Braziliense - Radar","description":"Acompanhe as \u00faltimas not\u00edcias e fique bem informado sobre tudo o que acontece no Brasil e no mundo.","potentialAction":[{"@type":"SearchAction","target":{"@type":"EntryPoint","urlTemplate":"https:\/\/www.correiobraziliense.com.br\/cbradar\/?s={search_term_string}"},"query-input":{"@type":"PropertyValueSpecification","valueRequired":true,"valueName":"search_term_string"}}],"inLanguage":"pt-BR"},{"@type":"Person","@id":"https:\/\/www.correiobraziliense.com.br\/cbradar\/#\/schema\/person\/7356666e12ec0ee53f348ee5db227032","name":"Daniely Cardoso","image":{"@type":"ImageObject","inLanguage":"pt-BR","@id":"https:\/\/www.correiobraziliense.com.br\/cbradar\/#\/schema\/person\/image\/","url":"https:\/\/secure.gravatar.com\/avatar\/4b80ddbd124d1f071b626d52d62e5dff?s=96&d=mm&r=g","contentUrl":"https:\/\/secure.gravatar.com\/avatar\/4b80ddbd124d1f071b626d52d62e5dff?s=96&d=mm&r=g","caption":"Daniely Cardoso"},"description":"Redatora nos portais CB Radar e EM Foco, formada pela Universidade Federal de Goi\u00e1s, em Goi\u00e2nia. Apaixonada por comunica\u00e7\u00e3o, arte, decora\u00e7\u00e3o e tend\u00eancias, atuo na produ\u00e7\u00e3o de conte\u00fados envolventes sobre curiosidades, moda, beleza e paisagismo, sempre com um olhar atento \u00e0s novidades do momento.","sameAs":["https:\/\/www.correiobraziliense.com.br\/cbradar"],"url":"https:\/\/www.correiobraziliense.com.br\/cbradar\/author\/danielymyth\/"}]}},"_links":{"self":[{"href":"https:\/\/www.correiobraziliense.com.br\/cbradar\/wp-json\/wp\/v2\/posts\/199060","targetHints":{"allow":["GET"]}}],"collection":[{"href":"https:\/\/www.correiobraziliense.com.br\/cbradar\/wp-json\/wp\/v2\/posts"}],"about":[{"href":"https:\/\/www.correiobraziliense.com.br\/cbradar\/wp-json\/wp\/v2\/types\/post"}],"author":[{"embeddable":true,"href":"https:\/\/www.correiobraziliense.com.br\/cbradar\/wp-json\/wp\/v2\/users\/9"}],"replies":[{"embeddable":true,"href":"https:\/\/www.correiobraziliense.com.br\/cbradar\/wp-json\/wp\/v2\/comments?post=199060"}],"version-history":[{"count":2,"href":"https:\/\/www.correiobraziliense.com.br\/cbradar\/wp-json\/wp\/v2\/posts\/199060\/revisions"}],"predecessor-version":[{"id":199441,"href":"https:\/\/www.correiobraziliense.com.br\/cbradar\/wp-json\/wp\/v2\/posts\/199060\/revisions\/199441"}],"wp:featuredmedia":[{"embeddable":true,"href":"https:\/\/www.correiobraziliense.com.br\/cbradar\/wp-json\/wp\/v2\/media\/187252"}],"wp:attachment":[{"href":"https:\/\/www.correiobraziliense.com.br\/cbradar\/wp-json\/wp\/v2\/media?parent=199060"}],"wp:term":[{"taxonomy":"category","embeddable":true,"href":"https:\/\/www.correiobraziliense.com.br\/cbradar\/wp-json\/wp\/v2\/categories?post=199060"},{"taxonomy":"post_tag","embeddable":true,"href":"https:\/\/www.correiobraziliense.com.br\/cbradar\/wp-json\/wp\/v2\/post_tag?post=199060"}],"curies":[{"name":"wp","href":"https:\/\/api.w.org\/{rel}","templated":true}]}}