{"id":199178,"date":"2026-02-27T18:45:00","date_gmt":"2026-02-27T21:45:00","guid":{"rendered":"https:\/\/www.correiobraziliense.com.br\/cbradar\/?p=199178"},"modified":"2026-02-25T15:36:43","modified_gmt":"2026-02-25T18:36:43","slug":"como-a-psicologia-te-ajuda-a-organizar-o-quarto-para-melhorar-o-sono","status":"publish","type":"post","link":"https:\/\/www.correiobraziliense.com.br\/cbradar\/como-a-psicologia-te-ajuda-a-organizar-o-quarto-para-melhorar-o-sono\/","title":{"rendered":"Como a Psicologia te ajuda a organizar o quarto para melhorar o sono"},"content":{"rendered":"\n<p>A organiza\u00e7\u00e3o do quarto exerce uma influ\u00eancia profunda na qualidade do repouso noturno e na sa\u00fade mental dos indiv\u00edduos. A psicologia ambiental estuda como a disposi\u00e7\u00e3o dos objetos e a limpeza visual reduzem os n\u00edveis de ansiedade antes de dormir. Criar um santu\u00e1rio dedicado ao descanso f\u00edsico permite que o c\u00e9rebro se desligue das preocupa\u00e7\u00f5es di\u00e1rias com facilidade.<\/p>\n\n\n\n<h2 class=\"wp-block-heading\">O papel da organiza\u00e7\u00e3o visual na redu\u00e7\u00e3o do estresse<\/h2>\n\n\n\n<p>Ambientes desordenados enviam sinais constantes de tarefas inacabadas para o c\u00f3rtex cerebral, mantendo a mente em estado de alerta. Quando o quarto est\u00e1 limpo, o sistema visual processa menos est\u00edmulos irrelevantes, facilitando a transi\u00e7\u00e3o para o sono profundo. Manter superf\u00edcies livres de objetos acumulados ajuda a diminuir a carga cognitiva e promove um sentimento de controle pessoal necess\u00e1rio.<\/p>\n\n\n\n<p>A escolha de cores suaves e neutras nas paredes contribui para a regula\u00e7\u00e3o do sistema nervoso simp\u00e1tico durante a noite. Tons que remetem \u00e0 natureza promovem uma sensa\u00e7\u00e3o de seguran\u00e7a instintiva, combatendo a ins\u00f4nia causada por pensamentos acelerados. Organizar o espa\u00e7o f\u00edsico \u00e9 um passo fundamental para alcan\u00e7ar a estabilidade emocional e garantir um despertar com disposi\u00e7\u00e3o renovada.<\/p>\n\n\n<div class=\"wp-block-image\">\n<figure class=\"aligncenter size-large\"><img decoding=\"async\" width=\"1024\" height=\"576\" src=\"https:\/\/www.correiobraziliense.com.br\/cbradar\/wp-content\/uploads\/2026\/02\/Gemini_Generated_Image_1rn4m01rn4m01rn4-1-1-1024x576.png\" alt=\"Como a Psicologia te ajuda a organizar o quarto para melhorar o sono\" class=\"wp-image-199193\" srcset=\"https:\/\/www.correiobraziliense.com.br\/cbradar\/wp-content\/uploads\/2026\/02\/Gemini_Generated_Image_1rn4m01rn4m01rn4-1-1-1024x576.png 1024w, https:\/\/www.correiobraziliense.com.br\/cbradar\/wp-content\/uploads\/2026\/02\/Gemini_Generated_Image_1rn4m01rn4m01rn4-1-1-300x169.png 300w, https:\/\/www.correiobraziliense.com.br\/cbradar\/wp-content\/uploads\/2026\/02\/Gemini_Generated_Image_1rn4m01rn4m01rn4-1-1-768x432.png 768w, https:\/\/www.correiobraziliense.com.br\/cbradar\/wp-content\/uploads\/2026\/02\/Gemini_Generated_Image_1rn4m01rn4m01rn4-1-1-750x422.png 750w, https:\/\/www.correiobraziliense.com.br\/cbradar\/wp-content\/uploads\/2026\/02\/Gemini_Generated_Image_1rn4m01rn4m01rn4-1-1-1140x641.png 1140w, https:\/\/www.correiobraziliense.com.br\/cbradar\/wp-content\/uploads\/2026\/02\/Gemini_Generated_Image_1rn4m01rn4m01rn4-1-1.png 1280w\" sizes=\"(max-width: 1024px) 100vw, 1024px\" \/><figcaption class=\"wp-element-caption\">O detalhe invis\u00edvel no seu quarto que pode estar sabotando seu sono<\/figcaption><\/figure><\/div>\n\n\n<h2 class=\"wp-block-heading\">Como a higiene do ambiente afeta os ciclos biol\u00f3gicos<\/h2>\n\n\n\n<p>A manuten\u00e7\u00e3o de uma temperatura agrad\u00e1vel e a aus\u00eancia de luz artificial s\u00e3o pilares para a produ\u00e7\u00e3o adequada de melatonina. Quando o quarto \u00e9 utilizado exclusivamente para o repouso, o c\u00e9rebro cria uma associa\u00e7\u00e3o poderosa entre o local e o desligamento das fun\u00e7\u00f5es motoras. Evitar o uso de aparelhos eletr\u00f4nicos na cama previne a agita\u00e7\u00e3o mental e o cansa\u00e7o persistente.<\/p>\n\n\n\n<p>O <strong>National Institute of General Medical Sciences<\/strong> destaca que a luz azul e o calor excessivo desregulam o ritmo circadiano essencial. A inclus\u00e3o dessa refer\u00eancia t\u00e9cnica ajuda a comprovar que o controle rigoroso da luminosidade no quarto protege a regenera\u00e7\u00e3o celular durante o sono. Para acessar orienta\u00e7\u00f5es espec\u00edficas sobre como gerenciar seu rel\u00f3gio biol\u00f3gico, consulte este link oficial: <a target=\"_blank\" rel=\"noreferrer noopener\" href=\"https:\/\/www.nigms.nih.gov\/education\/fact-sheets\/Pages\/circadian-rhythms.aspx\">https:\/\/www.nigms.nih.gov\/education\/fact-sheets\/Pages\/circadian-rhythms.aspx<\/a>.<\/p>\n\n\n\n<h2 class=\"wp-block-heading\">Elementos pr\u00e1ticos para transformar o seu espa\u00e7o de descanso<\/h2>\n\n\n\n<p>Pequenas altera\u00e7\u00f5es na mob\u00edlia e na ilumina\u00e7\u00e3o podem gerar benef\u00edcios imediatos para quem enfrenta dificuldades para adormecer rapidamente. Priorizar tecidos naturais e manter o ambiente arejado s\u00e3o estrat\u00e9gias simples que favorecem a homeostase t\u00e9rmica do organismo humano. Essas modifica\u00e7\u00f5es criam uma barreira protetora contra as interfer\u00eancias externas que prejudicam o relaxamento muscular e a clareza dos pensamentos.<\/p>\n\n\n\n<p>Os principais ajustes recomendados para otimizar a arquitetura do seu dormit\u00f3rio s\u00e3o:<\/p>\n\n\n\n<ul class=\"wp-block-list\">\n<li>Uso de cortinas que bloqueiem totalmente a entrada de claridade.<\/li>\n\n\n\n<li>Manuten\u00e7\u00e3o do colch\u00e3o e travesseiros com suporte anat\u00f4mico correto.<\/li>\n\n\n\n<li>Retirada de itens de trabalho ou estudos da zona de dormir.<\/li>\n\n\n\n<li>Instala\u00e7\u00e3o de l\u00e2mpadas com temperatura de cor quente e relaxante.<\/li>\n<\/ul>\n\n\n\n<h2 class=\"wp-block-heading\">A psicologia das cores na escolha da roupa de cama<\/h2>\n\n\n\n<p>Tonalidades como azul e verde possuem propriedades calmantes que diminuem a press\u00e3o sangu\u00ednea e relaxam os m\u00fasculos tensos. Ao selecionar as roupas de cama, o indiv\u00edduo deve considerar como essas cores influenciam sua percep\u00e7\u00e3o de conforto e frescor. Materiais de algod\u00e3o ou linho facilitam a transpira\u00e7\u00e3o, evitando interrup\u00e7\u00f5es no ciclo do sono causadas por varia\u00e7\u00f5es de temperatura.<\/p>\n\n\n\n<p>Evitar padr\u00f5es visuais muito carregados ou cores vibrantes \u00e9 essencial para manter a mente em um estado de baixa estimula\u00e7\u00e3o. O minimalismo decorativo favorece a medita\u00e7\u00e3o silenciosa e prepara o esp\u00edrito para o encerramento das atividades produtivas di\u00e1rias. Escolhas est\u00e9ticas conscientes refletem um autocuidado profundo, permitindo que a pessoa recupere suas energias de forma plena e sem interfer\u00eancias negativas.<\/p>\n\n\n<div class=\"wp-block-image\">\n<figure class=\"aligncenter size-large\"><img decoding=\"async\" width=\"1024\" height=\"576\" src=\"https:\/\/www.correiobraziliense.com.br\/cbradar\/wp-content\/uploads\/2026\/02\/Gemini_Generated_Image_djnahidjnahidjna-1-1-1024x576.png\" alt=\"Como a Psicologia te ajuda a organizar o quarto para melhorar o sono\" class=\"wp-image-199194\" srcset=\"https:\/\/www.correiobraziliense.com.br\/cbradar\/wp-content\/uploads\/2026\/02\/Gemini_Generated_Image_djnahidjnahidjna-1-1-1024x576.png 1024w, https:\/\/www.correiobraziliense.com.br\/cbradar\/wp-content\/uploads\/2026\/02\/Gemini_Generated_Image_djnahidjnahidjna-1-1-300x169.png 300w, https:\/\/www.correiobraziliense.com.br\/cbradar\/wp-content\/uploads\/2026\/02\/Gemini_Generated_Image_djnahidjnahidjna-1-1-768x432.png 768w, https:\/\/www.correiobraziliense.com.br\/cbradar\/wp-content\/uploads\/2026\/02\/Gemini_Generated_Image_djnahidjnahidjna-1-1-750x422.png 750w, https:\/\/www.correiobraziliense.com.br\/cbradar\/wp-content\/uploads\/2026\/02\/Gemini_Generated_Image_djnahidjnahidjna-1-1-1140x641.png 1140w, https:\/\/www.correiobraziliense.com.br\/cbradar\/wp-content\/uploads\/2026\/02\/Gemini_Generated_Image_djnahidjnahidjna-1-1.png 1280w\" sizes=\"(max-width: 1024px) 100vw, 1024px\" \/><figcaption class=\"wp-element-caption\">O detalhe invis\u00edvel no seu quarto que pode estar sabotando seu sono<\/figcaption><\/figure><\/div>\n\n\n<h2 class=\"wp-block-heading\">Organiza\u00e7\u00e3o de prateleiras e o impacto na tranquilidade mental<\/h2>\n\n\n\n<p>Prateleiras sobrecarregadas acima da cabe\u00e7a podem gerar uma sensa\u00e7\u00e3o de opress\u00e3o f\u00edsica e perigo iminente durante o repouso. A psicologia do espa\u00e7o sugere que manter apenas o essencial ao alcance da vis\u00e3o transmite uma mensagem de leveza para o inconsciente. Guardar livros e eletr\u00f4nicos em gavetas fechadas ajuda a limpar o campo visual e focar apenas no ato de descansar.<\/p>\n\n\n\n<p>A disposi\u00e7\u00e3o sim\u00e9trica dos criados-mudos cria um equil\u00edbrio visual que conforta o olhar e reduz a sensa\u00e7\u00e3o de desordem. Quando o indiv\u00edduo percebe que seu ambiente imediato est\u00e1 sob controle, a ansiedade noturna tende a diminuir significativamente. Esse planejamento cuidadoso do mobili\u00e1rio transforma o quarto em um local sagrado, onde o corpo e a mente encontram o sil\u00eancio necess\u00e1rio.<\/p>\n","protected":false},"excerpt":{"rendered":"<p>A organiza\u00e7\u00e3o do quarto exerce uma influ\u00eancia profunda na qualidade do repouso noturno e na sa\u00fade mental dos indiv\u00edduos. A psicologia ambiental estuda como a disposi\u00e7\u00e3o dos objetos e a limpeza visual reduzem os n\u00edveis de ansiedade antes de dormir. Criar um santu\u00e1rio dedicado ao descanso f\u00edsico permite que o c\u00e9rebro se desligue das preocupa\u00e7\u00f5es [&hellip;]<\/p>\n","protected":false},"author":21,"featured_media":199191,"comment_status":"open","ping_status":"open","sticky":false,"template":"","format":"standard","meta":{"_yoast_wpseo_focuskw":"organiza\u00e7\u00e3o do quarto para melhorar o sono","_yoast_wpseo_title":"","_yoast_wpseo_metadesc":"A forma como voc\u00ea organiza seu quarto pode influenciar diretamente seu sono, seu n\u00edvel de ansiedade e at\u00e9 sua disposi\u00e7\u00e3o ao acordar.","jnews-multi-image_gallery":[],"jnews_single_post":{"format":"standard"},"jnews_primary_category":[],"jnews_social_meta":[],"jnews_override_counter":[],"footnotes":""},"categories":[112],"post_tag":[404,4647,1313],"class_list":["post-199178","post","type-post","status-publish","format-standard","has-post-thumbnail","hentry","category-curiosidades","tag-psicologia","tag-quarto","tag-sono"],"yoast_head":"<!-- This site is optimized with the Yoast SEO plugin v24.6 - https:\/\/yoast.com\/wordpress\/plugins\/seo\/ -->\n<title>Como a Psicologia te ajuda a organizar o quarto para melhorar o sono - Correio Braziliense - Radar<\/title>\n<meta name=\"description\" content=\"A forma como voc\u00ea organiza seu quarto pode influenciar diretamente seu sono, seu n\u00edvel de ansiedade e at\u00e9 sua disposi\u00e7\u00e3o ao acordar.\" \/>\n<meta name=\"robots\" content=\"index, follow, max-snippet:-1, max-image-preview:large, max-video-preview:-1\" \/>\n<link rel=\"canonical\" href=\"https:\/\/www.correiobraziliense.com.br\/cbradar\/como-a-psicologia-te-ajuda-a-organizar-o-quarto-para-melhorar-o-sono\/\" \/>\n<meta property=\"og:locale\" content=\"pt_BR\" \/>\n<meta property=\"og:type\" content=\"article\" \/>\n<meta property=\"og:title\" content=\"Como a Psicologia te ajuda a organizar o quarto para melhorar o sono - Correio Braziliense - Radar\" \/>\n<meta property=\"og:description\" content=\"A forma como voc\u00ea organiza seu quarto pode influenciar diretamente seu sono, seu n\u00edvel de ansiedade e at\u00e9 sua disposi\u00e7\u00e3o ao acordar.\" \/>\n<meta property=\"og:url\" content=\"https:\/\/www.correiobraziliense.com.br\/cbradar\/como-a-psicologia-te-ajuda-a-organizar-o-quarto-para-melhorar-o-sono\/\" \/>\n<meta property=\"og:site_name\" content=\"Correio Braziliense - Radar\" \/>\n<meta property=\"article:published_time\" content=\"2026-02-27T21:45:00+00:00\" \/>\n<meta property=\"og:image\" content=\"https:\/\/www.correiobraziliense.com.br\/cbradar\/wp-content\/uploads\/2026\/02\/Gemini_Generated_Image_dpd83zdpd83zdpd8-1-1.png\" \/>\n\t<meta property=\"og:image:width\" content=\"1280\" \/>\n\t<meta property=\"og:image:height\" content=\"720\" \/>\n\t<meta property=\"og:image:type\" content=\"image\/png\" \/>\n<meta name=\"author\" content=\"Patrick Silva\" \/>\n<meta name=\"twitter:card\" content=\"summary_large_image\" \/>\n<meta name=\"twitter:label1\" content=\"Escrito por\" \/>\n\t<meta name=\"twitter:data1\" content=\"Patrick Silva\" \/>\n\t<meta name=\"twitter:label2\" content=\"Est. tempo de leitura\" \/>\n\t<meta name=\"twitter:data2\" content=\"5 minutos\" \/>\n<!-- \/ Yoast SEO plugin. -->","yoast_head_json":{"title":"Como a Psicologia te ajuda a organizar o quarto para melhorar o sono - Correio Braziliense - Radar","description":"A forma como voc\u00ea organiza seu quarto pode influenciar diretamente seu sono, seu n\u00edvel de ansiedade e at\u00e9 sua disposi\u00e7\u00e3o ao acordar.","robots":{"index":"index","follow":"follow","max-snippet":"max-snippet:-1","max-image-preview":"max-image-preview:large","max-video-preview":"max-video-preview:-1"},"canonical":"https:\/\/www.correiobraziliense.com.br\/cbradar\/como-a-psicologia-te-ajuda-a-organizar-o-quarto-para-melhorar-o-sono\/","og_locale":"pt_BR","og_type":"article","og_title":"Como a Psicologia te ajuda a organizar o quarto para melhorar o sono - Correio Braziliense - Radar","og_description":"A forma como voc\u00ea organiza seu quarto pode influenciar diretamente seu sono, seu n\u00edvel de ansiedade e at\u00e9 sua disposi\u00e7\u00e3o ao acordar.","og_url":"https:\/\/www.correiobraziliense.com.br\/cbradar\/como-a-psicologia-te-ajuda-a-organizar-o-quarto-para-melhorar-o-sono\/","og_site_name":"Correio Braziliense - Radar","article_published_time":"2026-02-27T21:45:00+00:00","og_image":[{"width":1280,"height":720,"url":"https:\/\/www.correiobraziliense.com.br\/cbradar\/wp-content\/uploads\/2026\/02\/Gemini_Generated_Image_dpd83zdpd83zdpd8-1-1.png","type":"image\/png"}],"author":"Patrick Silva","twitter_card":"summary_large_image","twitter_misc":{"Escrito por":"Patrick Silva","Est. tempo de leitura":"5 minutos"},"schema":{"@context":"https:\/\/schema.org","@graph":[{"@type":"WebPage","@id":"https:\/\/www.correiobraziliense.com.br\/cbradar\/como-a-psicologia-te-ajuda-a-organizar-o-quarto-para-melhorar-o-sono\/","url":"https:\/\/www.correiobraziliense.com.br\/cbradar\/como-a-psicologia-te-ajuda-a-organizar-o-quarto-para-melhorar-o-sono\/","name":"Como a Psicologia te ajuda a organizar o quarto para melhorar o sono - Correio Braziliense - Radar","isPartOf":{"@id":"https:\/\/www.correiobraziliense.com.br\/cbradar\/#website"},"primaryImageOfPage":{"@id":"https:\/\/www.correiobraziliense.com.br\/cbradar\/como-a-psicologia-te-ajuda-a-organizar-o-quarto-para-melhorar-o-sono\/#primaryimage"},"image":{"@id":"https:\/\/www.correiobraziliense.com.br\/cbradar\/como-a-psicologia-te-ajuda-a-organizar-o-quarto-para-melhorar-o-sono\/#primaryimage"},"thumbnailUrl":"https:\/\/www.correiobraziliense.com.br\/cbradar\/wp-content\/uploads\/2026\/02\/Gemini_Generated_Image_dpd83zdpd83zdpd8-1-1.png","datePublished":"2026-02-27T21:45:00+00:00","author":{"@id":"https:\/\/www.correiobraziliense.com.br\/cbradar\/#\/schema\/person\/5440b72be9c7eb74f446c846479dc4da"},"description":"A forma como voc\u00ea organiza seu quarto pode influenciar diretamente seu sono, seu n\u00edvel de ansiedade e at\u00e9 sua disposi\u00e7\u00e3o ao acordar.","breadcrumb":{"@id":"https:\/\/www.correiobraziliense.com.br\/cbradar\/como-a-psicologia-te-ajuda-a-organizar-o-quarto-para-melhorar-o-sono\/#breadcrumb"},"inLanguage":"pt-BR","potentialAction":[{"@type":"ReadAction","target":["https:\/\/www.correiobraziliense.com.br\/cbradar\/como-a-psicologia-te-ajuda-a-organizar-o-quarto-para-melhorar-o-sono\/"]}]},{"@type":"ImageObject","inLanguage":"pt-BR","@id":"https:\/\/www.correiobraziliense.com.br\/cbradar\/como-a-psicologia-te-ajuda-a-organizar-o-quarto-para-melhorar-o-sono\/#primaryimage","url":"https:\/\/www.correiobraziliense.com.br\/cbradar\/wp-content\/uploads\/2026\/02\/Gemini_Generated_Image_dpd83zdpd83zdpd8-1-1.png","contentUrl":"https:\/\/www.correiobraziliense.com.br\/cbradar\/wp-content\/uploads\/2026\/02\/Gemini_Generated_Image_dpd83zdpd83zdpd8-1-1.png","width":1280,"height":720,"caption":"O detalhe invis\u00edvel no seu quarto que pode estar sabotando seu sono"},{"@type":"BreadcrumbList","@id":"https:\/\/www.correiobraziliense.com.br\/cbradar\/como-a-psicologia-te-ajuda-a-organizar-o-quarto-para-melhorar-o-sono\/#breadcrumb","itemListElement":[{"@type":"ListItem","position":1,"name":"In\u00edcio","item":"https:\/\/www.correiobraziliense.com.br\/cbradar\/"},{"@type":"ListItem","position":2,"name":"Como a Psicologia te ajuda a organizar o quarto para melhorar o sono"}]},{"@type":"WebSite","@id":"https:\/\/www.correiobraziliense.com.br\/cbradar\/#website","url":"https:\/\/www.correiobraziliense.com.br\/cbradar\/","name":"Correio Braziliense - Radar","description":"Acompanhe as \u00faltimas not\u00edcias e fique bem informado sobre tudo o que acontece no Brasil e no mundo.","potentialAction":[{"@type":"SearchAction","target":{"@type":"EntryPoint","urlTemplate":"https:\/\/www.correiobraziliense.com.br\/cbradar\/?s={search_term_string}"},"query-input":{"@type":"PropertyValueSpecification","valueRequired":true,"valueName":"search_term_string"}}],"inLanguage":"pt-BR"},{"@type":"Person","@id":"https:\/\/www.correiobraziliense.com.br\/cbradar\/#\/schema\/person\/5440b72be9c7eb74f446c846479dc4da","name":"Patrick Silva","image":{"@type":"ImageObject","inLanguage":"pt-BR","@id":"https:\/\/www.correiobraziliense.com.br\/cbradar\/#\/schema\/person\/image\/","url":"https:\/\/secure.gravatar.com\/avatar\/944109df296fc087785c9715fd5f80b2?s=96&d=mm&r=g","contentUrl":"https:\/\/secure.gravatar.com\/avatar\/944109df296fc087785c9715fd5f80b2?s=96&d=mm&r=g","caption":"Patrick Silva"},"sameAs":["https:\/\/www.correiobraziliense.com.br\/cbradar\/"],"url":"https:\/\/www.correiobraziliense.com.br\/cbradar\/author\/patrick-silva\/"}]}},"_links":{"self":[{"href":"https:\/\/www.correiobraziliense.com.br\/cbradar\/wp-json\/wp\/v2\/posts\/199178","targetHints":{"allow":["GET"]}}],"collection":[{"href":"https:\/\/www.correiobraziliense.com.br\/cbradar\/wp-json\/wp\/v2\/posts"}],"about":[{"href":"https:\/\/www.correiobraziliense.com.br\/cbradar\/wp-json\/wp\/v2\/types\/post"}],"author":[{"embeddable":true,"href":"https:\/\/www.correiobraziliense.com.br\/cbradar\/wp-json\/wp\/v2\/users\/21"}],"replies":[{"embeddable":true,"href":"https:\/\/www.correiobraziliense.com.br\/cbradar\/wp-json\/wp\/v2\/comments?post=199178"}],"version-history":[{"count":2,"href":"https:\/\/www.correiobraziliense.com.br\/cbradar\/wp-json\/wp\/v2\/posts\/199178\/revisions"}],"predecessor-version":[{"id":199197,"href":"https:\/\/www.correiobraziliense.com.br\/cbradar\/wp-json\/wp\/v2\/posts\/199178\/revisions\/199197"}],"wp:featuredmedia":[{"embeddable":true,"href":"https:\/\/www.correiobraziliense.com.br\/cbradar\/wp-json\/wp\/v2\/media\/199191"}],"wp:attachment":[{"href":"https:\/\/www.correiobraziliense.com.br\/cbradar\/wp-json\/wp\/v2\/media?parent=199178"}],"wp:term":[{"taxonomy":"category","embeddable":true,"href":"https:\/\/www.correiobraziliense.com.br\/cbradar\/wp-json\/wp\/v2\/categories?post=199178"},{"taxonomy":"post_tag","embeddable":true,"href":"https:\/\/www.correiobraziliense.com.br\/cbradar\/wp-json\/wp\/v2\/post_tag?post=199178"}],"curies":[{"name":"wp","href":"https:\/\/api.w.org\/{rel}","templated":true}]}}