{"id":199580,"date":"2026-03-02T18:15:00","date_gmt":"2026-03-02T21:15:00","guid":{"rendered":"https:\/\/www.correiobraziliense.com.br\/cbradar\/?p=199580"},"modified":"2026-02-26T01:55:24","modified_gmt":"2026-02-26T04:55:24","slug":"5-erros-de-portugues-que-destroem-sua-credibilidade-profissional","status":"publish","type":"post","link":"https:\/\/www.correiobraziliense.com.br\/cbradar\/5-erros-de-portugues-que-destroem-sua-credibilidade-profissional\/","title":{"rendered":"5 erros de portugu\u00eas que destroem sua credibilidade profissional"},"content":{"rendered":"\n<p>Erros de portugu\u00eas comprometem a percep\u00e7\u00e3o que os outros t\u00eam sobre sua compet\u00eancia e profissionalismo. Mesmo pequenas falhas em e-mails, relat\u00f3rios ou apresenta\u00e7\u00f5es podem gerar desconfian\u00e7a e reduzir oportunidades de crescimento. Corrigir h\u00e1bitos de escrita e prestar aten\u00e7\u00e3o \u00e0 gram\u00e1tica, ortografia e concord\u00e2ncia fortalece a imagem profissional e demonstra cuidado com a comunica\u00e7\u00e3o.<\/p>\n\n\n\n<h2 class=\"wp-block-heading\">Por que o uso incorreto de &#8220;mau&#8221; e &#8220;mal&#8221; prejudica sua imagem<\/h2>\n\n\n\n<p>Confundir <strong>mau<\/strong> e <strong>mal<\/strong> \u00e9 um erro cl\u00e1ssico que passa impress\u00e3o de descuido. Enquanto &#8220;mau&#8221; \u00e9 oposto de bom, &#8220;mal&#8221; se refere \u00e0quilo que \u00e9 ruim ou errado. Um estudo publicado pela <strong>Funda\u00e7\u00e3o para o Desenvolvimento da L\u00edngua Portuguesa<\/strong> aponta que profissionais que dominam o uso correto dessas palavras s\u00e3o mais bem avaliados em comunica\u00e7\u00f5es formais.<\/p>\n\n\n\n<p>Al\u00e9m disso, o uso inadequado desses termos compromete a clareza da mensagem. Pequenos deslizes podem gerar interpreta\u00e7\u00f5es erradas e prejudicar a assertividade, impactando diretamente a credibilidade do autor perante clientes e colegas.<\/p>\n\n\n\n<figure class=\"wp-block-image size-large\"><img decoding=\"async\" width=\"1024\" height=\"577\" src=\"https:\/\/www.correiobraziliense.com.br\/cbradar\/wp-content\/uploads\/2026\/02\/erros-de-escrita-1-1024x577.png\" alt=\"5 erros de portugu\u00eas que destroem sua credibilidade profissional\" class=\"wp-image-199582\" srcset=\"https:\/\/www.correiobraziliense.com.br\/cbradar\/wp-content\/uploads\/2026\/02\/erros-de-escrita-1-1024x577.png 1024w, https:\/\/www.correiobraziliense.com.br\/cbradar\/wp-content\/uploads\/2026\/02\/erros-de-escrita-1-300x169.png 300w, https:\/\/www.correiobraziliense.com.br\/cbradar\/wp-content\/uploads\/2026\/02\/erros-de-escrita-1-768x433.png 768w, https:\/\/www.correiobraziliense.com.br\/cbradar\/wp-content\/uploads\/2026\/02\/erros-de-escrita-1-750x422.png 750w, https:\/\/www.correiobraziliense.com.br\/cbradar\/wp-content\/uploads\/2026\/02\/erros-de-escrita-1-1140x642.png 1140w, https:\/\/www.correiobraziliense.com.br\/cbradar\/wp-content\/uploads\/2026\/02\/erros-de-escrita-1.png 1280w\" sizes=\"(max-width: 1024px) 100vw, 1024px\" \/><figcaption class=\"wp-element-caption\">Evite deslizes na escrita e fortale\u00e7a sua credibilidade no trabalho <\/figcaption><\/figure>\n\n\n\n<h2 class=\"wp-block-heading\">Quais s\u00e3o os erros mais comuns que devem ser evitados<\/h2>\n\n\n\n<p>Alguns deslizes recorrentes s\u00e3o respons\u00e1veis por minar a confian\u00e7a em sua escrita. Corrigir esses pontos melhora a <a href=\"https:\/\/www.correiobraziliense.com.br\/cbradar\/como-substituir-palavras-genericas-por-sinonimos-que-vao-enriquecer-sua-comunicacao\/\" target=\"_blank\" rel=\"noreferrer noopener\">comunica\u00e7\u00e3o <\/a>e fortalece a imagem profissional. Atentar-se aos detalhes \u00e9 essencial para garantir clareza e profissionalismo:<\/p>\n\n\n\n<ul class=\"wp-block-list\">\n<li>Confundir &#8220;por que&#8221;, &#8220;porque&#8221;, &#8220;porqu\u00ea&#8221; e &#8220;por qu\u00ea&#8221;.<\/li>\n\n\n\n<li>Uso incorreto de &#8220;sess\u00e3o&#8221;, &#8220;se\u00e7\u00e3o&#8221; e &#8220;cess\u00e3o&#8221;.<\/li>\n\n\n\n<li>Misturar &#8220;mais&#8221; e &#8220;mas&#8221; em contextos formais.<\/li>\n\n\n\n<li>Falta de concord\u00e2ncia entre sujeito e verbo.<\/li>\n\n\n\n<li>Uso inadequado de crase em express\u00f5es femininas.<\/li>\n<\/ul>\n\n\n\n<p>Estes cuidados simples tornam o texto mais elegante e confi\u00e1vel:<\/p>\n\n\n\n<h2 class=\"wp-block-heading\">Como a pontua\u00e7\u00e3o influencia a interpreta\u00e7\u00e3o da mensagem<\/h2>\n\n\n\n<p>A pontua\u00e7\u00e3o define o ritmo e a compreens\u00e3o de um texto. V\u00edrgulas mal posicionadas ou aus\u00eancia de pontos podem mudar totalmente o sentido de uma frase, levando a interpreta\u00e7\u00f5es equivocadas. Um e-mail mal pontuado pode parecer descuidado ou at\u00e9 ofensivo, mesmo sem inten\u00e7\u00e3o. Ajustar pausas e marcar final de pensamentos \u00e9 crucial para transmitir profissionalismo.<\/p>\n\n\n\n<p>Al\u00e9m disso, o uso correto de dois pontos e travess\u00f5es facilita a leitura e destaca informa\u00e7\u00f5es importantes. Pequenos ajustes de pontua\u00e7\u00e3o fazem a comunica\u00e7\u00e3o mais eficiente e transmitem seguran\u00e7a e aten\u00e7\u00e3o aos detalhes.<\/p>\n\n\n\n<p>Se voc\u00ea quer se comunicar de forma mais eficaz e transmitir suas ideias com clareza, este v\u00eddeo do canal <strong><a href=\"https:\/\/www.youtube.com\/@ohquemfala\" target=\"_blank\" rel=\"noreferrer noopener\">\u00d3HQUEMFALA! Comunica\u00e7\u00e3o e Orat\u00f3ria<\/a><\/strong>, com 587 mil subscritores, foi escolhido especialmente para voc\u00ea. Ele ensina t\u00e9cnicas pr\u00e1ticas para melhorar sua orat\u00f3ria e express\u00e3o.<\/p>\n\n\n\n<figure class=\"wp-block-embed is-type-video is-provider-youtube wp-block-embed-youtube wp-embed-aspect-16-9 wp-has-aspect-ratio\"><div class=\"wp-block-embed__wrapper\">\n<div class=\"jeg_video_container jeg_video_content\"><iframe loading=\"lazy\" title=\"Como expressar suas ideias com clareza\" width=\"500\" height=\"281\" src=\"https:\/\/www.youtube.com\/embed\/rg0pvsqZVKc?feature=oembed\" frameborder=\"0\" allow=\"accelerometer; autoplay; clipboard-write; encrypted-media; gyroscope; picture-in-picture; web-share\" referrerpolicy=\"strict-origin-when-cross-origin\" allowfullscreen><\/iframe><\/div>\n<\/div><\/figure>\n\n\n\n<h2 class=\"wp-block-heading\">Por que a repeti\u00e7\u00e3o de palavras enfraquece seu texto<\/h2>\n\n\n\n<p>Repetir termos desnecessariamente cansa o leitor e diminui a percep\u00e7\u00e3o de dom\u00ednio do idioma. A varia\u00e7\u00e3o lexical, com sin\u00f4nimos adequados, mant\u00e9m o interesse e refor\u00e7a a imagem de profissional competente. Ferramentas de revis\u00e3o e leitura cr\u00edtica ajudam a detectar repeti\u00e7\u00f5es e melhorar o fluxo textual.<\/p>\n\n\n\n<p>Revisar textos antes de enviar \u00e9 uma pr\u00e1tica essencial para manter credibilidade. Ajustar palavras repetidas e estruturar frases de forma clara contribui para uma comunica\u00e7\u00e3o eficaz, fortalecendo a autoridade do autor perante colegas e clientes.<\/p>\n\n\n\n<h2 class=\"wp-block-heading\">Como o uso de palavras estrangeiras pode prejudicar a credibilidade<\/h2>\n\n\n\n<p>Empregar termos estrangeiros de forma inadequada pode gerar confus\u00e3o ou parecer pretensioso. Express\u00f5es como &#8220;deadline&#8221;, &#8220;feedback&#8221; e &#8220;briefing&#8221; devem ser usadas apenas quando realmente agregam valor e h\u00e1 compreens\u00e3o do p\u00fablico. A tradu\u00e7\u00e3o ou adapta\u00e7\u00e3o para o portugu\u00eas muitas vezes garante clareza e evita mal-entendidos.<\/p>\n\n\n\n<p>Al\u00e9m disso, exagerar no uso de jarg\u00f5es ou palavras rebuscadas pode afastar o leitor. Manter a linguagem acess\u00edvel, direta e correta aumenta a confian\u00e7a do p\u00fablico, transmitindo compet\u00eancia e aten\u00e7\u00e3o aos detalhes.<\/p>\n","protected":false},"excerpt":{"rendered":"<p>Erros de escrita podem comprometer sua credibilidade. Aprenda a identificar e corrigir deslizes comuns e transmitir profissionalismo <\/p>\n","protected":false},"author":23,"featured_media":199581,"comment_status":"open","ping_status":"open","sticky":false,"template":"","format":"standard","meta":{"_yoast_wpseo_focuskw":"Erros de portugu\u00eas","_yoast_wpseo_title":"","_yoast_wpseo_metadesc":"Erros de escrita podem comprometer sua credibilidade. Aprenda a identificar e corrigir deslizes comuns e transmitir profissionalismo","jnews-multi-image_gallery":[],"jnews_single_post":{"format":"standard"},"jnews_primary_category":[],"jnews_social_meta":[],"jnews_override_counter":[],"footnotes":""},"categories":[112],"tags":[144,11064,6081],"class_list":["post-199580","post","type-post","status-publish","format-standard","has-post-thumbnail","hentry","category-curiosidades","tag-curiosidades","tag-linguas","tag-portugues"],"yoast_head":"<!-- This site is optimized with the Yoast SEO plugin v24.6 - https:\/\/yoast.com\/wordpress\/plugins\/seo\/ -->\n<title>5 erros de portugu\u00eas que destroem sua credibilidade profissional - Correio Braziliense - Radar<\/title>\n<meta name=\"description\" content=\"Erros de escrita podem comprometer sua credibilidade. Aprenda a identificar e corrigir deslizes comuns e transmitir profissionalismo\" \/>\n<meta name=\"robots\" content=\"index, follow, max-snippet:-1, max-image-preview:large, max-video-preview:-1\" \/>\n<link rel=\"canonical\" href=\"https:\/\/www.correiobraziliense.com.br\/cbradar\/5-erros-de-portugues-que-destroem-sua-credibilidade-profissional\/\" \/>\n<meta property=\"og:locale\" content=\"pt_BR\" \/>\n<meta property=\"og:type\" content=\"article\" \/>\n<meta property=\"og:title\" content=\"5 erros de portugu\u00eas que destroem sua credibilidade profissional - Correio Braziliense - Radar\" \/>\n<meta property=\"og:description\" content=\"Erros de escrita podem comprometer sua credibilidade. Aprenda a identificar e corrigir deslizes comuns e transmitir profissionalismo\" \/>\n<meta property=\"og:url\" content=\"https:\/\/www.correiobraziliense.com.br\/cbradar\/5-erros-de-portugues-que-destroem-sua-credibilidade-profissional\/\" \/>\n<meta property=\"og:site_name\" content=\"Correio Braziliense - Radar\" \/>\n<meta property=\"article:published_time\" content=\"2026-03-02T21:15:00+00:00\" \/>\n<meta property=\"og:image\" content=\"https:\/\/www.correiobraziliense.com.br\/cbradar\/wp-content\/uploads\/2026\/02\/erros-de-escrita.png\" \/>\n\t<meta property=\"og:image:width\" content=\"1280\" \/>\n\t<meta property=\"og:image:height\" content=\"721\" \/>\n\t<meta property=\"og:image:type\" content=\"image\/png\" \/>\n<meta name=\"author\" content=\"Nicolas Otto\" \/>\n<meta name=\"twitter:card\" content=\"summary_large_image\" \/>\n<meta name=\"twitter:label1\" content=\"Escrito por\" \/>\n\t<meta name=\"twitter:data1\" content=\"Nicolas Otto\" \/>\n\t<meta name=\"twitter:label2\" content=\"Est. tempo de leitura\" \/>\n\t<meta name=\"twitter:data2\" content=\"4 minutos\" \/>\n<!-- \/ Yoast SEO plugin. -->","yoast_head_json":{"title":"5 erros de portugu\u00eas que destroem sua credibilidade profissional - Correio Braziliense - Radar","description":"Erros de escrita podem comprometer sua credibilidade. Aprenda a identificar e corrigir deslizes comuns e transmitir profissionalismo","robots":{"index":"index","follow":"follow","max-snippet":"max-snippet:-1","max-image-preview":"max-image-preview:large","max-video-preview":"max-video-preview:-1"},"canonical":"https:\/\/www.correiobraziliense.com.br\/cbradar\/5-erros-de-portugues-que-destroem-sua-credibilidade-profissional\/","og_locale":"pt_BR","og_type":"article","og_title":"5 erros de portugu\u00eas que destroem sua credibilidade profissional - Correio Braziliense - Radar","og_description":"Erros de escrita podem comprometer sua credibilidade. Aprenda a identificar e corrigir deslizes comuns e transmitir profissionalismo","og_url":"https:\/\/www.correiobraziliense.com.br\/cbradar\/5-erros-de-portugues-que-destroem-sua-credibilidade-profissional\/","og_site_name":"Correio Braziliense - Radar","article_published_time":"2026-03-02T21:15:00+00:00","og_image":[{"width":1280,"height":721,"url":"https:\/\/www.correiobraziliense.com.br\/cbradar\/wp-content\/uploads\/2026\/02\/erros-de-escrita.png","type":"image\/png"}],"author":"Nicolas Otto","twitter_card":"summary_large_image","twitter_misc":{"Escrito por":"Nicolas Otto","Est. tempo de leitura":"4 minutos"},"schema":{"@context":"https:\/\/schema.org","@graph":[{"@type":"WebPage","@id":"https:\/\/www.correiobraziliense.com.br\/cbradar\/5-erros-de-portugues-que-destroem-sua-credibilidade-profissional\/","url":"https:\/\/www.correiobraziliense.com.br\/cbradar\/5-erros-de-portugues-que-destroem-sua-credibilidade-profissional\/","name":"5 erros de portugu\u00eas que destroem sua credibilidade profissional - Correio Braziliense - Radar","isPartOf":{"@id":"https:\/\/www.correiobraziliense.com.br\/cbradar\/#website"},"primaryImageOfPage":{"@id":"https:\/\/www.correiobraziliense.com.br\/cbradar\/5-erros-de-portugues-que-destroem-sua-credibilidade-profissional\/#primaryimage"},"image":{"@id":"https:\/\/www.correiobraziliense.com.br\/cbradar\/5-erros-de-portugues-que-destroem-sua-credibilidade-profissional\/#primaryimage"},"thumbnailUrl":"https:\/\/www.correiobraziliense.com.br\/cbradar\/wp-content\/uploads\/2026\/02\/erros-de-escrita.png","datePublished":"2026-03-02T21:15:00+00:00","author":{"@id":"https:\/\/www.correiobraziliense.com.br\/cbradar\/#\/schema\/person\/3221b250518e74ac52c442d1c1236aaa"},"description":"Erros de escrita podem comprometer sua credibilidade. Aprenda a identificar e corrigir deslizes comuns e transmitir profissionalismo","breadcrumb":{"@id":"https:\/\/www.correiobraziliense.com.br\/cbradar\/5-erros-de-portugues-que-destroem-sua-credibilidade-profissional\/#breadcrumb"},"inLanguage":"pt-BR","potentialAction":[{"@type":"ReadAction","target":["https:\/\/www.correiobraziliense.com.br\/cbradar\/5-erros-de-portugues-que-destroem-sua-credibilidade-profissional\/"]}]},{"@type":"ImageObject","inLanguage":"pt-BR","@id":"https:\/\/www.correiobraziliense.com.br\/cbradar\/5-erros-de-portugues-que-destroem-sua-credibilidade-profissional\/#primaryimage","url":"https:\/\/www.correiobraziliense.com.br\/cbradar\/wp-content\/uploads\/2026\/02\/erros-de-escrita.png","contentUrl":"https:\/\/www.correiobraziliense.com.br\/cbradar\/wp-content\/uploads\/2026\/02\/erros-de-escrita.png","width":1280,"height":721,"caption":"Evite deslizes na escrita e fortale\u00e7a sua credibilidade no trabalho"},{"@type":"BreadcrumbList","@id":"https:\/\/www.correiobraziliense.com.br\/cbradar\/5-erros-de-portugues-que-destroem-sua-credibilidade-profissional\/#breadcrumb","itemListElement":[{"@type":"ListItem","position":1,"name":"In\u00edcio","item":"https:\/\/www.correiobraziliense.com.br\/cbradar\/"},{"@type":"ListItem","position":2,"name":"5 erros de portugu\u00eas que destroem sua credibilidade profissional"}]},{"@type":"WebSite","@id":"https:\/\/www.correiobraziliense.com.br\/cbradar\/#website","url":"https:\/\/www.correiobraziliense.com.br\/cbradar\/","name":"Correio Braziliense - Radar","description":"Acompanhe as \u00faltimas not\u00edcias e fique bem informado sobre tudo o que acontece no Brasil e no mundo.","potentialAction":[{"@type":"SearchAction","target":{"@type":"EntryPoint","urlTemplate":"https:\/\/www.correiobraziliense.com.br\/cbradar\/?s={search_term_string}"},"query-input":{"@type":"PropertyValueSpecification","valueRequired":true,"valueName":"search_term_string"}}],"inLanguage":"pt-BR"},{"@type":"Person","@id":"https:\/\/www.correiobraziliense.com.br\/cbradar\/#\/schema\/person\/3221b250518e74ac52c442d1c1236aaa","name":"Nicolas Otto","image":{"@type":"ImageObject","inLanguage":"pt-BR","@id":"https:\/\/www.correiobraziliense.com.br\/cbradar\/#\/schema\/person\/image\/","url":"https:\/\/secure.gravatar.com\/avatar\/05925f730d72f0ea0df144f236adfb18?s=96&d=mm&r=g","contentUrl":"https:\/\/secure.gravatar.com\/avatar\/05925f730d72f0ea0df144f236adfb18?s=96&d=mm&r=g","caption":"Nicolas Otto"},"sameAs":["https:\/\/www.correiobraziliense.com.br\/cbradar\/"],"url":"https:\/\/www.correiobraziliense.com.br\/cbradar\/author\/nicolas-otto\/"}]}},"_links":{"self":[{"href":"https:\/\/www.correiobraziliense.com.br\/cbradar\/wp-json\/wp\/v2\/posts\/199580","targetHints":{"allow":["GET"]}}],"collection":[{"href":"https:\/\/www.correiobraziliense.com.br\/cbradar\/wp-json\/wp\/v2\/posts"}],"about":[{"href":"https:\/\/www.correiobraziliense.com.br\/cbradar\/wp-json\/wp\/v2\/types\/post"}],"author":[{"embeddable":true,"href":"https:\/\/www.correiobraziliense.com.br\/cbradar\/wp-json\/wp\/v2\/users\/23"}],"replies":[{"embeddable":true,"href":"https:\/\/www.correiobraziliense.com.br\/cbradar\/wp-json\/wp\/v2\/comments?post=199580"}],"version-history":[{"count":1,"href":"https:\/\/www.correiobraziliense.com.br\/cbradar\/wp-json\/wp\/v2\/posts\/199580\/revisions"}],"predecessor-version":[{"id":199583,"href":"https:\/\/www.correiobraziliense.com.br\/cbradar\/wp-json\/wp\/v2\/posts\/199580\/revisions\/199583"}],"wp:featuredmedia":[{"embeddable":true,"href":"https:\/\/www.correiobraziliense.com.br\/cbradar\/wp-json\/wp\/v2\/media\/199581"}],"wp:attachment":[{"href":"https:\/\/www.correiobraziliense.com.br\/cbradar\/wp-json\/wp\/v2\/media?parent=199580"}],"wp:term":[{"taxonomy":"category","embeddable":true,"href":"https:\/\/www.correiobraziliense.com.br\/cbradar\/wp-json\/wp\/v2\/categories?post=199580"},{"taxonomy":"post_tag","embeddable":true,"href":"https:\/\/www.correiobraziliense.com.br\/cbradar\/wp-json\/wp\/v2\/tags?post=199580"}],"curies":[{"name":"wp","href":"https:\/\/api.w.org\/{rel}","templated":true}]}}