{"id":19961,"date":"2025-04-07T10:30:00","date_gmt":"2025-04-07T13:30:00","guid":{"rendered":"https:\/\/www.correiobraziliense.com.br\/cbradar\/?p=19961"},"modified":"2025-06-23T12:35:42","modified_gmt":"2025-06-23T15:35:42","slug":"quando-sera-lancado-o-proximo-episodio-de-a-roda-do-tempo","status":"publish","type":"post","link":"https:\/\/www.correiobraziliense.com.br\/cbradar\/quando-sera-lancado-o-proximo-episodio-de-a-roda-do-tempo\/","title":{"rendered":"Quando ser\u00e1 lan\u00e7ado o pr\u00f3ximo epis\u00f3dio de &#8220;A Roda do Tempo&#8221;?"},"content":{"rendered":"\n<p>Baseada na monumental saga liter\u00e1ria de <strong>Robert Jordan<\/strong>, <strong>A Roda do Tempo<\/strong> conquistou uma base fiel de <strong><a href=\"https:\/\/www.correiobraziliense.com.br\/cbradar\/filme-de-marcos-mion-tem-data-para-chegar-no-streaming\/\" target=\"_blank\" rel=\"noreferrer noopener\">espectadores <\/a><\/strong>desde sua estreia em 2021. Com <strong>Rosamund Pike<\/strong> no papel principal de <strong>Moiraine Damodred<\/strong>, a s\u00e9rie do <strong>Prime Video<\/strong> prometia adaptar os 14 volumes da obra original ao longo de m\u00faltiplas temporadas. Entretanto, em maio de 2025, o streaming decidiu encerrar a produ\u00e7\u00e3o ap\u00f3s a conclus\u00e3o da terceira temporada, mesmo tendo alcan\u00e7ado a primeira posi\u00e7\u00e3o no Prime Video em diversos pa\u00edses.<\/p>\n\n\n\n<p>O cancelamento surpreendeu f\u00e3s que acompanharam a evolu\u00e7\u00e3o da s\u00e9rie, especialmente considerando que a terceira temporada atingiu 97% de aprova\u00e7\u00e3o no Rotten Tomatoes, um crescimento significativo em rela\u00e7\u00e3o \u00e0s temporadas anteriores. A decis\u00e3o ilustra os desafios enfrentados por produ\u00e7\u00f5es de alto or\u00e7amento no competitivo mercado de streaming, onde n\u00fameros de audi\u00eancia determinam a continuidade mesmo de projetos com qualidade crescente. Para compreender esse desfecho, \u00e9 necess\u00e1rio analisar os m\u00faltiplos fatores que contribu\u00edram para o fim antecipado dessa ambiciosa adapta\u00e7\u00e3o.<\/p>\n\n\n\n<h2 class=\"wp-block-heading\"><strong>Quais foram os motivos reais por tr\u00e1s do cancelamento?<\/strong><\/h2>\n\n\n\n<p>O principal fator para o cancelamento foi o desempenho insuficiente em n\u00fameros de visualiza\u00e7\u00e3o, com restri\u00e7\u00f5es or\u00e7ament\u00e1rias identificadas como motivo principal ap\u00f3s extensas conversas entre executivos do streaming e do est\u00fadio. Embora a s\u00e9rie tenha figurado entre os programas mais assistidos do <strong>Prime Video<\/strong> em sua estreia, ela enfrentou dificuldades para manter a base de espectadores ao longo do tempo. A terceira temporada figurou no Top 10 da <strong>Nielsen<\/strong> apenas nas tr\u00eas primeiras semanas, indicando queda no engajamento.<\/p>\n\n\n\n<p>A produ\u00e7\u00e3o exigia investimentos massivos em cen\u00e1rios, efeitos especiais e um elenco internacional extenso. As discuss\u00f5es entre o Prime Video e a Sony TV n\u00e3o resultaram em um acordo vi\u00e1vel para manter a produ\u00e7\u00e3o, mesmo com diferentes cen\u00e1rios financeiros analisados. O alto custo por epis\u00f3dio, t\u00edpico de s\u00e9ries de fantasia \u00e9pica, n\u00e3o conseguiu ser justificado pelos retornos de audi\u00eancia, for\u00e7ando uma decis\u00e3o empresarial pragm\u00e1tica sobre o futuro da franquia.<\/p>\n\n\n\n<figure class=\"wp-block-embed aligncenter is-type-video is-provider-youtube wp-block-embed-youtube wp-embed-aspect-16-9 wp-has-aspect-ratio\"><div class=\"wp-block-embed__wrapper\">\n<div class=\"jeg_video_container jeg_video_content\"><iframe loading=\"lazy\" title=\"A Roda do Tempo \u2013 3 Temporada | Trailer Oficial | Prime Video\" width=\"500\" height=\"281\" src=\"https:\/\/www.youtube.com\/embed\/YGAr8A12DNE?start=1&#038;feature=oembed\" frameborder=\"0\" allow=\"accelerometer; autoplay; clipboard-write; encrypted-media; gyroscope; picture-in-picture; web-share\" referrerpolicy=\"strict-origin-when-cross-origin\" allowfullscreen><\/iframe><\/div>\n<\/div><\/figure>\n\n\n\n<h2 class=\"wp-block-heading\"><strong>Como a adapta\u00e7\u00e3o se compara ao legado liter\u00e1rio original?<\/strong><\/h2>\n\n\n\n<p>A saga de Robert Jordan vendeu mais de 90 milh\u00f5es de c\u00f3pias mundialmente, tornando-se uma das s\u00e9ries de fantasia \u00e9pica mais vendidas desde O Senhor dos An\u00e9is. A obra liter\u00e1ria, iniciada em 1990 e conclu\u00edda por <strong>Brandon Sanderson<\/strong> ap\u00f3s a morte de <strong>Jordan<\/strong> em 2007, estabeleceu padr\u00f5es elevados para adapta\u00e7\u00f5es audiovisuais. A s\u00e9rie televisiva tentou equilibrar fidelidade aos livros com inova\u00e7\u00f5es necess\u00e1rias para o formato televisivo, mas encontrou resist\u00eancia tanto de puristas quanto de novos espectadores.<\/p>\n\n\n\n<p>A terceira temporada baseou-se no quarto livro da saga, &#8220;A Ascens\u00e3o da Sombra&#8221;, considerado o ponto central de toda a hist\u00f3ria por definir elementos importantes do destino de muitos personagens. <strong>Rafe Judkins<\/strong>, showrunner da s\u00e9rie, planejou originalmente sete temporadas para cobrir todo o material liter\u00e1rio, mas essa vis\u00e3o n\u00e3o se concretizar\u00e1. A interrup\u00e7\u00e3o deixa in\u00fameras tramas sem resolu\u00e7\u00e3o e impede a adapta\u00e7\u00e3o de eventos cruciais dos volumes subsequentes.<\/p>\n\n\n\n<h2 class=\"wp-block-heading\"><strong>Qual foi o impacto da evolu\u00e7\u00e3o t\u00e9cnica na produ\u00e7\u00e3o?<\/strong><\/h2>\n\n\n\n<p>Esteticamente, A Roda do Tempo enfrentou desafios para imergir o espectador, apesar do uso eficaz de viol\u00eancia visual, com cen\u00e1rios, figurinos, ilumina\u00e7\u00e3o e efeitos especiais sendo, no m\u00e1ximo, razo\u00e1veis. A primeira temporada recebeu cr\u00edticas por limita\u00e7\u00f5es visuais que contrastavam com o or\u00e7amento investido. Entretanto, a produ\u00e7\u00e3o mostrou melhorias significativas ao longo das temporadas, com paisagens naturais impressionantes e sequ\u00eancias de a\u00e7\u00e3o mais elaboradas.<\/p>\n\n\n\n<p>A s\u00e9rie utilizou loca\u00e7\u00f5es diversas para retratar o vasto mundo criado por <strong>Jordan<\/strong>, desde vilarejos r\u00fasticos at\u00e9 constru\u00e7\u00f5es monumentais da <strong>Torre Branca<\/strong>. A terceira temporada contou com adi\u00e7\u00f5es importantes ao elenco, incluindo Shohreh Aghdashloo como Elaida do Avriny A&#8217;roihan e Olivia Williams, demonstrando o investimento cont\u00ednuo na qualidade da produ\u00e7\u00e3o. Os efeitos especiais para representar o <strong>Poder \u00danico<\/strong>, sistema m\u00e1gico central da narrativa, tamb\u00e9m evolu\u00edram consideravelmente entre as temporadas.<\/p>\n\n\n\n<h2 class=\"wp-block-heading\"><strong>Por que as s\u00e9ries de fantasia enfrentam tantos desafios no streaming?<\/strong><\/h2>\n\n\n\n<p>O g\u00eanero fantasia \u00e9pica demanda investimentos substanciais em produ\u00e7\u00e3o, competindo diretamente com gigantes estabelecidos como <strong>Game of Thrones<\/strong> e <strong>O Senhor dos An\u00e9is: Os An\u00e9is do Poder<\/strong>. A s\u00e9rie enfrentou compara\u00e7\u00f5es constantes com outras produ\u00e7\u00f5es de fantasia, com cr\u00edticos questionando se &#8220;a Amazon n\u00e3o acerta com as s\u00e9ries de fantasia&#8221;. Essa percep\u00e7\u00e3o criou expectativas elevadas que nem sempre foram atendidas pela audi\u00eancia geral.<\/p>\n\n\n\n<p>A depend\u00eancia excessiva de efeitos especiais e espet\u00e1culo, combinada com a complexidade narrativa inerente ao g\u00eanero, pode afastar espectadores que preferem hist\u00f3rias mais diretas. <strong>A Roda do Tempo<\/strong> precisava simultaneamente satisfazer f\u00e3s dos livros, familiarizados com d\u00e9cadas de mitologia, e atrair novos espectadores sem conhecimento pr\u00e9vio. Esse equil\u00edbrio delicado raramente \u00e9 alcan\u00e7ado com sucesso comercial sustent\u00e1vel.<\/p>\n\n\n\n<h2 class=\"wp-block-heading\"><strong>Quais li\u00e7\u00f5es o cancelamento oferece para futuras adapta\u00e7\u00f5es?<\/strong><\/h2>\n\n\n\n<p>O fim de <strong>A Roda do Tempo<\/strong> ilustra que qualidade crescente n\u00e3o garante renova\u00e7\u00e3o no ambiente competitivo do streaming. A s\u00e9rie estava encontrando sua melhor forma justamente quando foi cancelada, com a narrativa refletindo mais fidelidade aos elementos essenciais dos livros. Isso sugere que adapta\u00e7\u00f5es de obras complexas precisam estabelecer identidade e audi\u00eancia s\u00f3lidas desde as primeiras temporadas.<\/p>\n\n\n\n<p>O desfecho da terceira temporada foi desenvolvido considerando a possibilidade de cancelamento, oferecendo um encerramento para a hist\u00f3ria. Essa abordagem pragm\u00e1tica demonstra como showrunners modernos devem antecipar incertezas do mercado. Para futuras adapta\u00e7\u00f5es de sagas liter\u00e1rias extensas, o caso serve como lembrete de que paix\u00e3o criativa deve ser equilibrada com realismo comercial desde o planejamento inicial.<\/p>\n\n\n\n<h2 class=\"wp-block-heading\"><strong>O que significa o fim para os f\u00e3s da franquia?<\/strong><\/h2>\n\n\n\n<p>A s\u00e9rie de Robert Jordan promoveu o surgimento de uma conven\u00e7\u00e3o anual chamada JordanCon, que acontece nos Estados Unidos e recebe centenas de participantes de todo o mundo, inclusive do Brasil. Essa base dedicada de f\u00e3s permanece ativa mesmo ap\u00f3s o cancelamento, demonstrando que o legado da obra transcende adapta\u00e7\u00f5es espec\u00edficas. A interrup\u00e7\u00e3o da s\u00e9rie representa uma oportunidade perdida de introduzir <strong>A Roda do Tempo<\/strong> para uma nova gera\u00e7\u00e3o de espectadores.<\/p>\n\n\n\n<p>Ainda n\u00e3o existem informa\u00e7\u00f5es sobre poss\u00edveis negocia\u00e7\u00f5es com outras plataformas para a continuidade da s\u00e9rie em outro servi\u00e7o de streaming. Enquanto isso, todos os epis\u00f3dios das tr\u00eas temporadas permanecem dispon\u00edveis no cat\u00e1logo do <strong>Prime Video<\/strong>. O cancelamento marca o fim de uma jornada ambiciosa, mas n\u00e3o extingue o interesse duradouro pela rica mitologia criada por <strong>Robert Jordan<\/strong> h\u00e1 mais de tr\u00eas d\u00e9cadas.<\/p>\n","protected":false},"excerpt":{"rendered":"<p>Baseada na monumental saga liter\u00e1ria de Robert Jordan, A Roda do Tempo conquistou uma base fiel de espectadores desde sua estreia em 2021. Com Rosamund Pike no papel principal de Moiraine Damodred, a s\u00e9rie do Prime Video prometia adaptar os 14 volumes da obra original ao longo de m\u00faltiplas temporadas. Entretanto, em maio de 2025, [&hellip;]<\/p>\n","protected":false},"author":8,"featured_media":18678,"comment_status":"open","ping_status":"open","sticky":false,"template":"","format":"standard","meta":{"_yoast_wpseo_focuskw":"Tempo","_yoast_wpseo_title":"","_yoast_wpseo_metadesc":"Confira o lan\u00e7amento do pr\u00f3ximo epis\u00f3dio de \"A Roda do Tempo\" no Prime Video. N\u00e3o perca os desdobramentos \u00e9picos da trama!","jnews-multi-image_gallery":[],"jnews_single_post":{"format":"standard"},"jnews_primary_category":[],"jnews_social_meta":[],"jnews_override_counter":[],"footnotes":""},"categories":[140],"post_tag":[2806,568],"class_list":["post-19961","post","type-post","status-publish","format-standard","has-post-thumbnail","hentry","category-entretenimento","tag-a-roda-do-tempo","tag-series-e-filmes"],"yoast_head":"<!-- This site is optimized with the Yoast SEO plugin v24.6 - https:\/\/yoast.com\/wordpress\/plugins\/seo\/ -->\n<title>Quando ser\u00e1 lan\u00e7ado o pr\u00f3ximo epis\u00f3dio de &quot;A Roda do Tempo&quot;? - Correio Braziliense - Radar<\/title>\n<meta name=\"description\" content=\"Confira o lan\u00e7amento do pr\u00f3ximo epis\u00f3dio de &quot;A Roda do Tempo&quot; no Prime Video. N\u00e3o perca os desdobramentos \u00e9picos da trama!\" \/>\n<meta name=\"robots\" content=\"index, follow, max-snippet:-1, max-image-preview:large, max-video-preview:-1\" \/>\n<link rel=\"canonical\" href=\"https:\/\/www.correiobraziliense.com.br\/cbradar\/quando-sera-lancado-o-proximo-episodio-de-a-roda-do-tempo\/\" \/>\n<meta property=\"og:locale\" content=\"pt_BR\" \/>\n<meta property=\"og:type\" content=\"article\" \/>\n<meta property=\"og:title\" content=\"Quando ser\u00e1 lan\u00e7ado o pr\u00f3ximo epis\u00f3dio de &quot;A Roda do Tempo&quot;? - Correio Braziliense - Radar\" \/>\n<meta property=\"og:description\" content=\"Confira o lan\u00e7amento do pr\u00f3ximo epis\u00f3dio de &quot;A Roda do Tempo&quot; no Prime Video. N\u00e3o perca os desdobramentos \u00e9picos da trama!\" \/>\n<meta property=\"og:url\" content=\"https:\/\/www.correiobraziliense.com.br\/cbradar\/quando-sera-lancado-o-proximo-episodio-de-a-roda-do-tempo\/\" \/>\n<meta property=\"og:site_name\" content=\"Correio Braziliense - Radar\" \/>\n<meta property=\"article:published_time\" content=\"2025-04-07T13:30:00+00:00\" \/>\n<meta property=\"article:modified_time\" content=\"2025-06-23T15:35:42+00:00\" \/>\n<meta property=\"og:image\" content=\"https:\/\/www.correiobraziliense.com.br\/cbradar\/wp-content\/uploads\/2025\/04\/Edicoes-3.png\" \/>\n\t<meta property=\"og:image:width\" content=\"1280\" \/>\n\t<meta property=\"og:image:height\" content=\"720\" \/>\n\t<meta property=\"og:image:type\" content=\"image\/png\" \/>\n<meta name=\"author\" content=\"Maura Pereira\" \/>\n<meta name=\"twitter:card\" content=\"summary_large_image\" \/>\n<meta name=\"twitter:label1\" content=\"Escrito por\" \/>\n\t<meta name=\"twitter:data1\" content=\"Maura Pereira\" \/>\n\t<meta name=\"twitter:label2\" content=\"Est. tempo de leitura\" \/>\n\t<meta name=\"twitter:data2\" content=\"6 minutos\" \/>\n<!-- \/ Yoast SEO plugin. -->","yoast_head_json":{"title":"Quando ser\u00e1 lan\u00e7ado o pr\u00f3ximo epis\u00f3dio de \"A Roda do Tempo\"? - Correio Braziliense - Radar","description":"Confira o lan\u00e7amento do pr\u00f3ximo epis\u00f3dio de \"A Roda do Tempo\" no Prime Video. N\u00e3o perca os desdobramentos \u00e9picos da trama!","robots":{"index":"index","follow":"follow","max-snippet":"max-snippet:-1","max-image-preview":"max-image-preview:large","max-video-preview":"max-video-preview:-1"},"canonical":"https:\/\/www.correiobraziliense.com.br\/cbradar\/quando-sera-lancado-o-proximo-episodio-de-a-roda-do-tempo\/","og_locale":"pt_BR","og_type":"article","og_title":"Quando ser\u00e1 lan\u00e7ado o pr\u00f3ximo epis\u00f3dio de \"A Roda do Tempo\"? - Correio Braziliense - Radar","og_description":"Confira o lan\u00e7amento do pr\u00f3ximo epis\u00f3dio de \"A Roda do Tempo\" no Prime Video. N\u00e3o perca os desdobramentos \u00e9picos da trama!","og_url":"https:\/\/www.correiobraziliense.com.br\/cbradar\/quando-sera-lancado-o-proximo-episodio-de-a-roda-do-tempo\/","og_site_name":"Correio Braziliense - Radar","article_published_time":"2025-04-07T13:30:00+00:00","article_modified_time":"2025-06-23T15:35:42+00:00","og_image":[{"width":1280,"height":720,"url":"https:\/\/www.correiobraziliense.com.br\/cbradar\/wp-content\/uploads\/2025\/04\/Edicoes-3.png","type":"image\/png"}],"author":"Maura Pereira","twitter_card":"summary_large_image","twitter_misc":{"Escrito por":"Maura Pereira","Est. tempo de leitura":"6 minutos"},"schema":{"@context":"https:\/\/schema.org","@graph":[{"@type":"WebPage","@id":"https:\/\/www.correiobraziliense.com.br\/cbradar\/quando-sera-lancado-o-proximo-episodio-de-a-roda-do-tempo\/","url":"https:\/\/www.correiobraziliense.com.br\/cbradar\/quando-sera-lancado-o-proximo-episodio-de-a-roda-do-tempo\/","name":"Quando ser\u00e1 lan\u00e7ado o pr\u00f3ximo epis\u00f3dio de \"A Roda do Tempo\"? - Correio Braziliense - Radar","isPartOf":{"@id":"https:\/\/www.correiobraziliense.com.br\/cbradar\/#website"},"primaryImageOfPage":{"@id":"https:\/\/www.correiobraziliense.com.br\/cbradar\/quando-sera-lancado-o-proximo-episodio-de-a-roda-do-tempo\/#primaryimage"},"image":{"@id":"https:\/\/www.correiobraziliense.com.br\/cbradar\/quando-sera-lancado-o-proximo-episodio-de-a-roda-do-tempo\/#primaryimage"},"thumbnailUrl":"https:\/\/www.correiobraziliense.com.br\/cbradar\/wp-content\/uploads\/2025\/04\/Edicoes-3.png","datePublished":"2025-04-07T13:30:00+00:00","dateModified":"2025-06-23T15:35:42+00:00","author":{"@id":"https:\/\/www.correiobraziliense.com.br\/cbradar\/#\/schema\/person\/4053c651a9bfc785afc6f4cbc9032fd3"},"description":"Confira o lan\u00e7amento do pr\u00f3ximo epis\u00f3dio de \"A Roda do Tempo\" no Prime Video. N\u00e3o perca os desdobramentos \u00e9picos da trama!","breadcrumb":{"@id":"https:\/\/www.correiobraziliense.com.br\/cbradar\/quando-sera-lancado-o-proximo-episodio-de-a-roda-do-tempo\/#breadcrumb"},"inLanguage":"pt-BR","potentialAction":[{"@type":"ReadAction","target":["https:\/\/www.correiobraziliense.com.br\/cbradar\/quando-sera-lancado-o-proximo-episodio-de-a-roda-do-tempo\/"]}]},{"@type":"ImageObject","inLanguage":"pt-BR","@id":"https:\/\/www.correiobraziliense.com.br\/cbradar\/quando-sera-lancado-o-proximo-episodio-de-a-roda-do-tempo\/#primaryimage","url":"https:\/\/www.correiobraziliense.com.br\/cbradar\/wp-content\/uploads\/2025\/04\/Edicoes-3.png","contentUrl":"https:\/\/www.correiobraziliense.com.br\/cbradar\/wp-content\/uploads\/2025\/04\/Edicoes-3.png","width":1280,"height":720,"caption":"A Roda do Tempo \/\/ Reprodu\u00e7\u00e3o: IMDB (Foto\/Divulga\u00e7\u00e3o)"},{"@type":"BreadcrumbList","@id":"https:\/\/www.correiobraziliense.com.br\/cbradar\/quando-sera-lancado-o-proximo-episodio-de-a-roda-do-tempo\/#breadcrumb","itemListElement":[{"@type":"ListItem","position":1,"name":"In\u00edcio","item":"https:\/\/www.correiobraziliense.com.br\/cbradar\/"},{"@type":"ListItem","position":2,"name":"Quando ser\u00e1 lan\u00e7ado o pr\u00f3ximo epis\u00f3dio de &#8220;A Roda do Tempo&#8221;?"}]},{"@type":"WebSite","@id":"https:\/\/www.correiobraziliense.com.br\/cbradar\/#website","url":"https:\/\/www.correiobraziliense.com.br\/cbradar\/","name":"Correio Braziliense - Radar","description":"Acompanhe as \u00faltimas not\u00edcias e fique bem informado sobre tudo o que acontece no Brasil e no mundo.","potentialAction":[{"@type":"SearchAction","target":{"@type":"EntryPoint","urlTemplate":"https:\/\/www.correiobraziliense.com.br\/cbradar\/?s={search_term_string}"},"query-input":{"@type":"PropertyValueSpecification","valueRequired":true,"valueName":"search_term_string"}}],"inLanguage":"pt-BR"},{"@type":"Person","@id":"https:\/\/www.correiobraziliense.com.br\/cbradar\/#\/schema\/person\/4053c651a9bfc785afc6f4cbc9032fd3","name":"Maura Pereira","image":{"@type":"ImageObject","inLanguage":"pt-BR","@id":"https:\/\/www.correiobraziliense.com.br\/cbradar\/#\/schema\/person\/image\/","url":"https:\/\/secure.gravatar.com\/avatar\/3effd6bdadfa447f15089c7f7144eaa6?s=96&d=mm&r=g","contentUrl":"https:\/\/secure.gravatar.com\/avatar\/3effd6bdadfa447f15089c7f7144eaa6?s=96&d=mm&r=g","caption":"Maura Pereira"},"sameAs":["https:\/\/www.correiobraziliense.com.br\/"],"url":"https:\/\/www.correiobraziliense.com.br\/cbradar\/author\/mauramyth\/"}]}},"_links":{"self":[{"href":"https:\/\/www.correiobraziliense.com.br\/cbradar\/wp-json\/wp\/v2\/posts\/19961","targetHints":{"allow":["GET"]}}],"collection":[{"href":"https:\/\/www.correiobraziliense.com.br\/cbradar\/wp-json\/wp\/v2\/posts"}],"about":[{"href":"https:\/\/www.correiobraziliense.com.br\/cbradar\/wp-json\/wp\/v2\/types\/post"}],"author":[{"embeddable":true,"href":"https:\/\/www.correiobraziliense.com.br\/cbradar\/wp-json\/wp\/v2\/users\/8"}],"replies":[{"embeddable":true,"href":"https:\/\/www.correiobraziliense.com.br\/cbradar\/wp-json\/wp\/v2\/comments?post=19961"}],"version-history":[{"count":7,"href":"https:\/\/www.correiobraziliense.com.br\/cbradar\/wp-json\/wp\/v2\/posts\/19961\/revisions"}],"predecessor-version":[{"id":58096,"href":"https:\/\/www.correiobraziliense.com.br\/cbradar\/wp-json\/wp\/v2\/posts\/19961\/revisions\/58096"}],"wp:featuredmedia":[{"embeddable":true,"href":"https:\/\/www.correiobraziliense.com.br\/cbradar\/wp-json\/wp\/v2\/media\/18678"}],"wp:attachment":[{"href":"https:\/\/www.correiobraziliense.com.br\/cbradar\/wp-json\/wp\/v2\/media?parent=19961"}],"wp:term":[{"taxonomy":"category","embeddable":true,"href":"https:\/\/www.correiobraziliense.com.br\/cbradar\/wp-json\/wp\/v2\/categories?post=19961"},{"taxonomy":"post_tag","embeddable":true,"href":"https:\/\/www.correiobraziliense.com.br\/cbradar\/wp-json\/wp\/v2\/post_tag?post=19961"}],"curies":[{"name":"wp","href":"https:\/\/api.w.org\/{rel}","templated":true}]}}