{"id":199724,"date":"2026-02-27T20:35:00","date_gmt":"2026-02-27T23:35:00","guid":{"rendered":"https:\/\/www.correiobraziliense.com.br\/cbradar\/?p=199724"},"modified":"2026-02-26T14:19:57","modified_gmt":"2026-02-26T17:19:57","slug":"letras-e-acentos-da-lingua-portuguesa-que-nao-existem-em-outros-idiomas","status":"publish","type":"post","link":"https:\/\/www.correiobraziliense.com.br\/cbradar\/letras-e-acentos-da-lingua-portuguesa-que-nao-existem-em-outros-idiomas\/","title":{"rendered":"Letras e acentos da l\u00edngua portuguesa que n\u00e3o existem em outros idiomas"},"content":{"rendered":"\n<p>A l\u00edngua portuguesa utiliza o alfabeto latino como base, mas apresenta particularidades gr\u00e1ficas que a distinguem de idiomas como o ingl\u00eas ou o alem\u00e3o. Essas marcas diacr\u00edticas e jun\u00e7\u00f5es espec\u00edficas conferem uma identidade visual \u00fanica aos textos lus\u00f3fonos, facilitando a fon\u00e9tica correta para os falantes nativos e estudantes estrangeiros ao redor do mundo.<\/p>\n\n\n\n<h2 class=\"wp-block-heading\">Por que o alfabeto portugu\u00eas possui caracteres t\u00e3o singulares?<\/h2>\n\n\n\n<p>A evolu\u00e7\u00e3o do idioma a partir do latim vulgar exigiu a cria\u00e7\u00e3o de s\u00edmbolos para representar sons que n\u00e3o existiam originalmente na escrita romana cl\u00e1ssica. Esses sinais facilitam a diferencia\u00e7\u00e3o tonal entre vogais abertas e fechadas, garantindo que a comunica\u00e7\u00e3o escrita seja precisa. A <strong>Gram\u00e1tica Tradicional<\/strong> refor\u00e7a que esses elementos s\u00e3o pilares da norma culta atual.<\/p>\n\n\n\n<p>Muitos desses caracteres foram adaptados de manuscritos medievais, onde escribas buscavam formas r\u00e1pidas de anotar sons nasais ou palatais complexos. Com o passar dos s\u00e9culos, essas conven\u00e7\u00f5es foram oficializadas em acordos diplom\u00e1ticos entre os pa\u00edses lus\u00f3fonos para padronizar a escrita. Esse processo hist\u00f3rico garantiu que o portugu\u00eas mantivesse uma est\u00e9tica pr\u00f3pria e muito reconhec\u00edvel mundialmente.<\/p>\n\n\n\n<figure class=\"wp-block-image size-large\"><img decoding=\"async\" width=\"1024\" height=\"576\" src=\"https:\/\/www.correiobraziliense.com.br\/cbradar\/wp-content\/uploads\/2026\/02\/Gemini_Generated_Image_txuu97txuu97txuu-1-1-1024x576.png\" alt=\"Letras e acentos da l\u00edngua portuguesa que n\u00e3o existem em outros idiomas\" class=\"wp-image-199767\" srcset=\"https:\/\/www.correiobraziliense.com.br\/cbradar\/wp-content\/uploads\/2026\/02\/Gemini_Generated_Image_txuu97txuu97txuu-1-1-1024x576.png 1024w, https:\/\/www.correiobraziliense.com.br\/cbradar\/wp-content\/uploads\/2026\/02\/Gemini_Generated_Image_txuu97txuu97txuu-1-1-300x169.png 300w, https:\/\/www.correiobraziliense.com.br\/cbradar\/wp-content\/uploads\/2026\/02\/Gemini_Generated_Image_txuu97txuu97txuu-1-1-768x432.png 768w, https:\/\/www.correiobraziliense.com.br\/cbradar\/wp-content\/uploads\/2026\/02\/Gemini_Generated_Image_txuu97txuu97txuu-1-1-750x422.png 750w, https:\/\/www.correiobraziliense.com.br\/cbradar\/wp-content\/uploads\/2026\/02\/Gemini_Generated_Image_txuu97txuu97txuu-1-1-1140x641.png 1140w, https:\/\/www.correiobraziliense.com.br\/cbradar\/wp-content\/uploads\/2026\/02\/Gemini_Generated_Image_txuu97txuu97txuu-1-1.png 1280w\" sizes=\"(max-width: 1024px) 100vw, 1024px\" \/><figcaption class=\"wp-element-caption\">Sinais e letras do portugu\u00eas formam uma identidade gr\u00e1fica \u00fanica<\/figcaption><\/figure>\n\n\n\n<h2 class=\"wp-block-heading\">Como surgiram os acentos que definem a nossa pron\u00fancia?<\/h2>\n\n\n\n<p>Os acentos agudo e circunflexo funcionam como guias essenciais para a entona\u00e7\u00e3o correta das palavras, indicando qual s\u00edlaba deve ser enfatizada durante a fala. Sem essas marca\u00e7\u00f5es, a leitura de textos complexos seria amb\u00edgua, dificultando a compreens\u00e3o imediata do sentido pretendido pelo autor original. A clareza fon\u00e9tica \u00e9 uma das maiores virtudes do nosso sistema ortogr\u00e1fico contempor\u00e2neo.<\/p>\n\n\n\n<p>O uso do til \u00e9 um exemplo fascinante de como a economia de espa\u00e7o nos pergaminhos antigos gerou uma marca definitiva da l\u00edngua. Originalmente, ele representava a letra &#8220;n&#8221; escrita acima de uma vogal para indicar nasalidade, tornando-se um s\u00edmbolo ic\u00f4nico da identidade lus\u00f3fona. Hoje, ele \u00e9 indispens\u00e1vel para a escrita correta de milh\u00f5es de termos fundamentais.<\/p>\n\n\n\n<h2 class=\"wp-block-heading\">Quais s\u00e3o as marcas gr\u00e1ficas exclusivas da nossa escrita?<\/h2>\n\n\n\n<p>Embora compartilhemos a base latina com o espanhol e o franc\u00eas, o portugu\u00eas utiliza combina\u00e7\u00f5es e sinais que raramente aparecem simultaneamente em outras l\u00ednguas. A presen\u00e7a da cedilha e de certos encontros consonantais espec\u00edficos define o ritmo visual das senten\u00e7as em documentos oficiais. Compreender essas nuances \u00e9 o primeiro passo para dominar a ortografia de maneira t\u00e9cnica e profissional.<\/p>\n\n\n\n<p>Confira a lista abaixo:<\/p>\n\n\n\n<ul class=\"wp-block-list\">\n<li>Letra \u00c7 (cedilha).<\/li>\n\n\n\n<li>Vogal \u00c3 (til).<\/li>\n\n\n\n<li>Vogal \u00d5 (til).<\/li>\n\n\n\n<li>D\u00edgrafo LH.<\/li>\n\n\n\n<li>D\u00edgrafo NH.<\/li>\n\n\n\n<li>Acento circunflexo (\u00ca\/\u00d4).<\/li>\n<\/ul>\n\n\n\n<h2 class=\"wp-block-heading\">Existem letras que mudaram de status com o tempo?<\/h2>\n\n\n\n<p>O <strong>Acordo Ortogr\u00e1fico de 1990<\/strong> trouxe mudan\u00e7as significativas ao reintegrar as letras K, W e Y ao alfabeto oficial da l\u00edngua portuguesa. Anteriormente, esses caracteres eram restritos a nomes pr\u00f3prios estrangeiros ou unidades de medida internacionais, gerando confus\u00e3o em dicion\u00e1rios escolares. A oficializa\u00e7\u00e3o dessas letras facilitou a indexa\u00e7\u00e3o de termos t\u00e9cnicos e nomes globais em sistemas digitais modernos.<\/p>\n\n\n\n<p>Essa altera\u00e7\u00e3o n\u00e3o apenas simplificou a escrita de estrangeirismos, mas tamb\u00e9m alinhou o portugu\u00eas com os padr\u00f5es tecnol\u00f3gicos exigidos pela computa\u00e7\u00e3o atual. Agora, o alfabeto \u00e9 composto por vinte e seis letras oficiais, garantindo uma estrutura robusta para a comunica\u00e7\u00e3o globalizada. A adapta\u00e7\u00e3o constante \u00e0s necessidades sociais \u00e9 uma caracter\u00edstica marcante da nossa l\u00edngua em constante evolu\u00e7\u00e3o hist\u00f3rica.<\/p>\n\n\n\n<p>No v\u00eddeo abaixo do TikTok<strong> <em>Espanholdinamico<\/em><\/strong>, que conta com mais de <strong><em>115 mil<\/em><\/strong> seguidores, ela cita as letras que n\u00e3o existem no espanhol:<\/p>\n\n\n\n<blockquote class=\"tiktok-embed\" cite=\"https:\/\/www.tiktok.com\/@espanholdinamico\/video\/7160464067558264069\" data-video-id=\"7160464067558264069\" style=\"max-width: 605px;min-width: 325px;\" > <section> <a target=\"_blank\" title=\"@espanholdinamico\" href=\"https:\/\/www.tiktok.com\/@espanholdinamico?refer=embed\">@espanholdinamico<\/a> Se liga nessa dica pra escrever melhor e me segue para An\u00e1is dicas de espanhol \ud83d\ude09 <a title=\"aprendanotiktok\" target=\"_blank\" href=\"https:\/\/www.tiktok.com\/tag\/aprendanotiktok?refer=embed\">#aprendanotiktok<\/a> <a title=\"tokdoenem\" target=\"_blank\" href=\"https:\/\/www.tiktok.com\/tag\/tokdoenem?refer=embed\">#tokdoenem<\/a> <a title=\"espanholdinamico\" target=\"_blank\" href=\"https:\/\/www.tiktok.com\/tag\/espanholdinamico?refer=embed\">#espanholdinamico<\/a> <a title=\"espanholonline\" target=\"_blank\" href=\"https:\/\/www.tiktok.com\/tag\/espanholonline?refer=embed\">#espanholonline<\/a> <a title=\"dicasdeespanhol\" target=\"_blank\" href=\"https:\/\/www.tiktok.com\/tag\/dicasdeespanhol?refer=embed\">#dicasdeespanhol<\/a> <a title=\"espanholparabrasileiros\" target=\"_blank\" href=\"https:\/\/www.tiktok.com\/tag\/espanholparabrasileiros?refer=embed\">#espanholparabrasileiros<\/a> <a target=\"_blank\" title=\"\u266c sonido original - Espanhol com a Profa. Telciane\" href=\"https:\/\/www.tiktok.com\/music\/sonido-original-7160464071026854661?refer=embed\">\u266c sonido original &#8211; Espanhol com a Profa. Telciane<\/a> <\/section> <\/blockquote> <script async src=\"https:\/\/www.tiktok.com\/embed.js\"><\/script>\n\n\n\n<p>Leia tamb\u00e9m: <a href=\"https:\/\/www.correiobraziliense.com.br\/cbradar\/idiomas-desaparecidos-que-ninguem-fala-mais-e-que-deixaram-legado-historico-e-linguistico\/\" target=\"_blank\" rel=\"noreferrer noopener\">Idiomas desaparecidos que ningu\u00e9m fala mais e que deixaram legado hist\u00f3rico e lingu\u00edstico<\/a><\/p>\n\n\n\n<h2 class=\"wp-block-heading\">Qual \u00e9 a base oficial para essas regras ortogr\u00e1ficas?<\/h2>\n\n\n\n<p>A manuten\u00e7\u00e3o da unidade lingu\u00edstica entre os oito pa\u00edses que falam portugu\u00eas \u00e9 coordenada por institui\u00e7\u00f5es de prest\u00edgio que zelam pela norma padr\u00e3o. Essas entidades analisam o uso das palavras e publicam vocabul\u00e1rios ortogr\u00e1ficos que servem de refer\u00eancia para editoras, escolas e tribunais. A obedi\u00eancia a essas normas garante que a comunica\u00e7\u00e3o entre diferentes continentes permane\u00e7a fluida e intelig\u00edvel.<\/p>\n\n\n\n<p>Todas as diretrizes vigentes que regem o uso do nosso alfabeto e seus sinais diacr\u00edticos est\u00e3o detalhadas em documentos da <strong>Academia Brasileira de Letras<\/strong>. \u00c9 poss\u00edvel consultar o vocabul\u00e1rio completo e as regras de acentua\u00e7\u00e3o no site oficial da <a target=\"_blank\" rel=\"noreferrer noopener\" href=\"https:\/\/www.academia.org.br\/nossa-lingua\/busca-no-vocabulario\">ABL<\/a>, que oferece suporte gratuito para d\u00favidas lingu\u00edsticas. Consultar fontes oficiais \u00e9 essencial para garantir a credibilidade de qualquer produ\u00e7\u00e3o textual t\u00e9cnica.<\/p>\n","protected":false},"excerpt":{"rendered":"<p>A l\u00edngua portuguesa utiliza o alfabeto latino como base, mas apresenta particularidades gr\u00e1ficas que a distinguem de idiomas como o ingl\u00eas ou o alem\u00e3o. Essas marcas diacr\u00edticas e jun\u00e7\u00f5es espec\u00edficas conferem uma identidade visual \u00fanica aos textos lus\u00f3fonos, facilitando a fon\u00e9tica correta para os falantes nativos e estudantes estrangeiros ao redor do mundo. Por que [&hellip;]<\/p>\n","protected":false},"author":21,"featured_media":199745,"comment_status":"open","ping_status":"open","sticky":false,"template":"","format":"standard","meta":{"_yoast_wpseo_focuskw":"alfabeto da l\u00edngua portuguesa","_yoast_wpseo_title":"","_yoast_wpseo_metadesc":"Sinais e combina\u00e7\u00f5es do portugu\u00eas criaram uma identidade visual pr\u00f3pria e influenciam diretamente a pron\u00fancia e a clareza textual","jnews-multi-image_gallery":[],"jnews_single_post":{"format":"standard"},"jnews_primary_category":[],"jnews_social_meta":[],"jnews_override_counter":[],"footnotes":""},"categories":[112],"post_tag":[10709,10897,10902,6081],"class_list":["post-199724","post","type-post","status-publish","format-standard","has-post-thumbnail","hentry","category-curiosidades","tag-idiomas","tag-letras","tag-lingua-portuguesa","tag-portugues"],"yoast_head":"<!-- This site is optimized with the Yoast SEO plugin v24.6 - https:\/\/yoast.com\/wordpress\/plugins\/seo\/ -->\n<title>Letras e acentos da l\u00edngua portuguesa que n\u00e3o existem em outros idiomas - Correio Braziliense - Radar<\/title>\n<meta name=\"description\" content=\"Sinais e combina\u00e7\u00f5es do portugu\u00eas criaram uma identidade visual pr\u00f3pria e influenciam diretamente a pron\u00fancia e a clareza textual\" \/>\n<meta name=\"robots\" content=\"index, follow, max-snippet:-1, max-image-preview:large, max-video-preview:-1\" \/>\n<link rel=\"canonical\" href=\"https:\/\/www.correiobraziliense.com.br\/cbradar\/letras-e-acentos-da-lingua-portuguesa-que-nao-existem-em-outros-idiomas\/\" \/>\n<meta property=\"og:locale\" content=\"pt_BR\" \/>\n<meta property=\"og:type\" content=\"article\" \/>\n<meta property=\"og:title\" content=\"Letras e acentos da l\u00edngua portuguesa que n\u00e3o existem em outros idiomas - Correio Braziliense - Radar\" \/>\n<meta property=\"og:description\" content=\"Sinais e combina\u00e7\u00f5es do portugu\u00eas criaram uma identidade visual pr\u00f3pria e influenciam diretamente a pron\u00fancia e a clareza textual\" \/>\n<meta property=\"og:url\" content=\"https:\/\/www.correiobraziliense.com.br\/cbradar\/letras-e-acentos-da-lingua-portuguesa-que-nao-existem-em-outros-idiomas\/\" \/>\n<meta property=\"og:site_name\" content=\"Correio Braziliense - Radar\" \/>\n<meta property=\"article:published_time\" content=\"2026-02-27T23:35:00+00:00\" \/>\n<meta property=\"og:image\" content=\"https:\/\/www.correiobraziliense.com.br\/cbradar\/wp-content\/uploads\/2026\/02\/Gemini_Generated_Image_k7u6owk7u6owk7u6-1-1.png\" \/>\n\t<meta property=\"og:image:width\" content=\"1280\" \/>\n\t<meta property=\"og:image:height\" content=\"720\" \/>\n\t<meta property=\"og:image:type\" content=\"image\/png\" \/>\n<meta name=\"author\" content=\"Patrick Silva\" \/>\n<meta name=\"twitter:card\" content=\"summary_large_image\" \/>\n<meta name=\"twitter:label1\" content=\"Escrito por\" \/>\n\t<meta name=\"twitter:data1\" content=\"Patrick Silva\" \/>\n\t<meta name=\"twitter:label2\" content=\"Est. tempo de leitura\" \/>\n\t<meta name=\"twitter:data2\" content=\"5 minutos\" \/>\n<!-- \/ Yoast SEO plugin. -->","yoast_head_json":{"title":"Letras e acentos da l\u00edngua portuguesa que n\u00e3o existem em outros idiomas - Correio Braziliense - Radar","description":"Sinais e combina\u00e7\u00f5es do portugu\u00eas criaram uma identidade visual pr\u00f3pria e influenciam diretamente a pron\u00fancia e a clareza textual","robots":{"index":"index","follow":"follow","max-snippet":"max-snippet:-1","max-image-preview":"max-image-preview:large","max-video-preview":"max-video-preview:-1"},"canonical":"https:\/\/www.correiobraziliense.com.br\/cbradar\/letras-e-acentos-da-lingua-portuguesa-que-nao-existem-em-outros-idiomas\/","og_locale":"pt_BR","og_type":"article","og_title":"Letras e acentos da l\u00edngua portuguesa que n\u00e3o existem em outros idiomas - Correio Braziliense - Radar","og_description":"Sinais e combina\u00e7\u00f5es do portugu\u00eas criaram uma identidade visual pr\u00f3pria e influenciam diretamente a pron\u00fancia e a clareza textual","og_url":"https:\/\/www.correiobraziliense.com.br\/cbradar\/letras-e-acentos-da-lingua-portuguesa-que-nao-existem-em-outros-idiomas\/","og_site_name":"Correio Braziliense - Radar","article_published_time":"2026-02-27T23:35:00+00:00","og_image":[{"width":1280,"height":720,"url":"https:\/\/www.correiobraziliense.com.br\/cbradar\/wp-content\/uploads\/2026\/02\/Gemini_Generated_Image_k7u6owk7u6owk7u6-1-1.png","type":"image\/png"}],"author":"Patrick Silva","twitter_card":"summary_large_image","twitter_misc":{"Escrito por":"Patrick Silva","Est. tempo de leitura":"5 minutos"},"schema":{"@context":"https:\/\/schema.org","@graph":[{"@type":"WebPage","@id":"https:\/\/www.correiobraziliense.com.br\/cbradar\/letras-e-acentos-da-lingua-portuguesa-que-nao-existem-em-outros-idiomas\/","url":"https:\/\/www.correiobraziliense.com.br\/cbradar\/letras-e-acentos-da-lingua-portuguesa-que-nao-existem-em-outros-idiomas\/","name":"Letras e acentos da l\u00edngua portuguesa que n\u00e3o existem em outros idiomas - Correio Braziliense - Radar","isPartOf":{"@id":"https:\/\/www.correiobraziliense.com.br\/cbradar\/#website"},"primaryImageOfPage":{"@id":"https:\/\/www.correiobraziliense.com.br\/cbradar\/letras-e-acentos-da-lingua-portuguesa-que-nao-existem-em-outros-idiomas\/#primaryimage"},"image":{"@id":"https:\/\/www.correiobraziliense.com.br\/cbradar\/letras-e-acentos-da-lingua-portuguesa-que-nao-existem-em-outros-idiomas\/#primaryimage"},"thumbnailUrl":"https:\/\/www.correiobraziliense.com.br\/cbradar\/wp-content\/uploads\/2026\/02\/Gemini_Generated_Image_k7u6owk7u6owk7u6-1-1.png","datePublished":"2026-02-27T23:35:00+00:00","author":{"@id":"https:\/\/www.correiobraziliense.com.br\/cbradar\/#\/schema\/person\/5440b72be9c7eb74f446c846479dc4da"},"description":"Sinais e combina\u00e7\u00f5es do portugu\u00eas criaram uma identidade visual pr\u00f3pria e influenciam diretamente a pron\u00fancia e a clareza textual","breadcrumb":{"@id":"https:\/\/www.correiobraziliense.com.br\/cbradar\/letras-e-acentos-da-lingua-portuguesa-que-nao-existem-em-outros-idiomas\/#breadcrumb"},"inLanguage":"pt-BR","potentialAction":[{"@type":"ReadAction","target":["https:\/\/www.correiobraziliense.com.br\/cbradar\/letras-e-acentos-da-lingua-portuguesa-que-nao-existem-em-outros-idiomas\/"]}]},{"@type":"ImageObject","inLanguage":"pt-BR","@id":"https:\/\/www.correiobraziliense.com.br\/cbradar\/letras-e-acentos-da-lingua-portuguesa-que-nao-existem-em-outros-idiomas\/#primaryimage","url":"https:\/\/www.correiobraziliense.com.br\/cbradar\/wp-content\/uploads\/2026\/02\/Gemini_Generated_Image_k7u6owk7u6owk7u6-1-1.png","contentUrl":"https:\/\/www.correiobraziliense.com.br\/cbradar\/wp-content\/uploads\/2026\/02\/Gemini_Generated_Image_k7u6owk7u6owk7u6-1-1.png","width":1280,"height":720,"caption":"Sinais e letras do portugu\u00eas formam uma identidade gr\u00e1fica \u00fanica"},{"@type":"BreadcrumbList","@id":"https:\/\/www.correiobraziliense.com.br\/cbradar\/letras-e-acentos-da-lingua-portuguesa-que-nao-existem-em-outros-idiomas\/#breadcrumb","itemListElement":[{"@type":"ListItem","position":1,"name":"In\u00edcio","item":"https:\/\/www.correiobraziliense.com.br\/cbradar\/"},{"@type":"ListItem","position":2,"name":"Letras e acentos da l\u00edngua portuguesa que n\u00e3o existem em outros idiomas"}]},{"@type":"WebSite","@id":"https:\/\/www.correiobraziliense.com.br\/cbradar\/#website","url":"https:\/\/www.correiobraziliense.com.br\/cbradar\/","name":"Correio Braziliense - Radar","description":"Acompanhe as \u00faltimas not\u00edcias e fique bem informado sobre tudo o que acontece no Brasil e no mundo.","potentialAction":[{"@type":"SearchAction","target":{"@type":"EntryPoint","urlTemplate":"https:\/\/www.correiobraziliense.com.br\/cbradar\/?s={search_term_string}"},"query-input":{"@type":"PropertyValueSpecification","valueRequired":true,"valueName":"search_term_string"}}],"inLanguage":"pt-BR"},{"@type":"Person","@id":"https:\/\/www.correiobraziliense.com.br\/cbradar\/#\/schema\/person\/5440b72be9c7eb74f446c846479dc4da","name":"Patrick Silva","image":{"@type":"ImageObject","inLanguage":"pt-BR","@id":"https:\/\/www.correiobraziliense.com.br\/cbradar\/#\/schema\/person\/image\/","url":"https:\/\/secure.gravatar.com\/avatar\/944109df296fc087785c9715fd5f80b2?s=96&d=mm&r=g","contentUrl":"https:\/\/secure.gravatar.com\/avatar\/944109df296fc087785c9715fd5f80b2?s=96&d=mm&r=g","caption":"Patrick Silva"},"sameAs":["https:\/\/www.correiobraziliense.com.br\/cbradar\/"],"url":"https:\/\/www.correiobraziliense.com.br\/cbradar\/author\/patrick-silva\/"}]}},"_links":{"self":[{"href":"https:\/\/www.correiobraziliense.com.br\/cbradar\/wp-json\/wp\/v2\/posts\/199724","targetHints":{"allow":["GET"]}}],"collection":[{"href":"https:\/\/www.correiobraziliense.com.br\/cbradar\/wp-json\/wp\/v2\/posts"}],"about":[{"href":"https:\/\/www.correiobraziliense.com.br\/cbradar\/wp-json\/wp\/v2\/types\/post"}],"author":[{"embeddable":true,"href":"https:\/\/www.correiobraziliense.com.br\/cbradar\/wp-json\/wp\/v2\/users\/21"}],"replies":[{"embeddable":true,"href":"https:\/\/www.correiobraziliense.com.br\/cbradar\/wp-json\/wp\/v2\/comments?post=199724"}],"version-history":[{"count":1,"href":"https:\/\/www.correiobraziliense.com.br\/cbradar\/wp-json\/wp\/v2\/posts\/199724\/revisions"}],"predecessor-version":[{"id":199768,"href":"https:\/\/www.correiobraziliense.com.br\/cbradar\/wp-json\/wp\/v2\/posts\/199724\/revisions\/199768"}],"wp:featuredmedia":[{"embeddable":true,"href":"https:\/\/www.correiobraziliense.com.br\/cbradar\/wp-json\/wp\/v2\/media\/199745"}],"wp:attachment":[{"href":"https:\/\/www.correiobraziliense.com.br\/cbradar\/wp-json\/wp\/v2\/media?parent=199724"}],"wp:term":[{"taxonomy":"category","embeddable":true,"href":"https:\/\/www.correiobraziliense.com.br\/cbradar\/wp-json\/wp\/v2\/categories?post=199724"},{"taxonomy":"post_tag","embeddable":true,"href":"https:\/\/www.correiobraziliense.com.br\/cbradar\/wp-json\/wp\/v2\/post_tag?post=199724"}],"curies":[{"name":"wp","href":"https:\/\/api.w.org\/{rel}","templated":true}]}}