{"id":19985,"date":"2025-04-07T19:30:00","date_gmt":"2025-04-07T22:30:00","guid":{"rendered":"https:\/\/www.correiobraziliense.com.br\/cbradar\/?p=19985"},"modified":"2025-06-23T15:09:41","modified_gmt":"2025-06-23T18:09:41","slug":"esse-filme-se-tornou-um-marco-no-cinema-brasileiro","status":"publish","type":"post","link":"https:\/\/www.correiobraziliense.com.br\/cbradar\/esse-filme-se-tornou-um-marco-no-cinema-brasileiro\/","title":{"rendered":"Esse filme se tornou um marco no cinema brasileiro!"},"content":{"rendered":"\n<p>A noite de <strong>2 de mar\u00e7o de 2025<\/strong> entrou para a hist\u00f3ria do cinema brasileiro quando <strong>Walter Salles<\/strong> subiu ao palco do <strong>Dolby Theatre<\/strong> para receber a estatueta de <strong>Melhor Filme Internacional<\/strong> por<a href=\"https:\/\/www.correiobraziliense.com.br\/cbradar\/alem-de-ainda-estou-aqui-veja-outros-brasileiros-que-ja-brilharam-no-oscar\/\" target=\"_blank\" rel=\"noreferrer noopener\"> <strong>Ainda Estou Aqui<\/strong><\/a>. Ap\u00f3s quatro indica\u00e7\u00f5es frustradas ao longo das d\u00e9cadas, o <strong>Brasil<\/strong> finalmente conquistou seu primeiro <strong>Oscar<\/strong>, numa vit\u00f3ria que representou muito mais que reconhecimento art\u00edstico. O filme arrecadou <strong>US$ 25,2 milh\u00f5es<\/strong> mundialmente e superou <strong>5 milh\u00f5es<\/strong> de espectadores, tornando-se o maior sucesso do cinema nacional desde a pandemia.<\/p>\n\n\n\n<p>A trajet\u00f3ria at\u00e9 a vit\u00f3ria foi marcada por uma campanha internacional extraordin\u00e1ria que transformou <strong>Fernanda Torres<\/strong> em fen\u00f4meno global. A atriz n\u00e3o apenas foi indicada a <strong>Melhor Atriz<\/strong>, mas tamb\u00e9m conquistou o <strong>Globo de Ouro<\/strong> na categoria, tornando-se a primeira brasileira a vencer o pr\u00eamio em atua\u00e7\u00e3o. O filme recebeu ainda uma indica\u00e7\u00e3o hist\u00f3rica a <strong>Melhor Filme<\/strong>, categoria em que nenhuma produ\u00e7\u00e3o brasileira havia concorrido anteriormente. Essa tripla indica\u00e7\u00e3o colocou o <strong>Brasil<\/strong> no mapa do cinema mundial de forma definitiva.<\/p>\n\n\n\n<h2 class=\"wp-block-heading\"><strong>Como a estrat\u00e9gia internacional catapultou o filme ao sucesso?<\/strong><\/h2>\n\n\n\n<p>A campanha de <strong>Ainda Estou Aqui<\/strong> foi meticulosamente planejada para criar impacto m\u00e1ximo nos mercados internacionais, come\u00e7ando com a estreia estrat\u00e9gica no <strong>Festival de Veneza<\/strong> em setembro de <strong>2024<\/strong>. Os <strong>10 minutos de aplausos<\/strong> do p\u00fablico italiano sinalizaram que o filme havia tocado uma fibra universal, transcendendo barreiras culturais e lingu\u00edsticas. A <strong>Sony Pictures<\/strong> coordenou uma distribui\u00e7\u00e3o global que priorizou mercados-chave para a temporada de premia\u00e7\u00f5es, garantindo visibilidade em <strong>65 pa\u00edses<\/strong> simultaneamente.<\/p>\n\n\n\n<p>O timing da campanha foi crucial para maximizar o impacto. <strong>Fernanda Torres<\/strong> participou de entrevistas em ve\u00edculos como <strong>Variety<\/strong>, <strong>Deadline<\/strong> e <strong>The Hollywood Reporter<\/strong>, onde sua performance foi consistentemente elogiada como &#8220;soberba&#8221; e &#8220;profundamente comovente&#8221;. A estrat\u00e9gia incluiu sess\u00f5es especiais para membros da <strong>Academia<\/strong> em <strong>Los Angeles<\/strong> e <strong>Nova York<\/strong>, onde o filme foi apresentado com legendas otimizadas para preservar nuances da performance original. Essa abordagem respeitosa \u00e0 barreira lingu\u00edstica foi fundamental para conquistar votantes que tradicionalmente evitam filmes estrangeiros.<\/p>\n\n\n\n<figure class=\"wp-block-embed aligncenter is-type-video is-provider-youtube wp-block-embed-youtube wp-embed-aspect-16-9 wp-has-aspect-ratio\"><div class=\"wp-block-embed__wrapper\">\n<div class=\"jeg_video_container jeg_video_content\"><iframe loading=\"lazy\" title=\"&quot;Ainda Estou Aqui&quot; - Trailer Oficial (Sony Pictures Portugal)\" width=\"500\" height=\"281\" src=\"https:\/\/www.youtube.com\/embed\/4SP2X7KCulU?start=1&#038;feature=oembed\" frameborder=\"0\" allow=\"accelerometer; autoplay; clipboard-write; encrypted-media; gyroscope; picture-in-picture; web-share\" referrerpolicy=\"strict-origin-when-cross-origin\" allowfullscreen><\/iframe><\/div>\n<\/div><\/figure>\n\n\n\n<h2 class=\"wp-block-heading\"><strong>Por que Fernanda Torres se tornou um fen\u00f4meno internacional?<\/strong><\/h2>\n\n\n\n<p>A ascens\u00e3o de <strong>Fernanda Torres<\/strong> ao status de estrela global representa um dos aspectos mais fascinantes da campanha de <strong>Ainda Estou Aqui<\/strong>. Sua vit\u00f3ria no <strong>Globo de Ouro<\/strong> foi recebida com entusiasmo in\u00e9dito pela imprensa internacional, que destacou n\u00e3o apenas sua performance, mas tamb\u00e9m seu carisma natural e intelig\u00eancia em entrevistas. O <strong>The Guardian<\/strong> a descreveu como &#8220;uma for\u00e7a da natureza&#8221;, enquanto a <strong>Variety<\/strong> enfatizou sua capacidade de transmitir &#8220;delicadeza emocional atrav\u00e9s dos menores e mais sutis sinais&#8221;.<\/p>\n\n\n\n<p>A estrat\u00e9gia de posicionamento de <strong>Torres<\/strong> foi cuidadosamente elaborada para destacar sua versatilidade art\u00edstica e conex\u00e3o familiar com <strong>Fernanda Montenegro<\/strong>, criando uma narrativa geracional poderosa. As entrevistas enfatizaram como m\u00e3e e filha, \u00edcones do cinema brasileiro, apareceram juntas no mesmo filme, criando um momento cinematogr\u00e1fico \u00fanico. <strong>Torres<\/strong> conquistou admiradores ao demonstrar humildade genu\u00edna sobre suas chances no <strong>Oscar<\/strong>, afirmando que uma indica\u00e7\u00e3o seria &#8220;milagre&#8221; num ano competitivo, atitude que contrastou positivamente com campanhas mais agressivas de concorrentes.<\/p>\n\n\n\n<h2 class=\"wp-block-heading\"><strong>Qual foi o impacto da conex\u00e3o emocional com Eunice Paiva?<\/strong><\/h2>\n\n\n\n<p>A decis\u00e3o de <strong>Walter Salles<\/strong> de focar na hist\u00f3ria de <strong>Eunice Paiva<\/strong> revelou-se estrat\u00e9gica tanto artisticamente quanto comercialmente. A narrativa da m\u00e3e que luta incansavelmente pela verdade sobre o desaparecimento do marido durante a ditadura militar brasileira encontrou eco universal, especialmente entre votantes que reconheceram paralelos com injusti\u00e7as hist\u00f3ricas em seus pr\u00f3prios pa\u00edses. <strong>Salles<\/strong> dedicou a vit\u00f3ria diretamente a <strong>Eunice Paiva<\/strong>, enfatizando que &#8220;ela ainda est\u00e1 nos guiando e nos protegendo&#8221;.<\/p>\n\n\n\n<p>A autenticidade emocional da hist\u00f3ria foi refor\u00e7ada pela presen\u00e7a de <strong>Marcelo Rubens Paiva<\/strong>, filho de <strong>Eunice<\/strong> e autor do livro original, em eventos promocionais internacionais. Sua participa\u00e7\u00e3o adicionou legitimidade e peso hist\u00f3rico \u00e0 campanha, transformando a promo\u00e7\u00e3o do filme em plataforma para discuss\u00f5es sobre direitos humanos e mem\u00f3ria hist\u00f3rica. Cr\u00edticos internacionais destacaram como o filme funciona simultaneamente como &#8220;celebra\u00e7\u00e3o do <strong>Brasil<\/strong>&#8221; e &#8220;registro hist\u00f3rico emocionante&#8221;, criando apelo que transcendeu audi\u00eancias especializadas.<\/p>\n\n\n\n<h2 class=\"wp-block-heading\"><strong>Como a produ\u00e7\u00e3o superou obst\u00e1culos t\u00e9cnicos e financeiros?<\/strong><\/h2>\n\n\n\n<p>O or\u00e7amento relativamente modesto de <strong>Ainda Estou Aqui<\/strong> for\u00e7ou a equipe a ser criativa com recursos limitados, resultando paradoxalmente em vantagem art\u00edstica. <strong>Adrian Teijido<\/strong>, diretor de fotografia, desenvolveu uma linguagem visual que privilegiou intimidade familiar sobre espet\u00e1culo, criando &#8220;textura de uma hist\u00f3ria que n\u00e3o est\u00e1 sendo contada, mas lembrada&#8221;, segundo a <strong>Variety<\/strong>. Essa escolha est\u00e9tica diferenciou o filme de produ\u00e7\u00f5es mais ostensivas, conquistando cr\u00edticos que valorizam subtileza narrativa.<\/p>\n\n\n\n<p>A estrat\u00e9gia de distribui\u00e7\u00e3o foi igualmente inteligente, priorizando cinemas de arte em mercados-chave antes de expandir para salas comerciais. No <strong>Brasil<\/strong>, o filme liderou bilheterias em v\u00e1rias semanas, superando blockbusters americanos e provando que audi\u00eancias nacionais t\u00eam apetite por cinema brasileiro de qualidade. Em <strong>Portugal<\/strong>, tornou-se fen\u00f4meno instant\u00e2neo, lotando salas numa recep\u00e7\u00e3o que especialistas compararam apenas a sucessos como <strong>Cidade de Deus<\/strong> e <strong>Tropa de Elite<\/strong>.<\/p>\n\n\n\n<h2 class=\"wp-block-heading\"><strong>Que legado a vit\u00f3ria deixa para o cinema brasileiro?<\/strong><\/h2>\n\n\n\n<p>A conquista do <strong>Oscar<\/strong> por <strong>Ainda Estou Aqui<\/strong> representa divisor de \u00e1guas para a ind\u00fastria cinematogr\u00e1fica brasileira, validando internacionalmente a qualidade t\u00e9cnica e art\u00edstica das produ\u00e7\u00f5es nacionais. <strong>Walter Salles<\/strong> comentou que a vit\u00f3ria reconhece n\u00e3o apenas o filme, mas &#8220;a cultura, a forma como fazemos filmes, a literatura atrav\u00e9s do livro, a m\u00fasica brasileira&#8221;, destacando o car\u00e1ter coletivo da conquista. Essa perspectiva ampla sinaliza potencial para futuras parcerias internacionais e investimentos em produ\u00e7\u00f5es brasileiras.<\/p>\n\n\n\n<p>O sucesso estabelece precedente para que outros cineastas brasileiros busquem reconhecimento internacional sem comprometer identidade cultural. A abordagem de <strong>Salles<\/strong> provou que \u00e9 poss\u00edvel manter caracter\u00edsticas distintamente brasileiras enquanto constr\u00f3i narrativas universalmente relevantes. Para a <strong>Sony Pictures<\/strong> e outros est\u00fadios internacionais, a performance comercial e cr\u00edtica de <strong>Ainda Estou Aqui<\/strong> demonstra viabilidade financeira de investir em cinema latino-americano de qualidade, potencialmente abrindo portas para novos projetos colaborativos que podem beneficiar toda a ind\u00fastria regional.<\/p>\n","protected":false},"excerpt":{"rendered":"<p>A noite de 2 de mar\u00e7o de 2025 entrou para a hist\u00f3ria do cinema brasileiro quando Walter Salles subiu ao palco do Dolby Theatre para receber a estatueta de Melhor Filme Internacional por Ainda Estou Aqui. Ap\u00f3s quatro indica\u00e7\u00f5es frustradas ao longo das d\u00e9cadas, o Brasil finalmente conquistou seu primeiro Oscar, numa vit\u00f3ria que representou [&hellip;]<\/p>\n","protected":false},"author":8,"featured_media":10920,"comment_status":"open","ping_status":"open","sticky":false,"template":"","format":"standard","meta":{"jnews-multi-image_gallery":[],"jnews_single_post":{"format":"standard"},"jnews_primary_category":[],"jnews_social_meta":[],"jnews_override_counter":[],"footnotes":""},"categories":[140],"post_tag":[753,568],"class_list":["post-19985","post","type-post","status-publish","format-standard","has-post-thumbnail","hentry","category-entretenimento","tag-ainda-estou-aqui","tag-series-e-filmes"],"yoast_head":"<!-- This site is optimized with the Yoast SEO plugin v24.6 - https:\/\/yoast.com\/wordpress\/plugins\/seo\/ -->\n<title>Esse filme se tornou um marco no cinema brasileiro! - Correio Braziliense - Radar<\/title>\n<meta name=\"description\" content=\"Esse filme conquistou o p\u00fablico e se tornou um verdadeiro marco no cinema brasileiro; descubra o motivo desse sucesso!\" \/>\n<meta name=\"robots\" content=\"index, follow, max-snippet:-1, max-image-preview:large, max-video-preview:-1\" \/>\n<link rel=\"canonical\" href=\"https:\/\/www.correiobraziliense.com.br\/cbradar\/esse-filme-se-tornou-um-marco-no-cinema-brasileiro\/\" \/>\n<meta property=\"og:locale\" content=\"pt_BR\" \/>\n<meta property=\"og:type\" content=\"article\" \/>\n<meta property=\"og:title\" content=\"Esse filme se tornou um marco no cinema brasileiro! - Correio Braziliense - Radar\" \/>\n<meta property=\"og:description\" content=\"Esse filme conquistou o p\u00fablico e se tornou um verdadeiro marco no cinema brasileiro; descubra o motivo desse sucesso!\" \/>\n<meta property=\"og:url\" content=\"https:\/\/www.correiobraziliense.com.br\/cbradar\/esse-filme-se-tornou-um-marco-no-cinema-brasileiro\/\" \/>\n<meta property=\"og:site_name\" content=\"Correio Braziliense - Radar\" \/>\n<meta property=\"article:published_time\" content=\"2025-04-07T22:30:00+00:00\" \/>\n<meta property=\"article:modified_time\" content=\"2025-06-23T18:09:41+00:00\" \/>\n<meta property=\"og:image\" content=\"https:\/\/www.correiobraziliense.com.br\/cbradar\/wp-content\/uploads\/2025\/03\/filmes_1741562770024.jpg\" \/>\n\t<meta property=\"og:image:width\" content=\"1280\" \/>\n\t<meta property=\"og:image:height\" content=\"720\" \/>\n\t<meta property=\"og:image:type\" content=\"image\/jpeg\" \/>\n<meta name=\"author\" content=\"Maura Pereira\" \/>\n<meta name=\"twitter:card\" content=\"summary_large_image\" \/>\n<meta name=\"twitter:label1\" content=\"Escrito por\" \/>\n\t<meta name=\"twitter:data1\" content=\"Maura Pereira\" \/>\n\t<meta name=\"twitter:label2\" content=\"Est. tempo de leitura\" \/>\n\t<meta name=\"twitter:data2\" content=\"6 minutos\" \/>\n<!-- \/ Yoast SEO plugin. -->","yoast_head_json":{"title":"Esse filme se tornou um marco no cinema brasileiro! - Correio Braziliense - Radar","description":"Esse filme conquistou o p\u00fablico e se tornou um verdadeiro marco no cinema brasileiro; descubra o motivo desse sucesso!","robots":{"index":"index","follow":"follow","max-snippet":"max-snippet:-1","max-image-preview":"max-image-preview:large","max-video-preview":"max-video-preview:-1"},"canonical":"https:\/\/www.correiobraziliense.com.br\/cbradar\/esse-filme-se-tornou-um-marco-no-cinema-brasileiro\/","og_locale":"pt_BR","og_type":"article","og_title":"Esse filme se tornou um marco no cinema brasileiro! - Correio Braziliense - Radar","og_description":"Esse filme conquistou o p\u00fablico e se tornou um verdadeiro marco no cinema brasileiro; descubra o motivo desse sucesso!","og_url":"https:\/\/www.correiobraziliense.com.br\/cbradar\/esse-filme-se-tornou-um-marco-no-cinema-brasileiro\/","og_site_name":"Correio Braziliense - Radar","article_published_time":"2025-04-07T22:30:00+00:00","article_modified_time":"2025-06-23T18:09:41+00:00","og_image":[{"width":1280,"height":720,"url":"https:\/\/www.correiobraziliense.com.br\/cbradar\/wp-content\/uploads\/2025\/03\/filmes_1741562770024.jpg","type":"image\/jpeg"}],"author":"Maura Pereira","twitter_card":"summary_large_image","twitter_misc":{"Escrito por":"Maura Pereira","Est. tempo de leitura":"6 minutos"},"schema":{"@context":"https:\/\/schema.org","@graph":[{"@type":"WebPage","@id":"https:\/\/www.correiobraziliense.com.br\/cbradar\/esse-filme-se-tornou-um-marco-no-cinema-brasileiro\/","url":"https:\/\/www.correiobraziliense.com.br\/cbradar\/esse-filme-se-tornou-um-marco-no-cinema-brasileiro\/","name":"Esse filme se tornou um marco no cinema brasileiro! - Correio Braziliense - Radar","isPartOf":{"@id":"https:\/\/www.correiobraziliense.com.br\/cbradar\/#website"},"primaryImageOfPage":{"@id":"https:\/\/www.correiobraziliense.com.br\/cbradar\/esse-filme-se-tornou-um-marco-no-cinema-brasileiro\/#primaryimage"},"image":{"@id":"https:\/\/www.correiobraziliense.com.br\/cbradar\/esse-filme-se-tornou-um-marco-no-cinema-brasileiro\/#primaryimage"},"thumbnailUrl":"https:\/\/www.correiobraziliense.com.br\/cbradar\/wp-content\/uploads\/2025\/03\/filmes_1741562770024.jpg","datePublished":"2025-04-07T22:30:00+00:00","dateModified":"2025-06-23T18:09:41+00:00","author":{"@id":"https:\/\/www.correiobraziliense.com.br\/cbradar\/#\/schema\/person\/4053c651a9bfc785afc6f4cbc9032fd3"},"description":"Esse filme conquistou o p\u00fablico e se tornou um verdadeiro marco no cinema brasileiro; descubra o motivo desse sucesso!","breadcrumb":{"@id":"https:\/\/www.correiobraziliense.com.br\/cbradar\/esse-filme-se-tornou-um-marco-no-cinema-brasileiro\/#breadcrumb"},"inLanguage":"pt-BR","potentialAction":[{"@type":"ReadAction","target":["https:\/\/www.correiobraziliense.com.br\/cbradar\/esse-filme-se-tornou-um-marco-no-cinema-brasileiro\/"]}]},{"@type":"ImageObject","inLanguage":"pt-BR","@id":"https:\/\/www.correiobraziliense.com.br\/cbradar\/esse-filme-se-tornou-um-marco-no-cinema-brasileiro\/#primaryimage","url":"https:\/\/www.correiobraziliense.com.br\/cbradar\/wp-content\/uploads\/2025\/03\/filmes_1741562770024.jpg","contentUrl":"https:\/\/www.correiobraziliense.com.br\/cbradar\/wp-content\/uploads\/2025\/03\/filmes_1741562770024.jpg","width":1280,"height":720,"caption":"Cr\u00e9ditos: depositphotos.com \/ fergregory"},{"@type":"BreadcrumbList","@id":"https:\/\/www.correiobraziliense.com.br\/cbradar\/esse-filme-se-tornou-um-marco-no-cinema-brasileiro\/#breadcrumb","itemListElement":[{"@type":"ListItem","position":1,"name":"In\u00edcio","item":"https:\/\/www.correiobraziliense.com.br\/cbradar\/"},{"@type":"ListItem","position":2,"name":"Esse filme se tornou um marco no cinema brasileiro!"}]},{"@type":"WebSite","@id":"https:\/\/www.correiobraziliense.com.br\/cbradar\/#website","url":"https:\/\/www.correiobraziliense.com.br\/cbradar\/","name":"Correio Braziliense - Radar","description":"Acompanhe as \u00faltimas not\u00edcias e fique bem informado sobre tudo o que acontece no Brasil e no mundo.","potentialAction":[{"@type":"SearchAction","target":{"@type":"EntryPoint","urlTemplate":"https:\/\/www.correiobraziliense.com.br\/cbradar\/?s={search_term_string}"},"query-input":{"@type":"PropertyValueSpecification","valueRequired":true,"valueName":"search_term_string"}}],"inLanguage":"pt-BR"},{"@type":"Person","@id":"https:\/\/www.correiobraziliense.com.br\/cbradar\/#\/schema\/person\/4053c651a9bfc785afc6f4cbc9032fd3","name":"Maura Pereira","image":{"@type":"ImageObject","inLanguage":"pt-BR","@id":"https:\/\/www.correiobraziliense.com.br\/cbradar\/#\/schema\/person\/image\/","url":"https:\/\/secure.gravatar.com\/avatar\/3effd6bdadfa447f15089c7f7144eaa6?s=96&d=mm&r=g","contentUrl":"https:\/\/secure.gravatar.com\/avatar\/3effd6bdadfa447f15089c7f7144eaa6?s=96&d=mm&r=g","caption":"Maura Pereira"},"sameAs":["https:\/\/www.correiobraziliense.com.br\/"],"url":"https:\/\/www.correiobraziliense.com.br\/cbradar\/author\/mauramyth\/"}]}},"_links":{"self":[{"href":"https:\/\/www.correiobraziliense.com.br\/cbradar\/wp-json\/wp\/v2\/posts\/19985","targetHints":{"allow":["GET"]}}],"collection":[{"href":"https:\/\/www.correiobraziliense.com.br\/cbradar\/wp-json\/wp\/v2\/posts"}],"about":[{"href":"https:\/\/www.correiobraziliense.com.br\/cbradar\/wp-json\/wp\/v2\/types\/post"}],"author":[{"embeddable":true,"href":"https:\/\/www.correiobraziliense.com.br\/cbradar\/wp-json\/wp\/v2\/users\/8"}],"replies":[{"embeddable":true,"href":"https:\/\/www.correiobraziliense.com.br\/cbradar\/wp-json\/wp\/v2\/comments?post=19985"}],"version-history":[{"count":8,"href":"https:\/\/www.correiobraziliense.com.br\/cbradar\/wp-json\/wp\/v2\/posts\/19985\/revisions"}],"predecessor-version":[{"id":58151,"href":"https:\/\/www.correiobraziliense.com.br\/cbradar\/wp-json\/wp\/v2\/posts\/19985\/revisions\/58151"}],"wp:featuredmedia":[{"embeddable":true,"href":"https:\/\/www.correiobraziliense.com.br\/cbradar\/wp-json\/wp\/v2\/media\/10920"}],"wp:attachment":[{"href":"https:\/\/www.correiobraziliense.com.br\/cbradar\/wp-json\/wp\/v2\/media?parent=19985"}],"wp:term":[{"taxonomy":"category","embeddable":true,"href":"https:\/\/www.correiobraziliense.com.br\/cbradar\/wp-json\/wp\/v2\/categories?post=19985"},{"taxonomy":"post_tag","embeddable":true,"href":"https:\/\/www.correiobraziliense.com.br\/cbradar\/wp-json\/wp\/v2\/post_tag?post=19985"}],"curies":[{"name":"wp","href":"https:\/\/api.w.org\/{rel}","templated":true}]}}