{"id":199979,"date":"2026-02-28T17:35:00","date_gmt":"2026-02-28T20:35:00","guid":{"rendered":"https:\/\/www.correiobraziliense.com.br\/cbradar\/?p=199979"},"modified":"2026-02-26T15:56:39","modified_gmt":"2026-02-26T18:56:39","slug":"estamos-todos-vigiados-o-que-michel-foucault-explica-sobre-poder-e-vigilancia-na-sociedade-moderna","status":"publish","type":"post","link":"https:\/\/www.correiobraziliense.com.br\/cbradar\/estamos-todos-vigiados-o-que-michel-foucault-explica-sobre-poder-e-vigilancia-na-sociedade-moderna\/","title":{"rendered":"Estamos todos vigiados? O que Michel Foucault explica sobre poder e vigil\u00e2ncia na sociedade moderna"},"content":{"rendered":"\n<p>A percep\u00e7\u00e3o de estarmos sendo observados constantemente molda o comportamento humano e define as rela\u00e7\u00f5es de poder na contemporaneidade. Atrav\u00e9s de mecanismos invis\u00edveis e tecnologias avan\u00e7adas, o controle social deixa de ser punitivo para se tornar preventivo e disciplinar. Analisar essas estruturas permite uma reflex\u00e3o profunda sobre a liberdade individual e a vigil\u00e2ncia nas redes digitais de forma clara.<\/p>\n\n\n\n<h2 class=\"wp-block-heading\">O conceito de pan\u00f3ptico e a invisibilidade do controle<\/h2>\n\n\n\n<p>O fil\u00f3sofo franc\u00eas <strong>Michel Foucault<\/strong> utilizou a met\u00e1fora do pan\u00f3ptico para explicar como a arquitetura prisional influencia a conduta das pessoas. Nesse modelo, os prisioneiros nunca sabem se est\u00e3o sendo vigiados, o que os obriga a agir conforme as normas estabelecidas. Essa incerteza gera uma autocensura autom\u00e1tica que substitui a necessidade de uma for\u00e7a f\u00edsica repressiva constante.<\/p>\n\n\n\n<p>Na vida moderna, essa l\u00f3gica expandiu-se das pris\u00f5es para as f\u00e1bricas, escolas e, mais recentemente, para o ambiente virtual das redes sociais. A sensa\u00e7\u00e3o de que cada a\u00e7\u00e3o pode estar sendo registrada por algoritmos poderosos induz os indiv\u00edduos a manterem uma imagem p\u00fablica impec\u00e1vel. Assim, o monitoramento torna-se uma ferramenta eficaz para garantir a conformidade social volunt\u00e1ria.<\/p>\n\n\n\n<p>Voc\u00ea j\u00e1 ouviu falar das controv\u00e9rsias e interpreta\u00e7\u00f5es menos conhecidas sobre <strong>Michel Foucault<\/strong>? Explorar diferentes leituras sobre sua trajet\u00f3ria e pensamento pode ampliar o debate, como apresenta o canal <strong>Brasil Paralelo<\/strong>, com <strong>4,89 mi de inscritos<\/strong>:<\/p>\n\n\n\n<figure class=\"wp-block-embed is-type-video is-provider-youtube wp-block-embed-youtube wp-embed-aspect-16-9 wp-has-aspect-ratio\"><div class=\"wp-block-embed__wrapper\">\nhttps:\/\/youtu.be\/3BLkGxsc5WE?si=hxsi6g9L5hxI91oV\n<\/div><\/figure>\n\n\n\n<h2 class=\"wp-block-heading\">A microf\u00edsica do poder e as rela\u00e7\u00f5es cotidianas<\/h2>\n\n\n\n<p>O poder n\u00e3o \u00e9 algo que se possui, mas uma for\u00e7a que se exerce em todas as intera\u00e7\u00f5es sociais e institucionais. <strong>Michel Foucault<\/strong> argumenta que essas rela\u00e7\u00f5es s\u00e3o difusas e est\u00e3o presentes desde a organiza\u00e7\u00e3o familiar at\u00e9 os grandes sistemas burocr\u00e1ticos estatais. Compreender essa rede complexa ajuda a identificar como as normas de comportamento s\u00e3o sutilmente impostas e aceitas.<\/p>\n\n\n\n<p>Estudos independentes, como o do Centro de Estudos de Seguran\u00e7a e Cidadania sobre o programa Smart Sampa em S\u00e3o Paulo, indicam baixa efic\u00e1cia de c\u00e2meras de <strong><a href=\"https:\/\/agenciabrasil.ebc.com.br\/geral\/noticia\/2025-07\/vigilancia-por-cameras-em-SP-\u00e9-pouco-eficaz-diz-estudo\" target=\"_blank\" rel=\"noreferrer noopener\">vigil\u00e2ncia <\/a><\/strong>na redu\u00e7\u00e3o de furtos, roubos ou homic\u00eddios, apesar de altos custos e propaganda pol\u00edtica. Pesquisas do Instituto Igarap\u00e9 apontam escassez de dados sobre preven\u00e7\u00e3o de crimes via videomonitoramento em cidades como Rio, Salvador e Campinas, com problemas como falsos positivos.<\/p>\n\n\n\n<h2 class=\"wp-block-heading\">Elementos fundamentais da vigil\u00e2ncia na era digital<\/h2>\n\n\n\n<p>A tecnologia transformou o monitoramento em um processo cont\u00ednuo que ocorre sem que o usu\u00e1rio perceba a coleta de seus dados pessoais. Empresas utilizam essas informa\u00e7\u00f5es para prever comportamentos e direcionar escolhas de consumo de maneira muito precisa e silenciosa. Reconhecer esses mecanismos \u00e9 o primeiro passo para garantir a privacidade e a autonomia nas plataformas.<\/p>\n\n\n\n<p>Os principais pilares que sustentam a arquitetura da observa\u00e7\u00e3o contempor\u00e2nea envolvem os seguintes pontos:<\/p>\n\n\n\n<ul class=\"wp-block-list\">\n<li>Coleta massiva de metadados em dispositivos m\u00f3veis conectados.<\/li>\n\n\n\n<li>Uso de reconhecimento facial em espa\u00e7os p\u00fablicos e privados.<\/li>\n\n\n\n<li>Monitoramento constante de prefer\u00eancias atrav\u00e9s de algoritmos de busca.<\/li>\n\n\n\n<li>Armazenamento de hist\u00f3ricos de geolocaliza\u00e7\u00e3o por per\u00edodos espec\u00edficos.<\/li>\n<\/ul>\n\n\n\n<h2 class=\"wp-block-heading\">Como a disciplina molda o corpo e o pensamento<\/h2>\n\n\n\n<p>Atrav\u00e9s de exames e registros constantes, as institui\u00e7\u00f5es conseguem classificar e normalizar os indiv\u00edduos dentro de padr\u00f5es de produtividade aceit\u00e1veis. <strong>Michel Foucault<\/strong> explica que esse processo de dociliza\u00e7\u00e3o dos corpos visa tornar as pessoas mais \u00fateis e obedientes ao sistema econ\u00f4mico vigente. O controle deixa de ser externo para habitar a pr\u00f3pria consci\u00eancia de cada trabalhador ou estudante.<\/p>\n\n\n\n<p>Essa disciplina interna manifesta-se no desejo de atingir metas elevadas e na vergonha sentida diante do fracasso em tarefas triviais. A sociedade atual exige que o sujeito seja o pr\u00f3prio vigilante de sua conduta moral e de sua capacidade intelectual produtiva. Romper com essa l\u00f3gica exige um esfor\u00e7o consciente para valorizar a subjetividade e a liberdade de pensamento constante.<\/p>\n\n\n<div class=\"wp-block-image\">\n<figure class=\"aligncenter size-large\"><img decoding=\"async\" width=\"1024\" height=\"576\" src=\"https:\/\/www.correiobraziliense.com.br\/cbradar\/wp-content\/uploads\/2026\/02\/Gemini_Generated_Image_jzraiijzraiijzra-1-1-1024x576.png\" alt=\"Estamos todos vigiados? O que Michel Foucault explica sobre poder e vigil\u00e2ncia na sociedade moderna\" class=\"wp-image-199986\" srcset=\"https:\/\/www.correiobraziliense.com.br\/cbradar\/wp-content\/uploads\/2026\/02\/Gemini_Generated_Image_jzraiijzraiijzra-1-1-1024x576.png 1024w, https:\/\/www.correiobraziliense.com.br\/cbradar\/wp-content\/uploads\/2026\/02\/Gemini_Generated_Image_jzraiijzraiijzra-1-1-300x169.png 300w, https:\/\/www.correiobraziliense.com.br\/cbradar\/wp-content\/uploads\/2026\/02\/Gemini_Generated_Image_jzraiijzraiijzra-1-1-768x432.png 768w, https:\/\/www.correiobraziliense.com.br\/cbradar\/wp-content\/uploads\/2026\/02\/Gemini_Generated_Image_jzraiijzraiijzra-1-1-750x422.png 750w, https:\/\/www.correiobraziliense.com.br\/cbradar\/wp-content\/uploads\/2026\/02\/Gemini_Generated_Image_jzraiijzraiijzra-1-1-1140x641.png 1140w, https:\/\/www.correiobraziliense.com.br\/cbradar\/wp-content\/uploads\/2026\/02\/Gemini_Generated_Image_jzraiijzraiijzra-1-1.png 1280w\" sizes=\"(max-width: 1024px) 100vw, 1024px\" \/><figcaption class=\"wp-element-caption\">Vigil\u00e2ncia digital: como o pan\u00f3ptico molda seu comportamento<\/figcaption><\/figure><\/div>\n\n\n<h2 class=\"wp-block-heading\">A transi\u00e7\u00e3o da puni\u00e7\u00e3o f\u00edsica para a vigil\u00e2ncia constante<\/h2>\n\n\n\n<p>Antigamente, o supl\u00edcio p\u00fablico servia para reafirmar a autoridade do soberano sobre os corpos dos condenados de forma brutal. Com o passar dos s\u00e9culos, essa viol\u00eancia direta foi substitu\u00edda por sistemas de observa\u00e7\u00e3o detalhados que visam corrigir o comportamento desviante. A pris\u00e3o tornou-se o modelo de controle que prioriza a reforma psicol\u00f3gica atrav\u00e9s da supervis\u00e3o ininterrupta e rigorosa.<\/p>\n\n\n\n<p>Hoje, as c\u00e2meras de seguran\u00e7a e o monitoramento eletr\u00f4nico estenderam esse controle para as ruas e resid\u00eancias de maneira onipresente e invis\u00edvel. A aceita\u00e7\u00e3o dessa tecnologia reflete o desejo social por seguran\u00e7a em troca de uma parcela significativa da privacidade individual. Refletir sobre essas trocas \u00e9 essencial para garantir que o poder seja exercido de forma justa e transparente.<\/p>\n","protected":false},"excerpt":{"rendered":"<p>A percep\u00e7\u00e3o de estarmos sendo observados constantemente molda o comportamento humano e define as rela\u00e7\u00f5es de poder na contemporaneidade. Atrav\u00e9s de mecanismos invis\u00edveis e tecnologias avan\u00e7adas, o controle social deixa de ser punitivo para se tornar preventivo e disciplinar. Analisar essas estruturas permite uma reflex\u00e3o profunda sobre a liberdade individual e a vigil\u00e2ncia nas redes [&hellip;]<\/p>\n","protected":false},"author":21,"featured_media":199987,"comment_status":"open","ping_status":"open","sticky":false,"template":"","format":"standard","meta":{"_yoast_wpseo_focuskw":"vigil\u00e2ncia digital e controle social","_yoast_wpseo_title":"","_yoast_wpseo_metadesc":"Redes sociais e algoritmos criam um ambiente onde a vigil\u00e2ncia influencia atitudes cotidianas silenciosamente.","jnews-multi-image_gallery":[],"jnews_single_post":{"format":"standard"},"jnews_primary_category":[],"jnews_social_meta":[],"jnews_override_counter":[],"footnotes":""},"categories":[112],"post_tag":[15609,6582],"class_list":["post-199979","post","type-post","status-publish","format-standard","has-post-thumbnail","hentry","category-curiosidades","tag-michel-foucault","tag-sociedade-moderna"],"yoast_head":"<!-- This site is optimized with the Yoast SEO plugin v24.6 - https:\/\/yoast.com\/wordpress\/plugins\/seo\/ -->\n<title>Estamos todos vigiados? O que Michel Foucault explica sobre poder e vigil\u00e2ncia na sociedade moderna - Correio Braziliense - Radar<\/title>\n<meta name=\"description\" content=\"Redes sociais e algoritmos criam um ambiente onde a vigil\u00e2ncia influencia atitudes cotidianas silenciosamente.\" \/>\n<meta name=\"robots\" content=\"index, follow, max-snippet:-1, max-image-preview:large, max-video-preview:-1\" \/>\n<link rel=\"canonical\" href=\"https:\/\/www.correiobraziliense.com.br\/cbradar\/estamos-todos-vigiados-o-que-michel-foucault-explica-sobre-poder-e-vigilancia-na-sociedade-moderna\/\" \/>\n<meta property=\"og:locale\" content=\"pt_BR\" \/>\n<meta property=\"og:type\" content=\"article\" \/>\n<meta property=\"og:title\" content=\"Estamos todos vigiados? O que Michel Foucault explica sobre poder e vigil\u00e2ncia na sociedade moderna - Correio Braziliense - Radar\" \/>\n<meta property=\"og:description\" content=\"Redes sociais e algoritmos criam um ambiente onde a vigil\u00e2ncia influencia atitudes cotidianas silenciosamente.\" \/>\n<meta property=\"og:url\" content=\"https:\/\/www.correiobraziliense.com.br\/cbradar\/estamos-todos-vigiados-o-que-michel-foucault-explica-sobre-poder-e-vigilancia-na-sociedade-moderna\/\" \/>\n<meta property=\"og:site_name\" content=\"Correio Braziliense - Radar\" \/>\n<meta property=\"article:published_time\" content=\"2026-02-28T20:35:00+00:00\" \/>\n<meta property=\"og:image\" content=\"https:\/\/www.correiobraziliense.com.br\/cbradar\/wp-content\/uploads\/2026\/02\/Gemini_Generated_Image_iwc1y5iwc1y5iwc1-1-1.png\" \/>\n\t<meta property=\"og:image:width\" content=\"1280\" \/>\n\t<meta property=\"og:image:height\" content=\"720\" \/>\n\t<meta property=\"og:image:type\" content=\"image\/png\" \/>\n<meta name=\"author\" content=\"Patrick Silva\" \/>\n<meta name=\"twitter:card\" content=\"summary_large_image\" \/>\n<meta name=\"twitter:label1\" content=\"Escrito por\" \/>\n\t<meta name=\"twitter:data1\" content=\"Patrick Silva\" \/>\n\t<meta name=\"twitter:label2\" content=\"Est. tempo de leitura\" \/>\n\t<meta name=\"twitter:data2\" content=\"5 minutos\" \/>\n<!-- \/ Yoast SEO plugin. -->","yoast_head_json":{"title":"Estamos todos vigiados? O que Michel Foucault explica sobre poder e vigil\u00e2ncia na sociedade moderna - Correio Braziliense - Radar","description":"Redes sociais e algoritmos criam um ambiente onde a vigil\u00e2ncia influencia atitudes cotidianas silenciosamente.","robots":{"index":"index","follow":"follow","max-snippet":"max-snippet:-1","max-image-preview":"max-image-preview:large","max-video-preview":"max-video-preview:-1"},"canonical":"https:\/\/www.correiobraziliense.com.br\/cbradar\/estamos-todos-vigiados-o-que-michel-foucault-explica-sobre-poder-e-vigilancia-na-sociedade-moderna\/","og_locale":"pt_BR","og_type":"article","og_title":"Estamos todos vigiados? O que Michel Foucault explica sobre poder e vigil\u00e2ncia na sociedade moderna - Correio Braziliense - Radar","og_description":"Redes sociais e algoritmos criam um ambiente onde a vigil\u00e2ncia influencia atitudes cotidianas silenciosamente.","og_url":"https:\/\/www.correiobraziliense.com.br\/cbradar\/estamos-todos-vigiados-o-que-michel-foucault-explica-sobre-poder-e-vigilancia-na-sociedade-moderna\/","og_site_name":"Correio Braziliense - Radar","article_published_time":"2026-02-28T20:35:00+00:00","og_image":[{"width":1280,"height":720,"url":"https:\/\/www.correiobraziliense.com.br\/cbradar\/wp-content\/uploads\/2026\/02\/Gemini_Generated_Image_iwc1y5iwc1y5iwc1-1-1.png","type":"image\/png"}],"author":"Patrick Silva","twitter_card":"summary_large_image","twitter_misc":{"Escrito por":"Patrick Silva","Est. tempo de leitura":"5 minutos"},"schema":{"@context":"https:\/\/schema.org","@graph":[{"@type":"WebPage","@id":"https:\/\/www.correiobraziliense.com.br\/cbradar\/estamos-todos-vigiados-o-que-michel-foucault-explica-sobre-poder-e-vigilancia-na-sociedade-moderna\/","url":"https:\/\/www.correiobraziliense.com.br\/cbradar\/estamos-todos-vigiados-o-que-michel-foucault-explica-sobre-poder-e-vigilancia-na-sociedade-moderna\/","name":"Estamos todos vigiados? O que Michel Foucault explica sobre poder e vigil\u00e2ncia na sociedade moderna - Correio Braziliense - Radar","isPartOf":{"@id":"https:\/\/www.correiobraziliense.com.br\/cbradar\/#website"},"primaryImageOfPage":{"@id":"https:\/\/www.correiobraziliense.com.br\/cbradar\/estamos-todos-vigiados-o-que-michel-foucault-explica-sobre-poder-e-vigilancia-na-sociedade-moderna\/#primaryimage"},"image":{"@id":"https:\/\/www.correiobraziliense.com.br\/cbradar\/estamos-todos-vigiados-o-que-michel-foucault-explica-sobre-poder-e-vigilancia-na-sociedade-moderna\/#primaryimage"},"thumbnailUrl":"https:\/\/www.correiobraziliense.com.br\/cbradar\/wp-content\/uploads\/2026\/02\/Gemini_Generated_Image_iwc1y5iwc1y5iwc1-1-1.png","datePublished":"2026-02-28T20:35:00+00:00","author":{"@id":"https:\/\/www.correiobraziliense.com.br\/cbradar\/#\/schema\/person\/5440b72be9c7eb74f446c846479dc4da"},"description":"Redes sociais e algoritmos criam um ambiente onde a vigil\u00e2ncia influencia atitudes cotidianas silenciosamente.","breadcrumb":{"@id":"https:\/\/www.correiobraziliense.com.br\/cbradar\/estamos-todos-vigiados-o-que-michel-foucault-explica-sobre-poder-e-vigilancia-na-sociedade-moderna\/#breadcrumb"},"inLanguage":"pt-BR","potentialAction":[{"@type":"ReadAction","target":["https:\/\/www.correiobraziliense.com.br\/cbradar\/estamos-todos-vigiados-o-que-michel-foucault-explica-sobre-poder-e-vigilancia-na-sociedade-moderna\/"]}]},{"@type":"ImageObject","inLanguage":"pt-BR","@id":"https:\/\/www.correiobraziliense.com.br\/cbradar\/estamos-todos-vigiados-o-que-michel-foucault-explica-sobre-poder-e-vigilancia-na-sociedade-moderna\/#primaryimage","url":"https:\/\/www.correiobraziliense.com.br\/cbradar\/wp-content\/uploads\/2026\/02\/Gemini_Generated_Image_iwc1y5iwc1y5iwc1-1-1.png","contentUrl":"https:\/\/www.correiobraziliense.com.br\/cbradar\/wp-content\/uploads\/2026\/02\/Gemini_Generated_Image_iwc1y5iwc1y5iwc1-1-1.png","width":1280,"height":720,"caption":"Vigil\u00e2ncia digital: como o pan\u00f3ptico molda seu comportamento"},{"@type":"BreadcrumbList","@id":"https:\/\/www.correiobraziliense.com.br\/cbradar\/estamos-todos-vigiados-o-que-michel-foucault-explica-sobre-poder-e-vigilancia-na-sociedade-moderna\/#breadcrumb","itemListElement":[{"@type":"ListItem","position":1,"name":"In\u00edcio","item":"https:\/\/www.correiobraziliense.com.br\/cbradar\/"},{"@type":"ListItem","position":2,"name":"Estamos todos vigiados? O que Michel Foucault explica sobre poder e vigil\u00e2ncia na sociedade moderna"}]},{"@type":"WebSite","@id":"https:\/\/www.correiobraziliense.com.br\/cbradar\/#website","url":"https:\/\/www.correiobraziliense.com.br\/cbradar\/","name":"Correio Braziliense - Radar","description":"Acompanhe as \u00faltimas not\u00edcias e fique bem informado sobre tudo o que acontece no Brasil e no mundo.","potentialAction":[{"@type":"SearchAction","target":{"@type":"EntryPoint","urlTemplate":"https:\/\/www.correiobraziliense.com.br\/cbradar\/?s={search_term_string}"},"query-input":{"@type":"PropertyValueSpecification","valueRequired":true,"valueName":"search_term_string"}}],"inLanguage":"pt-BR"},{"@type":"Person","@id":"https:\/\/www.correiobraziliense.com.br\/cbradar\/#\/schema\/person\/5440b72be9c7eb74f446c846479dc4da","name":"Patrick Silva","image":{"@type":"ImageObject","inLanguage":"pt-BR","@id":"https:\/\/www.correiobraziliense.com.br\/cbradar\/#\/schema\/person\/image\/","url":"https:\/\/secure.gravatar.com\/avatar\/944109df296fc087785c9715fd5f80b2?s=96&d=mm&r=g","contentUrl":"https:\/\/secure.gravatar.com\/avatar\/944109df296fc087785c9715fd5f80b2?s=96&d=mm&r=g","caption":"Patrick Silva"},"sameAs":["https:\/\/www.correiobraziliense.com.br\/cbradar\/"],"url":"https:\/\/www.correiobraziliense.com.br\/cbradar\/author\/patrick-silva\/"}]}},"_links":{"self":[{"href":"https:\/\/www.correiobraziliense.com.br\/cbradar\/wp-json\/wp\/v2\/posts\/199979","targetHints":{"allow":["GET"]}}],"collection":[{"href":"https:\/\/www.correiobraziliense.com.br\/cbradar\/wp-json\/wp\/v2\/posts"}],"about":[{"href":"https:\/\/www.correiobraziliense.com.br\/cbradar\/wp-json\/wp\/v2\/types\/post"}],"author":[{"embeddable":true,"href":"https:\/\/www.correiobraziliense.com.br\/cbradar\/wp-json\/wp\/v2\/users\/21"}],"replies":[{"embeddable":true,"href":"https:\/\/www.correiobraziliense.com.br\/cbradar\/wp-json\/wp\/v2\/comments?post=199979"}],"version-history":[{"count":4,"href":"https:\/\/www.correiobraziliense.com.br\/cbradar\/wp-json\/wp\/v2\/posts\/199979\/revisions"}],"predecessor-version":[{"id":199989,"href":"https:\/\/www.correiobraziliense.com.br\/cbradar\/wp-json\/wp\/v2\/posts\/199979\/revisions\/199989"}],"wp:featuredmedia":[{"embeddable":true,"href":"https:\/\/www.correiobraziliense.com.br\/cbradar\/wp-json\/wp\/v2\/media\/199987"}],"wp:attachment":[{"href":"https:\/\/www.correiobraziliense.com.br\/cbradar\/wp-json\/wp\/v2\/media?parent=199979"}],"wp:term":[{"taxonomy":"category","embeddable":true,"href":"https:\/\/www.correiobraziliense.com.br\/cbradar\/wp-json\/wp\/v2\/categories?post=199979"},{"taxonomy":"post_tag","embeddable":true,"href":"https:\/\/www.correiobraziliense.com.br\/cbradar\/wp-json\/wp\/v2\/post_tag?post=199979"}],"curies":[{"name":"wp","href":"https:\/\/api.w.org\/{rel}","templated":true}]}}