{"id":200353,"date":"2026-02-28T12:55:30","date_gmt":"2026-02-28T15:55:30","guid":{"rendered":"https:\/\/www.correiobraziliense.com.br\/cbradar\/?p=200353"},"modified":"2026-02-27T12:16:44","modified_gmt":"2026-02-27T15:16:44","slug":"nem-begonia-nem-bromelia-a-planta-pendente-conquista-quem-acha-que-nao-leva-jeito-nenhum-com-plantas","status":"publish","type":"post","link":"https:\/\/www.correiobraziliense.com.br\/cbradar\/nem-begonia-nem-bromelia-a-planta-pendente-conquista-quem-acha-que-nao-leva-jeito-nenhum-com-plantas\/","title":{"rendered":"Nem beg\u00f4nia, nem brom\u00e9lia: a planta pendente conquista quem acha que n\u00e3o leva jeito nenhum com plantas"},"content":{"rendered":"\n<p>Voc\u00ea j\u00e1 imaginou ter uma <b>planta pendente<\/b> cheia de flores <b>coloridas<\/b> decorando sua sala ou varanda, mas acha que n\u00e3o leva jeito com plantas? A colum\u00e9ia, famosa pelas flores em forma de peixinho, \u00e9 uma \u00f3tima op\u00e7\u00e3o para quem quer um toque verde em casa sem complica\u00e7\u00e3o, desde que alguns cuidados simples sejam seguidos no dia a dia.<\/p>\n\n\n\n<h2 class=\"wp-block-heading\">O que \u00e9 colum\u00e9ia e quais s\u00e3o seus principais tipos<\/h2>\n\n\n\n<p>A colum\u00e9ia \u00e9 um g\u00eanero de plantas herb\u00e1ceas e pendentes, muito usada em vasos suspensos, que se adapta bem a apartamentos e varandas cobertas. Suas folhas podem ser mais finas ou mais carnudas, e muitas esp\u00e9cies apresentam flores tubulares em tons de vermelho, laranja ou amarelo, trazendo um ar mais <b>vivo<\/b> e <b>acolhedor<\/b> ao ambiente.<\/p>\n\n\n\n<p>Entre as varia\u00e7\u00f5es mais procuradas est\u00e3o a <b>colum\u00e9ia-peixinho<\/b>, a colum\u00e9ia batom e a colum\u00e9ia-guaininha, todas apreciadas pela combina\u00e7\u00e3o entre folhagem ornamental e flores vistosas. A escolha da variedade leva em conta o espa\u00e7o, a luz dispon\u00edvel e o efeito visual desejado, ajudando a criar um cantinho mais <b>charmoso<\/b> e <b>colorido<\/b> em casa.<\/p>\n\n\n<div class=\"wp-block-image\">\n<figure class=\"aligncenter size-large\"><img decoding=\"async\" width=\"1024\" height=\"576\" src=\"https:\/\/www.correiobraziliense.com.br\/cbradar\/wp-content\/uploads\/2026\/02\/Gemini_Generated_Image_z5r1qmz5r1qmz5r1-2-1024x576.png\" alt=\"\" class=\"wp-image-200382\" srcset=\"https:\/\/www.correiobraziliense.com.br\/cbradar\/wp-content\/uploads\/2026\/02\/Gemini_Generated_Image_z5r1qmz5r1qmz5r1-2-1024x576.png 1024w, https:\/\/www.correiobraziliense.com.br\/cbradar\/wp-content\/uploads\/2026\/02\/Gemini_Generated_Image_z5r1qmz5r1qmz5r1-2-300x169.png 300w, https:\/\/www.correiobraziliense.com.br\/cbradar\/wp-content\/uploads\/2026\/02\/Gemini_Generated_Image_z5r1qmz5r1qmz5r1-2-768x432.png 768w, https:\/\/www.correiobraziliense.com.br\/cbradar\/wp-content\/uploads\/2026\/02\/Gemini_Generated_Image_z5r1qmz5r1qmz5r1-2-750x422.png 750w, https:\/\/www.correiobraziliense.com.br\/cbradar\/wp-content\/uploads\/2026\/02\/Gemini_Generated_Image_z5r1qmz5r1qmz5r1-2-1140x641.png 1140w, https:\/\/www.correiobraziliense.com.br\/cbradar\/wp-content\/uploads\/2026\/02\/Gemini_Generated_Image_z5r1qmz5r1qmz5r1-2.png 1280w\" sizes=\"(max-width: 1024px) 100vw, 1024px\" \/><figcaption class=\"wp-element-caption\">Para entender como plantar colum\u00e9ia de maneira eficiente, o primeiro ponto \u00e9 escolher um vaso com furos de drenagem<\/figcaption><\/figure><\/div>\n\n\n<p>Leia tamb\u00e9m:&nbsp;<a href=\"https:\/\/www.correiobraziliense.com.br\/cbradar\/a-flor-perfumada-facil-de-plantar-em-casa-que-pode-acalmar-sua-mente-e-melhorar-suas-noites-de-sono\/\" target=\"_blank\" rel=\"noopener\">A flor perfumada f\u00e1cil de plantar em casa que pode acalmar sua mente e melhorar suas noites de sono<\/a><\/p>\n\n\n\n<h2 class=\"wp-block-heading\">Como plantar colum\u00e9ia passo a passo de forma simples<\/h2>\n\n\n\n<p>Para entender <b>como plantar<\/b> colum\u00e9ia de maneira eficiente, o primeiro ponto \u00e9 escolher um vaso com furos de drenagem e, preferencialmente, um pratinho para controlar o excesso de \u00e1gua. A planta pode ser cultivada a partir de mudas enraizadas, estacas de ramos ou divis\u00e3o de touceiras, sempre escolhendo material saud\u00e1vel, sem manchas escuras ou sinais de pragas, para garantir um come\u00e7o mais <b>forte<\/b> e seguro.<\/p>\n\n\n\n<p>Um passo a passo simples para o plantio inclui:<\/p>\n\n\n\n<ol class=\"wp-block-list\">\n<li>Selecionar um vaso pendente ou jardineira com boa <b>drenagem<\/b>.<\/li>\n\n\n\n<li>Fazer uma camada de drenagem no fundo, com pedras, argila expandida ou cacos de telha.<\/li>\n\n\n\n<li>Preparar um <b>substrato leve<\/b> e bem aerado, misturando terra vegetal com mat\u00e9ria org\u00e2nica (como h\u00famus) e um pouco de areia.<\/li>\n\n\n\n<li>Posicionar a muda de colum\u00e9ia, espalhando delicadamente as ra\u00edzes sem apertar demais.<\/li>\n\n\n\n<li>Completar com substrato, deixando alguns cent\u00edmetros livres at\u00e9 a borda do vaso.<\/li>\n\n\n\n<li>Regar de forma uniforme, at\u00e9 a \u00e1gua come\u00e7ar a escorrer pelos furos do vaso, mantendo a umidade em n\u00edvel <b>adequado<\/b>.<\/li>\n<\/ol>\n\n\n\n<p>Depois do plantio, recomenda-se manter a colum\u00e9ia em local com luz indireta forte, sem exposi\u00e7\u00e3o direta ao sol forte do meio do dia. Em ambientes internos, ela costuma ficar bem pr\u00f3xima a janelas com cortinas finas ou em varandas com cobertura transl\u00facida, o que evita queimaduras nas folhas e ajuda na emiss\u00e3o de novos <b>brotos<\/b> e <b>flores<\/b>. Se voc\u00ea gosta de cultivo, separamos esse v\u00eddeo do canal <a href=\"https:\/\/www.youtube.com\/@SpagnholPlantas1\">Spagnhol Plantas<\/a> ensinando plantar:<\/p>\n\n\n\n<figure class=\"wp-block-embed is-type-video is-provider-youtube wp-block-embed-youtube wp-embed-aspect-16-9 wp-has-aspect-ratio\"><div class=\"wp-block-embed__wrapper\">\n<div class=\"jeg_video_container jeg_video_content\"><iframe loading=\"lazy\" title=\"COLUMEIAS, PEIXINHO E PLANTA BATON - Dicas de ADUBA\u00c7\u00c3O E CULTIVO\" width=\"500\" height=\"281\" src=\"https:\/\/www.youtube.com\/embed\/SsJyTOJOaa4?feature=oembed\" frameborder=\"0\" allow=\"accelerometer; autoplay; clipboard-write; encrypted-media; gyroscope; picture-in-picture; web-share\" referrerpolicy=\"strict-origin-when-cross-origin\" allowfullscreen><\/iframe><\/div>\n<\/div><\/figure>\n\n\n\n<h2 class=\"wp-block-heading\">Como escolher substrato luz e rega ideais para colum\u00e9ia<\/h2>\n\n\n\n<p>O sucesso no cultivo da colum\u00e9ia est\u00e1 muito ligado ao equil\u00edbrio entre substrato, ilumina\u00e7\u00e3o e \u00e1gua, algo que qualquer pessoa pode aprender observando a planta no dia a dia. O substrato ideal \u00e9 aquele que drena bem, mas ainda assim mant\u00e9m umidade moderada, com misturas de fibra de coco, perlita, areia grossa ou casca de pinus combinadas com terra vegetal, evitando solo pesado que deixe as ra\u00edzes <b>fracas<\/b> e <b>encharcadas<\/b>.<\/p>\n\n\n\n<p>Em rela\u00e7\u00e3o \u00e0 <b>luz<\/b>, a colum\u00e9ia se desenvolve melhor em ambientes de meia-sombra luminosa, com sol filtrado pela manh\u00e3 ou no fim da tarde. J\u00e1 na rega, o ideal \u00e9 manter o substrato levemente \u00famido, deixando a camada superficial secar antes de molhar novamente, evitando tanto o excesso de \u00e1gua quanto a falta, que podem deixar as folhas <b>amareladas<\/b> ou murchas.<\/p>\n\n\n\n<h2 class=\"wp-block-heading\">Como cuidar da colum\u00e9ia no dia a dia de maneira pr\u00e1tica<\/h2>\n\n\n\n<p>Ap\u00f3s o plantio, os cuidados di\u00e1rios com a colum\u00e9ia envolvem observar as folhas, controlar a umidade e fazer pequenas manuten\u00e7\u00f5es no vaso. A aduba\u00e7\u00e3o pode ser feita a cada dois ou tr\u00eas meses, com adubos org\u00e2nicos ou pr\u00f3prios para plantas de flor, em doses moderadas, mantendo a planta mais <b>vigorosa<\/b> e <b>florida<\/b> sem exageros que prejudiquem as ra\u00edzes.<\/p>\n\n\n\n<figure class=\"wp-block-embed is-type-rich is-provider-pinterest wp-block-embed-pinterest\"><div class=\"wp-block-embed__wrapper\">\n<iframe loading=\"lazy\" title=\"\ud83c\udf43A Columeia, \u00e9 uma planta popular que conquistou o cora\u00e7\u00e3o de muitos jardineiros e entusiastas da jardinagem de interior. Vamos explorar juntos algumas das mais deslumbrantes variedades que v\u00e3o certamente cativar sua imagina\u00e7\u00e3o e inspirar suas futuras escolhas de cultivo.\ud83c\udf31\ud83e\udeb4. Deixe sua casa mais verde com a Plantei!!!\ud83c\udf33 #columeia #variedades #decora\u00e7\u00e3o #lojaplantei\" src=\"https:\/\/assets.pinterest.com\/ext\/embed.html?id=32158584834213974&#038;src=oembed\" height=\"899\" width=\"450\" frameborder=\"0\" scrolling=\"no\" ><\/iframe>\n<\/div><\/figure>\n\n\n\n<p>Uma pr\u00e1tica bem \u00fatil \u00e9 a <b>poda leve<\/b> dos ramos mais longos ou ressecados, deixando a planta mais cheia e harmoniosa. Os peda\u00e7os saud\u00e1veis retirados na poda podem servir como estacas para novas mudas, e girar o vaso periodicamente ajuda a distribuir a luminosidade, evitando que a planta cres\u00e7a torta ou com um lado mais <b>fraco<\/b> e raro.<\/p>\n\n\n\n<h2 class=\"wp-block-heading\">Quais problemas s\u00e3o mais comuns ao plantar colum\u00e9ia<\/h2>\n\n\n\n<p>Mesmo com um manejo simples, alguns problemas podem aparecer, como folhas amareladas, manchas escuras ou pragas como cochonilhas e pulg\u00f5es. Na maioria das vezes, esses sinais est\u00e3o ligados a desequil\u00edbrios de umidade, pouca luz ou ventila\u00e7\u00e3o ruim, e perceber isso cedo ajuda a corrigir o ambiente e manter a planta mais <b>saud\u00e1vel<\/b> e <b>bonita<\/b>.<\/p>\n\n\n\n<p>Alguns cuidados ajudam bastante a reduzir esses imprevistos e manter a colum\u00e9ia bem adaptada ao seu cantinho. Remover folhas secas com frequ\u00eancia, evitar borrifar \u00e1gua direto nas flores e garantir circula\u00e7\u00e3o de ar suave, sem correntes muito frias, s\u00e3o atitudes simples que fazem <b>diferen\u00e7a<\/b> e deixam o cultivo mais tranquilo e <b>duradouro<\/b>.<\/p>\n","protected":false},"excerpt":{"rendered":"<p>Voc\u00ea j\u00e1 imaginou ter uma planta pendente cheia de flores coloridas decorando sua sala ou varanda, mas acha que n\u00e3o leva jeito com plantas? A colum\u00e9ia, famosa pelas flores em forma de peixinho, \u00e9 uma \u00f3tima op\u00e7\u00e3o para quem quer um toque verde em casa sem complica\u00e7\u00e3o, desde que alguns cuidados simples sejam seguidos no [&hellip;]<\/p>\n","protected":false},"author":9,"featured_media":200378,"comment_status":"open","ping_status":"open","sticky":false,"template":"","format":"standard","meta":{"_yoast_wpseo_focuskw":"plantar colum\u00e9ia","_yoast_wpseo_title":"","_yoast_wpseo_metadesc":"Planta pendente f\u00e1cil de cuidar, ideal para interiores e varandas, com flores coloridas que valorizam a decora\u00e7\u00e3o do dia a dia.","jnews-multi-image_gallery":[],"jnews_single_post":{"format":"standard"},"jnews_primary_category":[],"jnews_social_meta":[],"jnews_override_counter":[],"footnotes":""},"categories":[136],"post_tag":[15628,15627],"class_list":["post-200353","post","type-post","status-publish","format-standard","has-post-thumbnail","hentry","category-jardinagem","tag-columeia","tag-como-plantar-columeia"],"yoast_head":"<!-- This site is optimized with the Yoast SEO plugin v24.6 - https:\/\/yoast.com\/wordpress\/plugins\/seo\/ -->\n<title>Nem beg\u00f4nia, nem brom\u00e9lia: a planta pendente conquista quem acha que n\u00e3o leva jeito nenhum com plantas - Correio Braziliense - Radar<\/title>\n<meta name=\"description\" content=\"Planta pendente f\u00e1cil de cuidar, ideal para interiores e varandas, com flores coloridas que valorizam a decora\u00e7\u00e3o do dia a dia.\" \/>\n<meta name=\"robots\" content=\"index, follow, max-snippet:-1, max-image-preview:large, max-video-preview:-1\" \/>\n<link rel=\"canonical\" href=\"https:\/\/www.correiobraziliense.com.br\/cbradar\/nem-begonia-nem-bromelia-a-planta-pendente-conquista-quem-acha-que-nao-leva-jeito-nenhum-com-plantas\/\" \/>\n<meta property=\"og:locale\" content=\"pt_BR\" \/>\n<meta property=\"og:type\" content=\"article\" \/>\n<meta property=\"og:title\" content=\"Nem beg\u00f4nia, nem brom\u00e9lia: a planta pendente conquista quem acha que n\u00e3o leva jeito nenhum com plantas - Correio Braziliense - Radar\" \/>\n<meta property=\"og:description\" content=\"Planta pendente f\u00e1cil de cuidar, ideal para interiores e varandas, com flores coloridas que valorizam a decora\u00e7\u00e3o do dia a dia.\" \/>\n<meta property=\"og:url\" content=\"https:\/\/www.correiobraziliense.com.br\/cbradar\/nem-begonia-nem-bromelia-a-planta-pendente-conquista-quem-acha-que-nao-leva-jeito-nenhum-com-plantas\/\" \/>\n<meta property=\"og:site_name\" content=\"Correio Braziliense - Radar\" \/>\n<meta property=\"article:published_time\" content=\"2026-02-28T15:55:30+00:00\" \/>\n<meta property=\"og:image\" content=\"https:\/\/www.correiobraziliense.com.br\/cbradar\/wp-content\/uploads\/2026\/02\/Gemini_Generated_Image_bkxdt6bkxdt6bkxd-1.png\" \/>\n\t<meta property=\"og:image:width\" content=\"1280\" \/>\n\t<meta property=\"og:image:height\" content=\"720\" \/>\n\t<meta property=\"og:image:type\" content=\"image\/png\" \/>\n<meta name=\"author\" content=\"Daniely Cardoso\" \/>\n<meta name=\"twitter:card\" content=\"summary_large_image\" \/>\n<meta name=\"twitter:label1\" content=\"Escrito por\" \/>\n\t<meta name=\"twitter:data1\" content=\"Daniely Cardoso\" \/>\n\t<meta name=\"twitter:label2\" content=\"Est. tempo de leitura\" \/>\n\t<meta name=\"twitter:data2\" content=\"6 minutos\" \/>\n<!-- \/ Yoast SEO plugin. -->","yoast_head_json":{"title":"Nem beg\u00f4nia, nem brom\u00e9lia: a planta pendente conquista quem acha que n\u00e3o leva jeito nenhum com plantas - Correio Braziliense - Radar","description":"Planta pendente f\u00e1cil de cuidar, ideal para interiores e varandas, com flores coloridas que valorizam a decora\u00e7\u00e3o do dia a dia.","robots":{"index":"index","follow":"follow","max-snippet":"max-snippet:-1","max-image-preview":"max-image-preview:large","max-video-preview":"max-video-preview:-1"},"canonical":"https:\/\/www.correiobraziliense.com.br\/cbradar\/nem-begonia-nem-bromelia-a-planta-pendente-conquista-quem-acha-que-nao-leva-jeito-nenhum-com-plantas\/","og_locale":"pt_BR","og_type":"article","og_title":"Nem beg\u00f4nia, nem brom\u00e9lia: a planta pendente conquista quem acha que n\u00e3o leva jeito nenhum com plantas - Correio Braziliense - Radar","og_description":"Planta pendente f\u00e1cil de cuidar, ideal para interiores e varandas, com flores coloridas que valorizam a decora\u00e7\u00e3o do dia a dia.","og_url":"https:\/\/www.correiobraziliense.com.br\/cbradar\/nem-begonia-nem-bromelia-a-planta-pendente-conquista-quem-acha-que-nao-leva-jeito-nenhum-com-plantas\/","og_site_name":"Correio Braziliense - Radar","article_published_time":"2026-02-28T15:55:30+00:00","og_image":[{"width":1280,"height":720,"url":"https:\/\/www.correiobraziliense.com.br\/cbradar\/wp-content\/uploads\/2026\/02\/Gemini_Generated_Image_bkxdt6bkxdt6bkxd-1.png","type":"image\/png"}],"author":"Daniely Cardoso","twitter_card":"summary_large_image","twitter_misc":{"Escrito por":"Daniely Cardoso","Est. tempo de leitura":"6 minutos"},"schema":{"@context":"https:\/\/schema.org","@graph":[{"@type":"WebPage","@id":"https:\/\/www.correiobraziliense.com.br\/cbradar\/nem-begonia-nem-bromelia-a-planta-pendente-conquista-quem-acha-que-nao-leva-jeito-nenhum-com-plantas\/","url":"https:\/\/www.correiobraziliense.com.br\/cbradar\/nem-begonia-nem-bromelia-a-planta-pendente-conquista-quem-acha-que-nao-leva-jeito-nenhum-com-plantas\/","name":"Nem beg\u00f4nia, nem brom\u00e9lia: a planta pendente conquista quem acha que n\u00e3o leva jeito nenhum com plantas - Correio Braziliense - Radar","isPartOf":{"@id":"https:\/\/www.correiobraziliense.com.br\/cbradar\/#website"},"primaryImageOfPage":{"@id":"https:\/\/www.correiobraziliense.com.br\/cbradar\/nem-begonia-nem-bromelia-a-planta-pendente-conquista-quem-acha-que-nao-leva-jeito-nenhum-com-plantas\/#primaryimage"},"image":{"@id":"https:\/\/www.correiobraziliense.com.br\/cbradar\/nem-begonia-nem-bromelia-a-planta-pendente-conquista-quem-acha-que-nao-leva-jeito-nenhum-com-plantas\/#primaryimage"},"thumbnailUrl":"https:\/\/www.correiobraziliense.com.br\/cbradar\/wp-content\/uploads\/2026\/02\/Gemini_Generated_Image_bkxdt6bkxdt6bkxd-1.png","datePublished":"2026-02-28T15:55:30+00:00","author":{"@id":"https:\/\/www.correiobraziliense.com.br\/cbradar\/#\/schema\/person\/7356666e12ec0ee53f348ee5db227032"},"description":"Planta pendente f\u00e1cil de cuidar, ideal para interiores e varandas, com flores coloridas que valorizam a decora\u00e7\u00e3o do dia a dia.","breadcrumb":{"@id":"https:\/\/www.correiobraziliense.com.br\/cbradar\/nem-begonia-nem-bromelia-a-planta-pendente-conquista-quem-acha-que-nao-leva-jeito-nenhum-com-plantas\/#breadcrumb"},"inLanguage":"pt-BR","potentialAction":[{"@type":"ReadAction","target":["https:\/\/www.correiobraziliense.com.br\/cbradar\/nem-begonia-nem-bromelia-a-planta-pendente-conquista-quem-acha-que-nao-leva-jeito-nenhum-com-plantas\/"]}]},{"@type":"ImageObject","inLanguage":"pt-BR","@id":"https:\/\/www.correiobraziliense.com.br\/cbradar\/nem-begonia-nem-bromelia-a-planta-pendente-conquista-quem-acha-que-nao-leva-jeito-nenhum-com-plantas\/#primaryimage","url":"https:\/\/www.correiobraziliense.com.br\/cbradar\/wp-content\/uploads\/2026\/02\/Gemini_Generated_Image_bkxdt6bkxdt6bkxd-1.png","contentUrl":"https:\/\/www.correiobraziliense.com.br\/cbradar\/wp-content\/uploads\/2026\/02\/Gemini_Generated_Image_bkxdt6bkxdt6bkxd-1.png","width":1280,"height":720,"caption":"A colum\u00e9ia \u00e9 um g\u00eanero de plantas herb\u00e1ceas e pendentes, muito usada em vasos suspensos, que se adapta bem a apartamentos e varandas cobertas"},{"@type":"BreadcrumbList","@id":"https:\/\/www.correiobraziliense.com.br\/cbradar\/nem-begonia-nem-bromelia-a-planta-pendente-conquista-quem-acha-que-nao-leva-jeito-nenhum-com-plantas\/#breadcrumb","itemListElement":[{"@type":"ListItem","position":1,"name":"In\u00edcio","item":"https:\/\/www.correiobraziliense.com.br\/cbradar\/"},{"@type":"ListItem","position":2,"name":"Nem beg\u00f4nia, nem brom\u00e9lia: a planta pendente conquista quem acha que n\u00e3o leva jeito nenhum com plantas"}]},{"@type":"WebSite","@id":"https:\/\/www.correiobraziliense.com.br\/cbradar\/#website","url":"https:\/\/www.correiobraziliense.com.br\/cbradar\/","name":"Correio Braziliense - Radar","description":"Acompanhe as \u00faltimas not\u00edcias e fique bem informado sobre tudo o que acontece no Brasil e no mundo.","potentialAction":[{"@type":"SearchAction","target":{"@type":"EntryPoint","urlTemplate":"https:\/\/www.correiobraziliense.com.br\/cbradar\/?s={search_term_string}"},"query-input":{"@type":"PropertyValueSpecification","valueRequired":true,"valueName":"search_term_string"}}],"inLanguage":"pt-BR"},{"@type":"Person","@id":"https:\/\/www.correiobraziliense.com.br\/cbradar\/#\/schema\/person\/7356666e12ec0ee53f348ee5db227032","name":"Daniely Cardoso","image":{"@type":"ImageObject","inLanguage":"pt-BR","@id":"https:\/\/www.correiobraziliense.com.br\/cbradar\/#\/schema\/person\/image\/","url":"https:\/\/secure.gravatar.com\/avatar\/4b80ddbd124d1f071b626d52d62e5dff?s=96&d=mm&r=g","contentUrl":"https:\/\/secure.gravatar.com\/avatar\/4b80ddbd124d1f071b626d52d62e5dff?s=96&d=mm&r=g","caption":"Daniely Cardoso"},"description":"Redatora nos portais CB Radar e EM Foco, formada pela Universidade Federal de Goi\u00e1s, em Goi\u00e2nia. Apaixonada por comunica\u00e7\u00e3o, arte, decora\u00e7\u00e3o e tend\u00eancias, atuo na produ\u00e7\u00e3o de conte\u00fados envolventes sobre curiosidades, moda, beleza e paisagismo, sempre com um olhar atento \u00e0s novidades do momento.","sameAs":["https:\/\/www.correiobraziliense.com.br\/cbradar"],"url":"https:\/\/www.correiobraziliense.com.br\/cbradar\/author\/danielymyth\/"}]}},"_links":{"self":[{"href":"https:\/\/www.correiobraziliense.com.br\/cbradar\/wp-json\/wp\/v2\/posts\/200353","targetHints":{"allow":["GET"]}}],"collection":[{"href":"https:\/\/www.correiobraziliense.com.br\/cbradar\/wp-json\/wp\/v2\/posts"}],"about":[{"href":"https:\/\/www.correiobraziliense.com.br\/cbradar\/wp-json\/wp\/v2\/types\/post"}],"author":[{"embeddable":true,"href":"https:\/\/www.correiobraziliense.com.br\/cbradar\/wp-json\/wp\/v2\/users\/9"}],"replies":[{"embeddable":true,"href":"https:\/\/www.correiobraziliense.com.br\/cbradar\/wp-json\/wp\/v2\/comments?post=200353"}],"version-history":[{"count":2,"href":"https:\/\/www.correiobraziliense.com.br\/cbradar\/wp-json\/wp\/v2\/posts\/200353\/revisions"}],"predecessor-version":[{"id":200383,"href":"https:\/\/www.correiobraziliense.com.br\/cbradar\/wp-json\/wp\/v2\/posts\/200353\/revisions\/200383"}],"wp:featuredmedia":[{"embeddable":true,"href":"https:\/\/www.correiobraziliense.com.br\/cbradar\/wp-json\/wp\/v2\/media\/200378"}],"wp:attachment":[{"href":"https:\/\/www.correiobraziliense.com.br\/cbradar\/wp-json\/wp\/v2\/media?parent=200353"}],"wp:term":[{"taxonomy":"category","embeddable":true,"href":"https:\/\/www.correiobraziliense.com.br\/cbradar\/wp-json\/wp\/v2\/categories?post=200353"},{"taxonomy":"post_tag","embeddable":true,"href":"https:\/\/www.correiobraziliense.com.br\/cbradar\/wp-json\/wp\/v2\/post_tag?post=200353"}],"curies":[{"name":"wp","href":"https:\/\/api.w.org\/{rel}","templated":true}]}}