{"id":200377,"date":"2026-02-28T18:15:00","date_gmt":"2026-02-28T21:15:00","guid":{"rendered":"https:\/\/www.correiobraziliense.com.br\/cbradar\/?p=200377"},"modified":"2026-02-27T16:10:55","modified_gmt":"2026-02-27T19:10:55","slug":"os-aumentativos-e-diminutivos-estranhos-que-transformam-palavras-comuns","status":"publish","type":"post","link":"https:\/\/www.correiobraziliense.com.br\/cbradar\/os-aumentativos-e-diminutivos-estranhos-que-transformam-palavras-comuns\/","title":{"rendered":"Os aumentativos e diminutivos estranhos que transformam palavras comuns"},"content":{"rendered":"\n<p>A l\u00edngua portuguesa surpreende falantes nativos e estrangeiros com flex\u00f5es de grau que desafiam a l\u00f3gica do cotidiano sonoro. Embora o uso de &#8220;inho&#8221; ou &#8220;\u00e3o&#8221; seja predominante nas conversas informais, existem formas eruditas que transformam substantivos comuns em constru\u00e7\u00f5es morfol\u00f3gicas raras. Conhecer essas varia\u00e7\u00f5es enriquece o vocabul\u00e1rio.<\/p>\n\n\n\n<h2 class=\"wp-block-heading\">Por que algumas varia\u00e7\u00f5es de grau soam t\u00e3o artificiais hoje?<\/h2>\n\n\n\n<p>A evolu\u00e7\u00e3o da gram\u00e1tica normativa preservou sufixos latinos que perderam espa\u00e7o para as formas sint\u00e9ticas mais simples e populares. Quando utilizamos termos como &#8220;corpanzil&#8221; ou &#8220;hom\u00fanculo&#8221;, resgatamos uma heran\u00e7a erudita que prioriza a precis\u00e3o morfol\u00f3gica em detrimento da agilidade comunicativa moderna.<\/p>\n\n\n\n<p>O estranhamento ocorre porque o c\u00e9rebro se habituou aos padr\u00f5es repetitivos que facilitam o entendimento imediato. Ao encontrar varia\u00e7\u00f5es como &#8220;fogacho&#8221; ou &#8220;vilota&#8221;, o leitor comum precisa processar uma nova conex\u00e3o sem\u00e2ntica. Estudar essas curiosidades lingu\u00edsticas permite uma compreens\u00e3o profunda sobre o idioma.<\/p>\n\n\n\n<figure class=\"wp-block-image size-large\"><img decoding=\"async\" width=\"1024\" height=\"576\" src=\"https:\/\/www.correiobraziliense.com.br\/cbradar\/wp-content\/uploads\/2026\/02\/Gemini_Generated_Image_5k6na05k6na05k6n-1-1-1024x576.png\" alt=\"Os aumentativos e diminutivos estranhos que transformam palavras comuns\" class=\"wp-image-200387\" srcset=\"https:\/\/www.correiobraziliense.com.br\/cbradar\/wp-content\/uploads\/2026\/02\/Gemini_Generated_Image_5k6na05k6na05k6n-1-1-1024x576.png 1024w, https:\/\/www.correiobraziliense.com.br\/cbradar\/wp-content\/uploads\/2026\/02\/Gemini_Generated_Image_5k6na05k6na05k6n-1-1-300x169.png 300w, https:\/\/www.correiobraziliense.com.br\/cbradar\/wp-content\/uploads\/2026\/02\/Gemini_Generated_Image_5k6na05k6na05k6n-1-1-768x432.png 768w, https:\/\/www.correiobraziliense.com.br\/cbradar\/wp-content\/uploads\/2026\/02\/Gemini_Generated_Image_5k6na05k6na05k6n-1-1-750x422.png 750w, https:\/\/www.correiobraziliense.com.br\/cbradar\/wp-content\/uploads\/2026\/02\/Gemini_Generated_Image_5k6na05k6na05k6n-1-1-1140x641.png 1140w, https:\/\/www.correiobraziliense.com.br\/cbradar\/wp-content\/uploads\/2026\/02\/Gemini_Generated_Image_5k6na05k6na05k6n-1-1.png 1280w\" sizes=\"(max-width: 1024px) 100vw, 1024px\" \/><figcaption class=\"wp-element-caption\">Flex\u00f5es raras ampliam o vocabul\u00e1rio com formas pouco usuais<\/figcaption><\/figure>\n\n\n\n<h2 class=\"wp-block-heading\">Quais s\u00e3o as formas mais inusitadas encontradas na literatura cl\u00e1ssica?<\/h2>\n\n\n\n<p>Escritores renomados utilizavam diminutivos raros para descrever cen\u00e1rios com uma precis\u00e3o cir\u00fargica que o sufixo comum n\u00e3o alcan\u00e7a. Termos como &#8220;ilh\u00e9u&#8221; ou &#8220;lugarejo&#8221; demonstram como a l\u00edngua pode ser espec\u00edfica e elegante. Essas escolhas lexicais elevam o n\u00edvel da narrativa liter\u00e1ria brasileira.<\/p>\n\n\n\n<p>No caso dos aumentativos, as formas irregulares causam surpresa pela mudan\u00e7a dr\u00e1stica no radical da palavra original. Dizer &#8220;balona&#8221; para um bal\u00e3o grande ou &#8220;fogar\u00e9u&#8221; s\u00e3o exemplos de sonoridade modificada. Tais palavras s\u00e3o ferramentas poderosas para criar imagens mentais v\u00edvidas e impactantes.<\/p>\n\n\n\n<h2 class=\"wp-block-heading\">Como aplicar esses termos sem prejudicar a clareza do texto?<\/h2>\n\n\n\n<p>O segredo para utilizar flex\u00f5es de grau incomuns reside no contexto adequado e na modera\u00e7\u00e3o t\u00e9cnica. Inserir essas palavras em descri\u00e7\u00f5es detalhadas enriquece a experi\u00eancia do p\u00fablico. \u00c9 essencial equilibrar a erudi\u00e7\u00e3o com a praticidade comunicativa exigida pelos meios de comunica\u00e7\u00e3o digitais.<\/p>\n\n\n\n<p>Confira a lista abaixo:<\/p>\n\n\n\n<ul class=\"wp-block-list\">\n<li>C\u00e3o: canzarr\u00e3o.<\/li>\n\n\n\n<li>Muro: mureta.<\/li>\n\n\n\n<li>Homem: hom\u00fanculo.<\/li>\n\n\n\n<li>Lugar: lugarejo.<\/li>\n\n\n\n<li>Corpo: corpanzil.<\/li>\n\n\n\n<li>Boca: bocarra.<\/li>\n<\/ul>\n\n\n\n<h2 class=\"wp-block-heading\">Existe uma regra r\u00edgida para a cria\u00e7\u00e3o dessas palavras raras?<\/h2>\n\n\n\n<p>A forma\u00e7\u00e3o de aumentativos e diminutivos irregulares segue padr\u00f5es hist\u00f3ricos consolidados pelos primeiros gram\u00e1ticos oficiais. Muitas dessas formas derivam do latim, mantendo radicais que n\u00e3o sofreram altera\u00e7\u00f5es fon\u00e9ticas comuns. Compreender essa l\u00f3gica estrutural facilita a memoriza\u00e7\u00e3o e o uso correto dessas variantes.<\/p>\n\n\n\n<p>Embora existam sufixos cl\u00e1ssicos, a l\u00edngua \u00e9 um organismo vivo que aceita cria\u00e7\u00f5es novas por analogia. Contudo, \u00e9 vital consultar obras de refer\u00eancia para garantir respaldo acad\u00eamico. A <strong>Norma Culta<\/strong> exige que o escritor respeite as bases morfol\u00f3gicas tradicionais para manter a credibilidade.<\/p>\n\n\n\n<p>No v\u00eddeo abaixo do TikTok <strong><em>Portugueselegal<\/em><\/strong>, que conta com mais de <strong><em>207 mil<\/em><\/strong> seguidores, ela cita os aumentativos e diminutivos mais estranhos:<\/p>\n\n\n\n<blockquote class=\"tiktok-embed\" cite=\"https:\/\/www.tiktok.com\/@portugueselegal\/video\/7215346034745052421\" data-video-id=\"7215346034745052421\" style=\"max-width: 605px;min-width: 325px;\" > <section> <a target=\"_blank\" title=\"@portugueselegal\" href=\"https:\/\/www.tiktok.com\/@portugueselegal?refer=embed\">@portugueselegal<\/a> Uma palavrinha sobre os diminutivos e aumentativos estranhos que viralizaram esses dias. <a title=\"gramaticadoportugues\" target=\"_blank\" href=\"https:\/\/www.tiktok.com\/tag\/gramaticadoportugues?refer=embed\">#gramaticadoportugues<\/a> <a title=\"linguaportuguesa\" target=\"_blank\" href=\"https:\/\/www.tiktok.com\/tag\/linguaportuguesa?refer=embed\">#linguaportuguesa<\/a> <a title=\"auladeportugu\u00eas\" target=\"_blank\" href=\"https:\/\/www.tiktok.com\/tag\/auladeportugu%C3%AAs?refer=embed\">#auladeportugu\u00eas<\/a> <a title=\"dicadeportugu\u00eas\" target=\"_blank\" href=\"https:\/\/www.tiktok.com\/tag\/dicadeportugu%C3%AAs?refer=embed\">#dicadeportugu\u00eas<\/a> <a title=\"viralvideo\" target=\"_blank\" href=\"https:\/\/www.tiktok.com\/tag\/viralvideo?refer=embed\">#viralvideo<\/a> <a title=\"tiktokedu\" target=\"_blank\" href=\"https:\/\/www.tiktok.com\/tag\/tiktokedu?refer=embed\">#tiktokedu<\/a> <a title=\"aprendanotiktok\" target=\"_blank\" href=\"https:\/\/www.tiktok.com\/tag\/aprendanotiktok?refer=embed\">#aprendanotiktok<\/a> <a title=\"edutok\" target=\"_blank\" href=\"https:\/\/www.tiktok.com\/tag\/edutok?refer=embed\">#edutok<\/a> <a title=\"portuguesbrasileiro\" target=\"_blank\" href=\"https:\/\/www.tiktok.com\/tag\/portuguesbrasileiro?refer=embed\">#portuguesbrasileiro<\/a> <a target=\"_blank\" title=\"\u266c som original - Carol Jesper Portugu\u00eas \u00e9 legal\" href=\"https:\/\/www.tiktok.com\/music\/som-original-7215346166618819334?refer=embed\">\u266c som original &#8211; Carol Jesper Portugu\u00eas \u00e9 legal<\/a> <\/section> <\/blockquote> <script async src=\"https:\/\/www.tiktok.com\/embed.js\"><\/script>\n\n\n\n<p>Leia tamb\u00e9m: <a href=\"https:\/\/www.correiobraziliense.com.br\/cbradar\/as-linguas-mais-dificeis-de-aprender-no-mundo-e-que-exigem-mais-de-2-200-horas-de-estudo\/\" target=\"_blank\" rel=\"noreferrer noopener\">As l\u00ednguas mais dif\u00edceis de aprender no mundo e que exigem mais de 2.200 horas de estudo<\/a><\/p>\n\n\n\n<h2 class=\"wp-block-heading\">Quais autoridades explicam a forma\u00e7\u00e3o dessas flex\u00f5es de grau?<\/h2>\n\n\n\n<p>A base para o estudo das flex\u00f5es nominais no Brasil \u00e9 fundamentada em gram\u00e1ticas que analisam a estrutura das palavras. \u00d3rg\u00e3os que zelam pelo idioma oferecem guias sobre como os substantivos mudam. Essas orienta\u00e7\u00f5es s\u00e3o essenciais para redatores que buscam excel\u00eancia t\u00e9cnica.<\/p>\n\n\n\n<p>Consulte a lista completa de aumentativos eruditos no portal oficial da <strong>Academia Brasileira de Letras<\/strong>. No site da <a target=\"_blank\" rel=\"noreferrer noopener\" href=\"https:\/\/www.academia.org.br\/nossa-lingua\/busca-no-vocabulario\">ABL<\/a>, o usu\u00e1rio encontra o vocabul\u00e1rio ortogr\u00e1fico atualizado. Acessar fontes de autoridade mundial garante que a comunica\u00e7\u00e3o atinja um patamar de excel\u00eancia lingu\u00edstica.<\/p>\n","protected":false},"excerpt":{"rendered":"<p>A l\u00edngua portuguesa surpreende falantes nativos e estrangeiros com flex\u00f5es de grau que desafiam a l\u00f3gica do cotidiano sonoro. Embora o uso de &#8220;inho&#8221; ou &#8220;\u00e3o&#8221; seja predominante nas conversas informais, existem formas eruditas que transformam substantivos comuns em constru\u00e7\u00f5es morfol\u00f3gicas raras. Conhecer essas varia\u00e7\u00f5es enriquece o vocabul\u00e1rio. Por que algumas varia\u00e7\u00f5es de grau soam [&hellip;]<\/p>\n","protected":false},"author":21,"featured_media":200385,"comment_status":"open","ping_status":"open","sticky":false,"template":"","format":"standard","meta":{"_yoast_wpseo_focuskw":"Aumentativos e diminutivos estranhos","_yoast_wpseo_title":"","_yoast_wpseo_metadesc":"Flex\u00f5es de grau raras revelam aumentativos e diminutivos pouco usados que transformam substantivos comuns em formas surpreendentes","jnews-multi-image_gallery":[],"jnews_single_post":{"format":"standard"},"jnews_primary_category":[],"jnews_social_meta":[],"jnews_override_counter":[],"footnotes":""},"categories":[112],"post_tag":[15154,10902,11064,6081],"class_list":["post-200377","post","type-post","status-publish","format-standard","has-post-thumbnail","hentry","category-curiosidades","tag-diminutivo","tag-lingua-portuguesa","tag-linguas","tag-portugues"],"yoast_head":"<!-- This site is optimized with the Yoast SEO plugin v24.6 - https:\/\/yoast.com\/wordpress\/plugins\/seo\/ -->\n<title>Os aumentativos e diminutivos estranhos que transformam palavras comuns - Correio Braziliense - Radar<\/title>\n<meta name=\"description\" content=\"Flex\u00f5es de grau raras revelam aumentativos e diminutivos pouco usados que transformam substantivos comuns em formas surpreendentes\" \/>\n<meta name=\"robots\" content=\"index, follow, max-snippet:-1, max-image-preview:large, max-video-preview:-1\" \/>\n<link rel=\"canonical\" href=\"https:\/\/www.correiobraziliense.com.br\/cbradar\/os-aumentativos-e-diminutivos-estranhos-que-transformam-palavras-comuns\/\" \/>\n<meta property=\"og:locale\" content=\"pt_BR\" \/>\n<meta property=\"og:type\" content=\"article\" \/>\n<meta property=\"og:title\" content=\"Os aumentativos e diminutivos estranhos que transformam palavras comuns - Correio Braziliense - Radar\" \/>\n<meta property=\"og:description\" content=\"Flex\u00f5es de grau raras revelam aumentativos e diminutivos pouco usados que transformam substantivos comuns em formas surpreendentes\" \/>\n<meta property=\"og:url\" content=\"https:\/\/www.correiobraziliense.com.br\/cbradar\/os-aumentativos-e-diminutivos-estranhos-que-transformam-palavras-comuns\/\" \/>\n<meta property=\"og:site_name\" content=\"Correio Braziliense - Radar\" \/>\n<meta property=\"article:published_time\" content=\"2026-02-28T21:15:00+00:00\" \/>\n<meta property=\"og:image\" content=\"https:\/\/www.correiobraziliense.com.br\/cbradar\/wp-content\/uploads\/2026\/02\/Gemini_Generated_Image_fea6plfea6plfea6-1-1.png\" \/>\n\t<meta property=\"og:image:width\" content=\"1280\" \/>\n\t<meta property=\"og:image:height\" content=\"720\" \/>\n\t<meta property=\"og:image:type\" content=\"image\/png\" \/>\n<meta name=\"author\" content=\"Patrick Silva\" \/>\n<meta name=\"twitter:card\" content=\"summary_large_image\" \/>\n<meta name=\"twitter:label1\" content=\"Escrito por\" \/>\n\t<meta name=\"twitter:data1\" content=\"Patrick Silva\" \/>\n\t<meta name=\"twitter:label2\" content=\"Est. tempo de leitura\" \/>\n\t<meta name=\"twitter:data2\" content=\"4 minutos\" \/>\n<!-- \/ Yoast SEO plugin. -->","yoast_head_json":{"title":"Os aumentativos e diminutivos estranhos que transformam palavras comuns - Correio Braziliense - Radar","description":"Flex\u00f5es de grau raras revelam aumentativos e diminutivos pouco usados que transformam substantivos comuns em formas surpreendentes","robots":{"index":"index","follow":"follow","max-snippet":"max-snippet:-1","max-image-preview":"max-image-preview:large","max-video-preview":"max-video-preview:-1"},"canonical":"https:\/\/www.correiobraziliense.com.br\/cbradar\/os-aumentativos-e-diminutivos-estranhos-que-transformam-palavras-comuns\/","og_locale":"pt_BR","og_type":"article","og_title":"Os aumentativos e diminutivos estranhos que transformam palavras comuns - Correio Braziliense - Radar","og_description":"Flex\u00f5es de grau raras revelam aumentativos e diminutivos pouco usados que transformam substantivos comuns em formas surpreendentes","og_url":"https:\/\/www.correiobraziliense.com.br\/cbradar\/os-aumentativos-e-diminutivos-estranhos-que-transformam-palavras-comuns\/","og_site_name":"Correio Braziliense - Radar","article_published_time":"2026-02-28T21:15:00+00:00","og_image":[{"width":1280,"height":720,"url":"https:\/\/www.correiobraziliense.com.br\/cbradar\/wp-content\/uploads\/2026\/02\/Gemini_Generated_Image_fea6plfea6plfea6-1-1.png","type":"image\/png"}],"author":"Patrick Silva","twitter_card":"summary_large_image","twitter_misc":{"Escrito por":"Patrick Silva","Est. tempo de leitura":"4 minutos"},"schema":{"@context":"https:\/\/schema.org","@graph":[{"@type":"WebPage","@id":"https:\/\/www.correiobraziliense.com.br\/cbradar\/os-aumentativos-e-diminutivos-estranhos-que-transformam-palavras-comuns\/","url":"https:\/\/www.correiobraziliense.com.br\/cbradar\/os-aumentativos-e-diminutivos-estranhos-que-transformam-palavras-comuns\/","name":"Os aumentativos e diminutivos estranhos que transformam palavras comuns - Correio Braziliense - Radar","isPartOf":{"@id":"https:\/\/www.correiobraziliense.com.br\/cbradar\/#website"},"primaryImageOfPage":{"@id":"https:\/\/www.correiobraziliense.com.br\/cbradar\/os-aumentativos-e-diminutivos-estranhos-que-transformam-palavras-comuns\/#primaryimage"},"image":{"@id":"https:\/\/www.correiobraziliense.com.br\/cbradar\/os-aumentativos-e-diminutivos-estranhos-que-transformam-palavras-comuns\/#primaryimage"},"thumbnailUrl":"https:\/\/www.correiobraziliense.com.br\/cbradar\/wp-content\/uploads\/2026\/02\/Gemini_Generated_Image_fea6plfea6plfea6-1-1.png","datePublished":"2026-02-28T21:15:00+00:00","author":{"@id":"https:\/\/www.correiobraziliense.com.br\/cbradar\/#\/schema\/person\/5440b72be9c7eb74f446c846479dc4da"},"description":"Flex\u00f5es de grau raras revelam aumentativos e diminutivos pouco usados que transformam substantivos comuns em formas surpreendentes","breadcrumb":{"@id":"https:\/\/www.correiobraziliense.com.br\/cbradar\/os-aumentativos-e-diminutivos-estranhos-que-transformam-palavras-comuns\/#breadcrumb"},"inLanguage":"pt-BR","potentialAction":[{"@type":"ReadAction","target":["https:\/\/www.correiobraziliense.com.br\/cbradar\/os-aumentativos-e-diminutivos-estranhos-que-transformam-palavras-comuns\/"]}]},{"@type":"ImageObject","inLanguage":"pt-BR","@id":"https:\/\/www.correiobraziliense.com.br\/cbradar\/os-aumentativos-e-diminutivos-estranhos-que-transformam-palavras-comuns\/#primaryimage","url":"https:\/\/www.correiobraziliense.com.br\/cbradar\/wp-content\/uploads\/2026\/02\/Gemini_Generated_Image_fea6plfea6plfea6-1-1.png","contentUrl":"https:\/\/www.correiobraziliense.com.br\/cbradar\/wp-content\/uploads\/2026\/02\/Gemini_Generated_Image_fea6plfea6plfea6-1-1.png","width":1280,"height":720,"caption":"Flex\u00f5es raras ampliam o vocabul\u00e1rio com formas pouco usuais"},{"@type":"BreadcrumbList","@id":"https:\/\/www.correiobraziliense.com.br\/cbradar\/os-aumentativos-e-diminutivos-estranhos-que-transformam-palavras-comuns\/#breadcrumb","itemListElement":[{"@type":"ListItem","position":1,"name":"In\u00edcio","item":"https:\/\/www.correiobraziliense.com.br\/cbradar\/"},{"@type":"ListItem","position":2,"name":"Os aumentativos e diminutivos estranhos que transformam palavras comuns"}]},{"@type":"WebSite","@id":"https:\/\/www.correiobraziliense.com.br\/cbradar\/#website","url":"https:\/\/www.correiobraziliense.com.br\/cbradar\/","name":"Correio Braziliense - Radar","description":"Acompanhe as \u00faltimas not\u00edcias e fique bem informado sobre tudo o que acontece no Brasil e no mundo.","potentialAction":[{"@type":"SearchAction","target":{"@type":"EntryPoint","urlTemplate":"https:\/\/www.correiobraziliense.com.br\/cbradar\/?s={search_term_string}"},"query-input":{"@type":"PropertyValueSpecification","valueRequired":true,"valueName":"search_term_string"}}],"inLanguage":"pt-BR"},{"@type":"Person","@id":"https:\/\/www.correiobraziliense.com.br\/cbradar\/#\/schema\/person\/5440b72be9c7eb74f446c846479dc4da","name":"Patrick Silva","image":{"@type":"ImageObject","inLanguage":"pt-BR","@id":"https:\/\/www.correiobraziliense.com.br\/cbradar\/#\/schema\/person\/image\/","url":"https:\/\/secure.gravatar.com\/avatar\/944109df296fc087785c9715fd5f80b2?s=96&d=mm&r=g","contentUrl":"https:\/\/secure.gravatar.com\/avatar\/944109df296fc087785c9715fd5f80b2?s=96&d=mm&r=g","caption":"Patrick Silva"},"sameAs":["https:\/\/www.correiobraziliense.com.br\/cbradar\/"],"url":"https:\/\/www.correiobraziliense.com.br\/cbradar\/author\/patrick-silva\/"}]}},"_links":{"self":[{"href":"https:\/\/www.correiobraziliense.com.br\/cbradar\/wp-json\/wp\/v2\/posts\/200377","targetHints":{"allow":["GET"]}}],"collection":[{"href":"https:\/\/www.correiobraziliense.com.br\/cbradar\/wp-json\/wp\/v2\/posts"}],"about":[{"href":"https:\/\/www.correiobraziliense.com.br\/cbradar\/wp-json\/wp\/v2\/types\/post"}],"author":[{"embeddable":true,"href":"https:\/\/www.correiobraziliense.com.br\/cbradar\/wp-json\/wp\/v2\/users\/21"}],"replies":[{"embeddable":true,"href":"https:\/\/www.correiobraziliense.com.br\/cbradar\/wp-json\/wp\/v2\/comments?post=200377"}],"version-history":[{"count":1,"href":"https:\/\/www.correiobraziliense.com.br\/cbradar\/wp-json\/wp\/v2\/posts\/200377\/revisions"}],"predecessor-version":[{"id":200388,"href":"https:\/\/www.correiobraziliense.com.br\/cbradar\/wp-json\/wp\/v2\/posts\/200377\/revisions\/200388"}],"wp:featuredmedia":[{"embeddable":true,"href":"https:\/\/www.correiobraziliense.com.br\/cbradar\/wp-json\/wp\/v2\/media\/200385"}],"wp:attachment":[{"href":"https:\/\/www.correiobraziliense.com.br\/cbradar\/wp-json\/wp\/v2\/media?parent=200377"}],"wp:term":[{"taxonomy":"category","embeddable":true,"href":"https:\/\/www.correiobraziliense.com.br\/cbradar\/wp-json\/wp\/v2\/categories?post=200377"},{"taxonomy":"post_tag","embeddable":true,"href":"https:\/\/www.correiobraziliense.com.br\/cbradar\/wp-json\/wp\/v2\/post_tag?post=200377"}],"curies":[{"name":"wp","href":"https:\/\/api.w.org\/{rel}","templated":true}]}}