{"id":200417,"date":"2026-02-28T10:45:00","date_gmt":"2026-02-28T13:45:00","guid":{"rendered":"https:\/\/www.correiobraziliense.com.br\/cbradar\/?p=200417"},"modified":"2026-02-27T13:30:02","modified_gmt":"2026-02-27T16:30:02","slug":"essa-fruta-pequena-e-exotica-pode-fortalecer-a-imunidade-e-ajudar-no-equilibrio-do-corpo","status":"publish","type":"post","link":"https:\/\/www.correiobraziliense.com.br\/cbradar\/essa-fruta-pequena-e-exotica-pode-fortalecer-a-imunidade-e-ajudar-no-equilibrio-do-corpo\/","title":{"rendered":"Essa fruta pequena e ex\u00f3tica pode fortalecer a imunidade e ajudar no equil\u00edbrio do corpo"},"content":{"rendered":"\n<p>A physalis, tamb\u00e9m conhecida como camapu, jo\u00e1-de-capote ou \u201cgolden berry\u201d, vem ganhando espa\u00e7o nas feiras e supermercados do Brasil. Por tr\u00e1s do aspecto ex\u00f3tico e do sabor agridoce, essa pequena fruta oferece uma combina\u00e7\u00e3o relevante de nutrientes, com destaque para compostos antioxidantes, vitaminas e fibras que a tornam um alimento interessante para quem busca uma alimenta\u00e7\u00e3o variada, equilibrada e rica em ingredientes naturais.<\/p>\n\n\n\n<h2 class=\"wp-block-heading\">Quais s\u00e3o os principais benef\u00edcios da physalis para a sa\u00fade<\/h2>\n\n\n\n<p>Entre os <strong>benef\u00edcios da physalis para a sa\u00fade<\/strong>, destacam-se o apoio ao sistema imunol\u00f3gico, a a\u00e7\u00e3o antioxidante e o poss\u00edvel aux\u00edlio no controle da glicemia e do colesterol. A fruta \u00e9 fonte de vitamina C, vitamina A (na forma de carotenoides), fibras e compostos bioativos, como as fisalinas e polifen\u00f3is, associados \u00e0 prote\u00e7\u00e3o celular e ao equil\u00edbrio de processos inflamat\u00f3rios.<\/p>\n\n\n\n<p>Al\u00e9m disso, o consumo regular de physalis, dentro de um padr\u00e3o alimentar adequado, pode contribuir para a sa\u00fade da pele e da vis\u00e3o, devido \u00e0 presen\u00e7a de carotenoides. As fibras presentes ajudam no funcionamento intestinal, enquanto a combina\u00e7\u00e3o de antioxidantes pode auxiliar na redu\u00e7\u00e3o de danos causados por radicais livres, atuando como complemento nutritivo em estrat\u00e9gias de cuidado com a sa\u00fade.<\/p>\n\n\n<div class=\"wp-block-image\">\n<figure class=\"aligncenter size-large\"><img decoding=\"async\" width=\"1024\" height=\"576\" src=\"https:\/\/www.correiobraziliense.com.br\/cbradar\/wp-content\/uploads\/2026\/01\/Gemini_Generated_Image_wy9tknwy9tknwy9t-1-1024x576.png\" alt=\"\" class=\"wp-image-176949\" srcset=\"https:\/\/www.correiobraziliense.com.br\/cbradar\/wp-content\/uploads\/2026\/01\/Gemini_Generated_Image_wy9tknwy9tknwy9t-1-1024x576.png 1024w, https:\/\/www.correiobraziliense.com.br\/cbradar\/wp-content\/uploads\/2026\/01\/Gemini_Generated_Image_wy9tknwy9tknwy9t-1-300x169.png 300w, https:\/\/www.correiobraziliense.com.br\/cbradar\/wp-content\/uploads\/2026\/01\/Gemini_Generated_Image_wy9tknwy9tknwy9t-1-768x432.png 768w, https:\/\/www.correiobraziliense.com.br\/cbradar\/wp-content\/uploads\/2026\/01\/Gemini_Generated_Image_wy9tknwy9tknwy9t-1-750x422.png 750w, https:\/\/www.correiobraziliense.com.br\/cbradar\/wp-content\/uploads\/2026\/01\/Gemini_Generated_Image_wy9tknwy9tknwy9t-1-1140x641.png 1140w, https:\/\/www.correiobraziliense.com.br\/cbradar\/wp-content\/uploads\/2026\/01\/Gemini_Generated_Image_wy9tknwy9tknwy9t-1.png 1280w\" sizes=\"(max-width: 1024px) 100vw, 1024px\" \/><figcaption class=\"wp-element-caption\">Entre os benef\u00edcios da physalis para a sa\u00fade, destacam-se o apoio ao sistema imunol\u00f3gico<\/figcaption><\/figure><\/div>\n\n\n<p>Leia tamb\u00e9m:\u00a0<a href=\"https:\/\/www.correiobraziliense.com.br\/cbradar\/a-flor-perfumada-facil-de-plantar-em-casa-que-pode-acalmar-sua-mente-e-melhorar-suas-noites-de-sono\/\" target=\"_blank\" rel=\"noopener\">A flor perfumada f\u00e1cil de plantar em casa que pode acalmar sua mente e melhorar suas noites de sono<\/a><\/p>\n\n\n\n<h2 class=\"wp-block-heading\">Qual \u00e9 a composi\u00e7\u00e3o nutricional da physalis<\/h2>\n\n\n\n<p>A physalis apresenta baixo teor cal\u00f3rico e boa densidade nutricional, oferecendo vitaminas, minerais e compostos funcionais em por\u00e7\u00f5es relativamente pequenas. Entre os nutrientes mais citados, est\u00e3o vitamina C, vitamina A, vitaminas do complexo B, pot\u00e1ssio e fibras alimentares, que contribuem para o equil\u00edbrio de fluidos, suporte ao metabolismo energ\u00e9tico e manuten\u00e7\u00e3o de tecidos.<\/p>\n\n\n\n<p>Abaixo, uma tabela aproximada da composi\u00e7\u00e3o nutricional da physalis fresca por 100 g, com valores m\u00e9dios extra\u00eddos de fontes de refer\u00eancia em alimentos. Os n\u00fameros podem variar conforme origem, matura\u00e7\u00e3o, condi\u00e7\u00f5es de cultivo e forma de armazenamento, que tamb\u00e9m podem influenciar a conserva\u00e7\u00e3o de vitaminas sens\u00edveis ao calor e \u00e0 luz:<\/p>\n\n\n\n<div style=\"font-family: 'Segoe UI', Tahoma, Geneva, Verdana, sans-serif; max-width: 800px; margin: 20px auto; border: 2px solid #722f37; border-radius: 30px; overflow: hidden; background-color: #ffffff; box-shadow: 0 4px 15px rgba(114, 47, 55, 0.1);\">\n    <table style=\"width: 100%; border-collapse: collapse; text-align: left; font-size: 14px;\">\n        <thead>\n            <tr style=\"background-color: #722f37;\">\n                <th style=\"padding: 15px; color: #ffffff; border-bottom: 2px solid #f9d8e6; width: 50%;\">Nutriente<\/th>\n                <th style=\"padding: 15px; color: #ffffff; border-bottom: 2px solid #f9d8e6; width: 50%;\">Quantidade aproximada por 100 g<\/th>\n            <\/tr>\n        <\/thead>\n        <tbody>\n            <tr>\n                <td style=\"padding: 12px 15px; border-bottom: 1px solid #ffe3ee; color: #4a4a4a; font-weight: bold;\">Calorias<\/td>\n                <td style=\"padding: 12px 15px; border-bottom: 1px solid #ffe3ee; color: #4a4a4a;\">50\u201360 kcal<\/td>\n            <\/tr>\n            <tr style=\"background-color: #fffafa;\">\n                <td style=\"padding: 12px 15px; border-bottom: 1px solid #ffe3ee; color: #4a4a4a; font-weight: bold;\">Carboidratos totais<\/td>\n                <td style=\"padding: 12px 15px; border-bottom: 1px solid #ffe3ee; color: #4a4a4a;\">11\u201314 g<\/td>\n            <\/tr>\n            <tr>\n                <td style=\"padding: 12px 15px; border-bottom: 1px solid #ffe3ee; color: #4a4a4a; font-weight: bold;\">Prote\u00ednas<\/td>\n                <td style=\"padding: 12px 15px; border-bottom: 1px solid #ffe3ee; color: #4a4a4a;\">1,5\u20132,0 g<\/td>\n            <\/tr>\n            <tr style=\"background-color: #fffafa;\">\n                <td style=\"padding: 12px 15px; border-bottom: 1px solid #ffe3ee; color: #4a4a4a; font-weight: bold;\">Gorduras totais<\/td>\n                <td style=\"padding: 12px 15px; border-bottom: 1px solid #ffe3ee; color: #4a4a4a;\">0,5\u20131,0 g<\/td>\n            <\/tr>\n            <tr>\n                <td style=\"padding: 12px 15px; border-bottom: 1px solid #ffe3ee; color: #4a4a4a; font-weight: bold;\">Fibras alimentares<\/td>\n                <td style=\"padding: 12px 15px; border-bottom: 1px solid #ffe3ee; color: #4a4a4a;\">3\u20134 g<\/td>\n            <\/tr>\n            <tr style=\"background-color: #fffafa;\">\n                <td style=\"padding: 12px 15px; border-bottom: 1px solid #ffe3ee; color: #4a4a4a; font-weight: bold;\">Vitamina C<\/td>\n                <td style=\"padding: 12px 15px; border-bottom: 1px solid #ffe3ee; color: #4a4a4a;\">cerca de 20 mg<\/td>\n            <\/tr>\n            <tr>\n                <td style=\"padding: 12px 15px; border-bottom: 1px solid #ffe3ee; color: #4a4a4a; font-weight: bold;\">Vitamina A (carotenoides)<\/td>\n                <td style=\"padding: 12px 15px; border-bottom: 1px solid #ffe3ee; color: #4a4a4a;\">cerca de 35\u201340 \u00b5g (RAE)<\/td>\n            <\/tr>\n            <tr style=\"background-color: #fffafa;\">\n                <td style=\"padding: 12px 15px; border-bottom: 1px solid #ffe3ee; color: #4a4a4a; font-weight: bold;\">Vitaminas do complexo B (B1, B2, B3)<\/td>\n                <td style=\"padding: 12px 15px; border-bottom: 1px solid #ffe3ee; color: #4a4a4a;\">tra\u00e7os relevantes<\/td>\n            <\/tr>\n            <tr>\n                <td style=\"padding: 12px 15px; border-bottom: 1px solid #ffe3ee; color: #4a4a4a; font-weight: bold;\">Pot\u00e1ssio<\/td>\n                <td style=\"padding: 12px 15px; border-bottom: 1px solid #ffe3ee; color: #4a4a4a;\">250\u2013300 mg<\/td>\n            <\/tr>\n            <tr style=\"background-color: #fffafa;\">\n                <td style=\"padding: 12px 15px; color: #4a4a4a; font-weight: bold;\">F\u00f3sforo<\/td>\n                <td style=\"padding: 12px 15px; color: #4a4a4a;\">cerca de 40\u201350 mg<\/td>\n            <\/tr>\n        <\/tbody>\n    <\/table>\n<\/div>\n\n\n\n<p>Esses valores mostram que a fruta re\u00fane nutrientes importantes em baixos \u00edndices cal\u00f3ricos. Para quem busca controlar o peso, a physalis pode ser inserida em lanches, saladas de frutas ou prepara\u00e7\u00f5es culin\u00e1rias sem aumentar de forma significativa o valor energ\u00e9tico da dieta.<\/p>\n\n\n\n<h2 class=\"wp-block-heading\">Como a physalis pode contribuir para o organismo no dia a dia<\/h2>\n\n\n\n<p>Os efeitos da physalis no organismo est\u00e3o relacionados principalmente a suporte imunol\u00f3gico, prote\u00e7\u00e3o celular e equil\u00edbrio metab\u00f3lico. A vitamina C participa da forma\u00e7\u00e3o de col\u00e1geno, da integridade de vasos sangu\u00edneos e da resposta imune, enquanto os carotenoides associados \u00e0 vitamina A contribuem para a sa\u00fade dos olhos e da pele.<\/p>\n\n\n\n<p>As fibras auxiliam no tr\u00e2nsito intestinal, podem favorecer a sensa\u00e7\u00e3o de saciedade e, junto a compostos bioativos, podem influenciar o metabolismo de gorduras e a\u00e7\u00facares. A seguir, alguns aspectos em que a physalis pode atuar positivamente quando inserida em um contexto de alimenta\u00e7\u00e3o equilibrada:<\/p>\n\n\n\n<ul class=\"wp-block-list\">\n<li><strong>Sistema imunol\u00f3gico:<\/strong> a combina\u00e7\u00e3o de vitamina C e compostos antioxidantes ajuda o corpo a responder melhor a agress\u00f5es externas, como micro-organismos e poluentes.<\/li>\n\n\n\n<li><strong>Sa\u00fade cardiovascular:<\/strong> estudos indicam que o consumo de frutas ricas em fibras e antioxidantes, como a physalis, pode se relacionar \u00e0 manuten\u00e7\u00e3o de n\u00edveis adequados de colesterol e press\u00e3o arterial, quando associado a um estilo de vida equilibrado.<\/li>\n\n\n\n<li><strong>Controle glic\u00eamico:<\/strong> a presen\u00e7a de fibras e compostos bioativos pode auxiliar na resposta do organismo \u00e0 glicose, embora esse efeito dependa do conjunto da alimenta\u00e7\u00e3o e de orienta\u00e7\u00e3o profissional.<\/li>\n\n\n\n<li><strong>Fun\u00e7\u00e3o intestinal:<\/strong> as fibras contribuem para o volume e a consist\u00eancia das fezes, favorecendo um tr\u00e2nsito intestinal mais regular.<\/li>\n<\/ul>\n\n\n\n<p>Se voc\u00ea gosta de ouvir opini\u00e3o de especialistas, separamos esse v\u00eddeo da <a href=\"https:\/\/www.youtube.com\/@AngelaXavier\" target=\"_blank\" rel=\"noreferrer noopener\">Angela Xavier<\/a> mostrando os benef\u00edcios dessa fruta:<\/p>\n\n\n\n<figure class=\"wp-block-embed is-type-video is-provider-youtube wp-block-embed-youtube wp-embed-aspect-16-9 wp-has-aspect-ratio\"><div class=\"wp-block-embed__wrapper\">\n<div class=\"jeg_video_container jeg_video_content\"><iframe loading=\"lazy\" title=\"Physalis: que planta \u00e9 essa? Eu GARANTO que n\u00e3o \u00e9 s\u00f3 enfeite!\" width=\"500\" height=\"281\" src=\"https:\/\/www.youtube.com\/embed\/mjjO2LDwRPU?start=1&#038;feature=oembed\" frameborder=\"0\" allow=\"accelerometer; autoplay; clipboard-write; encrypted-media; gyroscope; picture-in-picture; web-share\" referrerpolicy=\"strict-origin-when-cross-origin\" allowfullscreen><\/iframe><\/div>\n<\/div><\/figure>\n\n\n\n<p>Em pessoas com condi\u00e7\u00f5es espec\u00edficas, como diabetes, hipertens\u00e3o ou alergias alimentares, o consumo de physalis deve ser avaliado em conjunto com profissionais de sa\u00fade. Devem ser considerados fatores como necessidades individuais, medicamentos em uso, poss\u00edveis intera\u00e7\u00f5es com outros alimentos e a quantidade adequada para cada caso.<\/p>\n\n\n\n<h2 class=\"wp-block-heading\">Quais s\u00e3o as formas de consumo e cuidados ao incluir physalis na alimenta\u00e7\u00e3o<\/h2>\n\n\n\n<p>A physalis pode ser consumida ao natural, em sucos, geleias, molhos ou como decora\u00e7\u00e3o comest\u00edvel em pratos doces e salgados. Para aproveitar melhor os <strong>benef\u00edcios da physalis<\/strong>, muitas pessoas optam por utiliz\u00e1-la fresca, preservando parte importante de suas vitaminas sens\u00edveis ao calor, como a vitamina C, embora prepara\u00e7\u00f5es como compotas e chutneys tamb\u00e9m ampliem o uso culin\u00e1rio.<\/p>\n\n\n\n<ol class=\"wp-block-list\">\n<li>Lavar bem a fruta antes do consumo, removendo a casca seca que a envolve.<\/li>\n\n\n\n<li>Consumir in natura em lanches intermedi\u00e1rios ou junto a outras frutas.<\/li>\n\n\n\n<li>Adicionar physalis a saladas, iogurtes, mingaus ou bowls matinais.<\/li>\n\n\n\n<li>Utilizar em molhos agridoce para carnes magras ou saladas verdes.<\/li>\n\n\n\n<li>Evitar exageros, mantendo por\u00e7\u00f5es moderadas ao longo da semana.<\/li>\n<\/ol>\n\n\n\n<p>Algumas pessoas podem apresentar sensibilidade ou rea\u00e7\u00e3o al\u00e9rgica a frutas da mesma fam\u00edlia da physalis, como plantas solan\u00e1ceas. Em casos de sintomas como coceira, incha\u00e7o ou desconforto ap\u00f3s o consumo, a recomenda\u00e7\u00e3o \u00e9 buscar avalia\u00e7\u00e3o profissional, lembrando que a physalis atua como um elemento complementar na promo\u00e7\u00e3o da sa\u00fade dentro de um estilo de vida equilibrado.<\/p>\n","protected":false},"excerpt":{"rendered":"<p>A physalis, tamb\u00e9m conhecida como camapu, jo\u00e1-de-capote ou \u201cgolden berry\u201d, vem ganhando espa\u00e7o nas feiras e supermercados do Brasil. Por tr\u00e1s do aspecto ex\u00f3tico e do sabor agridoce, essa pequena fruta oferece uma combina\u00e7\u00e3o relevante de nutrientes, com destaque para compostos antioxidantes, vitaminas e fibras que a tornam um alimento interessante para quem busca uma [&hellip;]<\/p>\n","protected":false},"author":9,"featured_media":200435,"comment_status":"open","ping_status":"open","sticky":false,"template":"","format":"standard","meta":{"_yoast_wpseo_focuskw":"principais benef\u00edcios da physalis","_yoast_wpseo_title":"","_yoast_wpseo_metadesc":"Fruto leve e nutritivo, rico em antioxidantes, fibras e vitaminas, que apoia imunidade e equil\u00edbrio metab\u00f3lico no dia a dia.","jnews-multi-image_gallery":[],"jnews_single_post":{"format":"standard"},"jnews_primary_category":[],"jnews_social_meta":[],"jnews_override_counter":[],"footnotes":""},"categories":[119,4404],"post_tag":[12595,615,12142,565],"class_list":["post-200417","post","type-post","status-publish","format-standard","has-post-thumbnail","hentry","category-bem-estar","category-saude","tag-beneficios-da-physalis","tag-fruta","tag-physalis","tag-saude"],"yoast_head":"<!-- This site is optimized with the Yoast SEO plugin v24.6 - https:\/\/yoast.com\/wordpress\/plugins\/seo\/ -->\n<title>Essa fruta pequena e ex\u00f3tica pode fortalecer a imunidade e ajudar no equil\u00edbrio do corpo - Correio Braziliense - Radar<\/title>\n<meta name=\"description\" content=\"Fruto leve e nutritivo, rico em antioxidantes, fibras e vitaminas, que apoia imunidade e equil\u00edbrio metab\u00f3lico no dia a dia.\" \/>\n<meta name=\"robots\" content=\"index, follow, max-snippet:-1, max-image-preview:large, max-video-preview:-1\" \/>\n<link rel=\"canonical\" href=\"https:\/\/www.correiobraziliense.com.br\/cbradar\/essa-fruta-pequena-e-exotica-pode-fortalecer-a-imunidade-e-ajudar-no-equilibrio-do-corpo\/\" \/>\n<meta property=\"og:locale\" content=\"pt_BR\" \/>\n<meta property=\"og:type\" content=\"article\" \/>\n<meta property=\"og:title\" content=\"Essa fruta pequena e ex\u00f3tica pode fortalecer a imunidade e ajudar no equil\u00edbrio do corpo - Correio Braziliense - Radar\" \/>\n<meta property=\"og:description\" content=\"Fruto leve e nutritivo, rico em antioxidantes, fibras e vitaminas, que apoia imunidade e equil\u00edbrio metab\u00f3lico no dia a dia.\" \/>\n<meta property=\"og:url\" content=\"https:\/\/www.correiobraziliense.com.br\/cbradar\/essa-fruta-pequena-e-exotica-pode-fortalecer-a-imunidade-e-ajudar-no-equilibrio-do-corpo\/\" \/>\n<meta property=\"og:site_name\" content=\"Correio Braziliense - Radar\" \/>\n<meta property=\"article:published_time\" content=\"2026-02-28T13:45:00+00:00\" \/>\n<meta property=\"og:image\" content=\"https:\/\/www.correiobraziliense.com.br\/cbradar\/wp-content\/uploads\/2026\/02\/Gemini_Generated_Image_d60hhdd60hhdd60h-1.png\" \/>\n\t<meta property=\"og:image:width\" content=\"1280\" \/>\n\t<meta property=\"og:image:height\" content=\"720\" \/>\n\t<meta property=\"og:image:type\" content=\"image\/png\" \/>\n<meta name=\"author\" content=\"Daniely Cardoso\" \/>\n<meta name=\"twitter:card\" content=\"summary_large_image\" \/>\n<meta name=\"twitter:label1\" content=\"Escrito por\" \/>\n\t<meta name=\"twitter:data1\" content=\"Daniely Cardoso\" \/>\n\t<meta name=\"twitter:label2\" content=\"Est. tempo de leitura\" \/>\n\t<meta name=\"twitter:data2\" content=\"6 minutos\" \/>\n<!-- \/ Yoast SEO plugin. -->","yoast_head_json":{"title":"Essa fruta pequena e ex\u00f3tica pode fortalecer a imunidade e ajudar no equil\u00edbrio do corpo - Correio Braziliense - Radar","description":"Fruto leve e nutritivo, rico em antioxidantes, fibras e vitaminas, que apoia imunidade e equil\u00edbrio metab\u00f3lico no dia a dia.","robots":{"index":"index","follow":"follow","max-snippet":"max-snippet:-1","max-image-preview":"max-image-preview:large","max-video-preview":"max-video-preview:-1"},"canonical":"https:\/\/www.correiobraziliense.com.br\/cbradar\/essa-fruta-pequena-e-exotica-pode-fortalecer-a-imunidade-e-ajudar-no-equilibrio-do-corpo\/","og_locale":"pt_BR","og_type":"article","og_title":"Essa fruta pequena e ex\u00f3tica pode fortalecer a imunidade e ajudar no equil\u00edbrio do corpo - Correio Braziliense - Radar","og_description":"Fruto leve e nutritivo, rico em antioxidantes, fibras e vitaminas, que apoia imunidade e equil\u00edbrio metab\u00f3lico no dia a dia.","og_url":"https:\/\/www.correiobraziliense.com.br\/cbradar\/essa-fruta-pequena-e-exotica-pode-fortalecer-a-imunidade-e-ajudar-no-equilibrio-do-corpo\/","og_site_name":"Correio Braziliense - Radar","article_published_time":"2026-02-28T13:45:00+00:00","og_image":[{"width":1280,"height":720,"url":"https:\/\/www.correiobraziliense.com.br\/cbradar\/wp-content\/uploads\/2026\/02\/Gemini_Generated_Image_d60hhdd60hhdd60h-1.png","type":"image\/png"}],"author":"Daniely Cardoso","twitter_card":"summary_large_image","twitter_misc":{"Escrito por":"Daniely Cardoso","Est. tempo de leitura":"6 minutos"},"schema":{"@context":"https:\/\/schema.org","@graph":[{"@type":"WebPage","@id":"https:\/\/www.correiobraziliense.com.br\/cbradar\/essa-fruta-pequena-e-exotica-pode-fortalecer-a-imunidade-e-ajudar-no-equilibrio-do-corpo\/","url":"https:\/\/www.correiobraziliense.com.br\/cbradar\/essa-fruta-pequena-e-exotica-pode-fortalecer-a-imunidade-e-ajudar-no-equilibrio-do-corpo\/","name":"Essa fruta pequena e ex\u00f3tica pode fortalecer a imunidade e ajudar no equil\u00edbrio do corpo - Correio Braziliense - Radar","isPartOf":{"@id":"https:\/\/www.correiobraziliense.com.br\/cbradar\/#website"},"primaryImageOfPage":{"@id":"https:\/\/www.correiobraziliense.com.br\/cbradar\/essa-fruta-pequena-e-exotica-pode-fortalecer-a-imunidade-e-ajudar-no-equilibrio-do-corpo\/#primaryimage"},"image":{"@id":"https:\/\/www.correiobraziliense.com.br\/cbradar\/essa-fruta-pequena-e-exotica-pode-fortalecer-a-imunidade-e-ajudar-no-equilibrio-do-corpo\/#primaryimage"},"thumbnailUrl":"https:\/\/www.correiobraziliense.com.br\/cbradar\/wp-content\/uploads\/2026\/02\/Gemini_Generated_Image_d60hhdd60hhdd60h-1.png","datePublished":"2026-02-28T13:45:00+00:00","author":{"@id":"https:\/\/www.correiobraziliense.com.br\/cbradar\/#\/schema\/person\/7356666e12ec0ee53f348ee5db227032"},"description":"Fruto leve e nutritivo, rico em antioxidantes, fibras e vitaminas, que apoia imunidade e equil\u00edbrio metab\u00f3lico no dia a dia.","breadcrumb":{"@id":"https:\/\/www.correiobraziliense.com.br\/cbradar\/essa-fruta-pequena-e-exotica-pode-fortalecer-a-imunidade-e-ajudar-no-equilibrio-do-corpo\/#breadcrumb"},"inLanguage":"pt-BR","potentialAction":[{"@type":"ReadAction","target":["https:\/\/www.correiobraziliense.com.br\/cbradar\/essa-fruta-pequena-e-exotica-pode-fortalecer-a-imunidade-e-ajudar-no-equilibrio-do-corpo\/"]}]},{"@type":"ImageObject","inLanguage":"pt-BR","@id":"https:\/\/www.correiobraziliense.com.br\/cbradar\/essa-fruta-pequena-e-exotica-pode-fortalecer-a-imunidade-e-ajudar-no-equilibrio-do-corpo\/#primaryimage","url":"https:\/\/www.correiobraziliense.com.br\/cbradar\/wp-content\/uploads\/2026\/02\/Gemini_Generated_Image_d60hhdd60hhdd60h-1.png","contentUrl":"https:\/\/www.correiobraziliense.com.br\/cbradar\/wp-content\/uploads\/2026\/02\/Gemini_Generated_Image_d60hhdd60hhdd60h-1.png","width":1280,"height":720,"caption":"Os efeitos da physalis no organismo est\u00e3o relacionados principalmente a suporte imunol\u00f3gico, prote\u00e7\u00e3o celular e equil\u00edbrio metab\u00f3lico"},{"@type":"BreadcrumbList","@id":"https:\/\/www.correiobraziliense.com.br\/cbradar\/essa-fruta-pequena-e-exotica-pode-fortalecer-a-imunidade-e-ajudar-no-equilibrio-do-corpo\/#breadcrumb","itemListElement":[{"@type":"ListItem","position":1,"name":"In\u00edcio","item":"https:\/\/www.correiobraziliense.com.br\/cbradar\/"},{"@type":"ListItem","position":2,"name":"Essa fruta pequena e ex\u00f3tica pode fortalecer a imunidade e ajudar no equil\u00edbrio do corpo"}]},{"@type":"WebSite","@id":"https:\/\/www.correiobraziliense.com.br\/cbradar\/#website","url":"https:\/\/www.correiobraziliense.com.br\/cbradar\/","name":"Correio Braziliense - Radar","description":"Acompanhe as \u00faltimas not\u00edcias e fique bem informado sobre tudo o que acontece no Brasil e no mundo.","potentialAction":[{"@type":"SearchAction","target":{"@type":"EntryPoint","urlTemplate":"https:\/\/www.correiobraziliense.com.br\/cbradar\/?s={search_term_string}"},"query-input":{"@type":"PropertyValueSpecification","valueRequired":true,"valueName":"search_term_string"}}],"inLanguage":"pt-BR"},{"@type":"Person","@id":"https:\/\/www.correiobraziliense.com.br\/cbradar\/#\/schema\/person\/7356666e12ec0ee53f348ee5db227032","name":"Daniely Cardoso","image":{"@type":"ImageObject","inLanguage":"pt-BR","@id":"https:\/\/www.correiobraziliense.com.br\/cbradar\/#\/schema\/person\/image\/","url":"https:\/\/secure.gravatar.com\/avatar\/4b80ddbd124d1f071b626d52d62e5dff?s=96&d=mm&r=g","contentUrl":"https:\/\/secure.gravatar.com\/avatar\/4b80ddbd124d1f071b626d52d62e5dff?s=96&d=mm&r=g","caption":"Daniely Cardoso"},"description":"Redatora nos portais CB Radar e EM Foco, formada pela Universidade Federal de Goi\u00e1s, em Goi\u00e2nia. Apaixonada por comunica\u00e7\u00e3o, arte, decora\u00e7\u00e3o e tend\u00eancias, atuo na produ\u00e7\u00e3o de conte\u00fados envolventes sobre curiosidades, moda, beleza e paisagismo, sempre com um olhar atento \u00e0s novidades do momento.","sameAs":["https:\/\/www.correiobraziliense.com.br\/cbradar"],"url":"https:\/\/www.correiobraziliense.com.br\/cbradar\/author\/danielymyth\/"}]}},"_links":{"self":[{"href":"https:\/\/www.correiobraziliense.com.br\/cbradar\/wp-json\/wp\/v2\/posts\/200417","targetHints":{"allow":["GET"]}}],"collection":[{"href":"https:\/\/www.correiobraziliense.com.br\/cbradar\/wp-json\/wp\/v2\/posts"}],"about":[{"href":"https:\/\/www.correiobraziliense.com.br\/cbradar\/wp-json\/wp\/v2\/types\/post"}],"author":[{"embeddable":true,"href":"https:\/\/www.correiobraziliense.com.br\/cbradar\/wp-json\/wp\/v2\/users\/9"}],"replies":[{"embeddable":true,"href":"https:\/\/www.correiobraziliense.com.br\/cbradar\/wp-json\/wp\/v2\/comments?post=200417"}],"version-history":[{"count":1,"href":"https:\/\/www.correiobraziliense.com.br\/cbradar\/wp-json\/wp\/v2\/posts\/200417\/revisions"}],"predecessor-version":[{"id":200422,"href":"https:\/\/www.correiobraziliense.com.br\/cbradar\/wp-json\/wp\/v2\/posts\/200417\/revisions\/200422"}],"wp:featuredmedia":[{"embeddable":true,"href":"https:\/\/www.correiobraziliense.com.br\/cbradar\/wp-json\/wp\/v2\/media\/200435"}],"wp:attachment":[{"href":"https:\/\/www.correiobraziliense.com.br\/cbradar\/wp-json\/wp\/v2\/media?parent=200417"}],"wp:term":[{"taxonomy":"category","embeddable":true,"href":"https:\/\/www.correiobraziliense.com.br\/cbradar\/wp-json\/wp\/v2\/categories?post=200417"},{"taxonomy":"post_tag","embeddable":true,"href":"https:\/\/www.correiobraziliense.com.br\/cbradar\/wp-json\/wp\/v2\/post_tag?post=200417"}],"curies":[{"name":"wp","href":"https:\/\/api.w.org\/{rel}","templated":true}]}}