{"id":20047,"date":"2025-04-07T17:30:00","date_gmt":"2025-04-07T20:30:00","guid":{"rendered":"https:\/\/www.correiobraziliense.com.br\/cbradar\/?p=20047"},"modified":"2025-04-06T18:58:53","modified_gmt":"2025-04-06T21:58:53","slug":"e-se-o-corpo-humano-se-movesse-na-velocidade-da-luz","status":"publish","type":"post","link":"https:\/\/www.correiobraziliense.com.br\/cbradar\/e-se-o-corpo-humano-se-movesse-na-velocidade-da-luz\/","title":{"rendered":"E se o corpo humano se movesse na velocidade da luz?"},"content":{"rendered":"\n<p>Na <strong>fic\u00e7\u00e3o cient\u00edfica<\/strong>, \u00e9 comum ver <strong>naves espaciais<\/strong> viajando a velocidades inimagin\u00e1veis, como a <strong><a href=\"https:\/\/pt.wikipedia.org\/wiki\/Velocidade_da_luz\" target=\"_blank\" rel=\"noreferrer noopener\">velocidade da luz<\/a><\/strong>. No entanto, na realidade, alcan\u00e7ar essa velocidade, que \u00e9 de aproximadamente <strong>299.792.458 metros por segundo<\/strong>, apresenta desafios f\u00edsicos significativos. A <strong>velocidade da luz<\/strong> \u00e9 a velocidade m\u00e1xima \u00e0 qual a informa\u00e7\u00e3o pode ser transmitida no universo, e apenas part\u00edculas sem massa podem alcan\u00e7\u00e1-la.<\/p>\n\n\n\n<p>De acordo com o professor de f\u00edsica <strong>Gerd Kortemeyer<\/strong>, da <strong><a href=\"https:\/\/msu.edu\/\" target=\"_blank\" rel=\"noreferrer noopener\">Michigan State University<\/a><\/strong>, a <strong>velocidade da luz<\/strong> \u00e9 um limite imposto pelas leis da f\u00edsica. Mesmo que fosse poss\u00edvel criar uma nave capaz de atingir essa velocidade, o consumo de <a href=\"https:\/\/www.correiobraziliense.com.br\/cbradar\/conheca-a-cidade-onde-as-calcadas-brilham-no-escuro-sem-energia\/\" target=\"_blank\" rel=\"noreferrer noopener\"><strong>energia<\/strong> <\/a>necess\u00e1rio seria astron\u00f4mico. Al\u00e9m disso, os efeitos sobre o <strong>corpo humano<\/strong> seriam extremos e potencialmente fatais.<\/p>\n\n\n\n<h2 class=\"wp-block-heading\">Por que \u00e9 imposs\u00edvel alcan\u00e7ar a velocidade da luz?<\/h2>\n\n\n\n<p>Para uma <strong>nave espacial<\/strong> atingir <strong>99%<\/strong> da <strong>velocidade da luz<\/strong>, seria necess\u00e1rio um combust\u00edvel extremamente eficiente, capaz de converter <strong>massa<\/strong> em <strong>energia<\/strong> sem perdas. No entanto, mesmo com um combust\u00edvel ideal, a quantidade de <strong>energia<\/strong> requerida seria colossal. Estima-se que seria necess\u00e1rio mais de <strong>200 vezes<\/strong> a energia consumida por toda a <strong>Terra<\/strong> em um ano para impulsionar uma nave de <strong>10 toneladas m\u00e9tricas<\/strong> a essa velocidade.<\/p>\n\n\n\n<p>Al\u00e9m disso, a <strong>acelera\u00e7\u00e3o<\/strong> necess\u00e1ria para atingir a <strong>velocidade da luz<\/strong> causaria <strong>for\u00e7as gravitacionais<\/strong> insuport\u00e1veis para o <strong>corpo humano<\/strong>. Atualmente, os humanos conseguem suportar for\u00e7as de at\u00e9 <strong>4 a 6 G<\/strong> por curtos per\u00edodos. For\u00e7as superiores a essas, por per\u00edodos prolongados, poderiam ser fatais devido \u00e0 press\u00e3o exercida sobre os fluidos corporais.<\/p>\n\n\n<div class=\"wp-block-image\">\n<figure class=\"aligncenter size-large\"><img decoding=\"async\" width=\"1024\" height=\"576\" src=\"https:\/\/www.correiobraziliense.com.br\/cbradar\/wp-content\/uploads\/2025\/04\/velocidade-luz_1743976588326-1024x576.jpg\" alt=\"\" class=\"wp-image-20103\" srcset=\"https:\/\/www.correiobraziliense.com.br\/cbradar\/wp-content\/uploads\/2025\/04\/velocidade-luz_1743976588326-1024x576.jpg 1024w, https:\/\/www.correiobraziliense.com.br\/cbradar\/wp-content\/uploads\/2025\/04\/velocidade-luz_1743976588326-300x169.jpg 300w, https:\/\/www.correiobraziliense.com.br\/cbradar\/wp-content\/uploads\/2025\/04\/velocidade-luz_1743976588326-768x432.jpg 768w, https:\/\/www.correiobraziliense.com.br\/cbradar\/wp-content\/uploads\/2025\/04\/velocidade-luz_1743976588326-750x422.jpg 750w, https:\/\/www.correiobraziliense.com.br\/cbradar\/wp-content\/uploads\/2025\/04\/velocidade-luz_1743976588326-1140x641.jpg 1140w, https:\/\/www.correiobraziliense.com.br\/cbradar\/wp-content\/uploads\/2025\/04\/velocidade-luz_1743976588326.jpg 1280w\" sizes=\"(max-width: 1024px) 100vw, 1024px\" \/><figcaption class=\"wp-element-caption\">Cr\u00e9ditos: depositphotos.com \/ Iakov<\/figcaption><\/figure><\/div>\n\n\n<h2 class=\"wp-block-heading\">Quais seriam os efeitos visuais e temporais de viajar na velocidade da luz?<\/h2>\n\n\n\n<p>Se fosse poss\u00edvel viajar na <strong>velocidade da luz<\/strong>, os efeitos visuais seriam dramaticamente alterados. O fen\u00f4meno conhecido como <strong>efeito Doppler visual<\/strong> faria com que as cores dos objetos mudassem. Objetos se aproximando pareceriam mais <strong>azuis<\/strong>, enquanto aqueles dos quais nos afastamos pareceriam mais vermelhos. Essa mudan\u00e7a ocorre devido \u00e0 compress\u00e3o e expans\u00e3o dos comprimentos de onda da luz.<\/p>\n\n\n\n<p>Al\u00e9m dos efeitos visuais, a <strong>percep\u00e7\u00e3o do<\/strong> <strong>tempo<\/strong> tamb\u00e9m seria alterada. A <strong>teoria da relatividade<\/strong> de <strong>Einstein<\/strong> prev\u00ea que, \u00e0 medida que se aproxima da <strong>velocidade da luz<\/strong>, o tempo para o viajante passa mais lentamente em compara\u00e7\u00e3o com o tempo na <strong>Terra<\/strong>. Por exemplo, uma viagem de dois minutos a essa velocidade poderia equivaler a seis dias terrestres.<\/p>\n\n\n\n<h2 class=\"wp-block-heading\">\u00c9 poss\u00edvel sobreviver a uma viagem na velocidade da luz?<\/h2>\n\n\n\n<p>Mesmo que fosse poss\u00edvel construir uma nave que alcan\u00e7asse a <strong>velocidade da luz<\/strong>, a sobreviv\u00eancia humana seria altamente improv\u00e1vel. A <strong>acelera\u00e7\u00e3o<\/strong> necess\u00e1ria para atingir tal velocidade causaria <strong>for\u00e7as gravitacionais esmagadoras<\/strong>. O <strong>corpo humano<\/strong>, adaptado para viver sob a for\u00e7a gravitacional da <strong>Terra<\/strong>, n\u00e3o suportaria as for\u00e7as extremas envolvidas.<\/p>\n\n\n\n<p>Al\u00e9m disso, a exposi\u00e7\u00e3o prolongada a essas for\u00e7as poderia causar danos irrepar\u00e1veis aos \u00f3rg\u00e3os internos e ao sistema circulat\u00f3rio. Portanto, enquanto a ideia de viajar na <strong>velocidade da luz<\/strong> \u00e9 fascinante, ela permanece, por enquanto, no reino da <strong>fic\u00e7\u00e3o cient\u00edfica<\/strong>.<\/p>\n\n\n\n<h2 class=\"wp-block-heading\">O que o futuro reserva para viagens espaciais?<\/h2>\n\n\n\n<p>Embora a viagem na <strong>velocidade da luz<\/strong> seja atualmente imposs\u00edvel, a explora\u00e7\u00e3o espacial continua a avan\u00e7ar. Tecnologias como propuls\u00e3o i\u00f4nica e motores de fus\u00e3o est\u00e3o sendo desenvolvidas para tornar as viagens espaciais mais r\u00e1pidas e eficientes. Essas inova\u00e7\u00f5es podem n\u00e3o nos levar \u00e0 <strong>velocidade da luz<\/strong>, mas prometem revolucionar a maneira como exploramos o cosmos.<\/p>\n\n\n\n<p>\u00c0 medida que a ci\u00eancia e a tecnologia evoluem, novas possibilidades podem surgir, talvez um dia permitindo que os humanos viajem mais longe e mais r\u00e1pido do que jamais imaginamos. At\u00e9 l\u00e1, a <strong>velocidade da luz<\/strong> continuar\u00e1 a ser um limite fascinante e intranspon\u00edvel da f\u00edsica.<\/p>\n","protected":false},"excerpt":{"rendered":"<p>Na fic\u00e7\u00e3o cient\u00edfica, \u00e9 comum ver naves espaciais viajando a velocidades inimagin\u00e1veis, como a velocidade da luz. No entanto, na realidade, alcan\u00e7ar essa velocidade, que \u00e9 de aproximadamente 299.792.458 metros por segundo, apresenta desafios f\u00edsicos significativos. A velocidade da luz \u00e9 a velocidade m\u00e1xima \u00e0 qual a informa\u00e7\u00e3o pode ser transmitida no universo, e apenas [&hellip;]<\/p>\n","protected":false},"author":8,"featured_media":20102,"comment_status":"open","ping_status":"open","sticky":false,"template":"","format":"standard","meta":{"_yoast_wpseo_focuskw":"humano","_yoast_wpseo_title":"","_yoast_wpseo_metadesc":"Descubra o que aconteceria com o corpo humano se ele se movesse na velocidade da luz. Os efeitos s\u00e3o surpreendentes e extremos!","jnews-multi-image_gallery":[],"jnews_single_post":{"format":"standard"},"jnews_primary_category":[],"jnews_social_meta":[],"jnews_override_counter":[],"footnotes":""},"categories":[112],"tags":[736,144,2951],"class_list":["post-20047","post","type-post","status-publish","format-standard","has-post-thumbnail","hentry","category-curiosidades","tag-ciencia","tag-curiosidades","tag-velocidade-da-luz"],"yoast_head":"<!-- This site is optimized with the Yoast SEO plugin v24.6 - https:\/\/yoast.com\/wordpress\/plugins\/seo\/ -->\n<title>E se o corpo humano se movesse na velocidade da luz? - Correio Braziliense - Radar<\/title>\n<meta name=\"description\" content=\"Descubra o que aconteceria com o corpo humano se ele se movesse na velocidade da luz. Os efeitos s\u00e3o surpreendentes e extremos!\" \/>\n<meta name=\"robots\" content=\"index, follow, max-snippet:-1, max-image-preview:large, max-video-preview:-1\" \/>\n<link rel=\"canonical\" href=\"https:\/\/www.correiobraziliense.com.br\/cbradar\/e-se-o-corpo-humano-se-movesse-na-velocidade-da-luz\/\" \/>\n<meta property=\"og:locale\" content=\"pt_BR\" \/>\n<meta property=\"og:type\" content=\"article\" \/>\n<meta property=\"og:title\" content=\"E se o corpo humano se movesse na velocidade da luz? - Correio Braziliense - Radar\" \/>\n<meta property=\"og:description\" content=\"Descubra o que aconteceria com o corpo humano se ele se movesse na velocidade da luz. Os efeitos s\u00e3o surpreendentes e extremos!\" \/>\n<meta property=\"og:url\" content=\"https:\/\/www.correiobraziliense.com.br\/cbradar\/e-se-o-corpo-humano-se-movesse-na-velocidade-da-luz\/\" \/>\n<meta property=\"og:site_name\" content=\"Correio Braziliense - Radar\" \/>\n<meta property=\"article:published_time\" content=\"2025-04-07T20:30:00+00:00\" \/>\n<meta property=\"og:image\" content=\"https:\/\/www.correiobraziliense.com.br\/cbradar\/wp-content\/uploads\/2025\/04\/velocidade-luz_1743976576801.jpg\" \/>\n\t<meta property=\"og:image:width\" content=\"1280\" \/>\n\t<meta property=\"og:image:height\" content=\"720\" \/>\n\t<meta property=\"og:image:type\" content=\"image\/jpeg\" \/>\n<meta name=\"author\" content=\"Maura Pereira\" \/>\n<meta name=\"twitter:card\" content=\"summary_large_image\" \/>\n<meta name=\"twitter:label1\" content=\"Escrito por\" \/>\n\t<meta name=\"twitter:data1\" content=\"Maura Pereira\" \/>\n\t<meta name=\"twitter:label2\" content=\"Est. tempo de leitura\" \/>\n\t<meta name=\"twitter:data2\" content=\"4 minutos\" \/>\n<!-- \/ Yoast SEO plugin. -->","yoast_head_json":{"title":"E se o corpo humano se movesse na velocidade da luz? - Correio Braziliense - Radar","description":"Descubra o que aconteceria com o corpo humano se ele se movesse na velocidade da luz. Os efeitos s\u00e3o surpreendentes e extremos!","robots":{"index":"index","follow":"follow","max-snippet":"max-snippet:-1","max-image-preview":"max-image-preview:large","max-video-preview":"max-video-preview:-1"},"canonical":"https:\/\/www.correiobraziliense.com.br\/cbradar\/e-se-o-corpo-humano-se-movesse-na-velocidade-da-luz\/","og_locale":"pt_BR","og_type":"article","og_title":"E se o corpo humano se movesse na velocidade da luz? - Correio Braziliense - Radar","og_description":"Descubra o que aconteceria com o corpo humano se ele se movesse na velocidade da luz. Os efeitos s\u00e3o surpreendentes e extremos!","og_url":"https:\/\/www.correiobraziliense.com.br\/cbradar\/e-se-o-corpo-humano-se-movesse-na-velocidade-da-luz\/","og_site_name":"Correio Braziliense - Radar","article_published_time":"2025-04-07T20:30:00+00:00","og_image":[{"width":1280,"height":720,"url":"https:\/\/www.correiobraziliense.com.br\/cbradar\/wp-content\/uploads\/2025\/04\/velocidade-luz_1743976576801.jpg","type":"image\/jpeg"}],"author":"Maura Pereira","twitter_card":"summary_large_image","twitter_misc":{"Escrito por":"Maura Pereira","Est. tempo de leitura":"4 minutos"},"schema":{"@context":"https:\/\/schema.org","@graph":[{"@type":"WebPage","@id":"https:\/\/www.correiobraziliense.com.br\/cbradar\/e-se-o-corpo-humano-se-movesse-na-velocidade-da-luz\/","url":"https:\/\/www.correiobraziliense.com.br\/cbradar\/e-se-o-corpo-humano-se-movesse-na-velocidade-da-luz\/","name":"E se o corpo humano se movesse na velocidade da luz? - Correio Braziliense - Radar","isPartOf":{"@id":"https:\/\/www.correiobraziliense.com.br\/cbradar\/#website"},"primaryImageOfPage":{"@id":"https:\/\/www.correiobraziliense.com.br\/cbradar\/e-se-o-corpo-humano-se-movesse-na-velocidade-da-luz\/#primaryimage"},"image":{"@id":"https:\/\/www.correiobraziliense.com.br\/cbradar\/e-se-o-corpo-humano-se-movesse-na-velocidade-da-luz\/#primaryimage"},"thumbnailUrl":"https:\/\/www.correiobraziliense.com.br\/cbradar\/wp-content\/uploads\/2025\/04\/velocidade-luz_1743976576801.jpg","datePublished":"2025-04-07T20:30:00+00:00","author":{"@id":"https:\/\/www.correiobraziliense.com.br\/cbradar\/#\/schema\/person\/4053c651a9bfc785afc6f4cbc9032fd3"},"description":"Descubra o que aconteceria com o corpo humano se ele se movesse na velocidade da luz. Os efeitos s\u00e3o surpreendentes e extremos!","breadcrumb":{"@id":"https:\/\/www.correiobraziliense.com.br\/cbradar\/e-se-o-corpo-humano-se-movesse-na-velocidade-da-luz\/#breadcrumb"},"inLanguage":"pt-BR","potentialAction":[{"@type":"ReadAction","target":["https:\/\/www.correiobraziliense.com.br\/cbradar\/e-se-o-corpo-humano-se-movesse-na-velocidade-da-luz\/"]}]},{"@type":"ImageObject","inLanguage":"pt-BR","@id":"https:\/\/www.correiobraziliense.com.br\/cbradar\/e-se-o-corpo-humano-se-movesse-na-velocidade-da-luz\/#primaryimage","url":"https:\/\/www.correiobraziliense.com.br\/cbradar\/wp-content\/uploads\/2025\/04\/velocidade-luz_1743976576801.jpg","contentUrl":"https:\/\/www.correiobraziliense.com.br\/cbradar\/wp-content\/uploads\/2025\/04\/velocidade-luz_1743976576801.jpg","width":1280,"height":720,"caption":"Cr\u00e9ditos: depositphotos.com \/ sepavone"},{"@type":"BreadcrumbList","@id":"https:\/\/www.correiobraziliense.com.br\/cbradar\/e-se-o-corpo-humano-se-movesse-na-velocidade-da-luz\/#breadcrumb","itemListElement":[{"@type":"ListItem","position":1,"name":"In\u00edcio","item":"https:\/\/www.correiobraziliense.com.br\/cbradar\/"},{"@type":"ListItem","position":2,"name":"E se o corpo humano se movesse na velocidade da luz?"}]},{"@type":"WebSite","@id":"https:\/\/www.correiobraziliense.com.br\/cbradar\/#website","url":"https:\/\/www.correiobraziliense.com.br\/cbradar\/","name":"Correio Braziliense - Radar","description":"Acompanhe as \u00faltimas not\u00edcias e fique bem informado sobre tudo o que acontece no Brasil e no mundo.","potentialAction":[{"@type":"SearchAction","target":{"@type":"EntryPoint","urlTemplate":"https:\/\/www.correiobraziliense.com.br\/cbradar\/?s={search_term_string}"},"query-input":{"@type":"PropertyValueSpecification","valueRequired":true,"valueName":"search_term_string"}}],"inLanguage":"pt-BR"},{"@type":"Person","@id":"https:\/\/www.correiobraziliense.com.br\/cbradar\/#\/schema\/person\/4053c651a9bfc785afc6f4cbc9032fd3","name":"Maura Pereira","image":{"@type":"ImageObject","inLanguage":"pt-BR","@id":"https:\/\/www.correiobraziliense.com.br\/cbradar\/#\/schema\/person\/image\/","url":"https:\/\/secure.gravatar.com\/avatar\/3effd6bdadfa447f15089c7f7144eaa6?s=96&d=mm&r=g","contentUrl":"https:\/\/secure.gravatar.com\/avatar\/3effd6bdadfa447f15089c7f7144eaa6?s=96&d=mm&r=g","caption":"Maura Pereira"},"sameAs":["https:\/\/www.correiobraziliense.com.br\/"],"url":"https:\/\/www.correiobraziliense.com.br\/cbradar\/author\/mauramyth\/"}]}},"_links":{"self":[{"href":"https:\/\/www.correiobraziliense.com.br\/cbradar\/wp-json\/wp\/v2\/posts\/20047","targetHints":{"allow":["GET"]}}],"collection":[{"href":"https:\/\/www.correiobraziliense.com.br\/cbradar\/wp-json\/wp\/v2\/posts"}],"about":[{"href":"https:\/\/www.correiobraziliense.com.br\/cbradar\/wp-json\/wp\/v2\/types\/post"}],"author":[{"embeddable":true,"href":"https:\/\/www.correiobraziliense.com.br\/cbradar\/wp-json\/wp\/v2\/users\/8"}],"replies":[{"embeddable":true,"href":"https:\/\/www.correiobraziliense.com.br\/cbradar\/wp-json\/wp\/v2\/comments?post=20047"}],"version-history":[{"count":7,"href":"https:\/\/www.correiobraziliense.com.br\/cbradar\/wp-json\/wp\/v2\/posts\/20047\/revisions"}],"predecessor-version":[{"id":20104,"href":"https:\/\/www.correiobraziliense.com.br\/cbradar\/wp-json\/wp\/v2\/posts\/20047\/revisions\/20104"}],"wp:featuredmedia":[{"embeddable":true,"href":"https:\/\/www.correiobraziliense.com.br\/cbradar\/wp-json\/wp\/v2\/media\/20102"}],"wp:attachment":[{"href":"https:\/\/www.correiobraziliense.com.br\/cbradar\/wp-json\/wp\/v2\/media?parent=20047"}],"wp:term":[{"taxonomy":"category","embeddable":true,"href":"https:\/\/www.correiobraziliense.com.br\/cbradar\/wp-json\/wp\/v2\/categories?post=20047"},{"taxonomy":"post_tag","embeddable":true,"href":"https:\/\/www.correiobraziliense.com.br\/cbradar\/wp-json\/wp\/v2\/tags?post=20047"}],"curies":[{"name":"wp","href":"https:\/\/api.w.org\/{rel}","templated":true}]}}