{"id":200718,"date":"2026-02-28T18:25:00","date_gmt":"2026-02-28T21:25:00","guid":{"rendered":"https:\/\/www.correiobraziliense.com.br\/cbradar\/?p=200718"},"modified":"2026-02-28T09:42:27","modified_gmt":"2026-02-28T12:42:27","slug":"o-isotonico-natural-definitivo-que-hidrata-e-reduz-caimbras","status":"publish","type":"post","link":"https:\/\/www.correiobraziliense.com.br\/cbradar\/o-isotonico-natural-definitivo-que-hidrata-e-reduz-caimbras\/","title":{"rendered":"O isot\u00f4nico natural definitivo que hidrata e reduz c\u00e2imbras"},"content":{"rendered":"\n<p>A <strong>\u00e1gua de coco<\/strong> se destaca como uma bebida naturalmente hidratante e rica em eletr\u00f3litos essenciais, sendo uma escolha popular em regi\u00f5es tropicais. Com aproximadamente 38 calorias por copo de 200 ml, ela \u00e9 uma alternativa refrescante e uma fonte de pot\u00e1ssio, magn\u00e9sio e s\u00f3dio, o que a torna uma aliada valiosa para a sa\u00fade em diversas situa\u00e7\u00f5es.<\/p>\n\n\n\n<h2 class=\"wp-block-heading\">Quais o benef\u00edcios comprovados da \u00e1gua de coco?<\/h2>\n\n\n\n<p>A \u00e1gua de coco oferece mais do que hidrata\u00e7\u00e3o, trazendo propriedades terap\u00eauticas que v\u00eam sendo estudadas cientificamente. Revis\u00f5es recentes destacam sua composi\u00e7\u00e3o em vitaminas, minerais, amino\u00e1cidos e antioxidantes, associando seu consumo \u00e0 prote\u00e7\u00e3o das c\u00e9lulas contra danos oxidativos.<\/p>\n\n\n\n<p>Estudos tamb\u00e9m apontam a\u00e7\u00f5es antioxidantes, antif\u00fangicas e anti-inflamat\u00f3rias, o que justifica seu uso regular por pessoas com maior demanda de recupera\u00e7\u00e3o f\u00edsica. Em alguns contextos, ela pode complementar estrat\u00e9gias nutricionais voltadas \u00e0 sa\u00fade cardiovascular e ao controle da press\u00e3o arterial.<\/p>\n\n\n\n<p>Para compreender melhor os benef\u00edcios da \u00e1gua de coco e seus poss\u00edveis impactos na hidrata\u00e7\u00e3o e na sa\u00fade, assista ao v\u00eddeo a seguir, no qual o(a) <strong>especialista<\/strong> explica o assunto de forma clara e did\u00e1tica no canal respons\u00e1vel pelo conte\u00fado.<\/p>\n\n\n\n<iframe loading=\"lazy\" width=\"1396\" height=\"785\" src=\"https:\/\/www.youtube.com\/embed\/RCpVbVq3xrI\" title=\"Descubra os Benef\u00edcios Ocultos da \u00c1GUA DE COCO\" frameborder=\"0\" allow=\"accelerometer; autoplay; clipboard-write; encrypted-media; gyroscope; picture-in-picture; web-share\" referrerpolicy=\"strict-origin-when-cross-origin\" allowfullscreen><\/iframe>\n\n\n\n<h2 class=\"wp-block-heading\">Principais grupos que podem se beneficiar do consumo<\/h2>\n\n\n\n<p>Embora a \u00e1gua de coco possa ser consumida por muitas pessoas, alguns grupos se beneficiam especialmente de suas propriedades. Atletas podem utiliz\u00e1-la como isot\u00f4nico natural para repor eletr\u00f3litos perdidos no suor, especialmente em treinos mais longos ou em ambientes quentes.<\/p>\n\n\n\n<p>Gestantes e pessoas que vivem em climas muito quentes tamb\u00e9m podem aproveitar sua a\u00e7\u00e3o hidratante, principalmente em casos de n\u00e1usea leve ou epis\u00f3dios de desidrata\u00e7\u00e3o. Nesses casos, ela pode auxiliar na preven\u00e7\u00e3o de c\u00e2imbras e mal-estar associados \u00e0 perda de l\u00edquidos.<\/p>\n\n\n\n<h2 class=\"wp-block-heading\">Qual a import\u00e2ncia do pot\u00e1ssio presente na \u00e1gua de coco?<\/h2>\n\n\n\n<p>O pot\u00e1ssio, presente em quantidades superiores \u00e0s de uma banana m\u00e9dia por por\u00e7\u00e3o, \u00e9 um dos grandes destaques da \u00e1gua de coco. Esse mineral atua no bom funcionamento muscular, na regula\u00e7\u00e3o da frequ\u00eancia card\u00edaca e no equil\u00edbrio de l\u00edquidos corporais.<\/p>\n\n\n\n<p>Para indiv\u00edduos que consomem poucas frutas e vegetais, a \u00e1gua de coco pode ser uma forma pr\u00e1tica de melhorar a ingest\u00e3o de pot\u00e1ssio. Ainda assim, ela deve complementar, e n\u00e3o substituir, uma alimenta\u00e7\u00e3o variada, rica em alimentos in natura.<\/p>\n\n\n<div class=\"wp-block-image\">\n<figure class=\"aligncenter size-large\"><img decoding=\"async\" width=\"1024\" height=\"576\" src=\"https:\/\/www.correiobraziliense.com.br\/cbradar\/wp-content\/uploads\/2025\/06\/coco_1748963775739-1024x576.jpg\" alt=\"\" class=\"wp-image-47482\" srcset=\"https:\/\/www.correiobraziliense.com.br\/cbradar\/wp-content\/uploads\/2025\/06\/coco_1748963775739-1024x576.jpg 1024w, https:\/\/www.correiobraziliense.com.br\/cbradar\/wp-content\/uploads\/2025\/06\/coco_1748963775739-300x169.jpg 300w, https:\/\/www.correiobraziliense.com.br\/cbradar\/wp-content\/uploads\/2025\/06\/coco_1748963775739-768x432.jpg 768w, https:\/\/www.correiobraziliense.com.br\/cbradar\/wp-content\/uploads\/2025\/06\/coco_1748963775739-750x422.jpg 750w, https:\/\/www.correiobraziliense.com.br\/cbradar\/wp-content\/uploads\/2025\/06\/coco_1748963775739-1140x641.jpg 1140w, https:\/\/www.correiobraziliense.com.br\/cbradar\/wp-content\/uploads\/2025\/06\/coco_1748963775739.jpg 1280w\" sizes=\"(max-width: 1024px) 100vw, 1024px\" \/><figcaption class=\"wp-element-caption\">Coco &#8211; Cr\u00e9ditos: depositphotos.com \/ alebloshka<\/figcaption><\/figure><\/div>\n\n\n<h2 class=\"wp-block-heading\">Cuidados importantes ao consumir \u00e1gua de coco?<\/h2>\n\n\n\n<p>Apesar dos benef\u00edcios, algumas pessoas precisam ter cautela ao incluir \u00e1gua de coco na rotina. Indiv\u00edduos com doen\u00e7a renal cr\u00f4nica ou que usam medicamentos que aumentam o pot\u00e1ssio no sangue devem consultar um m\u00e9dico antes de consumi-la com frequ\u00eancia.<\/p>\n\n\n\n<p>Mesmo em pessoas saud\u00e1veis, o consumo exagerado pode provocar desequil\u00edbrios eletrol\u00edticos, principalmente em casos de ingest\u00e3o muito elevada e cont\u00ednua. Em geral, recomenda-se modera\u00e7\u00e3o, evitando grandes volumes di\u00e1rios sem orienta\u00e7\u00e3o profissional.<\/p>\n\n\n\n<h2 class=\"wp-block-heading\">Diferen\u00e7as entre \u00e1gua de coco fresca e industrializada<\/h2>\n\n\n\n<p>A escolha entre \u00e1gua de coco fresca e industrializada pode influenciar o teor de nutrientes e aditivos consumidos. A vers\u00e3o natural costuma preservar melhor vitaminas sens\u00edveis ao calor e \u00e0 luz e, em geral, n\u00e3o cont\u00e9m a\u00e7\u00facar ou s\u00f3dio adicionados.<\/p>\n\n\n\n<p>Ao optar por vers\u00f5es de caixinha ou garrafa, \u00e9 importante observar o r\u00f3tulo e verificar a lista de ingredientes. Alguns pontos que merecem aten\u00e7\u00e3o incluem:<\/p>\n\n\n\n<!-- \ud83c\udf3f Tabela: \ud83e\udd64 Crit\u00e9rios de Avalia\u00e7\u00e3o de Bebidas para Hidrata\u00e7\u00e3o Di\u00e1ria -->\n\n<div class=\"bebida-table\" role=\"region\" aria-labelledby=\"bebida-caption\">\n  <style>\n    .bebida-table{\n      --bg:#fff1f2;\n      --text:#1f2937;\n      --muted:#6b7280;\n      --border:#fecdd3;\n      --primary:#be123c;\n      --primary-bg:#ffe4e6;\n      --highlight:#fff5f7;\n      --radius:16px;\n      --shadow:0 8px 22px rgba(190,18,60,.08);\n      margin:1rem 0 2rem; background:var(--bg);\n      border:1px solid var(--border); border-radius:var(--radius);\n      box-shadow:var(--shadow); overflow:hidden;\n      font-family:\"Poppins\",sans-serif; font-size:.97rem;\n    }\n    .bebida-table .header{\n      padding:1rem 1.25rem; border-bottom:1px solid var(--border);\n      background:linear-gradient(90deg,var(--highlight) 0%,var(--primary-bg) 100%);\n    }\n    .bebida-table .header h3{ margin:0; font-size:1.25rem; font-weight:700; color:var(--text); }\n    .bebida-table .header p{ margin:.35rem 0 0; font-size:.95rem; color:var(--muted); }\n    .bebida-table .table-wrap{ overflow-x:auto; -webkit-overflow-scrolling:touch; scrollbar-width:thin; }\n    .bebida-table table{ width:100%; border-collapse:separate; border-spacing:0; min-width:700px; }\n    .bebida-table thead th{\n      text-align:left; font-weight:700; color:var(--text);\n      background:var(--primary-bg); padding:.9rem 1rem; border-bottom:2px solid var(--border);\n    }\n    .bebida-table tbody td{\n      padding:1rem; border-bottom:1px solid var(--border);\n      vertical-align:top; color:var(--text); background:#fff; line-height:1.5;\n    }\n    .bebida-table tbody tr:nth-child(odd) td{ background:var(--highlight); }\n    .bebida-table tbody tr:hover td{ background:color-mix(in oklab, var(--primary-bg) 70%, white); transition:all .25s ease-in-out; }\n    .bebida-table .name{ font-weight:700; font-size:1rem; color:var(--text); }\n    .bebida-table .desc{ color:var(--muted); }\n    .bebida-table .price{\n      display:inline-block; background:color-mix(in oklab, var(--primary) 10%, white);\n      color:var(--primary); border:1px solid var(--border); border-radius:999px;\n      padding:.35rem .7rem; font-weight:700; font-size:.9rem; margin-top:.3rem;\n    }\n    @media (max-width:640px){ .bebida-table table{ min-width:600px; } .bebida-table .header h3{ font-size:1.1rem; } }\n  <\/style>\n\n  <div class=\"header\">\n    <h3 id=\"bebida-caption\">\ud83e\udd64 Crit\u00e9rios de Avalia\u00e7\u00e3o de Bebidas para Hidrata\u00e7\u00e3o Di\u00e1ria<\/h3>\n    <p>Pontos importantes para analisar qualidade nutricional e adequa\u00e7\u00e3o ao consumo frequente.<\/p>\n  <\/div>\n\n  <div class=\"table-wrap\" tabindex=\"0\" aria-label=\"\ud83e\udd64 Crit\u00e9rios de Avalia\u00e7\u00e3o de Bebidas para Hidrata\u00e7\u00e3o Di\u00e1ria\">\n    <table>\n      <thead>\n        <tr>\n          <th>Crit\u00e9rio<\/th>\n          <th>Descri\u00e7\u00e3o<\/th>\n        <\/tr>\n      <\/thead>\n      <tbody>\n        <tr>\n          <td><span class=\"name\">A\u00e7\u00facares adicionados ou ado\u00e7antes artificiais<\/span><\/td>\n          <td><span class=\"desc\">Verificar se a bebida cont\u00e9m a\u00e7\u00facares extras, xaropes ou ado\u00e7antes artificiais, que podem impactar a sa\u00fade metab\u00f3lica e n\u00e3o s\u00e3o ideais para hidrata\u00e7\u00e3o di\u00e1ria.<\/span><\/td>\n        <\/tr>\n        <tr>\n          <td><span class=\"name\">Teor de s\u00f3dio elevado<\/span><\/td>\n          <td><span class=\"desc\">Avaliar se o n\u00edvel de s\u00f3dio est\u00e1 acima do necess\u00e1rio para consumo cotidiano, considerando que excesso pode contribuir para reten\u00e7\u00e3o de l\u00edquidos e aumento da press\u00e3o arterial.<\/span><\/td>\n        <\/tr>\n        <tr>\n          <td><span class=\"name\">Uso de aromas, corantes ou conservantes<\/span><\/td>\n          <td><span class=\"desc\">Identificar a presen\u00e7a de aditivos artificiais desnecess\u00e1rios, que n\u00e3o agregam valor nutricional e podem ser evitados em bebidas para uso frequente.<\/span><\/td>\n        <\/tr>\n        <tr>\n          <td><span class=\"name\">Pasteuriza\u00e7\u00e3o e validade<\/span><\/td>\n          <td><span class=\"desc\">Informa\u00e7\u00f5es sobre o processo de pasteuriza\u00e7\u00e3o e prazo de validade ajudam a entender poss\u00edveis perdas nutricionais e o n\u00edvel de processamento do produto.<\/span><\/td>\n        <\/tr>\n      <\/tbody>\n    <\/table>\n  <\/div>\n<\/div>\n\n\n\n<h2 class=\"wp-block-heading\">Considera\u00e7\u00f5es finais sobre o consumo di\u00e1rio de \u00e1gua de coco<\/h2>\n\n\n\n<p>A \u00e1gua de coco pode ser uma adi\u00e7\u00e3o valiosa \u00e0 dieta, oferecendo boa hidrata\u00e7\u00e3o e aporte de eletr\u00f3litos em diferentes situa\u00e7\u00f5es do dia a dia. Para a maioria das pessoas saud\u00e1veis, o consumo moderado se mostra seguro e pode complementar a ingest\u00e3o de l\u00edquidos.<\/p>\n\n\n\n<p>Por outro lado, quem possui condi\u00e7\u00f5es de sa\u00fade espec\u00edficas, como doen\u00e7as renais ou cardiovasculares, deve buscar orienta\u00e7\u00e3o de m\u00e9dico ou nutricionista antes de torn\u00e1-la um h\u00e1bito di\u00e1rio. Assim, \u00e9 poss\u00edvel aproveitar seus benef\u00edcios sem aumentar o risco de desequil\u00edbrios no organismo.<\/p>\n\n\n<a href=\"https:\/\/www.instagram.com\/dra.annaluisabf\/\" target=\"_blank\" rel=\"noopener\" style=\"text-decoration: none; color: inherit;\">\n    <span style=\"display: inline-block; border: 1px solid #ccc; border-radius: 10px; padding: 15px; max-width: 550px; font-family: sans-serif; box-shadow: 0 2px 5px rgba(0,0,0,0.1); width: 100%;\">\n\n      <!-- T\u00edtulo -->\n      <span style=\"display: block; margin: 0 0 15px 0; font-weight: bold; color: #2c3e50; text-align: center;\">\n        Entre em contato:\n      <\/span>\n\n      <!-- Linha do perfil -->\n      <span style=\"display: flex; align-items: center; gap: 15px;\">\n        <img decoding=\"async\"\n          src=\"https:\/\/www.correiobraziliense.com.br\/cbradar\/wp-content\/uploads\/2025\/08\/dra_anna_luisa.jpeg\"\n          alt=\"Foto da Dra. Anna Lu\u00edsa\"\n          style=\"border-radius: 50%; width: 80px; height: 80px; object-fit: cover;\"\n        \/>\n        <span style=\"display: flex; flex-direction: column;\">\n          <span style=\"font-size: 18px; font-weight: 700; color: #2c3e50;\">Dra. Anna Lu\u00edsa Barbosa Fernandes<\/span>\n          <span style=\"color: #555;\">CRM-GO 33.271<\/span>\n        <\/span>\n      <\/span>\n\n      <!-- Redes -->\n      <span style=\"display: flex; align-items: center; gap: 10px; margin-top: 12px;\">\n        <img decoding=\"async\" src=\"https:\/\/cdn-icons-png.flaticon.com\/24\/1384\/1384063.png\" alt=\"Instagram\" width=\"24\" height=\"24\" \/>\n        <span style=\"text-decoration: underline; color: #2c3e50;\">@dra.annaluisabf<\/span>\n      <\/span>\n\n    <\/span>\n  <\/a>","protected":false},"excerpt":{"rendered":"<p>A \u00e1gua de coco se destaca como uma bebida naturalmente hidratante e rica em eletr\u00f3litos essenciais, sendo uma escolha popular em regi\u00f5es tropicais. Com aproximadamente 38 calorias por copo de 200 ml, ela \u00e9 uma alternativa refrescante e uma fonte de pot\u00e1ssio, magn\u00e9sio e s\u00f3dio, o que a torna uma aliada valiosa para a sa\u00fade [&hellip;]<\/p>\n","protected":false},"author":14,"featured_media":47481,"comment_status":"open","ping_status":"open","sticky":false,"template":"","format":"standard","meta":{"_yoast_wpseo_focuskw":"\u00c1gua de coco","_yoast_wpseo_title":"","_yoast_wpseo_metadesc":"\u00c1gua de coco \u00e9 uma das melhores formas de hidrata\u00e7\u00e3o natural. Descubra como ela pode proteger m\u00fasculos e cora\u00e7\u00e3o.","jnews-multi-image_gallery":[],"jnews_single_post":{"format":"standard"},"jnews_primary_category":[],"jnews_social_meta":[],"jnews_override_counter":[],"footnotes":""},"categories":[4404],"post_tag":[120,247,1318],"class_list":["post-200718","post","type-post","status-publish","format-standard","has-post-thumbnail","hentry","category-saude","tag-bem-estar","tag-qualidade-de-vida","tag-saude-2"],"yoast_head":"<!-- This site is optimized with the Yoast SEO plugin v24.6 - https:\/\/yoast.com\/wordpress\/plugins\/seo\/ -->\n<title>O isot\u00f4nico natural definitivo que hidrata e reduz c\u00e2imbras - Correio Braziliense - Radar<\/title>\n<meta name=\"description\" content=\"\u00c1gua de coco \u00e9 uma das melhores formas de hidrata\u00e7\u00e3o natural. Descubra como ela pode proteger m\u00fasculos e cora\u00e7\u00e3o.\" \/>\n<meta name=\"robots\" content=\"index, follow, max-snippet:-1, max-image-preview:large, max-video-preview:-1\" \/>\n<link rel=\"canonical\" href=\"https:\/\/www.correiobraziliense.com.br\/cbradar\/o-isotonico-natural-definitivo-que-hidrata-e-reduz-caimbras\/\" \/>\n<meta property=\"og:locale\" content=\"pt_BR\" \/>\n<meta property=\"og:type\" content=\"article\" \/>\n<meta property=\"og:title\" content=\"O isot\u00f4nico natural definitivo que hidrata e reduz c\u00e2imbras - Correio Braziliense - Radar\" \/>\n<meta property=\"og:description\" content=\"\u00c1gua de coco \u00e9 uma das melhores formas de hidrata\u00e7\u00e3o natural. Descubra como ela pode proteger m\u00fasculos e cora\u00e7\u00e3o.\" \/>\n<meta property=\"og:url\" content=\"https:\/\/www.correiobraziliense.com.br\/cbradar\/o-isotonico-natural-definitivo-que-hidrata-e-reduz-caimbras\/\" \/>\n<meta property=\"og:site_name\" content=\"Correio Braziliense - Radar\" \/>\n<meta property=\"article:published_time\" content=\"2026-02-28T21:25:00+00:00\" \/>\n<meta property=\"og:image\" content=\"https:\/\/www.correiobraziliense.com.br\/cbradar\/wp-content\/uploads\/2025\/06\/coco_1748963746000.jpg\" \/>\n\t<meta property=\"og:image:width\" content=\"1280\" \/>\n\t<meta property=\"og:image:height\" content=\"720\" \/>\n\t<meta property=\"og:image:type\" content=\"image\/jpeg\" \/>\n<meta name=\"author\" content=\"guilherme_saude\" \/>\n<meta name=\"twitter:card\" content=\"summary_large_image\" \/>\n<meta name=\"twitter:label1\" content=\"Escrito por\" \/>\n\t<meta name=\"twitter:data1\" content=\"guilherme_saude\" \/>\n\t<meta name=\"twitter:label2\" content=\"Est. tempo de leitura\" \/>\n\t<meta name=\"twitter:data2\" content=\"9 minutos\" \/>\n<!-- \/ Yoast SEO plugin. -->","yoast_head_json":{"title":"O isot\u00f4nico natural definitivo que hidrata e reduz c\u00e2imbras - Correio Braziliense - Radar","description":"\u00c1gua de coco \u00e9 uma das melhores formas de hidrata\u00e7\u00e3o natural. Descubra como ela pode proteger m\u00fasculos e cora\u00e7\u00e3o.","robots":{"index":"index","follow":"follow","max-snippet":"max-snippet:-1","max-image-preview":"max-image-preview:large","max-video-preview":"max-video-preview:-1"},"canonical":"https:\/\/www.correiobraziliense.com.br\/cbradar\/o-isotonico-natural-definitivo-que-hidrata-e-reduz-caimbras\/","og_locale":"pt_BR","og_type":"article","og_title":"O isot\u00f4nico natural definitivo que hidrata e reduz c\u00e2imbras - Correio Braziliense - Radar","og_description":"\u00c1gua de coco \u00e9 uma das melhores formas de hidrata\u00e7\u00e3o natural. Descubra como ela pode proteger m\u00fasculos e cora\u00e7\u00e3o.","og_url":"https:\/\/www.correiobraziliense.com.br\/cbradar\/o-isotonico-natural-definitivo-que-hidrata-e-reduz-caimbras\/","og_site_name":"Correio Braziliense - Radar","article_published_time":"2026-02-28T21:25:00+00:00","og_image":[{"width":1280,"height":720,"url":"https:\/\/www.correiobraziliense.com.br\/cbradar\/wp-content\/uploads\/2025\/06\/coco_1748963746000.jpg","type":"image\/jpeg"}],"author":"guilherme_saude","twitter_card":"summary_large_image","twitter_misc":{"Escrito por":"guilherme_saude","Est. tempo de leitura":"9 minutos"},"schema":{"@context":"https:\/\/schema.org","@graph":[{"@type":"WebPage","@id":"https:\/\/www.correiobraziliense.com.br\/cbradar\/o-isotonico-natural-definitivo-que-hidrata-e-reduz-caimbras\/","url":"https:\/\/www.correiobraziliense.com.br\/cbradar\/o-isotonico-natural-definitivo-que-hidrata-e-reduz-caimbras\/","name":"O isot\u00f4nico natural definitivo que hidrata e reduz c\u00e2imbras - Correio Braziliense - Radar","isPartOf":{"@id":"https:\/\/www.correiobraziliense.com.br\/cbradar\/#website"},"primaryImageOfPage":{"@id":"https:\/\/www.correiobraziliense.com.br\/cbradar\/o-isotonico-natural-definitivo-que-hidrata-e-reduz-caimbras\/#primaryimage"},"image":{"@id":"https:\/\/www.correiobraziliense.com.br\/cbradar\/o-isotonico-natural-definitivo-que-hidrata-e-reduz-caimbras\/#primaryimage"},"thumbnailUrl":"https:\/\/www.correiobraziliense.com.br\/cbradar\/wp-content\/uploads\/2025\/06\/coco_1748963746000.jpg","datePublished":"2026-02-28T21:25:00+00:00","author":{"@id":"https:\/\/www.correiobraziliense.com.br\/cbradar\/#\/schema\/person\/5aa4bf3c8fa699c267933611de12978b"},"description":"\u00c1gua de coco \u00e9 uma das melhores formas de hidrata\u00e7\u00e3o natural. Descubra como ela pode proteger m\u00fasculos e cora\u00e7\u00e3o.","breadcrumb":{"@id":"https:\/\/www.correiobraziliense.com.br\/cbradar\/o-isotonico-natural-definitivo-que-hidrata-e-reduz-caimbras\/#breadcrumb"},"inLanguage":"pt-BR","potentialAction":[{"@type":"ReadAction","target":["https:\/\/www.correiobraziliense.com.br\/cbradar\/o-isotonico-natural-definitivo-que-hidrata-e-reduz-caimbras\/"]}]},{"@type":"ImageObject","inLanguage":"pt-BR","@id":"https:\/\/www.correiobraziliense.com.br\/cbradar\/o-isotonico-natural-definitivo-que-hidrata-e-reduz-caimbras\/#primaryimage","url":"https:\/\/www.correiobraziliense.com.br\/cbradar\/wp-content\/uploads\/2025\/06\/coco_1748963746000.jpg","contentUrl":"https:\/\/www.correiobraziliense.com.br\/cbradar\/wp-content\/uploads\/2025\/06\/coco_1748963746000.jpg","width":1280,"height":720,"caption":"coco - Cr\u00e9ditos: depositphotos.com \/ HayDmitriy"},{"@type":"BreadcrumbList","@id":"https:\/\/www.correiobraziliense.com.br\/cbradar\/o-isotonico-natural-definitivo-que-hidrata-e-reduz-caimbras\/#breadcrumb","itemListElement":[{"@type":"ListItem","position":1,"name":"In\u00edcio","item":"https:\/\/www.correiobraziliense.com.br\/cbradar\/"},{"@type":"ListItem","position":2,"name":"O isot\u00f4nico natural definitivo que hidrata e reduz c\u00e2imbras"}]},{"@type":"WebSite","@id":"https:\/\/www.correiobraziliense.com.br\/cbradar\/#website","url":"https:\/\/www.correiobraziliense.com.br\/cbradar\/","name":"Correio Braziliense - Radar","description":"Acompanhe as \u00faltimas not\u00edcias e fique bem informado sobre tudo o que acontece no Brasil e no mundo.","potentialAction":[{"@type":"SearchAction","target":{"@type":"EntryPoint","urlTemplate":"https:\/\/www.correiobraziliense.com.br\/cbradar\/?s={search_term_string}"},"query-input":{"@type":"PropertyValueSpecification","valueRequired":true,"valueName":"search_term_string"}}],"inLanguage":"pt-BR"},{"@type":"Person","@id":"https:\/\/www.correiobraziliense.com.br\/cbradar\/#\/schema\/person\/5aa4bf3c8fa699c267933611de12978b","name":"guilherme_saude","image":{"@type":"ImageObject","inLanguage":"pt-BR","@id":"https:\/\/www.correiobraziliense.com.br\/cbradar\/#\/schema\/person\/image\/","url":"https:\/\/secure.gravatar.com\/avatar\/df9adfb835d344bc0af109d41756253f?s=96&d=mm&r=g","contentUrl":"https:\/\/secure.gravatar.com\/avatar\/df9adfb835d344bc0af109d41756253f?s=96&d=mm&r=g","caption":"guilherme_saude"},"url":"https:\/\/www.correiobraziliense.com.br\/cbradar\/author\/guilherme_saude\/"}]}},"_links":{"self":[{"href":"https:\/\/www.correiobraziliense.com.br\/cbradar\/wp-json\/wp\/v2\/posts\/200718","targetHints":{"allow":["GET"]}}],"collection":[{"href":"https:\/\/www.correiobraziliense.com.br\/cbradar\/wp-json\/wp\/v2\/posts"}],"about":[{"href":"https:\/\/www.correiobraziliense.com.br\/cbradar\/wp-json\/wp\/v2\/types\/post"}],"author":[{"embeddable":true,"href":"https:\/\/www.correiobraziliense.com.br\/cbradar\/wp-json\/wp\/v2\/users\/14"}],"replies":[{"embeddable":true,"href":"https:\/\/www.correiobraziliense.com.br\/cbradar\/wp-json\/wp\/v2\/comments?post=200718"}],"version-history":[{"count":2,"href":"https:\/\/www.correiobraziliense.com.br\/cbradar\/wp-json\/wp\/v2\/posts\/200718\/revisions"}],"predecessor-version":[{"id":200854,"href":"https:\/\/www.correiobraziliense.com.br\/cbradar\/wp-json\/wp\/v2\/posts\/200718\/revisions\/200854"}],"wp:featuredmedia":[{"embeddable":true,"href":"https:\/\/www.correiobraziliense.com.br\/cbradar\/wp-json\/wp\/v2\/media\/47481"}],"wp:attachment":[{"href":"https:\/\/www.correiobraziliense.com.br\/cbradar\/wp-json\/wp\/v2\/media?parent=200718"}],"wp:term":[{"taxonomy":"category","embeddable":true,"href":"https:\/\/www.correiobraziliense.com.br\/cbradar\/wp-json\/wp\/v2\/categories?post=200718"},{"taxonomy":"post_tag","embeddable":true,"href":"https:\/\/www.correiobraziliense.com.br\/cbradar\/wp-json\/wp\/v2\/post_tag?post=200718"}],"curies":[{"name":"wp","href":"https:\/\/api.w.org\/{rel}","templated":true}]}}