{"id":200855,"date":"2026-02-28T17:15:00","date_gmt":"2026-02-28T20:15:00","guid":{"rendered":"https:\/\/www.correiobraziliense.com.br\/cbradar\/?p=200855"},"modified":"2026-02-28T09:46:13","modified_gmt":"2026-02-28T12:46:13","slug":"os-melhores-alimentos-para-aumentar-melatonina-e-dormir-mais-rapido","status":"publish","type":"post","link":"https:\/\/www.correiobraziliense.com.br\/cbradar\/os-melhores-alimentos-para-aumentar-melatonina-e-dormir-mais-rapido\/","title":{"rendered":"Os melhores alimentos para aumentar melatonina e dormir mais r\u00e1pido"},"content":{"rendered":"\n<p>A melatonina \u00e9 um dos componentes cruciais no processo de regula\u00e7\u00e3o do sono humano. Produzida pela gl\u00e2ndula pineal, sua libera\u00e7\u00e3o \u00e9 estimulada pela aus\u00eancia de luz, desempenhando um papel central no ciclo circadiano. Esse horm\u00f4nio tamb\u00e9m se destaca por suas propriedades antioxidantes, que combatem o envelhecimento precoce das c\u00e9lulas. Entender como otimizar sua produ\u00e7\u00e3o natural por meio da alimenta\u00e7\u00e3o, da luz adequada e de bons h\u00e1bitos pode ser a chave para um descanso mais profundo e revigorante.<\/p>\n\n\n\n<h2 class=\"wp-block-heading\">Quais os alimentos ricos em melatonina e seus precursores?<\/h2>\n\n\n\n<p>V\u00e1rios alimentos s\u00e3o conhecidos por estimular a produ\u00e7\u00e3o de melatonina, seja por conter o horm\u00f4nio diretamente ou seu precursor, o triptofano. Incluir essas fontes na dieta, especialmente na refei\u00e7\u00e3o noturna, pode ajudar a sinalizar para o corpo que \u00e9 hora de descansar e facilita o in\u00edcio do sono.<\/p>\n\n\n\n<p>H\u00e1 uma s\u00e9rie de alimentos que podem contribuir significativamente para o aumento dos n\u00edveis de melatonina no organismo. As cerejas est\u00e3o entre as poucas frutas que cont\u00eam melatonina de forma direta, enquanto nozes, am\u00eandoas, banana, aveia e peixes gordos, como o salm\u00e3o, oferecem nutrientes que favorecem a sua produ\u00e7\u00e3o.<\/p>\n\n\n\n<p>Para compreender melhor quais s\u00e3o os cinco alimentos que estimulam a produ\u00e7\u00e3o de melatonina, assista ao v\u00eddeo a seguir, no qual o <strong>Dr. Rocha<\/strong> explica o assunto de forma clara e did\u00e1tica no canal <strong>Dr. Rocha<\/strong>.<\/p>\n\n\n\n<iframe loading=\"lazy\" width=\"1396\" height=\"785\" src=\"https:\/\/www.youtube.com\/embed\/Ors7lxswWAQ\" title=\"Melatonina: 5 alimentos que estimulam a produ\u00e7\u00e3o | Dr. Rocha\" frameborder=\"0\" allow=\"accelerometer; autoplay; clipboard-write; encrypted-media; gyroscope; picture-in-picture; web-share\" referrerpolicy=\"strict-origin-when-cross-origin\" allowfullscreen><\/iframe>\n\n\n\n<h2 class=\"wp-block-heading\">H\u00e1 influ\u00eancia da luz na produ\u00e7\u00e3o de melatonina?<\/h2>\n\n\n\n<p>A exposi\u00e7\u00e3o \u00e0 luz, especialmente \u00e0 luz azul emitida por dispositivos eletr\u00f4nicos, \u00e9 um fator crucial que pode interferir na produ\u00e7\u00e3o de melatonina. Essa luz faz o c\u00e9rebro acreditar que ainda \u00e9 dia, bloqueando a libera\u00e7\u00e3o do horm\u00f4nio e atrasando o in\u00edcio do sono, o que prejudica a qualidade do descanso.<\/p>\n\n\n\n<p>Por isso, manter o ambiente de dormir escuro e aconchegante, al\u00e9m de limitar o uso de telas algumas horas antes de deitar, s\u00e3o pr\u00e1ticas recomendadas. A substitui\u00e7\u00e3o por ilumina\u00e7\u00e3o mais amena no per\u00edodo noturno tamb\u00e9m ajuda o corpo a entender que est\u00e1 pr\u00f3ximo da hora de dormir.<\/p>\n\n\n<div class=\"wp-block-image\">\n<figure class=\"aligncenter size-large\"><img decoding=\"async\" width=\"1024\" height=\"576\" src=\"https:\/\/www.correiobraziliense.com.br\/cbradar\/wp-content\/uploads\/2025\/12\/Melatonina-_1766187424738-1024x576.jpg\" alt=\"\" class=\"wp-image-159349\" srcset=\"https:\/\/www.correiobraziliense.com.br\/cbradar\/wp-content\/uploads\/2025\/12\/Melatonina-_1766187424738-1024x576.jpg 1024w, https:\/\/www.correiobraziliense.com.br\/cbradar\/wp-content\/uploads\/2025\/12\/Melatonina-_1766187424738-300x169.jpg 300w, https:\/\/www.correiobraziliense.com.br\/cbradar\/wp-content\/uploads\/2025\/12\/Melatonina-_1766187424738-768x432.jpg 768w, https:\/\/www.correiobraziliense.com.br\/cbradar\/wp-content\/uploads\/2025\/12\/Melatonina-_1766187424738-750x422.jpg 750w, https:\/\/www.correiobraziliense.com.br\/cbradar\/wp-content\/uploads\/2025\/12\/Melatonina-_1766187424738-1140x641.jpg 1140w, https:\/\/www.correiobraziliense.com.br\/cbradar\/wp-content\/uploads\/2025\/12\/Melatonina-_1766187424738.jpg 1280w\" sizes=\"(max-width: 1024px) 100vw, 1024px\" \/><figcaption class=\"wp-element-caption\">Melatonina &#8211; Cr\u00e9ditos: depositphotos.com \/ michelle.lee.arnold@outlook.com<\/figcaption><\/figure><\/div>\n\n\n<h2 class=\"wp-block-heading\">Quais os h\u00e1bitos que potencializam a produ\u00e7\u00e3o natural de melatonina?<\/h2>\n\n\n\n<p>Al\u00e9m da alimenta\u00e7\u00e3o, os h\u00e1bitos di\u00e1rios desempenham um papel importante na otimiza\u00e7\u00e3o dos n\u00edveis de melatonina. Estabelecer hor\u00e1rios regulares para dormir e acordar ajuda a regular o ciclo circadiano, enquanto jantar mais cedo evita que a digest\u00e3o intensa atrapalhe o in\u00edcio do sono.<\/p>\n\n\n\n<p>Algumas pr\u00e1ticas simples do dia a dia podem facilitar a regula\u00e7\u00e3o natural desse horm\u00f4nio e melhorar a qualidade do sono. Entre os h\u00e1bitos que costumam trazer melhores resultados, destacam-se:<\/p>\n\n\n\n<!-- \ud83c\udf3f Tabela: \ud83c\udf05 H\u00e1bitos para Regular o Sono -->\n\n<div class=\"rotina-sono\" role=\"region\" aria-labelledby=\"rotina-sono-caption\">\n  <style>\n    .rotina-sono{\n      --bg: #ffffff;\n      --text: #3a2e2e;\n      --muted: #7a5c61;\n      --border: #f1d5db;\n      --primary: #d6336c;\n      --primary-bg: #fde8ef;\n      --highlight: #fff5f7;\n      --radius: 16px;\n      --shadow: 0 8px 22px rgba(0,0,0,.06);\n      margin:1rem 0 2rem; background:var(--bg);\n      border:1px solid var(--border); border-radius:var(--radius);\n      box-shadow:var(--shadow); overflow:hidden;\n      font-family:\"Poppins\",sans-serif; font-size:.97rem;\n    }\n    .rotina-sono .header{\n      padding:1rem 1.25rem; border-bottom:1px solid var(--border);\n      background:linear-gradient(90deg,var(--highlight) 0%,var(--primary-bg) 100%);\n    }\n    .rotina-sono .header h3{ margin:0; font-size:1.25rem; font-weight:700; color:var(--text); }\n    .rotina-sono .header p{ margin:.35rem 0 0; font-size:.95rem; color:var(--muted); }\n    .rotina-sono .table-wrap{ overflow-x:auto; -webkit-overflow-scrolling:touch; scrollbar-width:thin; }\n    .rotina-sono table{ width:100%; border-collapse:separate; border-spacing:0; min-width:700px; }\n    .rotina-sono thead th{\n      text-align:left; font-weight:700; color:var(--text);\n      background:var(--primary-bg); padding:.9rem 1rem; border-bottom:2px solid var(--border);\n    }\n    .rotina-sono tbody td{\n      padding:1rem; border-bottom:1px solid var(--border);\n      vertical-align:top; color:var(--text); background:#fff; line-height:1.5;\n    }\n    .rotina-sono tbody tr:nth-child(odd) td{ background:var(--highlight); }\n    .rotina-sono tbody tr:hover td{ background:color-mix(in oklab, var(--primary-bg) 70%, white); transition:all .25s ease-in-out; }\n    .rotina-sono .name{ font-weight:700; font-size:1rem; color:var(--text); }\n    .rotina-sono .desc{ color:var(--muted); }\n    .rotina-sono .price{\n      display:inline-block; background:color-mix(in oklab, var(--primary) 10%, white);\n      color:var(--primary); border:1px solid var(--border); border-radius:999px;\n      padding:.35rem .7rem; font-weight:700; font-size:.9rem; margin-top:.3rem;\n    }\n    @media (max-width:640px){ .rotina-sono table{ min-width:600px; } .rotina-sono .header h3{ font-size:1.1rem; } }\n  <\/style>\n\n  <div class=\"header\">\n    <h3 id=\"rotina-sono-caption\">\ud83c\udf05 H\u00e1bitos para Regular o Sono<\/h3>\n    <p>Pr\u00e1ticas recomendadas para sincronizar o rel\u00f3gio biol\u00f3gico e melhorar a qualidade do descanso.<\/p>\n  <\/div>\n\n  <div class=\"table-wrap\" tabindex=\"0\" aria-label=\"\ud83c\udf05 H\u00e1bitos para Regular o Sono\">\n    <table>\n      <thead>\n        <tr>\n          <th>H\u00e1bito<\/th>\n        <\/tr>\n      <\/thead>\n      <tbody>\n        <tr>\n          <td><span class=\"desc\">Exposi\u00e7\u00e3o \u00e0 luz natural pela manh\u00e3 para sincronizar o rel\u00f3gio biol\u00f3gico.<\/span><\/td>\n        <\/tr>\n        <tr>\n          <td><span class=\"desc\">Evitar o consumo de cafe\u00edna a partir do meio da tarde.<\/span><\/td>\n        <\/tr>\n        <tr>\n          <td><span class=\"desc\">Reduzir o uso de dispositivos eletr\u00f4nicos antes de dormir.<\/span><\/td>\n        <\/tr>\n        <tr>\n          <td><span class=\"desc\">Tomar um banho morno \u00e0 noite para favorecer o relaxamento.<\/span><\/td>\n        <\/tr>\n      <\/tbody>\n    <\/table>\n  <\/div>\n<\/div>\n\n\n\n\n<p>Optar por solu\u00e7\u00f5es naturais e modificar o estilo de vida pode ser mais duradouro e ben\u00e9fico do que recorrer apenas a suplementos sint\u00e9ticos. Ajustes na dieta, no ambiente e nos h\u00e1bitos diurnos e noturnos s\u00e3o passos pr\u00e1ticos e acess\u00edveis para quem busca um sono mais profundo, eficaz e essencial para a sa\u00fade e o bem-estar.<\/p>\n\n\n<a href=\"https:\/\/www.instagram.com\/dra.annaluisabf\/\" target=\"_blank\" rel=\"noopener\" style=\"text-decoration: none; color: inherit;\">\n    <span style=\"display: inline-block; border: 1px solid #ccc; border-radius: 10px; padding: 15px; max-width: 550px; font-family: sans-serif; box-shadow: 0 2px 5px rgba(0,0,0,0.1); width: 100%;\">\n\n      <!-- T\u00edtulo -->\n      <span style=\"display: block; margin: 0 0 15px 0; font-weight: bold; color: #2c3e50; text-align: center;\">\n        Entre em contato:\n      <\/span>\n\n      <!-- Linha do perfil -->\n      <span style=\"display: flex; align-items: center; gap: 15px;\">\n        <img decoding=\"async\"\n          src=\"https:\/\/www.correiobraziliense.com.br\/cbradar\/wp-content\/uploads\/2025\/08\/dra_anna_luisa.jpeg\"\n          alt=\"Foto da Dra. Anna Lu\u00edsa\"\n          style=\"border-radius: 50%; width: 80px; height: 80px; object-fit: cover;\"\n        \/>\n        <span style=\"display: flex; flex-direction: column;\">\n          <span style=\"font-size: 18px; font-weight: 700; color: #2c3e50;\">Dra. Anna Lu\u00edsa Barbosa Fernandes<\/span>\n          <span style=\"color: #555;\">CRM-GO 33.271<\/span>\n        <\/span>\n      <\/span>\n\n      <!-- Redes -->\n      <span style=\"display: flex; align-items: center; gap: 10px; margin-top: 12px;\">\n        <img decoding=\"async\" src=\"https:\/\/cdn-icons-png.flaticon.com\/24\/1384\/1384063.png\" alt=\"Instagram\" width=\"24\" height=\"24\" \/>\n        <span style=\"text-decoration: underline; color: #2c3e50;\">@dra.annaluisabf<\/span>\n      <\/span>\n\n    <\/span>\n  <\/a>","protected":false},"excerpt":{"rendered":"<p>A melatonina \u00e9 um dos componentes cruciais no processo de regula\u00e7\u00e3o do sono humano. Produzida pela gl\u00e2ndula pineal, sua libera\u00e7\u00e3o \u00e9 estimulada pela aus\u00eancia de luz, desempenhando um papel central no ciclo circadiano. Esse horm\u00f4nio tamb\u00e9m se destaca por suas propriedades antioxidantes, que combatem o envelhecimento precoce das c\u00e9lulas. Entender como otimizar sua produ\u00e7\u00e3o natural [&hellip;]<\/p>\n","protected":false},"author":14,"featured_media":159350,"comment_status":"open","ping_status":"open","sticky":false,"template":"","format":"standard","meta":{"_yoast_wpseo_focuskw":"Melatonina","_yoast_wpseo_title":"","_yoast_wpseo_metadesc":"Melatonina regula o sono e protege as c\u00e9lulas. Descubra alimentos e h\u00e1bitos que aumentam sua produ\u00e7\u00e3o natural.","jnews-multi-image_gallery":[],"jnews_single_post":{"format":"standard"},"jnews_primary_category":[],"jnews_social_meta":[],"jnews_override_counter":[],"footnotes":""},"categories":[4404],"post_tag":[120,247,1318],"class_list":["post-200855","post","type-post","status-publish","format-standard","has-post-thumbnail","hentry","category-saude","tag-bem-estar","tag-qualidade-de-vida","tag-saude-2"],"yoast_head":"<!-- This site is optimized with the Yoast SEO plugin v24.6 - https:\/\/yoast.com\/wordpress\/plugins\/seo\/ -->\n<title>Os melhores alimentos para aumentar melatonina e dormir mais r\u00e1pido - Correio Braziliense - Radar<\/title>\n<meta name=\"description\" content=\"Melatonina regula o sono e protege as c\u00e9lulas. Descubra alimentos e h\u00e1bitos que aumentam sua produ\u00e7\u00e3o natural.\" \/>\n<meta name=\"robots\" content=\"index, follow, max-snippet:-1, max-image-preview:large, max-video-preview:-1\" \/>\n<link rel=\"canonical\" href=\"https:\/\/www.correiobraziliense.com.br\/cbradar\/os-melhores-alimentos-para-aumentar-melatonina-e-dormir-mais-rapido\/\" \/>\n<meta property=\"og:locale\" content=\"pt_BR\" \/>\n<meta property=\"og:type\" content=\"article\" \/>\n<meta property=\"og:title\" content=\"Os melhores alimentos para aumentar melatonina e dormir mais r\u00e1pido - Correio Braziliense - Radar\" \/>\n<meta property=\"og:description\" content=\"Melatonina regula o sono e protege as c\u00e9lulas. Descubra alimentos e h\u00e1bitos que aumentam sua produ\u00e7\u00e3o natural.\" \/>\n<meta property=\"og:url\" content=\"https:\/\/www.correiobraziliense.com.br\/cbradar\/os-melhores-alimentos-para-aumentar-melatonina-e-dormir-mais-rapido\/\" \/>\n<meta property=\"og:site_name\" content=\"Correio Braziliense - Radar\" \/>\n<meta property=\"article:published_time\" content=\"2026-02-28T20:15:00+00:00\" \/>\n<meta property=\"og:image\" content=\"https:\/\/www.correiobraziliense.com.br\/cbradar\/wp-content\/uploads\/2025\/12\/Melatonina-_1766187449960.jpg\" \/>\n\t<meta property=\"og:image:width\" content=\"1280\" \/>\n\t<meta property=\"og:image:height\" content=\"720\" \/>\n\t<meta property=\"og:image:type\" content=\"image\/jpeg\" \/>\n<meta name=\"author\" content=\"guilherme_saude\" \/>\n<meta name=\"twitter:card\" content=\"summary_large_image\" \/>\n<meta name=\"twitter:label1\" content=\"Escrito por\" \/>\n\t<meta name=\"twitter:data1\" content=\"guilherme_saude\" \/>\n\t<meta name=\"twitter:label2\" content=\"Est. tempo de leitura\" \/>\n\t<meta name=\"twitter:data2\" content=\"4 minutos\" \/>\n<!-- \/ Yoast SEO plugin. -->","yoast_head_json":{"title":"Os melhores alimentos para aumentar melatonina e dormir mais r\u00e1pido - Correio Braziliense - Radar","description":"Melatonina regula o sono e protege as c\u00e9lulas. Descubra alimentos e h\u00e1bitos que aumentam sua produ\u00e7\u00e3o natural.","robots":{"index":"index","follow":"follow","max-snippet":"max-snippet:-1","max-image-preview":"max-image-preview:large","max-video-preview":"max-video-preview:-1"},"canonical":"https:\/\/www.correiobraziliense.com.br\/cbradar\/os-melhores-alimentos-para-aumentar-melatonina-e-dormir-mais-rapido\/","og_locale":"pt_BR","og_type":"article","og_title":"Os melhores alimentos para aumentar melatonina e dormir mais r\u00e1pido - Correio Braziliense - Radar","og_description":"Melatonina regula o sono e protege as c\u00e9lulas. Descubra alimentos e h\u00e1bitos que aumentam sua produ\u00e7\u00e3o natural.","og_url":"https:\/\/www.correiobraziliense.com.br\/cbradar\/os-melhores-alimentos-para-aumentar-melatonina-e-dormir-mais-rapido\/","og_site_name":"Correio Braziliense - Radar","article_published_time":"2026-02-28T20:15:00+00:00","og_image":[{"width":1280,"height":720,"url":"https:\/\/www.correiobraziliense.com.br\/cbradar\/wp-content\/uploads\/2025\/12\/Melatonina-_1766187449960.jpg","type":"image\/jpeg"}],"author":"guilherme_saude","twitter_card":"summary_large_image","twitter_misc":{"Escrito por":"guilherme_saude","Est. tempo de leitura":"4 minutos"},"schema":{"@context":"https:\/\/schema.org","@graph":[{"@type":"WebPage","@id":"https:\/\/www.correiobraziliense.com.br\/cbradar\/os-melhores-alimentos-para-aumentar-melatonina-e-dormir-mais-rapido\/","url":"https:\/\/www.correiobraziliense.com.br\/cbradar\/os-melhores-alimentos-para-aumentar-melatonina-e-dormir-mais-rapido\/","name":"Os melhores alimentos para aumentar melatonina e dormir mais r\u00e1pido - Correio Braziliense - Radar","isPartOf":{"@id":"https:\/\/www.correiobraziliense.com.br\/cbradar\/#website"},"primaryImageOfPage":{"@id":"https:\/\/www.correiobraziliense.com.br\/cbradar\/os-melhores-alimentos-para-aumentar-melatonina-e-dormir-mais-rapido\/#primaryimage"},"image":{"@id":"https:\/\/www.correiobraziliense.com.br\/cbradar\/os-melhores-alimentos-para-aumentar-melatonina-e-dormir-mais-rapido\/#primaryimage"},"thumbnailUrl":"https:\/\/www.correiobraziliense.com.br\/cbradar\/wp-content\/uploads\/2025\/12\/Melatonina-_1766187449960.jpg","datePublished":"2026-02-28T20:15:00+00:00","author":{"@id":"https:\/\/www.correiobraziliense.com.br\/cbradar\/#\/schema\/person\/5aa4bf3c8fa699c267933611de12978b"},"description":"Melatonina regula o sono e protege as c\u00e9lulas. Descubra alimentos e h\u00e1bitos que aumentam sua produ\u00e7\u00e3o natural.","breadcrumb":{"@id":"https:\/\/www.correiobraziliense.com.br\/cbradar\/os-melhores-alimentos-para-aumentar-melatonina-e-dormir-mais-rapido\/#breadcrumb"},"inLanguage":"pt-BR","potentialAction":[{"@type":"ReadAction","target":["https:\/\/www.correiobraziliense.com.br\/cbradar\/os-melhores-alimentos-para-aumentar-melatonina-e-dormir-mais-rapido\/"]}]},{"@type":"ImageObject","inLanguage":"pt-BR","@id":"https:\/\/www.correiobraziliense.com.br\/cbradar\/os-melhores-alimentos-para-aumentar-melatonina-e-dormir-mais-rapido\/#primaryimage","url":"https:\/\/www.correiobraziliense.com.br\/cbradar\/wp-content\/uploads\/2025\/12\/Melatonina-_1766187449960.jpg","contentUrl":"https:\/\/www.correiobraziliense.com.br\/cbradar\/wp-content\/uploads\/2025\/12\/Melatonina-_1766187449960.jpg","width":1280,"height":720,"caption":"Como aumentar melatonina naturalmente e acordar mais disposto - Cr\u00e9ditos: depositphotos.com \/ Tasty_Cat"},{"@type":"BreadcrumbList","@id":"https:\/\/www.correiobraziliense.com.br\/cbradar\/os-melhores-alimentos-para-aumentar-melatonina-e-dormir-mais-rapido\/#breadcrumb","itemListElement":[{"@type":"ListItem","position":1,"name":"In\u00edcio","item":"https:\/\/www.correiobraziliense.com.br\/cbradar\/"},{"@type":"ListItem","position":2,"name":"Os melhores alimentos para aumentar melatonina e dormir mais r\u00e1pido"}]},{"@type":"WebSite","@id":"https:\/\/www.correiobraziliense.com.br\/cbradar\/#website","url":"https:\/\/www.correiobraziliense.com.br\/cbradar\/","name":"Correio Braziliense - Radar","description":"Acompanhe as \u00faltimas not\u00edcias e fique bem informado sobre tudo o que acontece no Brasil e no mundo.","potentialAction":[{"@type":"SearchAction","target":{"@type":"EntryPoint","urlTemplate":"https:\/\/www.correiobraziliense.com.br\/cbradar\/?s={search_term_string}"},"query-input":{"@type":"PropertyValueSpecification","valueRequired":true,"valueName":"search_term_string"}}],"inLanguage":"pt-BR"},{"@type":"Person","@id":"https:\/\/www.correiobraziliense.com.br\/cbradar\/#\/schema\/person\/5aa4bf3c8fa699c267933611de12978b","name":"guilherme_saude","image":{"@type":"ImageObject","inLanguage":"pt-BR","@id":"https:\/\/www.correiobraziliense.com.br\/cbradar\/#\/schema\/person\/image\/","url":"https:\/\/secure.gravatar.com\/avatar\/df9adfb835d344bc0af109d41756253f?s=96&d=mm&r=g","contentUrl":"https:\/\/secure.gravatar.com\/avatar\/df9adfb835d344bc0af109d41756253f?s=96&d=mm&r=g","caption":"guilherme_saude"},"url":"https:\/\/www.correiobraziliense.com.br\/cbradar\/author\/guilherme_saude\/"}]}},"_links":{"self":[{"href":"https:\/\/www.correiobraziliense.com.br\/cbradar\/wp-json\/wp\/v2\/posts\/200855","targetHints":{"allow":["GET"]}}],"collection":[{"href":"https:\/\/www.correiobraziliense.com.br\/cbradar\/wp-json\/wp\/v2\/posts"}],"about":[{"href":"https:\/\/www.correiobraziliense.com.br\/cbradar\/wp-json\/wp\/v2\/types\/post"}],"author":[{"embeddable":true,"href":"https:\/\/www.correiobraziliense.com.br\/cbradar\/wp-json\/wp\/v2\/users\/14"}],"replies":[{"embeddable":true,"href":"https:\/\/www.correiobraziliense.com.br\/cbradar\/wp-json\/wp\/v2\/comments?post=200855"}],"version-history":[{"count":1,"href":"https:\/\/www.correiobraziliense.com.br\/cbradar\/wp-json\/wp\/v2\/posts\/200855\/revisions"}],"predecessor-version":[{"id":200856,"href":"https:\/\/www.correiobraziliense.com.br\/cbradar\/wp-json\/wp\/v2\/posts\/200855\/revisions\/200856"}],"wp:featuredmedia":[{"embeddable":true,"href":"https:\/\/www.correiobraziliense.com.br\/cbradar\/wp-json\/wp\/v2\/media\/159350"}],"wp:attachment":[{"href":"https:\/\/www.correiobraziliense.com.br\/cbradar\/wp-json\/wp\/v2\/media?parent=200855"}],"wp:term":[{"taxonomy":"category","embeddable":true,"href":"https:\/\/www.correiobraziliense.com.br\/cbradar\/wp-json\/wp\/v2\/categories?post=200855"},{"taxonomy":"post_tag","embeddable":true,"href":"https:\/\/www.correiobraziliense.com.br\/cbradar\/wp-json\/wp\/v2\/post_tag?post=200855"}],"curies":[{"name":"wp","href":"https:\/\/api.w.org\/{rel}","templated":true}]}}