{"id":200863,"date":"2026-03-01T06:05:00","date_gmt":"2026-03-01T09:05:00","guid":{"rendered":"https:\/\/www.correiobraziliense.com.br\/cbradar\/?p=200863"},"modified":"2026-02-28T10:10:53","modified_gmt":"2026-02-28T13:10:53","slug":"a-fruta-mais-leve-para-dormir-melhor-e-desinchar-naturalmente","status":"publish","type":"post","link":"https:\/\/www.correiobraziliense.com.br\/cbradar\/a-fruta-mais-leve-para-dormir-melhor-e-desinchar-naturalmente\/","title":{"rendered":"A fruta mais leve para dormir melhor e desinchar naturalmente"},"content":{"rendered":"\n<p>Muitos indiv\u00edduos enfrentam noites mal dormidas e acordam com a sensa\u00e7\u00e3o de incha\u00e7o, procurando solu\u00e7\u00f5es complexas enquanto a resposta pode residir em algo t\u00e3o simples quanto o consumo de mel\u00e3o, fruta com propriedades relaxantes, hidratantes e levemente desintoxicantes que pode ser aliada do sono, da digest\u00e3o e de uma rotina noturna mais leve.<\/p>\n\n\n\n<h2 class=\"wp-block-heading\">Como o mel\u00e3o contribui para um sono melhor?<\/h2>\n\n\n\n<p>Estudos indicam que o mel\u00e3o, rico em magn\u00e9sio e pot\u00e1ssio, desempenha um papel importante no relaxamento muscular e na estabilidade do sistema nervoso. A adequada hidrata\u00e7\u00e3o proporcionada por esta fruta ajuda a evitar interrup\u00e7\u00f5es noturnas causadas por sede, contribuindo para manter a temperatura corporal est\u00e1vel durante o sono.<\/p>\n\n\n\n<p>Al\u00e9m disso, suas propriedades suavemente sedativas podem auxiliar na produ\u00e7\u00e3o de serotonina, essencial para um descanso profundo e revigorante. Consumir uma fatia de mel\u00e3o \u00e0 noite oferece precursores \u00fateis para melhorar a qualidade do sono e pode ajudar a atenuar a ins\u00f4nia de maneira natural.<\/p>\n\n\n\n<p>Para compreender melhor os benef\u00edcios do mel\u00e3o, para que serve e suas principais propriedades, assista ao v\u00eddeo a seguir, no qual a <strong>nutricionista Patr\u00edcia Leite<\/strong> explica o assunto de forma clara e did\u00e1tica no canal <strong>Nutricionista Patr\u00edcia Leite<\/strong>.<\/p>\n\n\n\n<iframe loading=\"lazy\" width=\"1396\" height=\"785\" src=\"https:\/\/www.youtube.com\/embed\/Wc5ChU9qabI\" title=\"Benef\u00edcios do Mel\u00e3o - Para Que Serve? Propriedades e Dicas [RECEITAS]\" frameborder=\"0\" allow=\"accelerometer; autoplay; clipboard-write; encrypted-media; gyroscope; picture-in-picture; web-share\" referrerpolicy=\"strict-origin-when-cross-origin\" allowfullscreen><\/iframe>\n\n\n\n<h2 class=\"wp-block-heading\">Quais s\u00e3o os efeitos do mel\u00e3o no organismo durante a noite?<\/h2>\n\n\n\n<p>O mel\u00e3o \u00e9 constitu\u00eddo por cerca de 90% de \u00e1gua, o que favorece o bom funcionamento dos rins no per\u00edodo noturno. Seus compostos auxiliam na elimina\u00e7\u00e3o de toxinas e na redu\u00e7\u00e3o da reten\u00e7\u00e3o de l\u00edquidos, favorecendo uma sensa\u00e7\u00e3o de desincha\u00e7o ao acordar.<\/p>\n\n\n\n<p>Guias alimentares oficiais apontam que o consumo de alimentos ricos em l\u00edquido \u00e0 noite pode melhorar a filtra\u00e7\u00e3o sangu\u00ednea, apoiando a limpeza do sistema linf\u00e1tico. Assim, uma pequena por\u00e7\u00e3o dessa fruta antes de dormir pode contribuir para o equil\u00edbrio do organismo e para um sono mais revigorante.<\/p>\n\n\n\n<h2 class=\"wp-block-heading\">Quais nutrientes do mel\u00e3o s\u00e3o ben\u00e9ficos \u00e0 sa\u00fade?<\/h2>\n\n\n\n<p>Rico em vitaminas e antioxidantes, o mel\u00e3o oferece benef\u00edcios que v\u00e3o desde a melhora da imunidade at\u00e9 o suporte \u00e0 sa\u00fade da pele. A vitamina C \u00e9 crucial para a s\u00edntese de col\u00e1geno e o fortalecimento imunol\u00f3gico, enquanto o betacaroteno, precursor da vitamina A, \u00e9 importante para a sa\u00fade ocular e a renova\u00e7\u00e3o celular.<\/p>\n\n\n\n<p>Tamb\u00e9m est\u00e3o presentes a citrulina, amino\u00e1cido relacionado ao melhor fluxo sangu\u00edneo, e a adenosina, associada \u00e0 preven\u00e7\u00e3o de co\u00e1gulos sangu\u00edneos. Em conjunto, esses nutrientes ajudam a proteger c\u00e9lulas contra danos oxidativos e a manter o organismo em bom funcionamento. Veja na tabela a seguir:<\/p>\n\n\n\n<!-- \ud83c\udf3f Tabela: \ud83c\udf48 Benef\u00edcios Nutricionais do Mel\u00e3o -->\n\n<div class=\"beneficios-melao\" role=\"region\" aria-labelledby=\"beneficios-melao-caption\">\n  <style>\n    .beneficios-melao{\n      --bg: #ffffff;\n      --text: #1f2937;\n      --muted: #6b7280;\n      --border: #e5e7eb;\n      --primary: #16a34a;\n      --primary-bg: #ecfdf5;\n      --highlight: #f0fdf4;\n      --radius: 16px;\n      --shadow: 0 8px 22px rgba(0,0,0,.06);\n      margin:1rem 0 2rem; background:var(--bg);\n      border:1px solid var(--border); border-radius:var(--radius);\n      box-shadow:var(--shadow); overflow:hidden;\n      font-family:\"Poppins\",sans-serif; font-size:.97rem;\n    }\n    .beneficios-melao .header{\n      padding:1rem 1.25rem; border-bottom:1px solid var(--border);\n      background:linear-gradient(90deg,var(--highlight) 0%,var(--primary-bg) 100%);\n    }\n    .beneficios-melao .header h3{ margin:0; font-size:1.25rem; font-weight:700; color:var(--text); }\n    .beneficios-melao .header p{ margin:.35rem 0 0; font-size:.95rem; color:var(--muted); }\n    .beneficios-melao .table-wrap{ overflow-x:auto; -webkit-overflow-scrolling:touch; scrollbar-width:thin; }\n    .beneficios-melao table{ width:100%; border-collapse:separate; border-spacing:0; min-width:700px; }\n    .beneficios-melao thead th{\n      text-align:left; font-weight:700; color:var(--text);\n      background:var(--primary-bg); padding:.9rem 1rem; border-bottom:2px solid var(--border);\n    }\n    .beneficios-melao tbody td{\n      padding:1rem; border-bottom:1px solid var(--border);\n      vertical-align:top; color:var(--text); background:#fff; line-height:1.5;\n    }\n    .beneficios-melao tbody tr:nth-child(odd) td{ background:var(--highlight); }\n    .beneficios-melao tbody tr:hover td{ background:color-mix(in oklab, var(--primary-bg) 70%, white); transition:all .25s ease-in-out; }\n    .beneficios-melao .name{ font-weight:700; font-size:1rem; color:var(--text); }\n    .beneficios-melao .desc{ color:var(--muted); }\n    .beneficios-melao .price{\n      display:inline-block; background:color-mix(in oklab, var(--primary) 10%, white);\n      color:var(--primary); border:1px solid var(--border); border-radius:999px;\n      padding:.35rem .7rem; font-weight:700; font-size:.9rem; margin-top:.3rem;\n    }\n    @media (max-width:640px){ .beneficios-melao table{ min-width:600px; } .beneficios-melao .header h3{ font-size:1.1rem; } }\n  <\/style>\n\n  <div class=\"header\">\n    <h3 id=\"beneficios-melao-caption\">\ud83c\udf48 Benef\u00edcios Nutricionais do Mel\u00e3o<\/h3>\n    <p>Principais compostos bioativos e suas contribui\u00e7\u00f5es para a sa\u00fade.<\/p>\n  <\/div>\n\n  <div class=\"table-wrap\" tabindex=\"0\" aria-label=\"\ud83c\udf48 Benef\u00edcios Nutricionais do Mel\u00e3o\">\n    <table>\n      <thead>\n        <tr>\n          <th>Nutriente\/Composto<\/th>\n          <th>Benef\u00edcios<\/th>\n        <\/tr>\n      <\/thead>\n      <tbody>\n        <tr>\n          <td><span class=\"name\">Vitamina C<\/span><\/td>\n          <td><span class=\"desc\">Essencial para a s\u00edntese de col\u00e1geno, fortalecimento do sistema imunol\u00f3gico e prote\u00e7\u00e3o antioxidante.<\/span><\/td>\n        <\/tr>\n        <tr>\n          <td><span class=\"name\">Betacaroteno (Pr\u00f3-vitamina A)<\/span><\/td>\n          <td><span class=\"desc\">Importante para a sa\u00fade ocular, renova\u00e7\u00e3o celular e manuten\u00e7\u00e3o da integridade da pele.<\/span><\/td>\n        <\/tr>\n        <tr>\n          <td><span class=\"name\">Citrulina<\/span><\/td>\n          <td><span class=\"desc\">Amino\u00e1cido associado \u00e0 melhora do fluxo sangu\u00edneo e suporte \u00e0 fun\u00e7\u00e3o cardiovascular.<\/span><\/td>\n        <\/tr>\n        <tr>\n          <td><span class=\"name\">Adenosina<\/span><\/td>\n          <td><span class=\"desc\">Relacionada \u00e0 preven\u00e7\u00e3o de co\u00e1gulos sangu\u00edneos e \u00e0 prote\u00e7\u00e3o cardiovascular.<\/span><\/td>\n        <\/tr>\n        <tr>\n          <td><span class=\"name\">Antioxidantes naturais<\/span><\/td>\n          <td><span class=\"desc\">Atuam na prote\u00e7\u00e3o das c\u00e9lulas contra danos oxidativos, contribuindo para o bom funcionamento do organismo.<\/span><\/td>\n        <\/tr>\n      <\/tbody>\n    <\/table>\n  <\/div>\n<\/div>\n\n\n\n\n<h2 class=\"wp-block-heading\">Como o consumo de mel\u00e3o impacta a sa\u00fade cardiovascular?<\/h2>\n\n\n\n<p>O mel\u00e3o cont\u00e9m pot\u00e1ssio, mineral que ajuda a regular os n\u00edveis de s\u00f3dio e contribui para o controle da press\u00e3o arterial. Al\u00e9m disso, a presen\u00e7a de fibras e antioxidantes auxilia na redu\u00e7\u00e3o dos n\u00edveis de colesterol LDL, apoiando a preven\u00e7\u00e3o da aterosclerose.<\/p>\n\n\n\n<p>Manter as art\u00e9rias saud\u00e1veis e o sangue bem hidratado \u00e9 fundamental para preservar a sa\u00fade cardiovascular e favorecer a longevidade. Inclu\u00eddo com regularidade em uma alimenta\u00e7\u00e3o equilibrada, o mel\u00e3o pode ser um aliado complementar na prote\u00e7\u00e3o do cora\u00e7\u00e3o.<\/p>\n\n\n<div class=\"wp-block-image\">\n<figure class=\"aligncenter size-large\"><img decoding=\"async\" width=\"1024\" height=\"576\" src=\"https:\/\/www.correiobraziliense.com.br\/cbradar\/wp-content\/uploads\/2025\/07\/melao_1751372020025-1024x576.jpg\" alt=\"\" class=\"wp-image-62560\" srcset=\"https:\/\/www.correiobraziliense.com.br\/cbradar\/wp-content\/uploads\/2025\/07\/melao_1751372020025-1024x576.jpg 1024w, https:\/\/www.correiobraziliense.com.br\/cbradar\/wp-content\/uploads\/2025\/07\/melao_1751372020025-300x169.jpg 300w, https:\/\/www.correiobraziliense.com.br\/cbradar\/wp-content\/uploads\/2025\/07\/melao_1751372020025-768x432.jpg 768w, https:\/\/www.correiobraziliense.com.br\/cbradar\/wp-content\/uploads\/2025\/07\/melao_1751372020025-750x422.jpg 750w, https:\/\/www.correiobraziliense.com.br\/cbradar\/wp-content\/uploads\/2025\/07\/melao_1751372020025-1140x641.jpg 1140w, https:\/\/www.correiobraziliense.com.br\/cbradar\/wp-content\/uploads\/2025\/07\/melao_1751372020025.jpg 1280w\" sizes=\"(max-width: 1024px) 100vw, 1024px\" \/><figcaption class=\"wp-element-caption\">A fruta refrescante que combate incha\u00e7o e favorece descanso &#8211; Cr\u00e9ditos: depositphotos.com \/ AntonMatyukha<\/figcaption><\/figure><\/div>\n\n\n<h2 class=\"wp-block-heading\">Como integrar o mel\u00e3o na rotina noturna de forma pr\u00e1tica?<\/h2>\n\n\n\n<p>Para maximizar os benef\u00edcios do mel\u00e3o sem sobrecarregar o sistema digestivo, recomenda-se consumi-lo sozinho ou em pequenas quantidades, preferencialmente em sua forma natural. Tamb\u00e9m \u00e9 poss\u00edvel variar o consumo em preparos simples, leves e hidratantes, que se encaixem bem no per\u00edodo da noite.<\/p>\n\n\n\n<p>A seguir, algumas sugest\u00f5es de consumo noturno que podem ser facilmente inclu\u00eddas no dia a dia:<\/p>\n\n\n\n<ul class=\"wp-block-list\">\n<li><strong>Fatias frescas<\/strong>\u00a0Uma a duas fatias finas ajudam a saciar o apetite noturno com poucas calorias.<\/li>\n\n\n\n<li><strong>Suco leve de mel\u00e3o com hortel\u00e3<\/strong>\u00a0Combina\u00e7\u00e3o refrescante e digestiva, sem adi\u00e7\u00e3o de a\u00e7\u00facar.<\/li>\n\n\n\n<li><strong>Cubos de mel\u00e3o congelados<\/strong>\u00a0Alternativa leve \u00e0s sobremesas cal\u00f3ricas e aos sorvetes industrializados.<\/li>\n<\/ul>\n\n\n\n<p>Independentemente da forma de consumo, \u00e9 prudente buscar orienta\u00e7\u00e3o profissional para assegurar que novos h\u00e1bitos alimentares se integrem de maneira segura \u00e0 rotina, especialmente em casos de doen\u00e7as cr\u00f4nicas ou uso de medicamentos.<\/p>\n\n\n<a href=\"https:\/\/www.instagram.com\/dra.annaluisabf\/\" target=\"_blank\" rel=\"noopener\" style=\"text-decoration: none; color: inherit;\">\n    <span style=\"display: inline-block; border: 1px solid #ccc; border-radius: 10px; padding: 15px; max-width: 550px; font-family: sans-serif; box-shadow: 0 2px 5px rgba(0,0,0,0.1); width: 100%;\">\n\n      <!-- T\u00edtulo -->\n      <span style=\"display: block; margin: 0 0 15px 0; font-weight: bold; color: #2c3e50; text-align: center;\">\n        Entre em contato:\n      <\/span>\n\n      <!-- Linha do perfil -->\n      <span style=\"display: flex; align-items: center; gap: 15px;\">\n        <img decoding=\"async\"\n          src=\"https:\/\/www.correiobraziliense.com.br\/cbradar\/wp-content\/uploads\/2025\/08\/dra_anna_luisa.jpeg\"\n          alt=\"Foto da Dra. Anna Lu\u00edsa\"\n          style=\"border-radius: 50%; width: 80px; height: 80px; object-fit: cover;\"\n        \/>\n        <span style=\"display: flex; flex-direction: column;\">\n          <span style=\"font-size: 18px; font-weight: 700; color: #2c3e50;\">Dra. Anna Lu\u00edsa Barbosa Fernandes<\/span>\n          <span style=\"color: #555;\">CRM-GO 33.271<\/span>\n        <\/span>\n      <\/span>\n\n      <!-- Redes -->\n      <span style=\"display: flex; align-items: center; gap: 10px; margin-top: 12px;\">\n        <img decoding=\"async\" src=\"https:\/\/cdn-icons-png.flaticon.com\/24\/1384\/1384063.png\" alt=\"Instagram\" width=\"24\" height=\"24\" \/>\n        <span style=\"text-decoration: underline; color: #2c3e50;\">@dra.annaluisabf<\/span>\n      <\/span>\n\n    <\/span>\n  <\/a>","protected":false},"excerpt":{"rendered":"<p>Muitos indiv\u00edduos enfrentam noites mal dormidas e acordam com a sensa\u00e7\u00e3o de incha\u00e7o, procurando solu\u00e7\u00f5es complexas enquanto a resposta pode residir em algo t\u00e3o simples quanto o consumo de mel\u00e3o, fruta com propriedades relaxantes, hidratantes e levemente desintoxicantes que pode ser aliada do sono, da digest\u00e3o e de uma rotina noturna mais leve. Como o [&hellip;]<\/p>\n","protected":false},"author":14,"featured_media":62561,"comment_status":"open","ping_status":"open","sticky":false,"template":"","format":"standard","meta":{"_yoast_wpseo_focuskw":"Mel\u00e3o","_yoast_wpseo_title":"","_yoast_wpseo_metadesc":"Mel\u00e3o \u00e0 noite pode melhorar o sono e reduzir o incha\u00e7o. Descubra como incluir sem prejudicar a digest\u00e3o.","jnews-multi-image_gallery":[],"jnews_single_post":{"format":"standard"},"jnews_primary_category":[],"jnews_social_meta":[],"jnews_override_counter":[],"footnotes":""},"categories":[4404],"post_tag":[120,247,1318],"class_list":["post-200863","post","type-post","status-publish","format-standard","has-post-thumbnail","hentry","category-saude","tag-bem-estar","tag-qualidade-de-vida","tag-saude-2"],"yoast_head":"<!-- This site is optimized with the Yoast SEO plugin v24.6 - https:\/\/yoast.com\/wordpress\/plugins\/seo\/ -->\n<title>A fruta mais leve para dormir melhor e desinchar naturalmente - Correio Braziliense - Radar<\/title>\n<meta name=\"description\" content=\"Mel\u00e3o \u00e0 noite pode melhorar o sono e reduzir o incha\u00e7o. Descubra como incluir sem prejudicar a digest\u00e3o.\" \/>\n<meta name=\"robots\" content=\"index, follow, max-snippet:-1, max-image-preview:large, max-video-preview:-1\" \/>\n<link rel=\"canonical\" href=\"https:\/\/www.correiobraziliense.com.br\/cbradar\/a-fruta-mais-leve-para-dormir-melhor-e-desinchar-naturalmente\/\" \/>\n<meta property=\"og:locale\" content=\"pt_BR\" \/>\n<meta property=\"og:type\" content=\"article\" \/>\n<meta property=\"og:title\" content=\"A fruta mais leve para dormir melhor e desinchar naturalmente - Correio Braziliense - Radar\" \/>\n<meta property=\"og:description\" content=\"Mel\u00e3o \u00e0 noite pode melhorar o sono e reduzir o incha\u00e7o. Descubra como incluir sem prejudicar a digest\u00e3o.\" \/>\n<meta property=\"og:url\" content=\"https:\/\/www.correiobraziliense.com.br\/cbradar\/a-fruta-mais-leve-para-dormir-melhor-e-desinchar-naturalmente\/\" \/>\n<meta property=\"og:site_name\" content=\"Correio Braziliense - Radar\" \/>\n<meta property=\"article:published_time\" content=\"2026-03-01T09:05:00+00:00\" \/>\n<meta property=\"og:image\" content=\"https:\/\/www.correiobraziliense.com.br\/cbradar\/wp-content\/uploads\/2025\/07\/melao_1751372051306.jpg\" \/>\n\t<meta property=\"og:image:width\" content=\"1280\" \/>\n\t<meta property=\"og:image:height\" content=\"720\" \/>\n\t<meta property=\"og:image:type\" content=\"image\/jpeg\" \/>\n<meta name=\"author\" content=\"guilherme_saude\" \/>\n<meta name=\"twitter:card\" content=\"summary_large_image\" \/>\n<meta name=\"twitter:label1\" content=\"Escrito por\" \/>\n\t<meta name=\"twitter:data1\" content=\"guilherme_saude\" \/>\n\t<meta name=\"twitter:label2\" content=\"Est. tempo de leitura\" \/>\n\t<meta name=\"twitter:data2\" content=\"5 minutos\" \/>\n<!-- \/ Yoast SEO plugin. -->","yoast_head_json":{"title":"A fruta mais leve para dormir melhor e desinchar naturalmente - Correio Braziliense - Radar","description":"Mel\u00e3o \u00e0 noite pode melhorar o sono e reduzir o incha\u00e7o. Descubra como incluir sem prejudicar a digest\u00e3o.","robots":{"index":"index","follow":"follow","max-snippet":"max-snippet:-1","max-image-preview":"max-image-preview:large","max-video-preview":"max-video-preview:-1"},"canonical":"https:\/\/www.correiobraziliense.com.br\/cbradar\/a-fruta-mais-leve-para-dormir-melhor-e-desinchar-naturalmente\/","og_locale":"pt_BR","og_type":"article","og_title":"A fruta mais leve para dormir melhor e desinchar naturalmente - Correio Braziliense - Radar","og_description":"Mel\u00e3o \u00e0 noite pode melhorar o sono e reduzir o incha\u00e7o. Descubra como incluir sem prejudicar a digest\u00e3o.","og_url":"https:\/\/www.correiobraziliense.com.br\/cbradar\/a-fruta-mais-leve-para-dormir-melhor-e-desinchar-naturalmente\/","og_site_name":"Correio Braziliense - Radar","article_published_time":"2026-03-01T09:05:00+00:00","og_image":[{"width":1280,"height":720,"url":"https:\/\/www.correiobraziliense.com.br\/cbradar\/wp-content\/uploads\/2025\/07\/melao_1751372051306.jpg","type":"image\/jpeg"}],"author":"guilherme_saude","twitter_card":"summary_large_image","twitter_misc":{"Escrito por":"guilherme_saude","Est. tempo de leitura":"5 minutos"},"schema":{"@context":"https:\/\/schema.org","@graph":[{"@type":"WebPage","@id":"https:\/\/www.correiobraziliense.com.br\/cbradar\/a-fruta-mais-leve-para-dormir-melhor-e-desinchar-naturalmente\/","url":"https:\/\/www.correiobraziliense.com.br\/cbradar\/a-fruta-mais-leve-para-dormir-melhor-e-desinchar-naturalmente\/","name":"A fruta mais leve para dormir melhor e desinchar naturalmente - Correio Braziliense - Radar","isPartOf":{"@id":"https:\/\/www.correiobraziliense.com.br\/cbradar\/#website"},"primaryImageOfPage":{"@id":"https:\/\/www.correiobraziliense.com.br\/cbradar\/a-fruta-mais-leve-para-dormir-melhor-e-desinchar-naturalmente\/#primaryimage"},"image":{"@id":"https:\/\/www.correiobraziliense.com.br\/cbradar\/a-fruta-mais-leve-para-dormir-melhor-e-desinchar-naturalmente\/#primaryimage"},"thumbnailUrl":"https:\/\/www.correiobraziliense.com.br\/cbradar\/wp-content\/uploads\/2025\/07\/melao_1751372051306.jpg","datePublished":"2026-03-01T09:05:00+00:00","author":{"@id":"https:\/\/www.correiobraziliense.com.br\/cbradar\/#\/schema\/person\/5aa4bf3c8fa699c267933611de12978b"},"description":"Mel\u00e3o \u00e0 noite pode melhorar o sono e reduzir o incha\u00e7o. Descubra como incluir sem prejudicar a digest\u00e3o.","breadcrumb":{"@id":"https:\/\/www.correiobraziliense.com.br\/cbradar\/a-fruta-mais-leve-para-dormir-melhor-e-desinchar-naturalmente\/#breadcrumb"},"inLanguage":"pt-BR","potentialAction":[{"@type":"ReadAction","target":["https:\/\/www.correiobraziliense.com.br\/cbradar\/a-fruta-mais-leve-para-dormir-melhor-e-desinchar-naturalmente\/"]}]},{"@type":"ImageObject","inLanguage":"pt-BR","@id":"https:\/\/www.correiobraziliense.com.br\/cbradar\/a-fruta-mais-leve-para-dormir-melhor-e-desinchar-naturalmente\/#primaryimage","url":"https:\/\/www.correiobraziliense.com.br\/cbradar\/wp-content\/uploads\/2025\/07\/melao_1751372051306.jpg","contentUrl":"https:\/\/www.correiobraziliense.com.br\/cbradar\/wp-content\/uploads\/2025\/07\/melao_1751372051306.jpg","width":1280,"height":720,"caption":"Mel\u00e3o \u00e0 noite ajuda na press\u00e3o arterial e melhora o sono - Cr\u00e9ditos: depositphotos.com \/ mvw@tut.by"},{"@type":"BreadcrumbList","@id":"https:\/\/www.correiobraziliense.com.br\/cbradar\/a-fruta-mais-leve-para-dormir-melhor-e-desinchar-naturalmente\/#breadcrumb","itemListElement":[{"@type":"ListItem","position":1,"name":"In\u00edcio","item":"https:\/\/www.correiobraziliense.com.br\/cbradar\/"},{"@type":"ListItem","position":2,"name":"A fruta mais leve para dormir melhor e desinchar naturalmente"}]},{"@type":"WebSite","@id":"https:\/\/www.correiobraziliense.com.br\/cbradar\/#website","url":"https:\/\/www.correiobraziliense.com.br\/cbradar\/","name":"Correio Braziliense - Radar","description":"Acompanhe as \u00faltimas not\u00edcias e fique bem informado sobre tudo o que acontece no Brasil e no mundo.","potentialAction":[{"@type":"SearchAction","target":{"@type":"EntryPoint","urlTemplate":"https:\/\/www.correiobraziliense.com.br\/cbradar\/?s={search_term_string}"},"query-input":{"@type":"PropertyValueSpecification","valueRequired":true,"valueName":"search_term_string"}}],"inLanguage":"pt-BR"},{"@type":"Person","@id":"https:\/\/www.correiobraziliense.com.br\/cbradar\/#\/schema\/person\/5aa4bf3c8fa699c267933611de12978b","name":"guilherme_saude","image":{"@type":"ImageObject","inLanguage":"pt-BR","@id":"https:\/\/www.correiobraziliense.com.br\/cbradar\/#\/schema\/person\/image\/","url":"https:\/\/secure.gravatar.com\/avatar\/df9adfb835d344bc0af109d41756253f?s=96&d=mm&r=g","contentUrl":"https:\/\/secure.gravatar.com\/avatar\/df9adfb835d344bc0af109d41756253f?s=96&d=mm&r=g","caption":"guilherme_saude"},"url":"https:\/\/www.correiobraziliense.com.br\/cbradar\/author\/guilherme_saude\/"}]}},"_links":{"self":[{"href":"https:\/\/www.correiobraziliense.com.br\/cbradar\/wp-json\/wp\/v2\/posts\/200863","targetHints":{"allow":["GET"]}}],"collection":[{"href":"https:\/\/www.correiobraziliense.com.br\/cbradar\/wp-json\/wp\/v2\/posts"}],"about":[{"href":"https:\/\/www.correiobraziliense.com.br\/cbradar\/wp-json\/wp\/v2\/types\/post"}],"author":[{"embeddable":true,"href":"https:\/\/www.correiobraziliense.com.br\/cbradar\/wp-json\/wp\/v2\/users\/14"}],"replies":[{"embeddable":true,"href":"https:\/\/www.correiobraziliense.com.br\/cbradar\/wp-json\/wp\/v2\/comments?post=200863"}],"version-history":[{"count":1,"href":"https:\/\/www.correiobraziliense.com.br\/cbradar\/wp-json\/wp\/v2\/posts\/200863\/revisions"}],"predecessor-version":[{"id":200867,"href":"https:\/\/www.correiobraziliense.com.br\/cbradar\/wp-json\/wp\/v2\/posts\/200863\/revisions\/200867"}],"wp:featuredmedia":[{"embeddable":true,"href":"https:\/\/www.correiobraziliense.com.br\/cbradar\/wp-json\/wp\/v2\/media\/62561"}],"wp:attachment":[{"href":"https:\/\/www.correiobraziliense.com.br\/cbradar\/wp-json\/wp\/v2\/media?parent=200863"}],"wp:term":[{"taxonomy":"category","embeddable":true,"href":"https:\/\/www.correiobraziliense.com.br\/cbradar\/wp-json\/wp\/v2\/categories?post=200863"},{"taxonomy":"post_tag","embeddable":true,"href":"https:\/\/www.correiobraziliense.com.br\/cbradar\/wp-json\/wp\/v2\/post_tag?post=200863"}],"curies":[{"name":"wp","href":"https:\/\/api.w.org\/{rel}","templated":true}]}}