{"id":200882,"date":"2026-02-28T11:30:05","date_gmt":"2026-02-28T14:30:05","guid":{"rendered":"https:\/\/www.correiobraziliense.com.br\/cbradar\/?p=200882"},"modified":"2026-02-28T11:30:08","modified_gmt":"2026-02-28T14:30:08","slug":"os-alunos-com-maior-facilidade-para-aprender-idiomas-costumam-nascer-nestes-meses-segundo-pesquisa-internacional","status":"publish","type":"post","link":"https:\/\/www.correiobraziliense.com.br\/cbradar\/os-alunos-com-maior-facilidade-para-aprender-idiomas-costumam-nascer-nestes-meses-segundo-pesquisa-internacional\/","title":{"rendered":"Os alunos com maior facilidade para aprender idiomas costumam nascer nestes meses, segundo pesquisa internacional"},"content":{"rendered":"\n<p>A facilidade para aprender novos idiomas \u00e9 um diferencial competitivo valioso na carreira profissional e acad\u00eamica de qualquer jovem estudante dedicado atualmente. Pesquisas internacionais sugerem que o per\u00edodo do nascimento pode influenciar a plasticidade cerebral necess\u00e1ria para absorver fonemas complexos. Entender essas tend\u00eancias biol\u00f3gicas ajuda pais e educadores a estimularem o potencial comunicativo.<\/p>\n\n\n\n<h2 class=\"wp-block-heading\">Como o m\u00eas de nascimento influencia o desenvolvimento cognitivo inicial?<\/h2>\n\n\n\n<p><strong><a href=\"https:\/\/www.correiobraziliense.com.br\/cbradar\/segundo-a-psicologia-pessoas-que-precisaram-amadurecer-cedo-demais-costumam-desenvolver-estes-comportamentos-na-vida-adulta\/\" target=\"_blank\" rel=\"noreferrer noopener\">Estudos <\/a><\/strong>indicam que a exposi\u00e7\u00e3o materna \u00e0 luz solar durante os meses finais da gesta\u00e7\u00e3o aumenta os n\u00edveis de nutrientes essenciais no feto. Essa carga biol\u00f3gica fortalece as \u00e1reas do c\u00e9rebro respons\u00e1veis pelo processamento auditivo e pela mem\u00f3ria de longo prazo nas crian\u00e7as pequenas. O desenvolvimento neural equilibrado facilita a identifica\u00e7\u00e3o de padr\u00f5es lingu\u00edsticos durante os primeiros anos.<\/p>\n\n\n\n<p>A temperatura ambiente nos primeiros meses de vida tamb\u00e9m desempenha um papel importante na regula\u00e7\u00e3o do metabolismo e do crescimento cerebral infantil. Beb\u00eas que nascem em climas mais est\u00e1veis tendem a apresentar maior disposi\u00e7\u00e3o para intera\u00e7\u00f5es sociais e est\u00edmulos verbais constantes em casa. Essa base emocional s\u00f3lida permite que a crian\u00e7a explore novos sons com muito mais confian\u00e7a natural.<\/p>\n\n\n<div class=\"wp-block-image\">\n<figure class=\"aligncenter size-large\"><img decoding=\"async\" width=\"1024\" height=\"576\" src=\"https:\/\/www.correiobraziliense.com.br\/cbradar\/wp-content\/uploads\/2026\/02\/Gemini_Generated_Image_bm8ni8bm8ni8bm8n-1-1-1024x576.png\" alt=\"Os alunos com maior facilidade para aprender idiomas costumam nascer nestes meses, segundo pesquisa internacional\" class=\"wp-image-200899\" srcset=\"https:\/\/www.correiobraziliense.com.br\/cbradar\/wp-content\/uploads\/2026\/02\/Gemini_Generated_Image_bm8ni8bm8ni8bm8n-1-1-1024x576.png 1024w, https:\/\/www.correiobraziliense.com.br\/cbradar\/wp-content\/uploads\/2026\/02\/Gemini_Generated_Image_bm8ni8bm8ni8bm8n-1-1-300x169.png 300w, https:\/\/www.correiobraziliense.com.br\/cbradar\/wp-content\/uploads\/2026\/02\/Gemini_Generated_Image_bm8ni8bm8ni8bm8n-1-1-768x432.png 768w, https:\/\/www.correiobraziliense.com.br\/cbradar\/wp-content\/uploads\/2026\/02\/Gemini_Generated_Image_bm8ni8bm8ni8bm8n-1-1-750x422.png 750w, https:\/\/www.correiobraziliense.com.br\/cbradar\/wp-content\/uploads\/2026\/02\/Gemini_Generated_Image_bm8ni8bm8ni8bm8n-1-1-1140x641.png 1140w, https:\/\/www.correiobraziliense.com.br\/cbradar\/wp-content\/uploads\/2026\/02\/Gemini_Generated_Image_bm8ni8bm8ni8bm8n-1-1.png 1280w\" sizes=\"(max-width: 1024px) 100vw, 1024px\" \/><figcaption class=\"wp-element-caption\">Alguns jovens aprendem l\u00ednguas com rapidez surpreendente e a explica\u00e7\u00e3o pode come\u00e7ar antes da escola<\/figcaption><\/figure><\/div>\n\n\n<h2 class=\"wp-block-heading\">Quais s\u00e3o os per\u00edodos do ano com maior potencial lingu\u00edstico?<\/h2>\n\n\n\n<p>Pesquisadores observaram que alunos nascidos em <strong>setembro, outubro e novembro<\/strong> apresentam resultados superiores em testes de profici\u00eancia em l\u00edngua estrangeira escolar. Essa vantagem estat\u00edstica est\u00e1 relacionada ao ciclo de maturidade cognitiva atingido no momento do ingresso nas primeiras s\u00e9ries do ensino fundamental. O desenvolvimento motor e sensorial caminha junto com a capacidade de interpretar s\u00edmbolos e fonemas.<\/p>\n\n\n\n<p>Al\u00e9m do fator biol\u00f3gico, a idade relativa dentro da sala de aula oferece uma percep\u00e7\u00e3o de lideran\u00e7a e maior facilidade de compreens\u00e3o. Os alunos mais velhos da turma costumam ter um vocabul\u00e1rio mais rico e processam informa\u00e7\u00f5es gramaticais com menor esfor\u00e7o intelectual di\u00e1rio. Essa autoconfian\u00e7a acumulada reflete diretamente na rapidez com que dominam a conversa\u00e7\u00e3o em outros idiomas mundiais.<\/p>\n\n\n\n<h2 class=\"wp-block-heading\">Quais fatores biol\u00f3gicos facilitam a aquisi\u00e7\u00e3o de novos idiomas?<\/h2>\n\n\n\n<p>A neuroplasticidade \u00e9 maior durante a janela de desenvolvimento que ocorre logo ap\u00f3s o nascimento em condi\u00e7\u00f5es ambientais favor\u00e1veis e estimulantes. O c\u00e9rebro infantil funciona como uma esponja capaz de distinguir sons de diferentes fam\u00edlias lingu\u00edsticas sem grandes dificuldades t\u00e9cnicas ou cognitivas. Priorizar a exposi\u00e7\u00e3o bil\u00edngue precoce maximiza o potencial gen\u00e9tico que cada crian\u00e7a carrega consigo desde cedo.<\/p>\n\n\n\n<p>Confira a lista abaixo:<\/p>\n\n\n\n<ul class=\"wp-block-list\">\n<li>Alta plasticidade neural.<\/li>\n\n\n\n<li>Exposi\u00e7\u00e3o a est\u00edmulos sonoros.<\/li>\n\n\n\n<li>Matura\u00e7\u00e3o das \u00e1reas auditivas.<\/li>\n\n\n\n<li>Curiosidade social agu\u00e7ada.<\/li>\n\n\n\n<li>Mem\u00f3ria de curto prazo eficiente.<\/li>\n<\/ul>\n\n\n\n<h2 class=\"wp-block-heading\">De que forma o ambiente escolar potencializa essas habilidades naturais?<\/h2>\n\n\n\n<p>Escolas que adotam m\u00e9todos de imers\u00e3o total aproveitam a facilidade inata dos alunos para transformar o aprendizado em algo l\u00fadico. O contato di\u00e1rio com professores nativos e colegas fluentes cria um ecossistema de comunica\u00e7\u00e3o que acelera a flu\u00eancia verbal e a escrita correta. A intera\u00e7\u00e3o constante \u00e9 o motor que transforma a aptid\u00e3o biol\u00f3gica em compet\u00eancia lingu\u00edstica real.<\/p>\n\n\n\n<p>O suporte pedag\u00f3gico individualizado identifica os pontos fortes de cada estudante, independentemente do seu m\u00eas de nascimento ou origem cultural diversa. Professores capacitados utilizam ferramentas tecnol\u00f3gicas para monitorar o progresso e ajustar os desafios conforme a necessidade de cada turma espec\u00edfica. O ambiente acolhedor e estimulante \u00e9 fundamental para que o potencial de aprendizado seja explorado ao m\u00e1ximo poss\u00edvel.<\/p>\n\n\n<div class=\"wp-block-image\">\n<figure class=\"aligncenter size-large\"><img decoding=\"async\" width=\"1024\" height=\"576\" src=\"https:\/\/www.correiobraziliense.com.br\/cbradar\/wp-content\/uploads\/2026\/02\/Gemini_Generated_Image_4yoqe54yoqe54yoq-1-1-1024x576.png\" alt=\"Os alunos com maior facilidade para aprender idiomas costumam nascer nestes meses, segundo pesquisa internacional\" class=\"wp-image-200895\" srcset=\"https:\/\/www.correiobraziliense.com.br\/cbradar\/wp-content\/uploads\/2026\/02\/Gemini_Generated_Image_4yoqe54yoqe54yoq-1-1-1024x576.png 1024w, https:\/\/www.correiobraziliense.com.br\/cbradar\/wp-content\/uploads\/2026\/02\/Gemini_Generated_Image_4yoqe54yoqe54yoq-1-1-300x169.png 300w, https:\/\/www.correiobraziliense.com.br\/cbradar\/wp-content\/uploads\/2026\/02\/Gemini_Generated_Image_4yoqe54yoqe54yoq-1-1-768x432.png 768w, https:\/\/www.correiobraziliense.com.br\/cbradar\/wp-content\/uploads\/2026\/02\/Gemini_Generated_Image_4yoqe54yoqe54yoq-1-1-750x422.png 750w, https:\/\/www.correiobraziliense.com.br\/cbradar\/wp-content\/uploads\/2026\/02\/Gemini_Generated_Image_4yoqe54yoqe54yoq-1-1-1140x641.png 1140w, https:\/\/www.correiobraziliense.com.br\/cbradar\/wp-content\/uploads\/2026\/02\/Gemini_Generated_Image_4yoqe54yoqe54yoq-1-1.png 1280w\" sizes=\"(max-width: 1024px) 100vw, 1024px\" \/><figcaption class=\"wp-element-caption\">Alguns jovens aprendem l\u00ednguas com rapidez surpreendente e a explica\u00e7\u00e3o pode come\u00e7ar antes da escola<\/figcaption><\/figure><\/div>\n\n\n<h2 class=\"wp-block-heading\">Existe comprova\u00e7\u00e3o cient\u00edfica para essa vantagem no aprendizado verbal?<\/h2>\n\n\n\n<p>Institui\u00e7\u00f5es de renome global publicam dados que confirmam a influ\u00eancia do desenvolvimento precoce na performance acad\u00eamica de longo prazo dos jovens. Analisar os marcos da linguagem permite que os especialistas criem estrat\u00e9gias mais eficientes para o ensino de idiomas em diferentes faixas et\u00e1rias escolares. A ci\u00eancia busca entender como otimizar cada etapa do crescimento para garantir o sucesso pleno.<\/p>\n\n\n\n<p>De acordo com a <strong>Linguistic Society of America<\/strong>, a aquisi\u00e7\u00e3o da linguagem \u00e9 um processo biol\u00f3gico complexo que envolve m\u00faltiplos fatores ambientais e gen\u00e9ticos. Mais detalhes sobre as fases desse desenvolvimento podem ser consultados diretamente no portal oficial da <a href=\"https:\/\/journals.linguisticsociety.org\/proceedings\/\" target=\"_blank\" rel=\"noreferrer noopener\">Linguistic Society of America sobre linguagem<\/a>. Investir em educa\u00e7\u00e3o de qualidade \u00e9 o melhor caminho para o desenvolvimento humano integral e produtivo.<\/p>\n","protected":false},"excerpt":{"rendered":"<p>A facilidade para aprender novos idiomas \u00e9 um diferencial competitivo valioso na carreira profissional e acad\u00eamica de qualquer jovem estudante dedicado atualmente. Pesquisas internacionais sugerem que o per\u00edodo do nascimento pode influenciar a plasticidade cerebral necess\u00e1ria para absorver fonemas complexos. Entender essas tend\u00eancias biol\u00f3gicas ajuda pais e educadores a estimularem o potencial comunicativo. Como o [&hellip;]<\/p>\n","protected":false},"author":21,"featured_media":200892,"comment_status":"open","ping_status":"open","sticky":false,"template":"","format":"standard","meta":{"_yoast_wpseo_focuskw":"M\u00eas de nascimento e facilidade para aprender idiomas","_yoast_wpseo_title":"","_yoast_wpseo_metadesc":"O m\u00eas do seu nascimento pode influenciar sua facilidade com idiomas muito mais do que voc\u00ea imagina atualmente","jnews-multi-image_gallery":[],"jnews_single_post":{"format":"standard"},"jnews_primary_category":[],"jnews_social_meta":[],"jnews_override_counter":[],"footnotes":""},"categories":[112],"post_tag":[14830,10709,13559],"class_list":["post-200882","post","type-post","status-publish","format-standard","has-post-thumbnail","hentry","category-curiosidades","tag-alunos","tag-idiomas","tag-mes-de-nascimento-2"],"yoast_head":"<!-- This site is optimized with the Yoast SEO plugin v24.6 - https:\/\/yoast.com\/wordpress\/plugins\/seo\/ -->\n<title>Os alunos com maior facilidade para aprender idiomas costumam nascer nestes meses, segundo pesquisa internacional - Correio Braziliense - Radar<\/title>\n<meta name=\"description\" content=\"O m\u00eas do seu nascimento pode influenciar sua facilidade com idiomas muito mais do que voc\u00ea imagina atualmente\" \/>\n<meta name=\"robots\" content=\"index, follow, max-snippet:-1, max-image-preview:large, max-video-preview:-1\" \/>\n<link rel=\"canonical\" href=\"https:\/\/www.correiobraziliense.com.br\/cbradar\/os-alunos-com-maior-facilidade-para-aprender-idiomas-costumam-nascer-nestes-meses-segundo-pesquisa-internacional\/\" \/>\n<meta property=\"og:locale\" content=\"pt_BR\" \/>\n<meta property=\"og:type\" content=\"article\" \/>\n<meta property=\"og:title\" content=\"Os alunos com maior facilidade para aprender idiomas costumam nascer nestes meses, segundo pesquisa internacional - Correio Braziliense - Radar\" \/>\n<meta property=\"og:description\" content=\"O m\u00eas do seu nascimento pode influenciar sua facilidade com idiomas muito mais do que voc\u00ea imagina atualmente\" \/>\n<meta property=\"og:url\" content=\"https:\/\/www.correiobraziliense.com.br\/cbradar\/os-alunos-com-maior-facilidade-para-aprender-idiomas-costumam-nascer-nestes-meses-segundo-pesquisa-internacional\/\" \/>\n<meta property=\"og:site_name\" content=\"Correio Braziliense - Radar\" \/>\n<meta property=\"article:published_time\" content=\"2026-02-28T14:30:05+00:00\" \/>\n<meta property=\"article:modified_time\" content=\"2026-02-28T14:30:08+00:00\" \/>\n<meta property=\"og:image\" content=\"https:\/\/www.correiobraziliense.com.br\/cbradar\/wp-content\/uploads\/2026\/02\/Gemini_Generated_Image_nu85jjnu85jjnu85-1-1-1.png\" \/>\n\t<meta property=\"og:image:width\" content=\"1280\" \/>\n\t<meta property=\"og:image:height\" content=\"720\" \/>\n\t<meta property=\"og:image:type\" content=\"image\/png\" \/>\n<meta name=\"author\" content=\"Patrick Silva\" \/>\n<meta name=\"twitter:card\" content=\"summary_large_image\" \/>\n<meta name=\"twitter:label1\" content=\"Escrito por\" \/>\n\t<meta name=\"twitter:data1\" content=\"Patrick Silva\" \/>\n\t<meta name=\"twitter:label2\" content=\"Est. tempo de leitura\" \/>\n\t<meta name=\"twitter:data2\" content=\"5 minutos\" \/>\n<!-- \/ Yoast SEO plugin. -->","yoast_head_json":{"title":"Os alunos com maior facilidade para aprender idiomas costumam nascer nestes meses, segundo pesquisa internacional - Correio Braziliense - Radar","description":"O m\u00eas do seu nascimento pode influenciar sua facilidade com idiomas muito mais do que voc\u00ea imagina atualmente","robots":{"index":"index","follow":"follow","max-snippet":"max-snippet:-1","max-image-preview":"max-image-preview:large","max-video-preview":"max-video-preview:-1"},"canonical":"https:\/\/www.correiobraziliense.com.br\/cbradar\/os-alunos-com-maior-facilidade-para-aprender-idiomas-costumam-nascer-nestes-meses-segundo-pesquisa-internacional\/","og_locale":"pt_BR","og_type":"article","og_title":"Os alunos com maior facilidade para aprender idiomas costumam nascer nestes meses, segundo pesquisa internacional - Correio Braziliense - Radar","og_description":"O m\u00eas do seu nascimento pode influenciar sua facilidade com idiomas muito mais do que voc\u00ea imagina atualmente","og_url":"https:\/\/www.correiobraziliense.com.br\/cbradar\/os-alunos-com-maior-facilidade-para-aprender-idiomas-costumam-nascer-nestes-meses-segundo-pesquisa-internacional\/","og_site_name":"Correio Braziliense - Radar","article_published_time":"2026-02-28T14:30:05+00:00","article_modified_time":"2026-02-28T14:30:08+00:00","og_image":[{"width":1280,"height":720,"url":"https:\/\/www.correiobraziliense.com.br\/cbradar\/wp-content\/uploads\/2026\/02\/Gemini_Generated_Image_nu85jjnu85jjnu85-1-1-1.png","type":"image\/png"}],"author":"Patrick Silva","twitter_card":"summary_large_image","twitter_misc":{"Escrito por":"Patrick Silva","Est. tempo de leitura":"5 minutos"},"schema":{"@context":"https:\/\/schema.org","@graph":[{"@type":"WebPage","@id":"https:\/\/www.correiobraziliense.com.br\/cbradar\/os-alunos-com-maior-facilidade-para-aprender-idiomas-costumam-nascer-nestes-meses-segundo-pesquisa-internacional\/","url":"https:\/\/www.correiobraziliense.com.br\/cbradar\/os-alunos-com-maior-facilidade-para-aprender-idiomas-costumam-nascer-nestes-meses-segundo-pesquisa-internacional\/","name":"Os alunos com maior facilidade para aprender idiomas costumam nascer nestes meses, segundo pesquisa internacional - Correio Braziliense - Radar","isPartOf":{"@id":"https:\/\/www.correiobraziliense.com.br\/cbradar\/#website"},"primaryImageOfPage":{"@id":"https:\/\/www.correiobraziliense.com.br\/cbradar\/os-alunos-com-maior-facilidade-para-aprender-idiomas-costumam-nascer-nestes-meses-segundo-pesquisa-internacional\/#primaryimage"},"image":{"@id":"https:\/\/www.correiobraziliense.com.br\/cbradar\/os-alunos-com-maior-facilidade-para-aprender-idiomas-costumam-nascer-nestes-meses-segundo-pesquisa-internacional\/#primaryimage"},"thumbnailUrl":"https:\/\/www.correiobraziliense.com.br\/cbradar\/wp-content\/uploads\/2026\/02\/Gemini_Generated_Image_nu85jjnu85jjnu85-1-1-1.png","datePublished":"2026-02-28T14:30:05+00:00","dateModified":"2026-02-28T14:30:08+00:00","author":{"@id":"https:\/\/www.correiobraziliense.com.br\/cbradar\/#\/schema\/person\/5440b72be9c7eb74f446c846479dc4da"},"description":"O m\u00eas do seu nascimento pode influenciar sua facilidade com idiomas muito mais do que voc\u00ea imagina atualmente","breadcrumb":{"@id":"https:\/\/www.correiobraziliense.com.br\/cbradar\/os-alunos-com-maior-facilidade-para-aprender-idiomas-costumam-nascer-nestes-meses-segundo-pesquisa-internacional\/#breadcrumb"},"inLanguage":"pt-BR","potentialAction":[{"@type":"ReadAction","target":["https:\/\/www.correiobraziliense.com.br\/cbradar\/os-alunos-com-maior-facilidade-para-aprender-idiomas-costumam-nascer-nestes-meses-segundo-pesquisa-internacional\/"]}]},{"@type":"ImageObject","inLanguage":"pt-BR","@id":"https:\/\/www.correiobraziliense.com.br\/cbradar\/os-alunos-com-maior-facilidade-para-aprender-idiomas-costumam-nascer-nestes-meses-segundo-pesquisa-internacional\/#primaryimage","url":"https:\/\/www.correiobraziliense.com.br\/cbradar\/wp-content\/uploads\/2026\/02\/Gemini_Generated_Image_nu85jjnu85jjnu85-1-1-1.png","contentUrl":"https:\/\/www.correiobraziliense.com.br\/cbradar\/wp-content\/uploads\/2026\/02\/Gemini_Generated_Image_nu85jjnu85jjnu85-1-1-1.png","width":1280,"height":720,"caption":"Alguns jovens aprendem l\u00ednguas com rapidez surpreendente e a explica\u00e7\u00e3o pode come\u00e7ar antes da escola"},{"@type":"BreadcrumbList","@id":"https:\/\/www.correiobraziliense.com.br\/cbradar\/os-alunos-com-maior-facilidade-para-aprender-idiomas-costumam-nascer-nestes-meses-segundo-pesquisa-internacional\/#breadcrumb","itemListElement":[{"@type":"ListItem","position":1,"name":"In\u00edcio","item":"https:\/\/www.correiobraziliense.com.br\/cbradar\/"},{"@type":"ListItem","position":2,"name":"Os alunos com maior facilidade para aprender idiomas costumam nascer nestes meses, segundo pesquisa internacional"}]},{"@type":"WebSite","@id":"https:\/\/www.correiobraziliense.com.br\/cbradar\/#website","url":"https:\/\/www.correiobraziliense.com.br\/cbradar\/","name":"Correio Braziliense - Radar","description":"Acompanhe as \u00faltimas not\u00edcias e fique bem informado sobre tudo o que acontece no Brasil e no mundo.","potentialAction":[{"@type":"SearchAction","target":{"@type":"EntryPoint","urlTemplate":"https:\/\/www.correiobraziliense.com.br\/cbradar\/?s={search_term_string}"},"query-input":{"@type":"PropertyValueSpecification","valueRequired":true,"valueName":"search_term_string"}}],"inLanguage":"pt-BR"},{"@type":"Person","@id":"https:\/\/www.correiobraziliense.com.br\/cbradar\/#\/schema\/person\/5440b72be9c7eb74f446c846479dc4da","name":"Patrick Silva","image":{"@type":"ImageObject","inLanguage":"pt-BR","@id":"https:\/\/www.correiobraziliense.com.br\/cbradar\/#\/schema\/person\/image\/","url":"https:\/\/secure.gravatar.com\/avatar\/944109df296fc087785c9715fd5f80b2?s=96&d=mm&r=g","contentUrl":"https:\/\/secure.gravatar.com\/avatar\/944109df296fc087785c9715fd5f80b2?s=96&d=mm&r=g","caption":"Patrick Silva"},"sameAs":["https:\/\/www.correiobraziliense.com.br\/cbradar\/"],"url":"https:\/\/www.correiobraziliense.com.br\/cbradar\/author\/patrick-silva\/"}]}},"_links":{"self":[{"href":"https:\/\/www.correiobraziliense.com.br\/cbradar\/wp-json\/wp\/v2\/posts\/200882","targetHints":{"allow":["GET"]}}],"collection":[{"href":"https:\/\/www.correiobraziliense.com.br\/cbradar\/wp-json\/wp\/v2\/posts"}],"about":[{"href":"https:\/\/www.correiobraziliense.com.br\/cbradar\/wp-json\/wp\/v2\/types\/post"}],"author":[{"embeddable":true,"href":"https:\/\/www.correiobraziliense.com.br\/cbradar\/wp-json\/wp\/v2\/users\/21"}],"replies":[{"embeddable":true,"href":"https:\/\/www.correiobraziliense.com.br\/cbradar\/wp-json\/wp\/v2\/comments?post=200882"}],"version-history":[{"count":5,"href":"https:\/\/www.correiobraziliense.com.br\/cbradar\/wp-json\/wp\/v2\/posts\/200882\/revisions"}],"predecessor-version":[{"id":200900,"href":"https:\/\/www.correiobraziliense.com.br\/cbradar\/wp-json\/wp\/v2\/posts\/200882\/revisions\/200900"}],"wp:featuredmedia":[{"embeddable":true,"href":"https:\/\/www.correiobraziliense.com.br\/cbradar\/wp-json\/wp\/v2\/media\/200892"}],"wp:attachment":[{"href":"https:\/\/www.correiobraziliense.com.br\/cbradar\/wp-json\/wp\/v2\/media?parent=200882"}],"wp:term":[{"taxonomy":"category","embeddable":true,"href":"https:\/\/www.correiobraziliense.com.br\/cbradar\/wp-json\/wp\/v2\/categories?post=200882"},{"taxonomy":"post_tag","embeddable":true,"href":"https:\/\/www.correiobraziliense.com.br\/cbradar\/wp-json\/wp\/v2\/post_tag?post=200882"}],"curies":[{"name":"wp","href":"https:\/\/api.w.org\/{rel}","templated":true}]}}