{"id":200907,"date":"2026-03-01T17:15:00","date_gmt":"2026-03-01T20:15:00","guid":{"rendered":"https:\/\/www.correiobraziliense.com.br\/cbradar\/?p=200907"},"modified":"2026-02-28T11:32:50","modified_gmt":"2026-02-28T14:32:50","slug":"os-habitos-mais-importantes-para-evitar-ressaca-e-fadiga-extrema","status":"publish","type":"post","link":"https:\/\/www.correiobraziliense.com.br\/cbradar\/os-habitos-mais-importantes-para-evitar-ressaca-e-fadiga-extrema\/","title":{"rendered":"Os h\u00e1bitos mais importantes para evitar ressaca e fadiga extrema"},"content":{"rendered":"\n<p>Acordar com uma forte dor de cabe\u00e7a e outras sensa\u00e7\u00f5es desagrad\u00e1veis ap\u00f3s uma noite de consumo de bebidas alco\u00f3licas pode indicar que o corpo est\u00e1 lidando com os efeitos da ressaca. Essa condi\u00e7\u00e3o resulta de um conjunto de rea\u00e7\u00f5es que envolvem desidrata\u00e7\u00e3o e a tentativa do organismo de eliminar toxinas, impactando o funcionamento do f\u00edgado e do c\u00e9rebro. Ao compreender os mecanismos biol\u00f3gicos da ressaca, \u00e9 poss\u00edvel adotar medidas preventivas que favorecem o bem-estar no dia seguinte.<\/p>\n\n\n\n<h2 class=\"wp-block-heading\">Como o \u00e1lcool afeta o organismo?<\/h2>\n\n\n\n<p>O consumo de \u00e1lcool afeta o corpo por meio da inibi\u00e7\u00e3o do horm\u00f4nio antidiur\u00e9tico, o que leva os rins a excretar mais l\u00edquido do que o habitual e provoca desidrata\u00e7\u00e3o. Al\u00e9m disso, ocorre a forma\u00e7\u00e3o de acetalde\u00eddo no f\u00edgado, subst\u00e2ncia t\u00f3xica que promove inflama\u00e7\u00e3o e contribui para os desconfortos t\u00edpicos de uma ressaca.<\/p>\n\n\n\n<p>A queda nos n\u00edveis de a\u00e7\u00facar no sangue e a irrita\u00e7\u00e3o g\u00e1strica tamb\u00e9m participam desse quadro, podendo causar n\u00e1useas, mal-estar geral, dificuldades para dormir e falta de concentra\u00e7\u00e3o. Esses efeitos combinados explicam por que mesmo pequenas quantidades de \u00e1lcool podem gerar sintomas desagrad\u00e1veis em algumas pessoas.<\/p>\n\n\n\n<p>Para compreender melhor como o \u00e1lcool age no organismo e seus efeitos no corpo humano, assista ao v\u00eddeo a seguir, no qual o <strong>Dr. Drauzio Varella<\/strong> explica o assunto de forma clara e did\u00e1tica no canal <strong>Drauzio Varella<\/strong>.<\/p>\n\n\n\n<iframe loading=\"lazy\" width=\"1396\" height=\"785\" src=\"https:\/\/www.youtube.com\/embed\/npIIgwSPKUw\" title=\"Como o \u00e1lcool age no organismo | Coluna #80\" frameborder=\"0\" allow=\"accelerometer; autoplay; clipboard-write; encrypted-media; gyroscope; picture-in-picture; web-share\" referrerpolicy=\"strict-origin-when-cross-origin\" allowfullscreen><\/iframe>\n\n\n\n<h2 class=\"wp-block-heading\">Qual a import\u00e2ncia de beber \u00e1gua ao consumir \u00e1lcool?<\/h2>\n\n\n\n<p>Manter-se hidratado \u00e9 uma das estrat\u00e9gias mais eficazes para mitigar os efeitos do \u00e1lcool durante e ap\u00f3s o consumo. Beber \u00e1gua entre os drinques ajuda a diluir a concentra\u00e7\u00e3o de \u00e1lcool no sangue, preservar o volume sangu\u00edneo adequado e reduzir o risco de desidrata\u00e7\u00e3o intensa.<\/p>\n\n\n\n<p>Essa pr\u00e1tica tamb\u00e9m facilita a excre\u00e7\u00e3o das toxinas metab\u00f3licas pela urina, aliviando a press\u00e3o intracraniana e reduzindo a dor de cabe\u00e7a. Al\u00e9m disso, a \u00e1gua contribui para preservar a fun\u00e7\u00e3o renal, proteger as c\u00e9lulas contra danos mais duradouros e apoiar o equil\u00edbrio de eletr\u00f3litos no organismo.<\/p>\n\n\n\n<h2 class=\"wp-block-heading\">Quais alimentos que auxiliam na preven\u00e7\u00e3o da ressaca?<\/h2>\n\n\n\n<p>Consumir alimentos que retardam a absor\u00e7\u00e3o do \u00e1lcool pode ser ben\u00e9fico para atenuar os sintomas no dia seguinte. A ingest\u00e3o de gorduras saud\u00e1veis e prote\u00ednas cria uma esp\u00e9cie de barreira natural que desacelera a entrada de \u00e1lcool na corrente sangu\u00ednea e estabiliza os n\u00edveis de glicose.<\/p>\n\n\n\n<p>Nutricionistas recomendam alguns alimentos e prepara\u00e7\u00f5es que podem ser aliados nesse processo:<\/p>\n\n\n\n<!-- \ud83c\udf3f Tabela: \ud83e\udd51 Alimentos que Podem Auxiliar Ap\u00f3s Consumo de \u00c1lcool -->\n\n<div class=\"alimentos-pos-alcool\" role=\"region\" aria-labelledby=\"alimentos-pos-alcool-caption\">\n  <style>\n    .alimentos-pos-alcool{\n      --bg: #ffffff;\n      --text: #1f2937;\n      --muted: #6b7280;\n      --border: #e5e7eb;\n      --primary: #059669;\n      --primary-bg: #d1fae5;\n      --highlight: #ecfdf5;\n      --radius: 16px;\n      --shadow: 0 8px 22px rgba(0,0,0,.06);\n      margin:1rem 0 2rem; background:var(--bg);\n      border:1px solid var(--border); border-radius:var(--radius);\n      box-shadow:var(--shadow); overflow:hidden;\n      font-family:\"Poppins\",sans-serif; font-size:.97rem;\n    }\n    .alimentos-pos-alcool .header{\n      padding:1rem 1.25rem; border-bottom:1px solid var(--border);\n      background:linear-gradient(90deg,var(--highlight) 0%,var(--primary-bg) 100%);\n    }\n    .alimentos-pos-alcool .header h3{ margin:0; font-size:1.25rem; font-weight:700; color:var(--text); }\n    .alimentos-pos-alcool .header p{ margin:.35rem 0 0; font-size:.95rem; color:var(--muted); }\n    .alimentos-pos-alcool .table-wrap{ overflow-x:auto; -webkit-overflow-scrolling:touch; scrollbar-width:thin; }\n    .alimentos-pos-alcool table{ width:100%; border-collapse:separate; border-spacing:0; min-width:700px; }\n    .alimentos-pos-alcool thead th{\n      text-align:left; font-weight:700; color:var(--text);\n      background:var(--primary-bg); padding:.9rem 1rem; border-bottom:2px solid var(--border);\n    }\n    .alimentos-pos-alcool tbody td{\n      padding:1rem; border-bottom:1px solid var(--border);\n      vertical-align:top; color:var(--text); background:#fff; line-height:1.5;\n    }\n    .alimentos-pos-alcool tbody tr:nth-child(odd) td{ background:var(--highlight); }\n    .alimentos-pos-alcool tbody tr:hover td{ background:color-mix(in oklab, var(--primary-bg) 70%, white); transition:all .25s ease-in-out; }\n    .alimentos-pos-alcool .name{ font-weight:700; font-size:1rem; color:var(--text); }\n    .alimentos-pos-alcool .desc{ color:var(--muted); }\n    .alimentos-pos-alcool .price{\n      display:inline-block; background:color-mix(in oklab, var(--primary) 10%, white);\n      color:var(--primary); border:1px solid var(--border); border-radius:999px;\n      padding:.35rem .7rem; font-weight:700; font-size:.9rem; margin-top:.3rem;\n    }\n    @media (max-width:640px){ .alimentos-pos-alcool table{ min-width:600px; } .alimentos-pos-alcool .header h3{ font-size:1.1rem; } }\n  <\/style>\n\n  <div class=\"header\">\n    <h3 id=\"alimentos-pos-alcool-caption\">\ud83e\udd51 Alimentos que Podem Auxiliar Ap\u00f3s Consumo de \u00c1lcool<\/h3>\n    <p>Op\u00e7\u00f5es que contribuem para reposi\u00e7\u00e3o nutricional e suporte metab\u00f3lico.<\/p>\n  <\/div>\n\n  <div class=\"table-wrap\" tabindex=\"0\" aria-label=\"\ud83e\udd51 Alimentos que Podem Auxiliar Ap\u00f3s Consumo de \u00c1lcool\">\n    <table>\n      <thead>\n        <tr>\n          <th>Alimento<\/th>\n          <th>Benef\u00edcio<\/th>\n        <\/tr>\n      <\/thead>\n      <tbody>\n        <tr>\n          <td><span class=\"name\">Abacate e azeite de oliva<\/span><\/td>\n          <td><span class=\"desc\">Ricos em gorduras saud\u00e1veis que podem retardar a absor\u00e7\u00e3o do \u00e1lcool.<\/span><\/td>\n        <\/tr>\n        <tr>\n          <td><span class=\"name\">Ovos<\/span><\/td>\n          <td><span class=\"desc\">Fornecem prote\u00ednas e amino\u00e1cidos importantes para o reparo celular.<\/span><\/td>\n        <\/tr>\n        <tr>\n          <td><span class=\"name\">Bananas<\/span><\/td>\n          <td><span class=\"desc\">Auxiliam na reposi\u00e7\u00e3o de pot\u00e1ssio e na manuten\u00e7\u00e3o do equil\u00edbrio eletrol\u00edtico.<\/span><\/td>\n        <\/tr>\n        <tr>\n          <td><span class=\"name\">Frutas ricas em frutose<\/span><\/td>\n          <td><span class=\"desc\">Ma\u00e7\u00e3 e pera fornecem energia r\u00e1pida e podem auxiliar no metabolismo do \u00e1lcool.<\/span><\/td>\n        <\/tr>\n      <\/tbody>\n    <\/table>\n  <\/div>\n<\/div>\n\n\n\n\n<h2 class=\"wp-block-heading\">Existem h\u00e1bitos que podem prevenir o mal-estar da ressaca?<\/h2>\n\n\n\n<p>Alguns h\u00e1bitos adotados durante o consumo de bebidas alco\u00f3licas influenciam diretamente a intensidade da ressaca. Optar por bebidas claras, que geralmente cont\u00eam menos impurezas e cong\u00eaneres, pode reduzir a sobrecarga do f\u00edgado e do sistema enzim\u00e1tico respons\u00e1vel pelo metabolismo das toxinas.<\/p>\n\n\n\n<p>Al\u00e9m disso, evitar misturar muitos tipos de bebidas alco\u00f3licas, beber devagar e intercalar cada dose com \u00e1gua s\u00e3o pr\u00e1ticas recomendadas. Essas estrat\u00e9gias ajudam a controlar a quantidade ingerida, diminuem a desidrata\u00e7\u00e3o e reduzem os desconfortos subsequentes, como dor de cabe\u00e7a e fadiga intensa.<\/p>\n\n\n\n<figure class=\"wp-block-image aligncenter size-large\"><img decoding=\"async\" width=\"1024\" height=\"576\" src=\"https:\/\/www.correiobraziliense.com.br\/cbradar\/wp-content\/uploads\/2025\/05\/ressaca_1747616010029-1024x576.jpg\" alt=\"\" class=\"wp-image-39284\" srcset=\"https:\/\/www.correiobraziliense.com.br\/cbradar\/wp-content\/uploads\/2025\/05\/ressaca_1747616010029-1024x576.jpg 1024w, https:\/\/www.correiobraziliense.com.br\/cbradar\/wp-content\/uploads\/2025\/05\/ressaca_1747616010029-300x169.jpg 300w, https:\/\/www.correiobraziliense.com.br\/cbradar\/wp-content\/uploads\/2025\/05\/ressaca_1747616010029-768x432.jpg 768w, https:\/\/www.correiobraziliense.com.br\/cbradar\/wp-content\/uploads\/2025\/05\/ressaca_1747616010029-750x422.jpg 750w, https:\/\/www.correiobraziliense.com.br\/cbradar\/wp-content\/uploads\/2025\/05\/ressaca_1747616010029-1140x641.jpg 1140w, https:\/\/www.correiobraziliense.com.br\/cbradar\/wp-content\/uploads\/2025\/05\/ressaca_1747616010029.jpg 1280w\" sizes=\"(max-width: 1024px) 100vw, 1024px\" \/><figcaption class=\"wp-element-caption\">essa dica simples pode acabar com sua ressaca em minutos &#8211; Cr\u00e9ditos: depositphotos.com \/ VitalikRadko\n\n<\/figcaption><\/figure>\n\n\n\n<h2 class=\"wp-block-heading\">Quais os cuidados ap\u00f3s o consumo de \u00e1lcool?<\/h2>\n\n\n\n<p>Embora a modera\u00e7\u00e3o seja a forma mais eficaz de evitar a ressaca, algumas medidas ap\u00f3s o consumo podem facilitar a recupera\u00e7\u00e3o. Focar na reposi\u00e7\u00e3o de eletr\u00f3litos e manter uma alimenta\u00e7\u00e3o leve, rica em frutas, l\u00edquidos e fontes de carboidratos complexos, pode acelerar o processo natural de desintoxica\u00e7\u00e3o do corpo.<\/p>\n\n\n\n<p>Em casos de sintomas mais prolongados, a reidrata\u00e7\u00e3o com solu\u00e7\u00f5es orais, \u00e1gua de coco ou caldos leves pode ser especialmente ben\u00e9fica. Associar essas medidas a um bom descanso ajuda o organismo a se recuperar mais rapidamente, reduzindo o impacto negativo do \u00e1lcool e favorecendo a manuten\u00e7\u00e3o da sa\u00fade a longo prazo.<\/p>\n\n\n<a href=\"https:\/\/www.instagram.com\/dra.annaluisabf\/\" target=\"_blank\" rel=\"noopener\" style=\"text-decoration: none; color: inherit;\">\n    <span style=\"display: inline-block; border: 1px solid #ccc; border-radius: 10px; padding: 15px; max-width: 550px; font-family: sans-serif; box-shadow: 0 2px 5px rgba(0,0,0,0.1); width: 100%;\">\n\n      <!-- T\u00edtulo -->\n      <span style=\"display: block; margin: 0 0 15px 0; font-weight: bold; color: #2c3e50; text-align: center;\">\n        Entre em contato:\n      <\/span>\n\n      <!-- Linha do perfil -->\n      <span style=\"display: flex; align-items: center; gap: 15px;\">\n        <img decoding=\"async\"\n          src=\"https:\/\/www.correiobraziliense.com.br\/cbradar\/wp-content\/uploads\/2025\/08\/dra_anna_luisa.jpeg\"\n          alt=\"Foto da Dra. Anna Lu\u00edsa\"\n          style=\"border-radius: 50%; width: 80px; height: 80px; object-fit: cover;\"\n        \/>\n        <span style=\"display: flex; flex-direction: column;\">\n          <span style=\"font-size: 18px; font-weight: 700; color: #2c3e50;\">Dra. Anna Lu\u00edsa Barbosa Fernandes<\/span>\n          <span style=\"color: #555;\">CRM-GO 33.271<\/span>\n        <\/span>\n      <\/span>\n\n      <!-- Redes -->\n      <span style=\"display: flex; align-items: center; gap: 10px; margin-top: 12px;\">\n        <img decoding=\"async\" src=\"https:\/\/cdn-icons-png.flaticon.com\/24\/1384\/1384063.png\" alt=\"Instagram\" width=\"24\" height=\"24\" \/>\n        <span style=\"text-decoration: underline; color: #2c3e50;\">@dra.annaluisabf<\/span>\n      <\/span>\n\n    <\/span>\n  <\/a>","protected":false},"excerpt":{"rendered":"<p>Acordar com uma forte dor de cabe\u00e7a e outras sensa\u00e7\u00f5es desagrad\u00e1veis ap\u00f3s uma noite de consumo de bebidas alco\u00f3licas pode indicar que o corpo est\u00e1 lidando com os efeitos da ressaca. Essa condi\u00e7\u00e3o resulta de um conjunto de rea\u00e7\u00f5es que envolvem desidrata\u00e7\u00e3o e a tentativa do organismo de eliminar toxinas, impactando o funcionamento do f\u00edgado [&hellip;]<\/p>\n","protected":false},"author":14,"featured_media":39285,"comment_status":"open","ping_status":"open","sticky":false,"template":"","format":"standard","meta":{"_yoast_wpseo_focuskw":"Ressaca","_yoast_wpseo_title":"","_yoast_wpseo_metadesc":"Ressaca pode causar dor de cabe\u00e7a e desidrata\u00e7\u00e3o. Descubra como reduzir os sintomas e proteger o f\u00edgado.","jnews-multi-image_gallery":[],"jnews_single_post":{"format":"standard"},"jnews_primary_category":[],"jnews_social_meta":[],"jnews_override_counter":[],"footnotes":""},"categories":[4404],"post_tag":[565],"class_list":["post-200907","post","type-post","status-publish","format-standard","has-post-thumbnail","hentry","category-saude","tag-saude"],"yoast_head":"<!-- This site is optimized with the Yoast SEO plugin v24.6 - https:\/\/yoast.com\/wordpress\/plugins\/seo\/ -->\n<title>Os h\u00e1bitos mais importantes para evitar ressaca e fadiga extrema - Correio Braziliense - Radar<\/title>\n<meta name=\"description\" content=\"Ressaca pode causar dor de cabe\u00e7a e desidrata\u00e7\u00e3o. Descubra como reduzir os sintomas e proteger o f\u00edgado.\" \/>\n<meta name=\"robots\" content=\"index, follow, max-snippet:-1, max-image-preview:large, max-video-preview:-1\" \/>\n<link rel=\"canonical\" href=\"https:\/\/www.correiobraziliense.com.br\/cbradar\/os-habitos-mais-importantes-para-evitar-ressaca-e-fadiga-extrema\/\" \/>\n<meta property=\"og:locale\" content=\"pt_BR\" \/>\n<meta property=\"og:type\" content=\"article\" \/>\n<meta property=\"og:title\" content=\"Os h\u00e1bitos mais importantes para evitar ressaca e fadiga extrema - Correio Braziliense - Radar\" \/>\n<meta property=\"og:description\" content=\"Ressaca pode causar dor de cabe\u00e7a e desidrata\u00e7\u00e3o. Descubra como reduzir os sintomas e proteger o f\u00edgado.\" \/>\n<meta property=\"og:url\" content=\"https:\/\/www.correiobraziliense.com.br\/cbradar\/os-habitos-mais-importantes-para-evitar-ressaca-e-fadiga-extrema\/\" \/>\n<meta property=\"og:site_name\" content=\"Correio Braziliense - Radar\" \/>\n<meta property=\"article:published_time\" content=\"2026-03-01T20:15:00+00:00\" \/>\n<meta property=\"og:image\" content=\"https:\/\/www.correiobraziliense.com.br\/cbradar\/wp-content\/uploads\/2025\/05\/ressaca_1747616144686.jpg\" \/>\n\t<meta property=\"og:image:width\" content=\"1280\" \/>\n\t<meta property=\"og:image:height\" content=\"720\" \/>\n\t<meta property=\"og:image:type\" content=\"image\/jpeg\" \/>\n<meta name=\"author\" content=\"guilherme_saude\" \/>\n<meta name=\"twitter:card\" content=\"summary_large_image\" \/>\n<meta name=\"twitter:label1\" content=\"Escrito por\" \/>\n\t<meta name=\"twitter:data1\" content=\"guilherme_saude\" \/>\n\t<meta name=\"twitter:label2\" content=\"Est. tempo de leitura\" \/>\n\t<meta name=\"twitter:data2\" content=\"5 minutos\" \/>\n<!-- \/ Yoast SEO plugin. -->","yoast_head_json":{"title":"Os h\u00e1bitos mais importantes para evitar ressaca e fadiga extrema - Correio Braziliense - Radar","description":"Ressaca pode causar dor de cabe\u00e7a e desidrata\u00e7\u00e3o. Descubra como reduzir os sintomas e proteger o f\u00edgado.","robots":{"index":"index","follow":"follow","max-snippet":"max-snippet:-1","max-image-preview":"max-image-preview:large","max-video-preview":"max-video-preview:-1"},"canonical":"https:\/\/www.correiobraziliense.com.br\/cbradar\/os-habitos-mais-importantes-para-evitar-ressaca-e-fadiga-extrema\/","og_locale":"pt_BR","og_type":"article","og_title":"Os h\u00e1bitos mais importantes para evitar ressaca e fadiga extrema - Correio Braziliense - Radar","og_description":"Ressaca pode causar dor de cabe\u00e7a e desidrata\u00e7\u00e3o. Descubra como reduzir os sintomas e proteger o f\u00edgado.","og_url":"https:\/\/www.correiobraziliense.com.br\/cbradar\/os-habitos-mais-importantes-para-evitar-ressaca-e-fadiga-extrema\/","og_site_name":"Correio Braziliense - Radar","article_published_time":"2026-03-01T20:15:00+00:00","og_image":[{"width":1280,"height":720,"url":"https:\/\/www.correiobraziliense.com.br\/cbradar\/wp-content\/uploads\/2025\/05\/ressaca_1747616144686.jpg","type":"image\/jpeg"}],"author":"guilherme_saude","twitter_card":"summary_large_image","twitter_misc":{"Escrito por":"guilherme_saude","Est. tempo de leitura":"5 minutos"},"schema":{"@context":"https:\/\/schema.org","@graph":[{"@type":"WebPage","@id":"https:\/\/www.correiobraziliense.com.br\/cbradar\/os-habitos-mais-importantes-para-evitar-ressaca-e-fadiga-extrema\/","url":"https:\/\/www.correiobraziliense.com.br\/cbradar\/os-habitos-mais-importantes-para-evitar-ressaca-e-fadiga-extrema\/","name":"Os h\u00e1bitos mais importantes para evitar ressaca e fadiga extrema - Correio Braziliense - Radar","isPartOf":{"@id":"https:\/\/www.correiobraziliense.com.br\/cbradar\/#website"},"primaryImageOfPage":{"@id":"https:\/\/www.correiobraziliense.com.br\/cbradar\/os-habitos-mais-importantes-para-evitar-ressaca-e-fadiga-extrema\/#primaryimage"},"image":{"@id":"https:\/\/www.correiobraziliense.com.br\/cbradar\/os-habitos-mais-importantes-para-evitar-ressaca-e-fadiga-extrema\/#primaryimage"},"thumbnailUrl":"https:\/\/www.correiobraziliense.com.br\/cbradar\/wp-content\/uploads\/2025\/05\/ressaca_1747616144686.jpg","datePublished":"2026-03-01T20:15:00+00:00","author":{"@id":"https:\/\/www.correiobraziliense.com.br\/cbradar\/#\/schema\/person\/5aa4bf3c8fa699c267933611de12978b"},"description":"Ressaca pode causar dor de cabe\u00e7a e desidrata\u00e7\u00e3o. Descubra como reduzir os sintomas e proteger o f\u00edgado.","breadcrumb":{"@id":"https:\/\/www.correiobraziliense.com.br\/cbradar\/os-habitos-mais-importantes-para-evitar-ressaca-e-fadiga-extrema\/#breadcrumb"},"inLanguage":"pt-BR","potentialAction":[{"@type":"ReadAction","target":["https:\/\/www.correiobraziliense.com.br\/cbradar\/os-habitos-mais-importantes-para-evitar-ressaca-e-fadiga-extrema\/"]}]},{"@type":"ImageObject","inLanguage":"pt-BR","@id":"https:\/\/www.correiobraziliense.com.br\/cbradar\/os-habitos-mais-importantes-para-evitar-ressaca-e-fadiga-extrema\/#primaryimage","url":"https:\/\/www.correiobraziliense.com.br\/cbradar\/wp-content\/uploads\/2025\/05\/ressaca_1747616144686.jpg","contentUrl":"https:\/\/www.correiobraziliense.com.br\/cbradar\/wp-content\/uploads\/2025\/05\/ressaca_1747616144686.jpg","width":1280,"height":720,"caption":"\u00c1lcool provoca inflama\u00e7\u00e3o e queda de glicose entenda como prevenir- Cr\u00e9ditos: depositphotos.com \/ AndrewLozovyi"},{"@type":"BreadcrumbList","@id":"https:\/\/www.correiobraziliense.com.br\/cbradar\/os-habitos-mais-importantes-para-evitar-ressaca-e-fadiga-extrema\/#breadcrumb","itemListElement":[{"@type":"ListItem","position":1,"name":"In\u00edcio","item":"https:\/\/www.correiobraziliense.com.br\/cbradar\/"},{"@type":"ListItem","position":2,"name":"Os h\u00e1bitos mais importantes para evitar ressaca e fadiga extrema"}]},{"@type":"WebSite","@id":"https:\/\/www.correiobraziliense.com.br\/cbradar\/#website","url":"https:\/\/www.correiobraziliense.com.br\/cbradar\/","name":"Correio Braziliense - Radar","description":"Acompanhe as \u00faltimas not\u00edcias e fique bem informado sobre tudo o que acontece no Brasil e no mundo.","potentialAction":[{"@type":"SearchAction","target":{"@type":"EntryPoint","urlTemplate":"https:\/\/www.correiobraziliense.com.br\/cbradar\/?s={search_term_string}"},"query-input":{"@type":"PropertyValueSpecification","valueRequired":true,"valueName":"search_term_string"}}],"inLanguage":"pt-BR"},{"@type":"Person","@id":"https:\/\/www.correiobraziliense.com.br\/cbradar\/#\/schema\/person\/5aa4bf3c8fa699c267933611de12978b","name":"guilherme_saude","image":{"@type":"ImageObject","inLanguage":"pt-BR","@id":"https:\/\/www.correiobraziliense.com.br\/cbradar\/#\/schema\/person\/image\/","url":"https:\/\/secure.gravatar.com\/avatar\/df9adfb835d344bc0af109d41756253f?s=96&d=mm&r=g","contentUrl":"https:\/\/secure.gravatar.com\/avatar\/df9adfb835d344bc0af109d41756253f?s=96&d=mm&r=g","caption":"guilherme_saude"},"url":"https:\/\/www.correiobraziliense.com.br\/cbradar\/author\/guilherme_saude\/"}]}},"_links":{"self":[{"href":"https:\/\/www.correiobraziliense.com.br\/cbradar\/wp-json\/wp\/v2\/posts\/200907","targetHints":{"allow":["GET"]}}],"collection":[{"href":"https:\/\/www.correiobraziliense.com.br\/cbradar\/wp-json\/wp\/v2\/posts"}],"about":[{"href":"https:\/\/www.correiobraziliense.com.br\/cbradar\/wp-json\/wp\/v2\/types\/post"}],"author":[{"embeddable":true,"href":"https:\/\/www.correiobraziliense.com.br\/cbradar\/wp-json\/wp\/v2\/users\/14"}],"replies":[{"embeddable":true,"href":"https:\/\/www.correiobraziliense.com.br\/cbradar\/wp-json\/wp\/v2\/comments?post=200907"}],"version-history":[{"count":1,"href":"https:\/\/www.correiobraziliense.com.br\/cbradar\/wp-json\/wp\/v2\/posts\/200907\/revisions"}],"predecessor-version":[{"id":200922,"href":"https:\/\/www.correiobraziliense.com.br\/cbradar\/wp-json\/wp\/v2\/posts\/200907\/revisions\/200922"}],"wp:featuredmedia":[{"embeddable":true,"href":"https:\/\/www.correiobraziliense.com.br\/cbradar\/wp-json\/wp\/v2\/media\/39285"}],"wp:attachment":[{"href":"https:\/\/www.correiobraziliense.com.br\/cbradar\/wp-json\/wp\/v2\/media?parent=200907"}],"wp:term":[{"taxonomy":"category","embeddable":true,"href":"https:\/\/www.correiobraziliense.com.br\/cbradar\/wp-json\/wp\/v2\/categories?post=200907"},{"taxonomy":"post_tag","embeddable":true,"href":"https:\/\/www.correiobraziliense.com.br\/cbradar\/wp-json\/wp\/v2\/post_tag?post=200907"}],"curies":[{"name":"wp","href":"https:\/\/api.w.org\/{rel}","templated":true}]}}