{"id":200921,"date":"2026-03-01T18:25:00","date_gmt":"2026-03-01T21:25:00","guid":{"rendered":"https:\/\/www.correiobraziliense.com.br\/cbradar\/?p=200921"},"modified":"2026-02-28T11:27:33","modified_gmt":"2026-02-28T14:27:33","slug":"deficiencia-de-vitamina-b-causa-cansaco-e-reduz-desempenho-mental","status":"publish","type":"post","link":"https:\/\/www.correiobraziliense.com.br\/cbradar\/deficiencia-de-vitamina-b-causa-cansaco-e-reduz-desempenho-mental\/","title":{"rendered":"Defici\u00eancia de vitamina B causa cansa\u00e7o e reduz desempenho mental"},"content":{"rendered":"\n<p>As <strong>Vitaminas do Complexo B<\/strong> s\u00e3o fundamentais para diversas rea\u00e7\u00f5es metab\u00f3licas que ocorrem no corpo, ajudando a converter carboidratos, gorduras e prote\u00ednas em trifosfato de adenosina (ATP), principal fonte de energia das c\u00e9lulas. Sem essas vitaminas, o organismo n\u00e3o produz energia de forma eficiente, o que pode resultar em fadiga muscular durante atividades f\u00edsicas e dificuldades de concentra\u00e7\u00e3o e racioc\u00ednio ao longo do dia.<\/p>\n\n\n\n<h2 class=\"wp-block-heading\">Como as vitaminas do complexo B influenciam diretamente a fadiga?<\/h2>\n\n\n\n<p>Defici\u00eancias nas vitaminas do complexo B, principalmente a B12, est\u00e3o associadas a redu\u00e7\u00e3o da toler\u00e2ncia ao exerc\u00edcio, fadiga constante e at\u00e9 falta de ar. Esses sinais cl\u00ednicos costumam ser revertidos com a reposi\u00e7\u00e3o adequada, sempre orientada por profissional de sa\u00fade, que pode avaliar exames e poss\u00edveis causas associadas.<\/p>\n\n\n\n<p>Al\u00e9m disso, a vitamina C tamb\u00e9m exerce papel significativo, ajudando a reduzir danos musculares p\u00f3s-exerc\u00edcio e contribuindo para melhor disposi\u00e7\u00e3o geral. Em conjunto, vitaminas do complexo B e vitamina C favorecem o metabolismo energ\u00e9tico, o transporte de oxig\u00eanio e a recupera\u00e7\u00e3o muscular.<\/p>\n\n\n\n<p>Para compreender melhor as vitaminas do complexo B e quando pode haver necessidade de suplementa\u00e7\u00e3o, assista ao v\u00eddeo a seguir, no qual o(a) <strong>especialista<\/strong> explica o assunto de forma clara e did\u00e1tica no canal respons\u00e1vel pelo conte\u00fado.<\/p>\n\n\n\n<iframe loading=\"lazy\" width=\"1396\" height=\"785\" src=\"https:\/\/www.youtube.com\/embed\/SAIJrIzX1co\" title=\"Vitaminas do complexo B - Entenda a necessidade de suplementar\" frameborder=\"0\" allow=\"accelerometer; autoplay; clipboard-write; encrypted-media; gyroscope; picture-in-picture; web-share\" referrerpolicy=\"strict-origin-when-cross-origin\" allowfullscreen><\/iframe>\n\n\n\n<h2 class=\"wp-block-heading\">Quais as vitaminas mais eficazes no combate ao cansa\u00e7o f\u00edsico e mental?<\/h2>\n\n\n\n<p>Cada vitamina do complexo B oferece benef\u00edcios espec\u00edficos no combate \u00e0 fadiga e atua em diferentes etapas do metabolismo energ\u00e9tico e da fun\u00e7\u00e3o cerebral. A seguir, veja como algumas delas contribuem diretamente para a redu\u00e7\u00e3o do cansa\u00e7o f\u00edsico e mental:<\/p>\n\n\n\n<!-- \ud83c\udf3f Tabela: \ud83d\udc8a Vitaminas Essenciais para Energia e Fun\u00e7\u00e3o Cognitiva -->\n\n<div class=\"vitaminas-energia\" role=\"region\" aria-labelledby=\"vitaminas-energia-caption\">\n  <style>\n    .vitaminas-energia{\n      --bg: #ffffff;\n      --text: #1f2937;\n      --muted: #6b7280;\n      --border: #e5e7eb;\n      --primary: #7c3aed;\n      --primary-bg: #ede9fe;\n      --highlight: #f5f3ff;\n      --radius: 16px;\n      --shadow: 0 8px 22px rgba(0,0,0,.06);\n      margin:1rem 0 2rem; background:var(--bg);\n      border:1px solid var(--border); border-radius:var(--radius);\n      box-shadow:var(--shadow); overflow:hidden;\n      font-family:\"Poppins\",sans-serif; font-size:.97rem;\n    }\n    .vitaminas-energia .header{\n      padding:1rem 1.25rem; border-bottom:1px solid var(--border);\n      background:linear-gradient(90deg,var(--highlight) 0%,var(--primary-bg) 100%);\n    }\n    .vitaminas-energia .header h3{ margin:0; font-size:1.25rem; font-weight:700; color:var(--text); }\n    .vitaminas-energia .header p{ margin:.35rem 0 0; font-size:.95rem; color:var(--muted); }\n    .vitaminas-energia .table-wrap{ overflow-x:auto; -webkit-overflow-scrolling:touch; scrollbar-width:thin; }\n    .vitaminas-energia table{ width:100%; border-collapse:separate; border-spacing:0; min-width:700px; }\n    .vitaminas-energia thead th{\n      text-align:left; font-weight:700; color:var(--text);\n      background:var(--primary-bg); padding:.9rem 1rem; border-bottom:2px solid var(--border);\n    }\n    .vitaminas-energia tbody td{\n      padding:1rem; border-bottom:1px solid var(--border);\n      vertical-align:top; color:var(--text); background:#fff; line-height:1.5;\n    }\n    .vitaminas-energia tbody tr:nth-child(odd) td{ background:var(--highlight); }\n    .vitaminas-energia tbody tr:hover td{ background:color-mix(in oklab, var(--primary-bg) 70%, white); transition:all .25s ease-in-out; }\n    .vitaminas-energia .name{ font-weight:700; font-size:1rem; color:var(--text); }\n    .vitaminas-energia .desc{ color:var(--muted); }\n    .vitaminas-energia .price{\n      display:inline-block; background:color-mix(in oklab, var(--primary) 10%, white);\n      color:var(--primary); border:1px solid var(--border); border-radius:999px;\n      padding:.35rem .7rem; font-weight:700; font-size:.9rem; margin-top:.3rem;\n    }\n    @media (max-width:640px){ .vitaminas-energia table{ min-width:600px; } .vitaminas-energia .header h3{ font-size:1.1rem; } }\n  <\/style>\n\n  <div class=\"header\">\n    <h3 id=\"vitaminas-energia-caption\">\ud83d\udc8a Vitaminas Essenciais para Energia e Fun\u00e7\u00e3o Cognitiva<\/h3>\n    <p>Principais vitaminas envolvidas na produ\u00e7\u00e3o de energia, sa\u00fade mental e transporte de oxig\u00eanio.<\/p>\n  <\/div>\n\n  <div class=\"table-wrap\" tabindex=\"0\" aria-label=\"\ud83d\udc8a Vitaminas Essenciais para Energia e Fun\u00e7\u00e3o Cognitiva\">\n    <table>\n      <thead>\n        <tr>\n          <th>Vitamina<\/th>\n          <th>Fun\u00e7\u00e3o e Impacto<\/th>\n        <\/tr>\n      <\/thead>\n      <tbody>\n        <tr>\n          <td><span class=\"name\">Vitamina B12<\/span><\/td>\n          <td><span class=\"desc\">Essencial para a forma\u00e7\u00e3o de gl\u00f3bulos vermelhos e transporte de oxig\u00eanio; sua defici\u00eancia pode provocar anemia, fadiga extrema e dificuldade de concentra\u00e7\u00e3o.<\/span><\/td>\n        <\/tr>\n        <tr>\n          <td><span class=\"name\">Vitamina B9 (\u00c1cido f\u00f3lico)<\/span><\/td>\n          <td><span class=\"desc\">Atua em conjunto com a B12 na produ\u00e7\u00e3o de c\u00e9lulas sangu\u00edneas, ajudando a evitar cansa\u00e7o e poss\u00edveis sintomas depressivos.<\/span><\/td>\n        <\/tr>\n        <tr>\n          <td><span class=\"name\">Vitamina B6<\/span><\/td>\n          <td><span class=\"desc\">Importante para a s\u00edntese de neurotransmissores como serotonina e dopamina, influenciando o humor e a energia mental.<\/span><\/td>\n        <\/tr>\n        <tr>\n          <td><span class=\"name\">Vitamina B1 (Tiamina)<\/span><\/td>\n          <td><span class=\"desc\">Fundamental para o metabolismo da glicose no c\u00e9rebro; sua defici\u00eancia pode causar fadiga mental e dificuldades de concentra\u00e7\u00e3o.<\/span><\/td>\n        <\/tr>\n        <tr>\n          <td><span class=\"name\">Vitamina C<\/span><\/td>\n          <td><span class=\"desc\">Atua como antioxidante, combatendo danos musculares e melhorando a absor\u00e7\u00e3o de ferro, essencial para a energia corporal.<\/span><\/td>\n        <\/tr>\n      <\/tbody>\n    <\/table>\n  <\/div>\n<\/div>\n\n\n\n\n<h2 class=\"wp-block-heading\">Quais os alimentos que ajudam a repor essas vitaminas naturalmente?<\/h2>\n\n\n\n<p>A integra\u00e7\u00e3o de uma dieta variada e equilibrada \u00e9 a forma mais eficaz de corrigir defici\u00eancias vitam\u00ednicas e manter n\u00edveis adequados de energia. Alimentos de origem animal e vegetal podem fornecer boas quantidades de vitaminas do complexo B e vitamina C, atendendo diferentes padr\u00f5es alimentares. Veja na tabela a seguir:<\/p>\n\n\n\n<!-- \ud83c\udf3f Tabela: \ud83e\udd69 Alimentos Ricos em Vitaminas do Complexo B e Vitamina C -->\n\n<div class=\"alimentos-vitaminas-bc\" role=\"region\" aria-labelledby=\"alimentos-vitaminas-bc-caption\">\n  <style>\n    .alimentos-vitaminas-bc{\n      --bg: #ffffff;\n      --text: #1f2937;\n      --muted: #6b7280;\n      --border: #e5e7eb;\n      --primary: #b45309;\n      --primary-bg: #fef3c7;\n      --highlight: #fffbeb;\n      --radius: 16px;\n      --shadow: 0 8px 22px rgba(0,0,0,.06);\n      margin:1rem 0 2rem; background:var(--bg);\n      border:1px solid var(--border); border-radius:var(--radius);\n      box-shadow:var(--shadow); overflow:hidden;\n      font-family:\"Poppins\",sans-serif; font-size:.97rem;\n    }\n    .alimentos-vitaminas-bc .header{\n      padding:1rem 1.25rem; border-bottom:1px solid var(--border);\n      background:linear-gradient(90deg,var(--highlight) 0%,var(--primary-bg) 100%);\n    }\n    .alimentos-vitaminas-bc .header h3{ margin:0; font-size:1.25rem; font-weight:700; color:var(--text); }\n    .alimentos-vitaminas-bc .header p{ margin:.35rem 0 0; font-size:.95rem; color:var(--muted); }\n    .alimentos-vitaminas-bc .table-wrap{ overflow-x:auto; -webkit-overflow-scrolling:touch; scrollbar-width:thin; }\n    .alimentos-vitaminas-bc table{ width:100%; border-collapse:separate; border-spacing:0; min-width:700px; }\n    .alimentos-vitaminas-bc thead th{\n      text-align:left; font-weight:700; color:var(--text);\n      background:var(--primary-bg); padding:.9rem 1rem; border-bottom:2px solid var(--border);\n    }\n    .alimentos-vitaminas-bc tbody td{\n      padding:1rem; border-bottom:1px solid var(--border);\n      vertical-align:top; color:var(--text); background:#fff; line-height:1.5;\n    }\n    .alimentos-vitaminas-bc tbody tr:nth-child(odd) td{ background:var(--highlight); }\n    .alimentos-vitaminas-bc tbody tr:hover td{ background:color-mix(in oklab, var(--primary-bg) 70%, white); transition:all .25s ease-in-out; }\n    .alimentos-vitaminas-bc .name{ font-weight:700; font-size:1rem; color:var(--text); }\n    .alimentos-vitaminas-bc .desc{ color:var(--muted); }\n    .alimentos-vitaminas-bc .price{\n      display:inline-block; background:color-mix(in oklab, var(--primary) 10%, white);\n      color:var(--primary); border:1px solid var(--border); border-radius:999px;\n      padding:.35rem .7rem; font-weight:700; font-size:.9rem; margin-top:.3rem;\n    }\n    @media (max-width:640px){ .alimentos-vitaminas-bc table{ min-width:600px; } .alimentos-vitaminas-bc .header h3{ font-size:1.1rem; } }\n  <\/style>\n\n  <div class=\"header\">\n    <h3 id=\"alimentos-vitaminas-bc-caption\">\ud83e\udd69 Alimentos Ricos em Vitaminas do Complexo B e Vitamina C<\/h3>\n    <p>Principais fontes alimentares para energia, preven\u00e7\u00e3o de anemia e suporte ao sistema nervoso.<\/p>\n  <\/div>\n\n  <div class=\"table-wrap\" tabindex=\"0\" aria-label=\"\ud83e\udd69 Alimentos Ricos em Vitaminas do Complexo B e Vitamina C\">\n    <table>\n      <thead>\n        <tr>\n          <th>Alimento<\/th>\n          <th>Principais Nutrientes e Benef\u00edcios<\/th>\n        <\/tr>\n      <\/thead>\n      <tbody>\n        <tr>\n          <td><span class=\"name\">Carnes vermelhas e f\u00edgado<\/span><\/td>\n          <td><span class=\"desc\">Excelentes fontes de B12, B6, B9 e ferro, importantes para prevenir anemia e fraqueza.<\/span><\/td>\n        <\/tr>\n        <tr>\n          <td><span class=\"name\">Ovos<\/span><\/td>\n          <td><span class=\"desc\">Cont\u00eam B12 e B2, apoiando a fun\u00e7\u00e3o cerebral e a disposi\u00e7\u00e3o di\u00e1ria.<\/span><\/td>\n        <\/tr>\n        <tr>\n          <td><span class=\"name\">Peixes (salm\u00e3o e atum)<\/span><\/td>\n          <td><span class=\"desc\">Oferecem B12 e B6, al\u00e9m de \u00f4mega-3, que ajuda a reduzir fadiga muscular e inflama\u00e7\u00e3o.<\/span><\/td>\n        <\/tr>\n        <tr>\n          <td><span class=\"name\">Leguminosas (feij\u00e3o e lentilha)<\/span><\/td>\n          <td><span class=\"desc\">Ricas em B1, B9 e ferro n\u00e3o-heme, essenciais especialmente para vegetarianos e veganos.<\/span><\/td>\n        <\/tr>\n        <tr>\n          <td><span class=\"name\">Frutas c\u00edtricas e acerola<\/span><\/td>\n          <td><span class=\"desc\">Fontes de vitamina C, que melhora a absor\u00e7\u00e3o de ferro e combate o estresse oxidativo.<\/span><\/td>\n        <\/tr>\n      <\/tbody>\n    <\/table>\n  <\/div>\n<\/div>\n\n\n\n\n<h2 class=\"wp-block-heading\">Quando a suplementa\u00e7\u00e3o de vitaminas do complexo B \u00e9 necess\u00e1ria?<\/h2>\n\n\n\n<p>Embora uma alimenta\u00e7\u00e3o equilibrada geralmente forne\u00e7a as vitaminas necess\u00e1rias, a suplementa\u00e7\u00e3o pode ser indicada em situa\u00e7\u00f5es espec\u00edficas. Grupos em risco, como vegetarianos estritos, pessoas acima de 50 anos, gestantes ou indiv\u00edduos com doen\u00e7as intestinais, podem necessitar de doses adicionais.<\/p>\n\n\n\n<p>A dosagem deve ser sempre monitorada para evitar efeitos adversos, uma vez que o excesso de algumas vitaminas pode causar desconfortos ou intera\u00e7\u00f5es medicamentosas. Pessoas com fadiga persistente devem consultar profissionais de sa\u00fade para investigar a causa subjacente e definir o tratamento mais adequado, que pode incluir ajustes na dieta, suplementa\u00e7\u00e3o e mudan\u00e7as no estilo de vida.<\/p>\n\n\n<a href=\"https:\/\/www.instagram.com\/dra.annaluisabf\/\" target=\"_blank\" rel=\"noopener\" style=\"text-decoration: none; color: inherit;\">\n    <span style=\"display: inline-block; border: 1px solid #ccc; border-radius: 10px; padding: 15px; max-width: 550px; font-family: sans-serif; box-shadow: 0 2px 5px rgba(0,0,0,0.1); width: 100%;\">\n\n      <!-- T\u00edtulo -->\n      <span style=\"display: block; margin: 0 0 15px 0; font-weight: bold; color: #2c3e50; text-align: center;\">\n        Entre em contato:\n      <\/span>\n\n      <!-- Linha do perfil -->\n      <span style=\"display: flex; align-items: center; gap: 15px;\">\n        <img decoding=\"async\"\n          src=\"https:\/\/www.correiobraziliense.com.br\/cbradar\/wp-content\/uploads\/2025\/08\/dra_anna_luisa.jpeg\"\n          alt=\"Foto da Dra. Anna Lu\u00edsa\"\n          style=\"border-radius: 50%; width: 80px; height: 80px; object-fit: cover;\"\n        \/>\n        <span style=\"display: flex; flex-direction: column;\">\n          <span style=\"font-size: 18px; font-weight: 700; color: #2c3e50;\">Dra. Anna Lu\u00edsa Barbosa Fernandes<\/span>\n          <span style=\"color: #555;\">CRM-GO 33.271<\/span>\n        <\/span>\n      <\/span>\n\n      <!-- Redes -->\n      <span style=\"display: flex; align-items: center; gap: 10px; margin-top: 12px;\">\n        <img decoding=\"async\" src=\"https:\/\/cdn-icons-png.flaticon.com\/24\/1384\/1384063.png\" alt=\"Instagram\" width=\"24\" height=\"24\" \/>\n        <span style=\"text-decoration: underline; color: #2c3e50;\">@dra.annaluisabf<\/span>\n      <\/span>\n\n    <\/span>\n  <\/a>","protected":false},"excerpt":{"rendered":"<p>As Vitaminas do Complexo B s\u00e3o fundamentais para diversas rea\u00e7\u00f5es metab\u00f3licas que ocorrem no corpo, ajudando a converter carboidratos, gorduras e prote\u00ednas em trifosfato de adenosina (ATP), principal fonte de energia das c\u00e9lulas. Sem essas vitaminas, o organismo n\u00e3o produz energia de forma eficiente, o que pode resultar em fadiga muscular durante atividades f\u00edsicas e [&hellip;]<\/p>\n","protected":false},"author":14,"featured_media":127981,"comment_status":"open","ping_status":"open","sticky":false,"template":"","format":"standard","meta":{"_yoast_wpseo_focuskw":"Vitaminas do Complexo B","_yoast_wpseo_title":"","_yoast_wpseo_metadesc":"Vitaminas do complexo B s\u00e3o essenciais para energia e concentra\u00e7\u00e3o. Descubra sinais de defici\u00eancia e como repor.","jnews-multi-image_gallery":[],"jnews_single_post":{"format":"standard"},"jnews_primary_category":[],"jnews_social_meta":[],"jnews_override_counter":[],"footnotes":""},"categories":[4404],"post_tag":[281,120,247,1318],"class_list":["post-200921","post","type-post","status-publish","format-standard","has-post-thumbnail","hentry","category-saude","tag-alimentacao","tag-bem-estar","tag-qualidade-de-vida","tag-saude-2"],"yoast_head":"<!-- This site is optimized with the Yoast SEO plugin v24.6 - https:\/\/yoast.com\/wordpress\/plugins\/seo\/ -->\n<title>Defici\u00eancia de vitamina B causa cansa\u00e7o e reduz desempenho mental - Correio Braziliense - Radar<\/title>\n<meta name=\"description\" content=\"Vitaminas do complexo B s\u00e3o essenciais para energia e concentra\u00e7\u00e3o. Descubra sinais de defici\u00eancia e como repor.\" \/>\n<meta name=\"robots\" content=\"index, follow, max-snippet:-1, max-image-preview:large, max-video-preview:-1\" \/>\n<link rel=\"canonical\" href=\"https:\/\/www.correiobraziliense.com.br\/cbradar\/deficiencia-de-vitamina-b-causa-cansaco-e-reduz-desempenho-mental\/\" \/>\n<meta property=\"og:locale\" content=\"pt_BR\" \/>\n<meta property=\"og:type\" content=\"article\" \/>\n<meta property=\"og:title\" content=\"Defici\u00eancia de vitamina B causa cansa\u00e7o e reduz desempenho mental - Correio Braziliense - Radar\" \/>\n<meta property=\"og:description\" content=\"Vitaminas do complexo B s\u00e3o essenciais para energia e concentra\u00e7\u00e3o. Descubra sinais de defici\u00eancia e como repor.\" \/>\n<meta property=\"og:url\" content=\"https:\/\/www.correiobraziliense.com.br\/cbradar\/deficiencia-de-vitamina-b-causa-cansaco-e-reduz-desempenho-mental\/\" \/>\n<meta property=\"og:site_name\" content=\"Correio Braziliense - Radar\" \/>\n<meta property=\"article:published_time\" content=\"2026-03-01T21:25:00+00:00\" \/>\n<meta property=\"og:image\" content=\"https:\/\/www.correiobraziliense.com.br\/cbradar\/wp-content\/uploads\/2025\/10\/Complexo-B_1761784134715.jpg\" \/>\n\t<meta property=\"og:image:width\" content=\"1280\" \/>\n\t<meta property=\"og:image:height\" content=\"720\" \/>\n\t<meta property=\"og:image:type\" content=\"image\/jpeg\" \/>\n<meta name=\"author\" content=\"guilherme_saude\" \/>\n<meta name=\"twitter:card\" content=\"summary_large_image\" \/>\n<meta name=\"twitter:label1\" content=\"Escrito por\" \/>\n\t<meta name=\"twitter:data1\" content=\"guilherme_saude\" \/>\n\t<meta name=\"twitter:label2\" content=\"Est. tempo de leitura\" \/>\n\t<meta name=\"twitter:data2\" content=\"5 minutos\" \/>\n<!-- \/ Yoast SEO plugin. -->","yoast_head_json":{"title":"Defici\u00eancia de vitamina B causa cansa\u00e7o e reduz desempenho mental - Correio Braziliense - Radar","description":"Vitaminas do complexo B s\u00e3o essenciais para energia e concentra\u00e7\u00e3o. Descubra sinais de defici\u00eancia e como repor.","robots":{"index":"index","follow":"follow","max-snippet":"max-snippet:-1","max-image-preview":"max-image-preview:large","max-video-preview":"max-video-preview:-1"},"canonical":"https:\/\/www.correiobraziliense.com.br\/cbradar\/deficiencia-de-vitamina-b-causa-cansaco-e-reduz-desempenho-mental\/","og_locale":"pt_BR","og_type":"article","og_title":"Defici\u00eancia de vitamina B causa cansa\u00e7o e reduz desempenho mental - Correio Braziliense - Radar","og_description":"Vitaminas do complexo B s\u00e3o essenciais para energia e concentra\u00e7\u00e3o. Descubra sinais de defici\u00eancia e como repor.","og_url":"https:\/\/www.correiobraziliense.com.br\/cbradar\/deficiencia-de-vitamina-b-causa-cansaco-e-reduz-desempenho-mental\/","og_site_name":"Correio Braziliense - Radar","article_published_time":"2026-03-01T21:25:00+00:00","og_image":[{"width":1280,"height":720,"url":"https:\/\/www.correiobraziliense.com.br\/cbradar\/wp-content\/uploads\/2025\/10\/Complexo-B_1761784134715.jpg","type":"image\/jpeg"}],"author":"guilherme_saude","twitter_card":"summary_large_image","twitter_misc":{"Escrito por":"guilherme_saude","Est. tempo de leitura":"5 minutos"},"schema":{"@context":"https:\/\/schema.org","@graph":[{"@type":"WebPage","@id":"https:\/\/www.correiobraziliense.com.br\/cbradar\/deficiencia-de-vitamina-b-causa-cansaco-e-reduz-desempenho-mental\/","url":"https:\/\/www.correiobraziliense.com.br\/cbradar\/deficiencia-de-vitamina-b-causa-cansaco-e-reduz-desempenho-mental\/","name":"Defici\u00eancia de vitamina B causa cansa\u00e7o e reduz desempenho mental - Correio Braziliense - Radar","isPartOf":{"@id":"https:\/\/www.correiobraziliense.com.br\/cbradar\/#website"},"primaryImageOfPage":{"@id":"https:\/\/www.correiobraziliense.com.br\/cbradar\/deficiencia-de-vitamina-b-causa-cansaco-e-reduz-desempenho-mental\/#primaryimage"},"image":{"@id":"https:\/\/www.correiobraziliense.com.br\/cbradar\/deficiencia-de-vitamina-b-causa-cansaco-e-reduz-desempenho-mental\/#primaryimage"},"thumbnailUrl":"https:\/\/www.correiobraziliense.com.br\/cbradar\/wp-content\/uploads\/2025\/10\/Complexo-B_1761784134715.jpg","datePublished":"2026-03-01T21:25:00+00:00","author":{"@id":"https:\/\/www.correiobraziliense.com.br\/cbradar\/#\/schema\/person\/5aa4bf3c8fa699c267933611de12978b"},"description":"Vitaminas do complexo B s\u00e3o essenciais para energia e concentra\u00e7\u00e3o. Descubra sinais de defici\u00eancia e como repor.","breadcrumb":{"@id":"https:\/\/www.correiobraziliense.com.br\/cbradar\/deficiencia-de-vitamina-b-causa-cansaco-e-reduz-desempenho-mental\/#breadcrumb"},"inLanguage":"pt-BR","potentialAction":[{"@type":"ReadAction","target":["https:\/\/www.correiobraziliense.com.br\/cbradar\/deficiencia-de-vitamina-b-causa-cansaco-e-reduz-desempenho-mental\/"]}]},{"@type":"ImageObject","inLanguage":"pt-BR","@id":"https:\/\/www.correiobraziliense.com.br\/cbradar\/deficiencia-de-vitamina-b-causa-cansaco-e-reduz-desempenho-mental\/#primaryimage","url":"https:\/\/www.correiobraziliense.com.br\/cbradar\/wp-content\/uploads\/2025\/10\/Complexo-B_1761784134715.jpg","contentUrl":"https:\/\/www.correiobraziliense.com.br\/cbradar\/wp-content\/uploads\/2025\/10\/Complexo-B_1761784134715.jpg","width":1280,"height":720,"caption":"Vitaminas do Complexo B - Cr\u00e9ditos: depositphotos.com \/ NatchaS"},{"@type":"BreadcrumbList","@id":"https:\/\/www.correiobraziliense.com.br\/cbradar\/deficiencia-de-vitamina-b-causa-cansaco-e-reduz-desempenho-mental\/#breadcrumb","itemListElement":[{"@type":"ListItem","position":1,"name":"In\u00edcio","item":"https:\/\/www.correiobraziliense.com.br\/cbradar\/"},{"@type":"ListItem","position":2,"name":"Defici\u00eancia de vitamina B causa cansa\u00e7o e reduz desempenho mental"}]},{"@type":"WebSite","@id":"https:\/\/www.correiobraziliense.com.br\/cbradar\/#website","url":"https:\/\/www.correiobraziliense.com.br\/cbradar\/","name":"Correio Braziliense - Radar","description":"Acompanhe as \u00faltimas not\u00edcias e fique bem informado sobre tudo o que acontece no Brasil e no mundo.","potentialAction":[{"@type":"SearchAction","target":{"@type":"EntryPoint","urlTemplate":"https:\/\/www.correiobraziliense.com.br\/cbradar\/?s={search_term_string}"},"query-input":{"@type":"PropertyValueSpecification","valueRequired":true,"valueName":"search_term_string"}}],"inLanguage":"pt-BR"},{"@type":"Person","@id":"https:\/\/www.correiobraziliense.com.br\/cbradar\/#\/schema\/person\/5aa4bf3c8fa699c267933611de12978b","name":"guilherme_saude","image":{"@type":"ImageObject","inLanguage":"pt-BR","@id":"https:\/\/www.correiobraziliense.com.br\/cbradar\/#\/schema\/person\/image\/","url":"https:\/\/secure.gravatar.com\/avatar\/df9adfb835d344bc0af109d41756253f?s=96&d=mm&r=g","contentUrl":"https:\/\/secure.gravatar.com\/avatar\/df9adfb835d344bc0af109d41756253f?s=96&d=mm&r=g","caption":"guilherme_saude"},"url":"https:\/\/www.correiobraziliense.com.br\/cbradar\/author\/guilherme_saude\/"}]}},"_links":{"self":[{"href":"https:\/\/www.correiobraziliense.com.br\/cbradar\/wp-json\/wp\/v2\/posts\/200921","targetHints":{"allow":["GET"]}}],"collection":[{"href":"https:\/\/www.correiobraziliense.com.br\/cbradar\/wp-json\/wp\/v2\/posts"}],"about":[{"href":"https:\/\/www.correiobraziliense.com.br\/cbradar\/wp-json\/wp\/v2\/types\/post"}],"author":[{"embeddable":true,"href":"https:\/\/www.correiobraziliense.com.br\/cbradar\/wp-json\/wp\/v2\/users\/14"}],"replies":[{"embeddable":true,"href":"https:\/\/www.correiobraziliense.com.br\/cbradar\/wp-json\/wp\/v2\/comments?post=200921"}],"version-history":[{"count":1,"href":"https:\/\/www.correiobraziliense.com.br\/cbradar\/wp-json\/wp\/v2\/posts\/200921\/revisions"}],"predecessor-version":[{"id":200932,"href":"https:\/\/www.correiobraziliense.com.br\/cbradar\/wp-json\/wp\/v2\/posts\/200921\/revisions\/200932"}],"wp:featuredmedia":[{"embeddable":true,"href":"https:\/\/www.correiobraziliense.com.br\/cbradar\/wp-json\/wp\/v2\/media\/127981"}],"wp:attachment":[{"href":"https:\/\/www.correiobraziliense.com.br\/cbradar\/wp-json\/wp\/v2\/media?parent=200921"}],"wp:term":[{"taxonomy":"category","embeddable":true,"href":"https:\/\/www.correiobraziliense.com.br\/cbradar\/wp-json\/wp\/v2\/categories?post=200921"},{"taxonomy":"post_tag","embeddable":true,"href":"https:\/\/www.correiobraziliense.com.br\/cbradar\/wp-json\/wp\/v2\/post_tag?post=200921"}],"curies":[{"name":"wp","href":"https:\/\/api.w.org\/{rel}","templated":true}]}}